{"id":15275,"date":"2010-05-11T08:48:17","date_gmt":"2010-05-11T11:48:17","guid":{"rendered":"http:\/\/www.inclusive.org.br\/?p=15275"},"modified":"2010-05-11T08:48:17","modified_gmt":"2010-05-11T11:48:17","slug":"entidades-insistem-em-banda-larga-como-servico-publico","status":"publish","type":"post","link":"https:\/\/inclusivenews.com.br\/?p=15275","title":{"rendered":"Entidades insistem em banda larga como servi\u00e7o p\u00fablico"},"content":{"rendered":"<figure style=\"width: 172px\" class=\"wp-caption alignleft\"><img loading=\"lazy\" decoding=\"async\" class=\" \" title=\"Plantea Terra plugado.\" src=\"https:\/\/academictech.doit.wisc.edu\/ORFI\/otr\/creating\/internet.png\" alt=\"\" width=\"172\" height=\"258\" \/><figcaption class=\"wp-caption-text\"> <\/figcaption><\/figure>\n<p>Mais de 30 entidades da sociedade civil entregaram a ministra-chefe da Casa Civil, Erenice Guerra, uma carta com reivindica\u00e7\u00f5es visando o aperfei\u00e7oamento do Plano Nacional de Banda Larga (PNBL), anunciado pelo governo na semana passada. Entre as propostas, est\u00e1 a de considerar a banda larga como um direito fundamental e um servi\u00e7o p\u00fablico, a ser garantido pelo Estado e prestado em regime p\u00fablico, por empresas p\u00fablicas e privadas; a garantia da universaliza\u00e7\u00e3o do acesso residencial \u00e0 banda larga, a fim de efetivar o direito \u00e0 comunica\u00e7\u00e3o; o controle sobre as tarifas com o objetivo de tornar vi\u00e1vel o acesso \u00e0 toda a popula\u00e7\u00e3o; a promo\u00e7\u00e3o da concorr\u00eancia efetiva entre operadoras, entre outras.<\/p>\n<p>Na carta, as entidades manifestam apoio ao plano e, em especial, ao fortalecimento da Telebr\u00e1s, mas acham as medidas anunciadas insuficientes para mudar radicalmente o quadro de acesso \u00e0 internet existente hoje no pa\u00eds. \u201cA despeito de sua import\u00e2ncia estrat\u00e9gica, o acesso \u00e0 banda larga no Brasil \u00e9 hoje limitado a 20% das resid\u00eancias. O servi\u00e7o \u00e9 caro e ruim, como indica o alto n\u00famero de reclama\u00e7\u00f5es a entidades de defesa do consumidor. Dados da Uni\u00e3o Internacional de Telecomunica\u00e7\u00f5es mostram que, em 2009, os custos com acesso \u00e0 banda larga representaram em m\u00e9dia 4,58% da renda per capita do brasileiro, valor alt\u00edssimo em compara\u00e7\u00e3o a pa\u00edses de realidade similar\u201d, ressalta o documento.<\/p>\n<p>Assinam a carta a ABCCom (Aassocia\u00e7\u00e3o Brasileira de Canais Comunit\u00e1rios), Abra\u00e7o (Associa\u00e7\u00e3o Nacional das R\u00e1dios Comunit\u00e1rias), Amarc Brasil (Associa\u00e7\u00e3o Mundial de R\u00e1dios Comunit\u00e1rias), Aneate (Associa\u00e7\u00e3o Nacional das Entidades de Artistas e T\u00e9cnicos em Espet\u00e1culos de Divers\u00e3o), Casa de Cultura Digital, Campanha Quem Financia a Baixaria \u00e9 Contra a Cidadania, Centro de Estudos da M\u00eddia Alternativa &#8220;Bar\u00e3o de Itarar\u00e9\u201d, CFP (Conselho Federal de Psicologia), Cojira (Comiss\u00e3o de Jornalistas pela Igualdade Racial ) , CTB (Central dos Trabalhadores e Trabalhadoras do Brasil), CUT (Central \u00danica dos Trabalhadores), Federa\u00e7\u00e3o dos Banc\u00e1rios da Bahia e Sergipe, Fenaj  (Federa\u00e7\u00e3o Nacional dos Jornalistas), Fitert (Federa\u00e7\u00e3o Interestadual dos Trabalhadores em Empresas de Radiodifus\u00e3o e Televis\u00e3o), Fittel (Federa\u00e7\u00e3o Interestadual dos Trabalhadores em Telecomunica\u00e7\u00f5es), FNECDC (F\u00f3rum Nacional das Entidades Civis de Defesa dos Consumidor), FNDC (F\u00f3rum Nacional pela Democratiza\u00e7\u00e3o da Comunica\u00e7\u00e3o), Idec (Instituto Brasileiro de Defesa do Consumidor), Instituto Geled\u00e9s, Gpopai  (Grupo de Pesquisa em Pol\u00edticas P\u00fablicas para o Acesso \u00e0 Informa\u00e7\u00e3o), Instituto Nupef  (N\u00facleo de Pesquisas, Estudos e Forma\u00e7\u00e3o), Instituto Patr\u00edcia Galv\u00e3o, Intervozes \u2013 Coletivo Brasil de Comunica\u00e7\u00e3o Social, Laborat\u00f3rio Brasileiro de Cultura Digital, MPB  (Movimento M\u00fasica pra Baixar), Movimento Fora do Eixo, MNU (Movimento Negro Unificado), N\u00facleo de Jornalistas Afrodescendentes (RS), SinTPq  (Sindicato dos Trabalhadores em Pesquisa, Ci\u00eancia e Tecnologia de Campinas e Regi\u00e3o), LBL (Liga Brasileira de L\u00e9sbicas), Proteste ( Associa\u00e7\u00e3o Brasileira de Defesa do Consumidor), Sinttel (Sindicato dos Trabalhadores em Telecomunica\u00e7\u00f5es do Piau\u00ed), Sindicato dos Banc\u00e1rios da Bahia e UBM (Uni\u00e3o Brasileira de Mulheres).<\/p>\n<p>_____________________<\/p>\n<p><strong>Fonte:<\/strong> <a href=\"http:\/\/www.fndc.org.br\/internas.php?p=noticias&amp;cont_key=531613\">Tele S\u00edntese\/FNDC <\/a><\/p>\n","protected":false},"excerpt":{"rendered":"<p>Mais de 30 entidades da sociedade civil entregaram a ministra-chefe da Casa Civil, Erenice Guerra, uma carta com reivindica\u00e7\u00f5es visando o aperfei\u00e7oamento do Plano Nacional de Banda Larga (PNBL), anunciado pelo governo na semana passada. Entre as propostas, est\u00e1 a de considerar a banda larga como um direito fundamental e um servi\u00e7o p\u00fablico.<\/p>\n","protected":false},"author":1,"featured_media":0,"comment_status":"open","ping_status":"open","sticky":false,"template":"","format":"standard","meta":{"site-container-style":"default","site-container-layout":"default","site-sidebar-layout":"default","disable-article-header":"default","disable-site-header":"default","disable-site-footer":"default","disable-content-area-spacing":"default","footnotes":""},"categories":[4],"tags":[47],"class_list":["post-15275","post","type-post","status-publish","format-standard","hentry","category-noticias","tag-inclusao-digital"],"yoast_head":"<!-- This site is optimized with the Yoast SEO plugin v27.4 - https:\/\/yoast.com\/product\/yoast-seo-wordpress\/ -->\n<title>Entidades insistem em banda larga como servi\u00e7o p\u00fablico -<\/title>\n<meta name=\"robots\" content=\"index, follow, max-snippet:-1, max-image-preview:large, max-video-preview:-1\" \/>\n<link rel=\"canonical\" href=\"https:\/\/inclusivenews.com.br\/?p=15275\" \/>\n<meta property=\"og:locale\" content=\"pt_PT\" \/>\n<meta property=\"og:type\" content=\"article\" \/>\n<meta property=\"og:title\" content=\"Entidades insistem em banda larga como servi\u00e7o p\u00fablico -\" \/>\n<meta property=\"og:description\" content=\"Mais de 30 entidades da sociedade civil entregaram a ministra-chefe da Casa Civil, Erenice Guerra, uma carta com reivindica\u00e7\u00f5es visando o aperfei\u00e7oamento do Plano Nacional de Banda Larga (PNBL), anunciado pelo governo na semana passada. Entre as propostas, est\u00e1 a de considerar a banda larga como um direito fundamental e um servi\u00e7o p\u00fablico.\" \/>\n<meta property=\"og:url\" content=\"https:\/\/inclusivenews.com.br\/?p=15275\" \/>\n<meta property=\"article:publisher\" content=\"https:\/\/www.facebook.com\/agenciainclusive\/\" \/>\n<meta property=\"article:published_time\" content=\"2010-05-11T11:48:17+00:00\" \/>\n<meta property=\"og:image\" content=\"https:\/\/academictech.doit.wisc.edu\/ORFI\/otr\/creating\/internet.png\" \/>\n<meta name=\"author\" content=\"inclusivenews2024\" \/>\n<meta name=\"twitter:card\" content=\"summary_large_image\" \/>\n<meta name=\"twitter:label1\" content=\"Escrito por\" \/>\n\t<meta name=\"twitter:data1\" content=\"inclusivenews2024\" \/>\n\t<meta name=\"twitter:label2\" content=\"Tempo estimado de leitura\" \/>\n\t<meta name=\"twitter:data2\" content=\"3 minutos\" \/>\n<script type=\"application\/ld+json\" class=\"yoast-schema-graph\">{\"@context\":\"https:\\\/\\\/schema.org\",\"@graph\":[{\"@type\":\"Article\",\"@id\":\"https:\\\/\\\/inclusivenews.com.br\\\/?p=15275#article\",\"isPartOf\":{\"@id\":\"https:\\\/\\\/inclusivenews.com.br\\\/?p=15275\"},\"author\":{\"name\":\"inclusivenews2024\",\"@id\":\"https:\\\/\\\/inclusivenews.com.br\\\/#\\\/schema\\\/person\\\/ae4ec7087559b8692fb33b6fffd2273b\"},\"headline\":\"Entidades insistem em banda larga como servi\u00e7o p\u00fablico\",\"datePublished\":\"2010-05-11T11:48:17+00:00\",\"mainEntityOfPage\":{\"@id\":\"https:\\\/\\\/inclusivenews.com.br\\\/?p=15275\"},\"wordCount\":540,\"commentCount\":0,\"publisher\":{\"@id\":\"https:\\\/\\\/inclusivenews.com.br\\\/#organization\"},\"image\":{\"@id\":\"https:\\\/\\\/inclusivenews.com.br\\\/?p=15275#primaryimage\"},\"thumbnailUrl\":\"https:\\\/\\\/academictech.doit.wisc.edu\\\/ORFI\\\/otr\\\/creating\\\/internet.png\",\"keywords\":[\"Inclus\u00e3o Digital\"],\"articleSection\":[\"NOT\u00cdCIAS\"],\"inLanguage\":\"pt-PT\",\"potentialAction\":[{\"@type\":\"CommentAction\",\"name\":\"Comment\",\"target\":[\"https:\\\/\\\/inclusivenews.com.br\\\/?p=15275#respond\"]}]},{\"@type\":\"WebPage\",\"@id\":\"https:\\\/\\\/inclusivenews.com.br\\\/?p=15275\",\"url\":\"https:\\\/\\\/inclusivenews.com.br\\\/?p=15275\",\"name\":\"Entidades insistem em banda larga como servi\u00e7o p\u00fablico -\",\"isPartOf\":{\"@id\":\"https:\\\/\\\/inclusivenews.com.br\\\/#website\"},\"primaryImageOfPage\":{\"@id\":\"https:\\\/\\\/inclusivenews.com.br\\\/?p=15275#primaryimage\"},\"image\":{\"@id\":\"https:\\\/\\\/inclusivenews.com.br\\\/?p=15275#primaryimage\"},\"thumbnailUrl\":\"https:\\\/\\\/academictech.doit.wisc.edu\\\/ORFI\\\/otr\\\/creating\\\/internet.png\",\"datePublished\":\"2010-05-11T11:48:17+00:00\",\"breadcrumb\":{\"@id\":\"https:\\\/\\\/inclusivenews.com.br\\\/?p=15275#breadcrumb\"},\"inLanguage\":\"pt-PT\",\"potentialAction\":[{\"@type\":\"ReadAction\",\"target\":[\"https:\\\/\\\/inclusivenews.com.br\\\/?p=15275\"]}]},{\"@type\":\"ImageObject\",\"inLanguage\":\"pt-PT\",\"@id\":\"https:\\\/\\\/inclusivenews.com.br\\\/?p=15275#primaryimage\",\"url\":\"https:\\\/\\\/academictech.doit.wisc.edu\\\/ORFI\\\/otr\\\/creating\\\/internet.png\",\"contentUrl\":\"https:\\\/\\\/academictech.doit.wisc.edu\\\/ORFI\\\/otr\\\/creating\\\/internet.png\"},{\"@type\":\"BreadcrumbList\",\"@id\":\"https:\\\/\\\/inclusivenews.com.br\\\/?p=15275#breadcrumb\",\"itemListElement\":[{\"@type\":\"ListItem\",\"position\":1,\"name\":\"In\u00edcio\",\"item\":\"https:\\\/\\\/inclusivenews.com.br\\\/\"},{\"@type\":\"ListItem\",\"position\":2,\"name\":\"Entidades insistem em banda larga como servi\u00e7o p\u00fablico\"}]},{\"@type\":\"WebSite\",\"@id\":\"https:\\\/\\\/inclusivenews.com.br\\\/#website\",\"url\":\"https:\\\/\\\/inclusivenews.com.br\\\/\",\"name\":\"Inclusive News\",\"description\":\"Inclusive News\",\"publisher\":{\"@id\":\"https:\\\/\\\/inclusivenews.com.br\\\/#organization\"},\"potentialAction\":[{\"@type\":\"SearchAction\",\"target\":{\"@type\":\"EntryPoint\",\"urlTemplate\":\"https:\\\/\\\/inclusivenews.com.br\\\/?s={search_term_string}\"},\"query-input\":{\"@type\":\"PropertyValueSpecification\",\"valueRequired\":true,\"valueName\":\"search_term_string\"}}],\"inLanguage\":\"pt-PT\"},{\"@type\":\"Organization\",\"@id\":\"https:\\\/\\\/inclusivenews.com.br\\\/#organization\",\"name\":\"Inclusive - inclus\u00e3o e cidadania\",\"url\":\"https:\\\/\\\/inclusivenews.com.br\\\/\",\"logo\":{\"@type\":\"ImageObject\",\"inLanguage\":\"pt-PT\",\"@id\":\"https:\\\/\\\/inclusivenews.com.br\\\/#\\\/schema\\\/logo\\\/image\\\/\",\"url\":\"https:\\\/\\\/inclusivenews.com.br\\\/wp-content\\\/uploads\\\/2024\\\/03\\\/@grandesite.png\",\"contentUrl\":\"https:\\\/\\\/inclusivenews.com.br\\\/wp-content\\\/uploads\\\/2024\\\/03\\\/@grandesite.png\",\"width\":1080,\"height\":1080,\"caption\":\"Inclusive - inclus\u00e3o e cidadania\"},\"image\":{\"@id\":\"https:\\\/\\\/inclusivenews.com.br\\\/#\\\/schema\\\/logo\\\/image\\\/\"},\"sameAs\":[\"https:\\\/\\\/www.facebook.com\\\/agenciainclusive\\\/\",\"https:\\\/\\\/www.instagram.com\\\/newsinclusive\\\/\"]},{\"@type\":\"Person\",\"@id\":\"https:\\\/\\\/inclusivenews.com.br\\\/#\\\/schema\\\/person\\\/ae4ec7087559b8692fb33b6fffd2273b\",\"name\":\"inclusivenews2024\",\"image\":{\"@type\":\"ImageObject\",\"inLanguage\":\"pt-PT\",\"@id\":\"https:\\\/\\\/secure.gravatar.com\\\/avatar\\\/c5a7ef84c66fa914f55bc4f7ce26cfa275a3b9a1c5568b907bd184fb4dde7b40?s=96&d=mm&r=g\",\"url\":\"https:\\\/\\\/secure.gravatar.com\\\/avatar\\\/c5a7ef84c66fa914f55bc4f7ce26cfa275a3b9a1c5568b907bd184fb4dde7b40?s=96&d=mm&r=g\",\"contentUrl\":\"https:\\\/\\\/secure.gravatar.com\\\/avatar\\\/c5a7ef84c66fa914f55bc4f7ce26cfa275a3b9a1c5568b907bd184fb4dde7b40?s=96&d=mm&r=g\",\"caption\":\"inclusivenews2024\"},\"sameAs\":[\"https:\\\/\\\/inclusivenews.com.br\"],\"url\":\"https:\\\/\\\/inclusivenews.com.br\\\/?author=1\"}]}<\/script>\n<!-- \/ Yoast SEO plugin. -->","yoast_head_json":{"title":"Entidades insistem em banda larga como servi\u00e7o p\u00fablico -","robots":{"index":"index","follow":"follow","max-snippet":"max-snippet:-1","max-image-preview":"max-image-preview:large","max-video-preview":"max-video-preview:-1"},"canonical":"https:\/\/inclusivenews.com.br\/?p=15275","og_locale":"pt_PT","og_type":"article","og_title":"Entidades insistem em banda larga como servi\u00e7o p\u00fablico -","og_description":"Mais de 30 entidades da sociedade civil entregaram a ministra-chefe da Casa Civil, Erenice Guerra, uma carta com reivindica\u00e7\u00f5es visando o aperfei\u00e7oamento do Plano Nacional de Banda Larga (PNBL), anunciado pelo governo na semana passada. Entre as propostas, est\u00e1 a de considerar a banda larga como um direito fundamental e um servi\u00e7o p\u00fablico.","og_url":"https:\/\/inclusivenews.com.br\/?p=15275","article_publisher":"https:\/\/www.facebook.com\/agenciainclusive\/","article_published_time":"2010-05-11T11:48:17+00:00","og_image":[{"url":"https:\/\/academictech.doit.wisc.edu\/ORFI\/otr\/creating\/internet.png","type":"","width":"","height":""}],"author":"inclusivenews2024","twitter_card":"summary_large_image","twitter_misc":{"Escrito por":"inclusivenews2024","Tempo estimado de leitura":"3 minutos"},"schema":{"@context":"https:\/\/schema.org","@graph":[{"@type":"Article","@id":"https:\/\/inclusivenews.com.br\/?p=15275#article","isPartOf":{"@id":"https:\/\/inclusivenews.com.br\/?p=15275"},"author":{"name":"inclusivenews2024","@id":"https:\/\/inclusivenews.com.br\/#\/schema\/person\/ae4ec7087559b8692fb33b6fffd2273b"},"headline":"Entidades insistem em banda larga como servi\u00e7o p\u00fablico","datePublished":"2010-05-11T11:48:17+00:00","mainEntityOfPage":{"@id":"https:\/\/inclusivenews.com.br\/?p=15275"},"wordCount":540,"commentCount":0,"publisher":{"@id":"https:\/\/inclusivenews.com.br\/#organization"},"image":{"@id":"https:\/\/inclusivenews.com.br\/?p=15275#primaryimage"},"thumbnailUrl":"https:\/\/academictech.doit.wisc.edu\/ORFI\/otr\/creating\/internet.png","keywords":["Inclus\u00e3o Digital"],"articleSection":["NOT\u00cdCIAS"],"inLanguage":"pt-PT","potentialAction":[{"@type":"CommentAction","name":"Comment","target":["https:\/\/inclusivenews.com.br\/?p=15275#respond"]}]},{"@type":"WebPage","@id":"https:\/\/inclusivenews.com.br\/?p=15275","url":"https:\/\/inclusivenews.com.br\/?p=15275","name":"Entidades insistem em banda larga como servi\u00e7o p\u00fablico -","isPartOf":{"@id":"https:\/\/inclusivenews.com.br\/#website"},"primaryImageOfPage":{"@id":"https:\/\/inclusivenews.com.br\/?p=15275#primaryimage"},"image":{"@id":"https:\/\/inclusivenews.com.br\/?p=15275#primaryimage"},"thumbnailUrl":"https:\/\/academictech.doit.wisc.edu\/ORFI\/otr\/creating\/internet.png","datePublished":"2010-05-11T11:48:17+00:00","breadcrumb":{"@id":"https:\/\/inclusivenews.com.br\/?p=15275#breadcrumb"},"inLanguage":"pt-PT","potentialAction":[{"@type":"ReadAction","target":["https:\/\/inclusivenews.com.br\/?p=15275"]}]},{"@type":"ImageObject","inLanguage":"pt-PT","@id":"https:\/\/inclusivenews.com.br\/?p=15275#primaryimage","url":"https:\/\/academictech.doit.wisc.edu\/ORFI\/otr\/creating\/internet.png","contentUrl":"https:\/\/academictech.doit.wisc.edu\/ORFI\/otr\/creating\/internet.png"},{"@type":"BreadcrumbList","@id":"https:\/\/inclusivenews.com.br\/?p=15275#breadcrumb","itemListElement":[{"@type":"ListItem","position":1,"name":"In\u00edcio","item":"https:\/\/inclusivenews.com.br\/"},{"@type":"ListItem","position":2,"name":"Entidades insistem em banda larga como servi\u00e7o p\u00fablico"}]},{"@type":"WebSite","@id":"https:\/\/inclusivenews.com.br\/#website","url":"https:\/\/inclusivenews.com.br\/","name":"Inclusive News","description":"Inclusive News","publisher":{"@id":"https:\/\/inclusivenews.com.br\/#organization"},"potentialAction":[{"@type":"SearchAction","target":{"@type":"EntryPoint","urlTemplate":"https:\/\/inclusivenews.com.br\/?s={search_term_string}"},"query-input":{"@type":"PropertyValueSpecification","valueRequired":true,"valueName":"search_term_string"}}],"inLanguage":"pt-PT"},{"@type":"Organization","@id":"https:\/\/inclusivenews.com.br\/#organization","name":"Inclusive - inclus\u00e3o e cidadania","url":"https:\/\/inclusivenews.com.br\/","logo":{"@type":"ImageObject","inLanguage":"pt-PT","@id":"https:\/\/inclusivenews.com.br\/#\/schema\/logo\/image\/","url":"https:\/\/inclusivenews.com.br\/wp-content\/uploads\/2024\/03\/@grandesite.png","contentUrl":"https:\/\/inclusivenews.com.br\/wp-content\/uploads\/2024\/03\/@grandesite.png","width":1080,"height":1080,"caption":"Inclusive - inclus\u00e3o e cidadania"},"image":{"@id":"https:\/\/inclusivenews.com.br\/#\/schema\/logo\/image\/"},"sameAs":["https:\/\/www.facebook.com\/agenciainclusive\/","https:\/\/www.instagram.com\/newsinclusive\/"]},{"@type":"Person","@id":"https:\/\/inclusivenews.com.br\/#\/schema\/person\/ae4ec7087559b8692fb33b6fffd2273b","name":"inclusivenews2024","image":{"@type":"ImageObject","inLanguage":"pt-PT","@id":"https:\/\/secure.gravatar.com\/avatar\/c5a7ef84c66fa914f55bc4f7ce26cfa275a3b9a1c5568b907bd184fb4dde7b40?s=96&d=mm&r=g","url":"https:\/\/secure.gravatar.com\/avatar\/c5a7ef84c66fa914f55bc4f7ce26cfa275a3b9a1c5568b907bd184fb4dde7b40?s=96&d=mm&r=g","contentUrl":"https:\/\/secure.gravatar.com\/avatar\/c5a7ef84c66fa914f55bc4f7ce26cfa275a3b9a1c5568b907bd184fb4dde7b40?s=96&d=mm&r=g","caption":"inclusivenews2024"},"sameAs":["https:\/\/inclusivenews.com.br"],"url":"https:\/\/inclusivenews.com.br\/?author=1"}]}},"_links":{"self":[{"href":"https:\/\/inclusivenews.com.br\/index.php?rest_route=\/wp\/v2\/posts\/15275","targetHints":{"allow":["GET"]}}],"collection":[{"href":"https:\/\/inclusivenews.com.br\/index.php?rest_route=\/wp\/v2\/posts"}],"about":[{"href":"https:\/\/inclusivenews.com.br\/index.php?rest_route=\/wp\/v2\/types\/post"}],"author":[{"embeddable":true,"href":"https:\/\/inclusivenews.com.br\/index.php?rest_route=\/wp\/v2\/users\/1"}],"replies":[{"embeddable":true,"href":"https:\/\/inclusivenews.com.br\/index.php?rest_route=%2Fwp%2Fv2%2Fcomments&post=15275"}],"version-history":[{"count":0,"href":"https:\/\/inclusivenews.com.br\/index.php?rest_route=\/wp\/v2\/posts\/15275\/revisions"}],"wp:attachment":[{"href":"https:\/\/inclusivenews.com.br\/index.php?rest_route=%2Fwp%2Fv2%2Fmedia&parent=15275"}],"wp:term":[{"taxonomy":"category","embeddable":true,"href":"https:\/\/inclusivenews.com.br\/index.php?rest_route=%2Fwp%2Fv2%2Fcategories&post=15275"},{"taxonomy":"post_tag","embeddable":true,"href":"https:\/\/inclusivenews.com.br\/index.php?rest_route=%2Fwp%2Fv2%2Ftags&post=15275"}],"curies":[{"name":"wp","href":"https:\/\/api.w.org\/{rel}","templated":true}]}}