{"id":15277,"date":"2010-05-11T08:54:26","date_gmt":"2010-05-11T11:54:26","guid":{"rendered":"http:\/\/www.inclusive.org.br\/?p=15277"},"modified":"2010-05-11T08:54:26","modified_gmt":"2010-05-11T11:54:26","slug":"quem-tem-medo-dos-direitos-gays","status":"publish","type":"post","link":"https:\/\/inclusivenews.com.br\/?p=15277","title":{"rendered":"Quem tem medo dos direitos gays?"},"content":{"rendered":"<p><strong><img loading=\"lazy\" decoding=\"async\" class=\"alignnone\" title=\"Bandeira numa passeata com os dizeres &quot;Por um mundo sem racismo, machismo e homofobia.&quot;\" src=\"http:\/\/primeiralinha.org\/home\/wp-content\/uploads\/2009\/10\/homofobia.jpg\" alt=\"\" width=\"250\" height=\"216\" \/>Por Al\u00edpio de Sousa Filho &#8211; Professor da UFRN<\/strong><\/p>\n<p>N\u00e3o \u00e9 novidade e igualmente n\u00e3o \u00e9 estranho que conservadores e reacion\u00e1rios se manifestem todas as vezes que transforma\u00e7\u00f5es sociais e pol\u00edticas, jamais pensadas por eles, alterem leis, institui\u00e7\u00f5es e conven\u00e7\u00f5es sociais e morais que acreditavam imut\u00e1veis. Atualmente, na sociedade brasileira, torna-se poss\u00edvel verificar a rea\u00e7\u00e3o conservadora a prop\u00f3sito de importantes modifica\u00e7\u00f5es em \u00e2mbitos diversos, mas talvez nenhuma outra mudan\u00e7a incomode tanto quanto a materializada pelo avan\u00e7o dos direitos gays e por pol\u00edticas p\u00fablicas voltadas a l\u00e9sbicas, gays e travestis e transexuais implementados pelas diversas esferas do poder p\u00fablico no pa\u00eds.<\/p>\n<p>A irrita\u00e7\u00e3o conservadora leva a que os c\u00e3es de guarda da moral rabugenta (fonte de opress\u00f5es, discrimina\u00e7\u00f5es e viol\u00eancias praticadas contra muitos) ataquem governantes, parlamentares, militantes, cientistas e intelectuais por suas decis\u00f5es, iniciativas e posicionamentos cr\u00edticos em defesa de grandes parcelas da sociedade que permanecem discriminadas e exclu\u00eddas: entre outros, negros, homossexuais, travestis, transexuais, ind\u00edgenas e mulheres.<\/p>\n<p>No tocante especificamente \u00e0 quest\u00e3o gay, temos uma verdadeira cruzada moral dos conservadores contra diversas iniciativas importantes do governo federal, em programas de minist\u00e9rios, secretarias, contra iniciativas de governos estaduais, de deputados e senadores que, entre outros programas e projetos de lei, criaram o Brasil Sem Homofobia, medidas administrativas que reconhecem os direitos gays ou prop\u00f5em, em projetos de legisla\u00e7\u00e3o, o estatuto de casamento para as uni\u00f5es homossexuais ou a tipifica\u00e7\u00e3o do crime de homofobia. Visando instalar o p\u00e2nico moral, os conservadores, em seu fundamentalismo, pretendendo subordinar o Estado, o Direito e a Lei a cren\u00e7as religiosas e convic\u00e7\u00f5es morais particulares, atacam essas iniciativas, qualificando-as de \u201cesc\u00e2ndalo\u201d, \u201cdecad\u00eancia\u201d, \u201ctentativas de institucionaliza\u00e7\u00e3o de aberra\u00e7\u00f5es sexuais\u201d, \u201clegitima\u00e7\u00e3o de condutas indecentes\u201d, entre outras p\u00e9rolas do discurso ideol\u00f3gico-conservador, que, de t\u00e3o atrasado, faz rir. Ora, se h\u00e1 que se falar de decad\u00eancia, que esta seja entendida como a rea\u00e7\u00e3o conservadora a transforma\u00e7\u00f5es que colocar\u00e3o o Brasil ao lado das na\u00e7\u00f5es civilizadas do mundo que j\u00e1 institu\u00edram os direitos gays: Espanha, Fran\u00e7a, Alemanha, Su\u00e9cia, Holanda, entre outros. A sociedade brasileira n\u00e3o pode, por decad\u00eancia de seus conservadores rabugentos, ficar ao lado de na\u00e7\u00f5es como Malau\u00ed, Uganda e Ir\u00e3 que praticam atrocidades contra homossexuais, delas como pris\u00e3o e pena de morte, por pretendida defesa da moral, da dec\u00eancia e de valores religiosos. E por qual raz\u00e3o h\u00e1 que se admitir valores religiosos (sempre particulares, s\u00e3o diversas as cren\u00e7as religiosas, e, na sociedade, h\u00e1 os que nenhuma religi\u00e3o professam!) para defini\u00e7\u00f5es da lei, do direito e para conceitos e pr\u00e1ticas da sexualidade? Por que cargas d\u2019\u00e1gua ter\u00e1 o indiv\u00edduo (qualquer ele) que ver seus direitos (em todos os \u00e2mbitos) subtra\u00eddos em raz\u00e3o de cren\u00e7a religiosa alheia?<\/p>\n<p>Por fim, desesperados, reconhecendo que n\u00e3o haver\u00e1 retrocesso, os conservadores alardeiam sua histeria, proclamando que gays, l\u00e9sbicas e travestis, com apoio de governos, pol\u00edticos e intelectuais, instituir\u00e3o cenas \u201caberrantes\u201d de carinhos gays em p\u00fablico e ainda levar\u00e3o \u00e0 pris\u00e3o todos aqueles que ousarem hostiliz\u00e1-los por isso. Que querem os conservadores: o direito de insultar, agredir, discriminar, violentar (como sempre fizeram at\u00e9 aqui!) gays, l\u00e9sbicas, travestis e transexuais, impedindo-os de exercerem livremente seus desejos e afetos, publicamente, como podem fazer aqueles a quem certa moral dominante chama de heterossexuais e entrega a estes todos os direitos? N\u00e3o!, fiquem certos, senhores conservadores, daqui por diante, n\u00e3o ser\u00e1 mais assim: leis e novas mentalidades, no Brasil e em diversas partes do mundo, impedir\u00e3o a discrimina\u00e7\u00e3o homof\u00f3bica e assegurar\u00e3o liberdades e direitos devidos aos homossexuais, travestis e transexuais!<\/p>\n<p>___________________________<\/p>\n<p><strong>Fonte:<\/strong> O Autor\/<a href=\"http:\/\/tribunadonorte.com.br\/noticia\/quem-tem-medo-dos-direitos-gays\/147754\">Tribuna do Norte<\/a><\/p>\n","protected":false},"excerpt":{"rendered":"<p>N\u00e3o \u00e9 novidade e igualmente n\u00e3o \u00e9 estranho que conservadores e reacion\u00e1rios se manifestem todas as vezes que transforma\u00e7\u00f5es sociais e pol\u00edticas, jamais pensadas por eles, alterem leis, institui\u00e7\u00f5es e conven\u00e7\u00f5es sociais e morais que acreditavam imut\u00e1veis. Por Al\u00edpio de Sousa Filho.<\/p>\n","protected":false},"author":1,"featured_media":0,"comment_status":"open","ping_status":"open","sticky":false,"template":"","format":"standard","meta":{"site-container-style":"default","site-container-layout":"default","site-sidebar-layout":"default","disable-article-header":"default","disable-site-header":"default","disable-site-footer":"default","disable-content-area-spacing":"default","footnotes":""},"categories":[36,8],"tags":[95],"class_list":["post-15277","post","type-post","status-publish","format-standard","hentry","category-colunas-especiais","category-textos-e-artigos","tag-homofobia"],"yoast_head":"<!-- This site is optimized with the Yoast SEO plugin v27.4 - https:\/\/yoast.com\/product\/yoast-seo-wordpress\/ -->\n<title>Quem tem medo dos direitos gays? -<\/title>\n<meta name=\"robots\" content=\"index, follow, max-snippet:-1, max-image-preview:large, max-video-preview:-1\" \/>\n<link rel=\"canonical\" href=\"https:\/\/inclusivenews.com.br\/?p=15277\" \/>\n<meta property=\"og:locale\" content=\"pt_PT\" \/>\n<meta property=\"og:type\" content=\"article\" \/>\n<meta property=\"og:title\" content=\"Quem tem medo dos direitos gays? -\" \/>\n<meta property=\"og:description\" content=\"N\u00e3o \u00e9 novidade e igualmente n\u00e3o \u00e9 estranho que conservadores e reacion\u00e1rios se manifestem todas as vezes que transforma\u00e7\u00f5es sociais e pol\u00edticas, jamais pensadas por eles, alterem leis, institui\u00e7\u00f5es e conven\u00e7\u00f5es sociais e morais que acreditavam imut\u00e1veis. Por Al\u00edpio de Sousa Filho.\" \/>\n<meta property=\"og:url\" content=\"https:\/\/inclusivenews.com.br\/?p=15277\" \/>\n<meta property=\"article:publisher\" content=\"https:\/\/www.facebook.com\/agenciainclusive\/\" \/>\n<meta property=\"article:published_time\" content=\"2010-05-11T11:54:26+00:00\" \/>\n<meta property=\"og:image\" content=\"http:\/\/primeiralinha.org\/home\/wp-content\/uploads\/2009\/10\/homofobia.jpg\" \/>\n<meta name=\"author\" content=\"inclusivenews2024\" \/>\n<meta name=\"twitter:card\" content=\"summary_large_image\" \/>\n<meta name=\"twitter:label1\" content=\"Escrito por\" \/>\n\t<meta name=\"twitter:data1\" content=\"inclusivenews2024\" \/>\n\t<meta name=\"twitter:label2\" content=\"Tempo estimado de leitura\" \/>\n\t<meta name=\"twitter:data2\" content=\"3 minutos\" \/>\n<script type=\"application\/ld+json\" class=\"yoast-schema-graph\">{\"@context\":\"https:\\\/\\\/schema.org\",\"@graph\":[{\"@type\":\"Article\",\"@id\":\"https:\\\/\\\/inclusivenews.com.br\\\/?p=15277#article\",\"isPartOf\":{\"@id\":\"https:\\\/\\\/inclusivenews.com.br\\\/?p=15277\"},\"author\":{\"name\":\"inclusivenews2024\",\"@id\":\"https:\\\/\\\/inclusivenews.com.br\\\/#\\\/schema\\\/person\\\/ae4ec7087559b8692fb33b6fffd2273b\"},\"headline\":\"Quem tem medo dos direitos gays?\",\"datePublished\":\"2010-05-11T11:54:26+00:00\",\"mainEntityOfPage\":{\"@id\":\"https:\\\/\\\/inclusivenews.com.br\\\/?p=15277\"},\"wordCount\":663,\"commentCount\":0,\"publisher\":{\"@id\":\"https:\\\/\\\/inclusivenews.com.br\\\/#organization\"},\"image\":{\"@id\":\"https:\\\/\\\/inclusivenews.com.br\\\/?p=15277#primaryimage\"},\"thumbnailUrl\":\"http:\\\/\\\/primeiralinha.org\\\/home\\\/wp-content\\\/uploads\\\/2009\\\/10\\\/homofobia.jpg\",\"keywords\":[\"homofobia\"],\"articleSection\":[\"Colunas especiais\",\"OPINI\u00c3O\"],\"inLanguage\":\"pt-PT\",\"potentialAction\":[{\"@type\":\"CommentAction\",\"name\":\"Comment\",\"target\":[\"https:\\\/\\\/inclusivenews.com.br\\\/?p=15277#respond\"]}]},{\"@type\":\"WebPage\",\"@id\":\"https:\\\/\\\/inclusivenews.com.br\\\/?p=15277\",\"url\":\"https:\\\/\\\/inclusivenews.com.br\\\/?p=15277\",\"name\":\"Quem tem medo dos direitos gays? -\",\"isPartOf\":{\"@id\":\"https:\\\/\\\/inclusivenews.com.br\\\/#website\"},\"primaryImageOfPage\":{\"@id\":\"https:\\\/\\\/inclusivenews.com.br\\\/?p=15277#primaryimage\"},\"image\":{\"@id\":\"https:\\\/\\\/inclusivenews.com.br\\\/?p=15277#primaryimage\"},\"thumbnailUrl\":\"http:\\\/\\\/primeiralinha.org\\\/home\\\/wp-content\\\/uploads\\\/2009\\\/10\\\/homofobia.jpg\",\"datePublished\":\"2010-05-11T11:54:26+00:00\",\"breadcrumb\":{\"@id\":\"https:\\\/\\\/inclusivenews.com.br\\\/?p=15277#breadcrumb\"},\"inLanguage\":\"pt-PT\",\"potentialAction\":[{\"@type\":\"ReadAction\",\"target\":[\"https:\\\/\\\/inclusivenews.com.br\\\/?p=15277\"]}]},{\"@type\":\"ImageObject\",\"inLanguage\":\"pt-PT\",\"@id\":\"https:\\\/\\\/inclusivenews.com.br\\\/?p=15277#primaryimage\",\"url\":\"http:\\\/\\\/primeiralinha.org\\\/home\\\/wp-content\\\/uploads\\\/2009\\\/10\\\/homofobia.jpg\",\"contentUrl\":\"http:\\\/\\\/primeiralinha.org\\\/home\\\/wp-content\\\/uploads\\\/2009\\\/10\\\/homofobia.jpg\"},{\"@type\":\"BreadcrumbList\",\"@id\":\"https:\\\/\\\/inclusivenews.com.br\\\/?p=15277#breadcrumb\",\"itemListElement\":[{\"@type\":\"ListItem\",\"position\":1,\"name\":\"In\u00edcio\",\"item\":\"https:\\\/\\\/inclusivenews.com.br\\\/\"},{\"@type\":\"ListItem\",\"position\":2,\"name\":\"Quem tem medo dos direitos gays?\"}]},{\"@type\":\"WebSite\",\"@id\":\"https:\\\/\\\/inclusivenews.com.br\\\/#website\",\"url\":\"https:\\\/\\\/inclusivenews.com.br\\\/\",\"name\":\"Inclusive News\",\"description\":\"Inclusive News\",\"publisher\":{\"@id\":\"https:\\\/\\\/inclusivenews.com.br\\\/#organization\"},\"potentialAction\":[{\"@type\":\"SearchAction\",\"target\":{\"@type\":\"EntryPoint\",\"urlTemplate\":\"https:\\\/\\\/inclusivenews.com.br\\\/?s={search_term_string}\"},\"query-input\":{\"@type\":\"PropertyValueSpecification\",\"valueRequired\":true,\"valueName\":\"search_term_string\"}}],\"inLanguage\":\"pt-PT\"},{\"@type\":\"Organization\",\"@id\":\"https:\\\/\\\/inclusivenews.com.br\\\/#organization\",\"name\":\"Inclusive - inclus\u00e3o e cidadania\",\"url\":\"https:\\\/\\\/inclusivenews.com.br\\\/\",\"logo\":{\"@type\":\"ImageObject\",\"inLanguage\":\"pt-PT\",\"@id\":\"https:\\\/\\\/inclusivenews.com.br\\\/#\\\/schema\\\/logo\\\/image\\\/\",\"url\":\"https:\\\/\\\/inclusivenews.com.br\\\/wp-content\\\/uploads\\\/2024\\\/03\\\/@grandesite.png\",\"contentUrl\":\"https:\\\/\\\/inclusivenews.com.br\\\/wp-content\\\/uploads\\\/2024\\\/03\\\/@grandesite.png\",\"width\":1080,\"height\":1080,\"caption\":\"Inclusive - inclus\u00e3o e cidadania\"},\"image\":{\"@id\":\"https:\\\/\\\/inclusivenews.com.br\\\/#\\\/schema\\\/logo\\\/image\\\/\"},\"sameAs\":[\"https:\\\/\\\/www.facebook.com\\\/agenciainclusive\\\/\",\"https:\\\/\\\/www.instagram.com\\\/newsinclusive\\\/\"]},{\"@type\":\"Person\",\"@id\":\"https:\\\/\\\/inclusivenews.com.br\\\/#\\\/schema\\\/person\\\/ae4ec7087559b8692fb33b6fffd2273b\",\"name\":\"inclusivenews2024\",\"image\":{\"@type\":\"ImageObject\",\"inLanguage\":\"pt-PT\",\"@id\":\"https:\\\/\\\/secure.gravatar.com\\\/avatar\\\/c5a7ef84c66fa914f55bc4f7ce26cfa275a3b9a1c5568b907bd184fb4dde7b40?s=96&d=mm&r=g\",\"url\":\"https:\\\/\\\/secure.gravatar.com\\\/avatar\\\/c5a7ef84c66fa914f55bc4f7ce26cfa275a3b9a1c5568b907bd184fb4dde7b40?s=96&d=mm&r=g\",\"contentUrl\":\"https:\\\/\\\/secure.gravatar.com\\\/avatar\\\/c5a7ef84c66fa914f55bc4f7ce26cfa275a3b9a1c5568b907bd184fb4dde7b40?s=96&d=mm&r=g\",\"caption\":\"inclusivenews2024\"},\"sameAs\":[\"https:\\\/\\\/inclusivenews.com.br\"],\"url\":\"https:\\\/\\\/inclusivenews.com.br\\\/?author=1\"}]}<\/script>\n<!-- \/ Yoast SEO plugin. -->","yoast_head_json":{"title":"Quem tem medo dos direitos gays? -","robots":{"index":"index","follow":"follow","max-snippet":"max-snippet:-1","max-image-preview":"max-image-preview:large","max-video-preview":"max-video-preview:-1"},"canonical":"https:\/\/inclusivenews.com.br\/?p=15277","og_locale":"pt_PT","og_type":"article","og_title":"Quem tem medo dos direitos gays? -","og_description":"N\u00e3o \u00e9 novidade e igualmente n\u00e3o \u00e9 estranho que conservadores e reacion\u00e1rios se manifestem todas as vezes que transforma\u00e7\u00f5es sociais e pol\u00edticas, jamais pensadas por eles, alterem leis, institui\u00e7\u00f5es e conven\u00e7\u00f5es sociais e morais que acreditavam imut\u00e1veis. Por Al\u00edpio de Sousa Filho.","og_url":"https:\/\/inclusivenews.com.br\/?p=15277","article_publisher":"https:\/\/www.facebook.com\/agenciainclusive\/","article_published_time":"2010-05-11T11:54:26+00:00","og_image":[{"url":"http:\/\/primeiralinha.org\/home\/wp-content\/uploads\/2009\/10\/homofobia.jpg","type":"","width":"","height":""}],"author":"inclusivenews2024","twitter_card":"summary_large_image","twitter_misc":{"Escrito por":"inclusivenews2024","Tempo estimado de leitura":"3 minutos"},"schema":{"@context":"https:\/\/schema.org","@graph":[{"@type":"Article","@id":"https:\/\/inclusivenews.com.br\/?p=15277#article","isPartOf":{"@id":"https:\/\/inclusivenews.com.br\/?p=15277"},"author":{"name":"inclusivenews2024","@id":"https:\/\/inclusivenews.com.br\/#\/schema\/person\/ae4ec7087559b8692fb33b6fffd2273b"},"headline":"Quem tem medo dos direitos gays?","datePublished":"2010-05-11T11:54:26+00:00","mainEntityOfPage":{"@id":"https:\/\/inclusivenews.com.br\/?p=15277"},"wordCount":663,"commentCount":0,"publisher":{"@id":"https:\/\/inclusivenews.com.br\/#organization"},"image":{"@id":"https:\/\/inclusivenews.com.br\/?p=15277#primaryimage"},"thumbnailUrl":"http:\/\/primeiralinha.org\/home\/wp-content\/uploads\/2009\/10\/homofobia.jpg","keywords":["homofobia"],"articleSection":["Colunas especiais","OPINI\u00c3O"],"inLanguage":"pt-PT","potentialAction":[{"@type":"CommentAction","name":"Comment","target":["https:\/\/inclusivenews.com.br\/?p=15277#respond"]}]},{"@type":"WebPage","@id":"https:\/\/inclusivenews.com.br\/?p=15277","url":"https:\/\/inclusivenews.com.br\/?p=15277","name":"Quem tem medo dos direitos gays? -","isPartOf":{"@id":"https:\/\/inclusivenews.com.br\/#website"},"primaryImageOfPage":{"@id":"https:\/\/inclusivenews.com.br\/?p=15277#primaryimage"},"image":{"@id":"https:\/\/inclusivenews.com.br\/?p=15277#primaryimage"},"thumbnailUrl":"http:\/\/primeiralinha.org\/home\/wp-content\/uploads\/2009\/10\/homofobia.jpg","datePublished":"2010-05-11T11:54:26+00:00","breadcrumb":{"@id":"https:\/\/inclusivenews.com.br\/?p=15277#breadcrumb"},"inLanguage":"pt-PT","potentialAction":[{"@type":"ReadAction","target":["https:\/\/inclusivenews.com.br\/?p=15277"]}]},{"@type":"ImageObject","inLanguage":"pt-PT","@id":"https:\/\/inclusivenews.com.br\/?p=15277#primaryimage","url":"http:\/\/primeiralinha.org\/home\/wp-content\/uploads\/2009\/10\/homofobia.jpg","contentUrl":"http:\/\/primeiralinha.org\/home\/wp-content\/uploads\/2009\/10\/homofobia.jpg"},{"@type":"BreadcrumbList","@id":"https:\/\/inclusivenews.com.br\/?p=15277#breadcrumb","itemListElement":[{"@type":"ListItem","position":1,"name":"In\u00edcio","item":"https:\/\/inclusivenews.com.br\/"},{"@type":"ListItem","position":2,"name":"Quem tem medo dos direitos gays?"}]},{"@type":"WebSite","@id":"https:\/\/inclusivenews.com.br\/#website","url":"https:\/\/inclusivenews.com.br\/","name":"Inclusive News","description":"Inclusive News","publisher":{"@id":"https:\/\/inclusivenews.com.br\/#organization"},"potentialAction":[{"@type":"SearchAction","target":{"@type":"EntryPoint","urlTemplate":"https:\/\/inclusivenews.com.br\/?s={search_term_string}"},"query-input":{"@type":"PropertyValueSpecification","valueRequired":true,"valueName":"search_term_string"}}],"inLanguage":"pt-PT"},{"@type":"Organization","@id":"https:\/\/inclusivenews.com.br\/#organization","name":"Inclusive - inclus\u00e3o e cidadania","url":"https:\/\/inclusivenews.com.br\/","logo":{"@type":"ImageObject","inLanguage":"pt-PT","@id":"https:\/\/inclusivenews.com.br\/#\/schema\/logo\/image\/","url":"https:\/\/inclusivenews.com.br\/wp-content\/uploads\/2024\/03\/@grandesite.png","contentUrl":"https:\/\/inclusivenews.com.br\/wp-content\/uploads\/2024\/03\/@grandesite.png","width":1080,"height":1080,"caption":"Inclusive - inclus\u00e3o e cidadania"},"image":{"@id":"https:\/\/inclusivenews.com.br\/#\/schema\/logo\/image\/"},"sameAs":["https:\/\/www.facebook.com\/agenciainclusive\/","https:\/\/www.instagram.com\/newsinclusive\/"]},{"@type":"Person","@id":"https:\/\/inclusivenews.com.br\/#\/schema\/person\/ae4ec7087559b8692fb33b6fffd2273b","name":"inclusivenews2024","image":{"@type":"ImageObject","inLanguage":"pt-PT","@id":"https:\/\/secure.gravatar.com\/avatar\/c5a7ef84c66fa914f55bc4f7ce26cfa275a3b9a1c5568b907bd184fb4dde7b40?s=96&d=mm&r=g","url":"https:\/\/secure.gravatar.com\/avatar\/c5a7ef84c66fa914f55bc4f7ce26cfa275a3b9a1c5568b907bd184fb4dde7b40?s=96&d=mm&r=g","contentUrl":"https:\/\/secure.gravatar.com\/avatar\/c5a7ef84c66fa914f55bc4f7ce26cfa275a3b9a1c5568b907bd184fb4dde7b40?s=96&d=mm&r=g","caption":"inclusivenews2024"},"sameAs":["https:\/\/inclusivenews.com.br"],"url":"https:\/\/inclusivenews.com.br\/?author=1"}]}},"_links":{"self":[{"href":"https:\/\/inclusivenews.com.br\/index.php?rest_route=\/wp\/v2\/posts\/15277","targetHints":{"allow":["GET"]}}],"collection":[{"href":"https:\/\/inclusivenews.com.br\/index.php?rest_route=\/wp\/v2\/posts"}],"about":[{"href":"https:\/\/inclusivenews.com.br\/index.php?rest_route=\/wp\/v2\/types\/post"}],"author":[{"embeddable":true,"href":"https:\/\/inclusivenews.com.br\/index.php?rest_route=\/wp\/v2\/users\/1"}],"replies":[{"embeddable":true,"href":"https:\/\/inclusivenews.com.br\/index.php?rest_route=%2Fwp%2Fv2%2Fcomments&post=15277"}],"version-history":[{"count":0,"href":"https:\/\/inclusivenews.com.br\/index.php?rest_route=\/wp\/v2\/posts\/15277\/revisions"}],"wp:attachment":[{"href":"https:\/\/inclusivenews.com.br\/index.php?rest_route=%2Fwp%2Fv2%2Fmedia&parent=15277"}],"wp:term":[{"taxonomy":"category","embeddable":true,"href":"https:\/\/inclusivenews.com.br\/index.php?rest_route=%2Fwp%2Fv2%2Fcategories&post=15277"},{"taxonomy":"post_tag","embeddable":true,"href":"https:\/\/inclusivenews.com.br\/index.php?rest_route=%2Fwp%2Fv2%2Ftags&post=15277"}],"curies":[{"name":"wp","href":"https:\/\/api.w.org\/{rel}","templated":true}]}}