{"id":15288,"date":"2010-05-12T09:30:41","date_gmt":"2010-05-12T12:30:41","guid":{"rendered":"http:\/\/www.inclusive.org.br\/?p=15288"},"modified":"2010-05-12T09:30:41","modified_gmt":"2010-05-12T12:30:41","slug":"estudo-mostra-reducao-no-ritmo-de-crescimento-do-numero-de-adolescentes-em-medidas-socioeducativas","status":"publish","type":"post","link":"https:\/\/inclusivenews.com.br\/?p=15288","title":{"rendered":"Estudo mostra redu\u00e7\u00e3o no ritmo de crescimento do n\u00famero de adolescentes em medidas socioeducativas"},"content":{"rendered":"<figure id=\"attachment_15303\" aria-describedby=\"caption-attachment-15303\" style=\"width: 210px\" class=\"wp-caption alignleft\"><a href=\"http:\/\/www.inclusivenews.com.br\/wp-content\/uploads\/2010\/05\/murodepedra.jpg\"><img loading=\"lazy\" decoding=\"async\" class=\"size-medium wp-image-15303\" title=\"Inclusive - muro de pedras em preto e branco.\" src=\"http:\/\/inclusivenews.com.br\/wp-content\/uploads\/2010\/05\/murodepedra-300x225.jpg\" alt=\"\" width=\"210\" height=\"158\" \/><\/a><figcaption id=\"caption-attachment-15303\" class=\"wp-caption-text\"> <\/figcaption><\/figure>\n<p><strong>Lisiane Wandscheer<\/strong><br \/>\nrep\u00f3rter da Ag\u00eancia Brasil<\/p>\n<p>Levantamento Nacional do Atendimento Socioeducativo aoa Adolescente em Conflito com a Lei &#8211; 2009\u00a0 feito pela Secretaria Nacional de Promo\u00e7\u00e3o dos Direitos da Crian\u00e7a e do Adolescente (SNODCA), ligada \u00e0 Secretaria de Direitos Humanos da Presid\u00eancia da Rep\u00fablica (SDH\/PR),\u00a0 mostra redu\u00e7\u00e3o no ritmo de crescimento anual do n\u00famero de adolescentes que cumprem medidas socioeducativas de interna\u00e7\u00e3o, semiliberdade e interna\u00e7\u00e3o provis\u00f3ria.<\/p>\n<p>De 2006 para 2007 foi registrado um aumento de 7,18% no n\u00famero de jovens cumprindo esse tipo de medidas. De 2007 para 2008, o crescimento foi de 2,01%. J\u00e1 de 2008 para 2009 foi contabilizado 0,43% de aumento. O crescimento acumulado \u2013 de 2006 a 2009 \u2013 \u00e9 de 9,81%, n\u00famero menor do que o registrado entre 1996 e 1999 quando o crescimento do n\u00famero de jovens em medidas socioeducativas foi de 102,10%.<\/p>\n<p>Em 2009 foram registrados 16.940 adolescentes cumprindo medidas socioeducativas. Desse total, 11.901 est\u00e3o internados, 3.471 em interna\u00e7\u00e3o provis\u00f3ria e 1.568 cumprimento em regime de semiliberdade.<\/p>\n<p>No levantamento deste ano foram acrescidos outros casos como os de interna\u00e7\u00e3o-san\u00e7\u00e3o, medida de prote\u00e7\u00e3o, pernoite ou de adolescentes que est\u00e3o em situa\u00e7\u00e3o de abrigo tempor\u00e1rio. No total foram registrados 916 jovens privados de liberdade por outras medidas que, somados aos 16.940, totalizam 17.856 adolescentes.<\/p>\n<p>Outro dado destacado no documento \u00e9 o aumento do n\u00famero de adolescentes cumprindo a medida de semiliberdade e a redu\u00e7\u00e3o no n\u00famero de jovens em regime interno. Entre 2007 e 2008 os registros de adolescentes em regime de semiliberdade passaram de 1.214 casos para 1.419. Entre 2008 e 2009 o aumento foi um pouco menor, de 10,5%, passando de 1.419 para 1.568 casos.<\/p>\n<p>Nas interna\u00e7\u00f5es houve um aumento de 1,42% de 2008 para 2009, passando de 11.734 para 11.901 e nas interna\u00e7\u00f5es provis\u00f3rias foi registrada uma queda de 6,57% passando de 3.715 para 3.471 nos mesmos anos.<\/p>\n<p>Para a Secretaria de Direitos Humanos, os dados refletem uma mudan\u00e7a no perfil de aplica\u00e7\u00e3o das medidas socieducativas pelo Judici\u00e1rio e uma maior implementa\u00e7\u00e3o das diretrizes estabelecidas pelo Estatuto da Crian\u00e7a e do Adolescente (ECA).<\/p>\n<p>Leia <span class=\"link-external\"><a href=\"http:\/\/portal.mj.gov.br\/sedh\/socioeducativo2010.pdf\">aqui\u00a0a \u00edntegra <\/a><\/span>do documento.<br \/>\n______________________<\/p>\n<p><strong>Fonte:<\/strong> Ag\u00eancia Brasil\/SEDH<\/p>\n","protected":false},"excerpt":{"rendered":"<p>Outro dado destacado no documento \u00e9 o aumento do n\u00famero de adolescentes cumprindo a medida de semiliberdade e a redu\u00e7\u00e3o no n\u00famero de jovens em regime interno. Informa\u00e7\u00e3o \u00e9 da Ag\u00eancia Brasil.<\/p>\n","protected":false},"author":1,"featured_media":0,"comment_status":"open","ping_status":"open","sticky":false,"template":"","format":"standard","meta":{"site-container-style":"default","site-container-layout":"default","site-sidebar-layout":"default","disable-article-header":"default","disable-site-header":"default","disable-site-footer":"default","disable-content-area-spacing":"default","footnotes":""},"categories":[11,4],"tags":[109],"class_list":["post-15288","post","type-post","status-publish","format-standard","hentry","category-direitos-humanos","category-noticias","tag-adolescencia"],"yoast_head":"<!-- This site is optimized with the Yoast SEO plugin v27.4 - https:\/\/yoast.com\/product\/yoast-seo-wordpress\/ -->\n<title>Estudo mostra redu\u00e7\u00e3o no ritmo de crescimento do n\u00famero de adolescentes em medidas socioeducativas -<\/title>\n<meta name=\"robots\" content=\"index, follow, max-snippet:-1, max-image-preview:large, max-video-preview:-1\" \/>\n<link rel=\"canonical\" href=\"https:\/\/inclusivenews.com.br\/?p=15288\" \/>\n<meta property=\"og:locale\" content=\"pt_PT\" \/>\n<meta property=\"og:type\" content=\"article\" \/>\n<meta property=\"og:title\" content=\"Estudo mostra redu\u00e7\u00e3o no ritmo de crescimento do n\u00famero de adolescentes em medidas socioeducativas -\" \/>\n<meta property=\"og:description\" content=\"Outro dado destacado no documento \u00e9 o aumento do n\u00famero de adolescentes cumprindo a medida de semiliberdade e a redu\u00e7\u00e3o no n\u00famero de jovens em regime interno. Informa\u00e7\u00e3o \u00e9 da Ag\u00eancia Brasil.\" \/>\n<meta property=\"og:url\" content=\"https:\/\/inclusivenews.com.br\/?p=15288\" \/>\n<meta property=\"article:publisher\" content=\"https:\/\/www.facebook.com\/agenciainclusive\/\" \/>\n<meta property=\"article:published_time\" content=\"2010-05-12T12:30:41+00:00\" \/>\n<meta property=\"og:image\" content=\"http:\/\/inclusivenews.com.br\/wp-content\/uploads\/2010\/05\/murodepedra-300x225.jpg\" \/>\n<meta name=\"author\" content=\"inclusivenews2024\" \/>\n<meta name=\"twitter:card\" content=\"summary_large_image\" \/>\n<meta name=\"twitter:label1\" content=\"Escrito por\" \/>\n\t<meta name=\"twitter:data1\" content=\"inclusivenews2024\" \/>\n\t<meta name=\"twitter:label2\" content=\"Tempo estimado de leitura\" \/>\n\t<meta name=\"twitter:data2\" content=\"2 minutos\" \/>\n<script type=\"application\/ld+json\" class=\"yoast-schema-graph\">{\"@context\":\"https:\\\/\\\/schema.org\",\"@graph\":[{\"@type\":\"Article\",\"@id\":\"https:\\\/\\\/inclusivenews.com.br\\\/?p=15288#article\",\"isPartOf\":{\"@id\":\"https:\\\/\\\/inclusivenews.com.br\\\/?p=15288\"},\"author\":{\"name\":\"inclusivenews2024\",\"@id\":\"https:\\\/\\\/inclusivenews.com.br\\\/#\\\/schema\\\/person\\\/ae4ec7087559b8692fb33b6fffd2273b\"},\"headline\":\"Estudo mostra redu\u00e7\u00e3o no ritmo de crescimento do n\u00famero de adolescentes em medidas socioeducativas\",\"datePublished\":\"2010-05-12T12:30:41+00:00\",\"mainEntityOfPage\":{\"@id\":\"https:\\\/\\\/inclusivenews.com.br\\\/?p=15288\"},\"wordCount\":365,\"commentCount\":0,\"publisher\":{\"@id\":\"https:\\\/\\\/inclusivenews.com.br\\\/#organization\"},\"image\":{\"@id\":\"https:\\\/\\\/inclusivenews.com.br\\\/?p=15288#primaryimage\"},\"thumbnailUrl\":\"http:\\\/\\\/inclusivenews.com.br\\\/wp-content\\\/uploads\\\/2010\\\/05\\\/murodepedra-300x225.jpg\",\"keywords\":[\"Adolesc\u00eancia\"],\"articleSection\":[\"DIREITOS HUMANOS\",\"NOT\u00cdCIAS\"],\"inLanguage\":\"pt-PT\",\"potentialAction\":[{\"@type\":\"CommentAction\",\"name\":\"Comment\",\"target\":[\"https:\\\/\\\/inclusivenews.com.br\\\/?p=15288#respond\"]}]},{\"@type\":\"WebPage\",\"@id\":\"https:\\\/\\\/inclusivenews.com.br\\\/?p=15288\",\"url\":\"https:\\\/\\\/inclusivenews.com.br\\\/?p=15288\",\"name\":\"Estudo mostra redu\u00e7\u00e3o no ritmo de crescimento do n\u00famero de adolescentes em medidas socioeducativas -\",\"isPartOf\":{\"@id\":\"https:\\\/\\\/inclusivenews.com.br\\\/#website\"},\"primaryImageOfPage\":{\"@id\":\"https:\\\/\\\/inclusivenews.com.br\\\/?p=15288#primaryimage\"},\"image\":{\"@id\":\"https:\\\/\\\/inclusivenews.com.br\\\/?p=15288#primaryimage\"},\"thumbnailUrl\":\"http:\\\/\\\/inclusivenews.com.br\\\/wp-content\\\/uploads\\\/2010\\\/05\\\/murodepedra-300x225.jpg\",\"datePublished\":\"2010-05-12T12:30:41+00:00\",\"breadcrumb\":{\"@id\":\"https:\\\/\\\/inclusivenews.com.br\\\/?p=15288#breadcrumb\"},\"inLanguage\":\"pt-PT\",\"potentialAction\":[{\"@type\":\"ReadAction\",\"target\":[\"https:\\\/\\\/inclusivenews.com.br\\\/?p=15288\"]}]},{\"@type\":\"ImageObject\",\"inLanguage\":\"pt-PT\",\"@id\":\"https:\\\/\\\/inclusivenews.com.br\\\/?p=15288#primaryimage\",\"url\":\"\",\"contentUrl\":\"\"},{\"@type\":\"BreadcrumbList\",\"@id\":\"https:\\\/\\\/inclusivenews.com.br\\\/?p=15288#breadcrumb\",\"itemListElement\":[{\"@type\":\"ListItem\",\"position\":1,\"name\":\"In\u00edcio\",\"item\":\"https:\\\/\\\/inclusivenews.com.br\\\/\"},{\"@type\":\"ListItem\",\"position\":2,\"name\":\"Estudo mostra redu\u00e7\u00e3o no ritmo de crescimento do n\u00famero de adolescentes em medidas socioeducativas\"}]},{\"@type\":\"WebSite\",\"@id\":\"https:\\\/\\\/inclusivenews.com.br\\\/#website\",\"url\":\"https:\\\/\\\/inclusivenews.com.br\\\/\",\"name\":\"Inclusive News\",\"description\":\"Inclusive News\",\"publisher\":{\"@id\":\"https:\\\/\\\/inclusivenews.com.br\\\/#organization\"},\"potentialAction\":[{\"@type\":\"SearchAction\",\"target\":{\"@type\":\"EntryPoint\",\"urlTemplate\":\"https:\\\/\\\/inclusivenews.com.br\\\/?s={search_term_string}\"},\"query-input\":{\"@type\":\"PropertyValueSpecification\",\"valueRequired\":true,\"valueName\":\"search_term_string\"}}],\"inLanguage\":\"pt-PT\"},{\"@type\":\"Organization\",\"@id\":\"https:\\\/\\\/inclusivenews.com.br\\\/#organization\",\"name\":\"Inclusive - inclus\u00e3o e cidadania\",\"url\":\"https:\\\/\\\/inclusivenews.com.br\\\/\",\"logo\":{\"@type\":\"ImageObject\",\"inLanguage\":\"pt-PT\",\"@id\":\"https:\\\/\\\/inclusivenews.com.br\\\/#\\\/schema\\\/logo\\\/image\\\/\",\"url\":\"https:\\\/\\\/inclusivenews.com.br\\\/wp-content\\\/uploads\\\/2024\\\/03\\\/@grandesite.png\",\"contentUrl\":\"https:\\\/\\\/inclusivenews.com.br\\\/wp-content\\\/uploads\\\/2024\\\/03\\\/@grandesite.png\",\"width\":1080,\"height\":1080,\"caption\":\"Inclusive - inclus\u00e3o e cidadania\"},\"image\":{\"@id\":\"https:\\\/\\\/inclusivenews.com.br\\\/#\\\/schema\\\/logo\\\/image\\\/\"},\"sameAs\":[\"https:\\\/\\\/www.facebook.com\\\/agenciainclusive\\\/\",\"https:\\\/\\\/www.instagram.com\\\/newsinclusive\\\/\"]},{\"@type\":\"Person\",\"@id\":\"https:\\\/\\\/inclusivenews.com.br\\\/#\\\/schema\\\/person\\\/ae4ec7087559b8692fb33b6fffd2273b\",\"name\":\"inclusivenews2024\",\"image\":{\"@type\":\"ImageObject\",\"inLanguage\":\"pt-PT\",\"@id\":\"https:\\\/\\\/secure.gravatar.com\\\/avatar\\\/c5a7ef84c66fa914f55bc4f7ce26cfa275a3b9a1c5568b907bd184fb4dde7b40?s=96&d=mm&r=g\",\"url\":\"https:\\\/\\\/secure.gravatar.com\\\/avatar\\\/c5a7ef84c66fa914f55bc4f7ce26cfa275a3b9a1c5568b907bd184fb4dde7b40?s=96&d=mm&r=g\",\"contentUrl\":\"https:\\\/\\\/secure.gravatar.com\\\/avatar\\\/c5a7ef84c66fa914f55bc4f7ce26cfa275a3b9a1c5568b907bd184fb4dde7b40?s=96&d=mm&r=g\",\"caption\":\"inclusivenews2024\"},\"sameAs\":[\"https:\\\/\\\/inclusivenews.com.br\"],\"url\":\"https:\\\/\\\/inclusivenews.com.br\\\/?author=1\"}]}<\/script>\n<!-- \/ Yoast SEO plugin. -->","yoast_head_json":{"title":"Estudo mostra redu\u00e7\u00e3o no ritmo de crescimento do n\u00famero de adolescentes em medidas socioeducativas -","robots":{"index":"index","follow":"follow","max-snippet":"max-snippet:-1","max-image-preview":"max-image-preview:large","max-video-preview":"max-video-preview:-1"},"canonical":"https:\/\/inclusivenews.com.br\/?p=15288","og_locale":"pt_PT","og_type":"article","og_title":"Estudo mostra redu\u00e7\u00e3o no ritmo de crescimento do n\u00famero de adolescentes em medidas socioeducativas -","og_description":"Outro dado destacado no documento \u00e9 o aumento do n\u00famero de adolescentes cumprindo a medida de semiliberdade e a redu\u00e7\u00e3o no n\u00famero de jovens em regime interno. Informa\u00e7\u00e3o \u00e9 da Ag\u00eancia Brasil.","og_url":"https:\/\/inclusivenews.com.br\/?p=15288","article_publisher":"https:\/\/www.facebook.com\/agenciainclusive\/","article_published_time":"2010-05-12T12:30:41+00:00","og_image":[{"url":"http:\/\/inclusivenews.com.br\/wp-content\/uploads\/2010\/05\/murodepedra-300x225.jpg","type":"","width":"","height":""}],"author":"inclusivenews2024","twitter_card":"summary_large_image","twitter_misc":{"Escrito por":"inclusivenews2024","Tempo estimado de leitura":"2 minutos"},"schema":{"@context":"https:\/\/schema.org","@graph":[{"@type":"Article","@id":"https:\/\/inclusivenews.com.br\/?p=15288#article","isPartOf":{"@id":"https:\/\/inclusivenews.com.br\/?p=15288"},"author":{"name":"inclusivenews2024","@id":"https:\/\/inclusivenews.com.br\/#\/schema\/person\/ae4ec7087559b8692fb33b6fffd2273b"},"headline":"Estudo mostra redu\u00e7\u00e3o no ritmo de crescimento do n\u00famero de adolescentes em medidas socioeducativas","datePublished":"2010-05-12T12:30:41+00:00","mainEntityOfPage":{"@id":"https:\/\/inclusivenews.com.br\/?p=15288"},"wordCount":365,"commentCount":0,"publisher":{"@id":"https:\/\/inclusivenews.com.br\/#organization"},"image":{"@id":"https:\/\/inclusivenews.com.br\/?p=15288#primaryimage"},"thumbnailUrl":"http:\/\/inclusivenews.com.br\/wp-content\/uploads\/2010\/05\/murodepedra-300x225.jpg","keywords":["Adolesc\u00eancia"],"articleSection":["DIREITOS HUMANOS","NOT\u00cdCIAS"],"inLanguage":"pt-PT","potentialAction":[{"@type":"CommentAction","name":"Comment","target":["https:\/\/inclusivenews.com.br\/?p=15288#respond"]}]},{"@type":"WebPage","@id":"https:\/\/inclusivenews.com.br\/?p=15288","url":"https:\/\/inclusivenews.com.br\/?p=15288","name":"Estudo mostra redu\u00e7\u00e3o no ritmo de crescimento do n\u00famero de adolescentes em medidas socioeducativas -","isPartOf":{"@id":"https:\/\/inclusivenews.com.br\/#website"},"primaryImageOfPage":{"@id":"https:\/\/inclusivenews.com.br\/?p=15288#primaryimage"},"image":{"@id":"https:\/\/inclusivenews.com.br\/?p=15288#primaryimage"},"thumbnailUrl":"http:\/\/inclusivenews.com.br\/wp-content\/uploads\/2010\/05\/murodepedra-300x225.jpg","datePublished":"2010-05-12T12:30:41+00:00","breadcrumb":{"@id":"https:\/\/inclusivenews.com.br\/?p=15288#breadcrumb"},"inLanguage":"pt-PT","potentialAction":[{"@type":"ReadAction","target":["https:\/\/inclusivenews.com.br\/?p=15288"]}]},{"@type":"ImageObject","inLanguage":"pt-PT","@id":"https:\/\/inclusivenews.com.br\/?p=15288#primaryimage","url":"","contentUrl":""},{"@type":"BreadcrumbList","@id":"https:\/\/inclusivenews.com.br\/?p=15288#breadcrumb","itemListElement":[{"@type":"ListItem","position":1,"name":"In\u00edcio","item":"https:\/\/inclusivenews.com.br\/"},{"@type":"ListItem","position":2,"name":"Estudo mostra redu\u00e7\u00e3o no ritmo de crescimento do n\u00famero de adolescentes em medidas socioeducativas"}]},{"@type":"WebSite","@id":"https:\/\/inclusivenews.com.br\/#website","url":"https:\/\/inclusivenews.com.br\/","name":"Inclusive News","description":"Inclusive News","publisher":{"@id":"https:\/\/inclusivenews.com.br\/#organization"},"potentialAction":[{"@type":"SearchAction","target":{"@type":"EntryPoint","urlTemplate":"https:\/\/inclusivenews.com.br\/?s={search_term_string}"},"query-input":{"@type":"PropertyValueSpecification","valueRequired":true,"valueName":"search_term_string"}}],"inLanguage":"pt-PT"},{"@type":"Organization","@id":"https:\/\/inclusivenews.com.br\/#organization","name":"Inclusive - inclus\u00e3o e cidadania","url":"https:\/\/inclusivenews.com.br\/","logo":{"@type":"ImageObject","inLanguage":"pt-PT","@id":"https:\/\/inclusivenews.com.br\/#\/schema\/logo\/image\/","url":"https:\/\/inclusivenews.com.br\/wp-content\/uploads\/2024\/03\/@grandesite.png","contentUrl":"https:\/\/inclusivenews.com.br\/wp-content\/uploads\/2024\/03\/@grandesite.png","width":1080,"height":1080,"caption":"Inclusive - inclus\u00e3o e cidadania"},"image":{"@id":"https:\/\/inclusivenews.com.br\/#\/schema\/logo\/image\/"},"sameAs":["https:\/\/www.facebook.com\/agenciainclusive\/","https:\/\/www.instagram.com\/newsinclusive\/"]},{"@type":"Person","@id":"https:\/\/inclusivenews.com.br\/#\/schema\/person\/ae4ec7087559b8692fb33b6fffd2273b","name":"inclusivenews2024","image":{"@type":"ImageObject","inLanguage":"pt-PT","@id":"https:\/\/secure.gravatar.com\/avatar\/c5a7ef84c66fa914f55bc4f7ce26cfa275a3b9a1c5568b907bd184fb4dde7b40?s=96&d=mm&r=g","url":"https:\/\/secure.gravatar.com\/avatar\/c5a7ef84c66fa914f55bc4f7ce26cfa275a3b9a1c5568b907bd184fb4dde7b40?s=96&d=mm&r=g","contentUrl":"https:\/\/secure.gravatar.com\/avatar\/c5a7ef84c66fa914f55bc4f7ce26cfa275a3b9a1c5568b907bd184fb4dde7b40?s=96&d=mm&r=g","caption":"inclusivenews2024"},"sameAs":["https:\/\/inclusivenews.com.br"],"url":"https:\/\/inclusivenews.com.br\/?author=1"}]}},"_links":{"self":[{"href":"https:\/\/inclusivenews.com.br\/index.php?rest_route=\/wp\/v2\/posts\/15288","targetHints":{"allow":["GET"]}}],"collection":[{"href":"https:\/\/inclusivenews.com.br\/index.php?rest_route=\/wp\/v2\/posts"}],"about":[{"href":"https:\/\/inclusivenews.com.br\/index.php?rest_route=\/wp\/v2\/types\/post"}],"author":[{"embeddable":true,"href":"https:\/\/inclusivenews.com.br\/index.php?rest_route=\/wp\/v2\/users\/1"}],"replies":[{"embeddable":true,"href":"https:\/\/inclusivenews.com.br\/index.php?rest_route=%2Fwp%2Fv2%2Fcomments&post=15288"}],"version-history":[{"count":0,"href":"https:\/\/inclusivenews.com.br\/index.php?rest_route=\/wp\/v2\/posts\/15288\/revisions"}],"wp:attachment":[{"href":"https:\/\/inclusivenews.com.br\/index.php?rest_route=%2Fwp%2Fv2%2Fmedia&parent=15288"}],"wp:term":[{"taxonomy":"category","embeddable":true,"href":"https:\/\/inclusivenews.com.br\/index.php?rest_route=%2Fwp%2Fv2%2Fcategories&post=15288"},{"taxonomy":"post_tag","embeddable":true,"href":"https:\/\/inclusivenews.com.br\/index.php?rest_route=%2Fwp%2Fv2%2Ftags&post=15288"}],"curies":[{"name":"wp","href":"https:\/\/api.w.org\/{rel}","templated":true}]}}