{"id":15294,"date":"2010-05-12T09:17:50","date_gmt":"2010-05-12T12:17:50","guid":{"rendered":"http:\/\/www.inclusive.org.br\/?p=15294"},"modified":"2010-05-12T09:17:50","modified_gmt":"2010-05-12T12:17:50","slug":"conheca-as-salas-de-recurso-que-funcionam-de-verdade-para-a-inclusao","status":"publish","type":"post","link":"https:\/\/inclusivenews.com.br\/?p=15294","title":{"rendered":"Conhe\u00e7a as salas de recurso que funcionam de verdade para a inclus\u00e3o"},"content":{"rendered":"<figure style=\"width: 214px\" class=\"wp-caption alignleft\"><a class=\"moz-txt-link-freetext\" href=\"http:\/\/revistaescola.abril.com.br\/css\/imagens\/logo.gif\"><img loading=\"lazy\" decoding=\"async\" title=\"Logotipo da revista Nova Escola\" src=\"http:\/\/revistaescola.abril.com.br\/css\/imagens\/logo.gif\" alt=\"\" width=\"214\" height=\"45\" \/><\/a><figcaption class=\"wp-caption-text\"> <\/figcaption><\/figure>\n<p><em>Alunos com defici\u00eancia precisam desenvolver habilidades para participar das aulas. Saiba como esse trabalho deve ser feito no contraturno<\/em><\/p>\n<p><strong><span class=\"trocaautor\">Camila Monroe<\/span>. Colaborou Beatriz Santomauro.<\/strong><\/p>\n<p>Os n\u00fameros do \u00faltimo Censo Escolar s\u00e3o o retrato claro de uma nova tend\u00eancia: a Educa\u00e7\u00e3o de alunos com defici\u00eancia se d\u00e1, agora, majoritariamente em classes regulares. Seis em cada dez alunos nessa condi\u00e7\u00e3o est\u00e3o matriculados em salas comuns &#8211; em 2001, esse \u00edndice era de apenas dois em cada dez estudantes. O aumento merece ser comemorado, mas que n\u00e3o esconde um grande desafio: como garantir que, al\u00e9m de frequentar as aulas, crian\u00e7as e jovens aprendam de verdade?<\/p>\n<p>A tarefa tem naquilo que os especialistas chamam de Atendimento Educacional Especializado (AEE) um importante aliado. Institu\u00eddo pelo mesmo documento que em 2008 concebeu as diretrizes para a inclus\u00e3o escolar, mas regulamentado apenas no fim do ano passado, o AEE ocorre no contraturno nas salas de recursos, ambientes adaptados para auxiliar indiv\u00edduos com uma ou mais defici\u00eancias <em>(veja nas fotos que ilustram esta reportagem alguns dos principais equipamentos utilizados em tr\u00eas escolas da capital paulista: EE Emiliano Augusto Cavalcanti de Albuquerque e Melo, EMEF Jo\u00e3o XXIII e EMEI Professor Benedicto Castrucci)<\/em>. Segundo o Censo Escolar, atualmente 27% dos alunos matriculados em classes comuns do ensino regular recebem esse apoio. Se a implanta\u00e7\u00e3o das 15 mil novas salas prometidas para este ano de fato ocorrer, o atendimento alcan\u00e7ar\u00e1 mais de 50% das matr\u00edculas &#8211; em n\u00fameros absolutos, cerca de 190 mil estudantes.<\/p>\n<p><strong>Leia a \u00edntegra da reportagem no site de <a href=\"http:\/\/revistaescola.abril.com.br\/inclusao\/educacao-especial\/conheca-salas-recurso-funcionam-verdade-para-inclusao-deficiencia-546795.shtml\">Nova Escola<\/a>.<\/strong><\/p>\n","protected":false},"excerpt":{"rendered":"<p>Alunos com defici\u00eancia precisam desenvolver habilidades para participar das aulas. Saiba como esse trabalho deve ser feito no contraturno. Reportagem na revista Nova Escola.<\/p>\n","protected":false},"author":1,"featured_media":0,"comment_status":"open","ping_status":"open","sticky":false,"template":"","format":"standard","meta":{"site-container-style":"default","site-container-layout":"default","site-sidebar-layout":"default","disable-article-header":"default","disable-site-header":"default","disable-site-footer":"default","disable-content-area-spacing":"default","footnotes":""},"categories":[6,48,33],"tags":[],"class_list":["post-15294","post","type-post","status-publish","format-standard","hentry","category-educacao","category-inclusao","category-reportagem"],"yoast_head":"<!-- This site is optimized with the Yoast SEO plugin v27.4 - https:\/\/yoast.com\/product\/yoast-seo-wordpress\/ -->\n<title>Conhe\u00e7a as salas de recurso que funcionam de verdade para a inclus\u00e3o -<\/title>\n<meta name=\"robots\" content=\"index, follow, max-snippet:-1, max-image-preview:large, max-video-preview:-1\" \/>\n<link rel=\"canonical\" href=\"https:\/\/inclusivenews.com.br\/?p=15294\" \/>\n<meta property=\"og:locale\" content=\"pt_PT\" \/>\n<meta property=\"og:type\" content=\"article\" \/>\n<meta property=\"og:title\" content=\"Conhe\u00e7a as salas de recurso que funcionam de verdade para a inclus\u00e3o -\" \/>\n<meta property=\"og:description\" content=\"Alunos com defici\u00eancia precisam desenvolver habilidades para participar das aulas. Saiba como esse trabalho deve ser feito no contraturno. Reportagem na revista Nova Escola.\" \/>\n<meta property=\"og:url\" content=\"https:\/\/inclusivenews.com.br\/?p=15294\" \/>\n<meta property=\"article:publisher\" content=\"https:\/\/www.facebook.com\/agenciainclusive\/\" \/>\n<meta property=\"article:published_time\" content=\"2010-05-12T12:17:50+00:00\" \/>\n<meta property=\"og:image\" content=\"http:\/\/revistaescola.abril.com.br\/css\/imagens\/logo.gif\" \/>\n<meta name=\"author\" content=\"inclusivenews2024\" \/>\n<meta name=\"twitter:card\" content=\"summary_large_image\" \/>\n<meta name=\"twitter:label1\" content=\"Escrito por\" \/>\n\t<meta name=\"twitter:data1\" content=\"inclusivenews2024\" \/>\n\t<meta name=\"twitter:label2\" content=\"Tempo estimado de leitura\" \/>\n\t<meta name=\"twitter:data2\" content=\"1 minuto\" \/>\n<script type=\"application\/ld+json\" class=\"yoast-schema-graph\">{\"@context\":\"https:\\\/\\\/schema.org\",\"@graph\":[{\"@type\":\"Article\",\"@id\":\"https:\\\/\\\/inclusivenews.com.br\\\/?p=15294#article\",\"isPartOf\":{\"@id\":\"https:\\\/\\\/inclusivenews.com.br\\\/?p=15294\"},\"author\":{\"name\":\"inclusivenews2024\",\"@id\":\"https:\\\/\\\/inclusivenews.com.br\\\/#\\\/schema\\\/person\\\/ae4ec7087559b8692fb33b6fffd2273b\"},\"headline\":\"Conhe\u00e7a as salas de recurso que funcionam de verdade para a inclus\u00e3o\",\"datePublished\":\"2010-05-12T12:17:50+00:00\",\"mainEntityOfPage\":{\"@id\":\"https:\\\/\\\/inclusivenews.com.br\\\/?p=15294\"},\"wordCount\":289,\"commentCount\":0,\"publisher\":{\"@id\":\"https:\\\/\\\/inclusivenews.com.br\\\/#organization\"},\"image\":{\"@id\":\"https:\\\/\\\/inclusivenews.com.br\\\/?p=15294#primaryimage\"},\"thumbnailUrl\":\"http:\\\/\\\/revistaescola.abril.com.br\\\/css\\\/imagens\\\/logo.gif\",\"articleSection\":[\"EDUCA\u00c7\u00c3O\",\"INCLUS\u00c3O SOCIAL\",\"Reportagem\"],\"inLanguage\":\"pt-PT\",\"potentialAction\":[{\"@type\":\"CommentAction\",\"name\":\"Comment\",\"target\":[\"https:\\\/\\\/inclusivenews.com.br\\\/?p=15294#respond\"]}]},{\"@type\":\"WebPage\",\"@id\":\"https:\\\/\\\/inclusivenews.com.br\\\/?p=15294\",\"url\":\"https:\\\/\\\/inclusivenews.com.br\\\/?p=15294\",\"name\":\"Conhe\u00e7a as salas de recurso que funcionam de verdade para a inclus\u00e3o -\",\"isPartOf\":{\"@id\":\"https:\\\/\\\/inclusivenews.com.br\\\/#website\"},\"primaryImageOfPage\":{\"@id\":\"https:\\\/\\\/inclusivenews.com.br\\\/?p=15294#primaryimage\"},\"image\":{\"@id\":\"https:\\\/\\\/inclusivenews.com.br\\\/?p=15294#primaryimage\"},\"thumbnailUrl\":\"http:\\\/\\\/revistaescola.abril.com.br\\\/css\\\/imagens\\\/logo.gif\",\"datePublished\":\"2010-05-12T12:17:50+00:00\",\"breadcrumb\":{\"@id\":\"https:\\\/\\\/inclusivenews.com.br\\\/?p=15294#breadcrumb\"},\"inLanguage\":\"pt-PT\",\"potentialAction\":[{\"@type\":\"ReadAction\",\"target\":[\"https:\\\/\\\/inclusivenews.com.br\\\/?p=15294\"]}]},{\"@type\":\"ImageObject\",\"inLanguage\":\"pt-PT\",\"@id\":\"https:\\\/\\\/inclusivenews.com.br\\\/?p=15294#primaryimage\",\"url\":\"http:\\\/\\\/revistaescola.abril.com.br\\\/css\\\/imagens\\\/logo.gif\",\"contentUrl\":\"http:\\\/\\\/revistaescola.abril.com.br\\\/css\\\/imagens\\\/logo.gif\"},{\"@type\":\"BreadcrumbList\",\"@id\":\"https:\\\/\\\/inclusivenews.com.br\\\/?p=15294#breadcrumb\",\"itemListElement\":[{\"@type\":\"ListItem\",\"position\":1,\"name\":\"In\u00edcio\",\"item\":\"https:\\\/\\\/inclusivenews.com.br\\\/\"},{\"@type\":\"ListItem\",\"position\":2,\"name\":\"Conhe\u00e7a as salas de recurso que funcionam de verdade para a inclus\u00e3o\"}]},{\"@type\":\"WebSite\",\"@id\":\"https:\\\/\\\/inclusivenews.com.br\\\/#website\",\"url\":\"https:\\\/\\\/inclusivenews.com.br\\\/\",\"name\":\"Inclusive News\",\"description\":\"Inclusive News\",\"publisher\":{\"@id\":\"https:\\\/\\\/inclusivenews.com.br\\\/#organization\"},\"potentialAction\":[{\"@type\":\"SearchAction\",\"target\":{\"@type\":\"EntryPoint\",\"urlTemplate\":\"https:\\\/\\\/inclusivenews.com.br\\\/?s={search_term_string}\"},\"query-input\":{\"@type\":\"PropertyValueSpecification\",\"valueRequired\":true,\"valueName\":\"search_term_string\"}}],\"inLanguage\":\"pt-PT\"},{\"@type\":\"Organization\",\"@id\":\"https:\\\/\\\/inclusivenews.com.br\\\/#organization\",\"name\":\"Inclusive - inclus\u00e3o e cidadania\",\"url\":\"https:\\\/\\\/inclusivenews.com.br\\\/\",\"logo\":{\"@type\":\"ImageObject\",\"inLanguage\":\"pt-PT\",\"@id\":\"https:\\\/\\\/inclusivenews.com.br\\\/#\\\/schema\\\/logo\\\/image\\\/\",\"url\":\"https:\\\/\\\/inclusivenews.com.br\\\/wp-content\\\/uploads\\\/2024\\\/03\\\/@grandesite.png\",\"contentUrl\":\"https:\\\/\\\/inclusivenews.com.br\\\/wp-content\\\/uploads\\\/2024\\\/03\\\/@grandesite.png\",\"width\":1080,\"height\":1080,\"caption\":\"Inclusive - inclus\u00e3o e cidadania\"},\"image\":{\"@id\":\"https:\\\/\\\/inclusivenews.com.br\\\/#\\\/schema\\\/logo\\\/image\\\/\"},\"sameAs\":[\"https:\\\/\\\/www.facebook.com\\\/agenciainclusive\\\/\",\"https:\\\/\\\/www.instagram.com\\\/newsinclusive\\\/\"]},{\"@type\":\"Person\",\"@id\":\"https:\\\/\\\/inclusivenews.com.br\\\/#\\\/schema\\\/person\\\/ae4ec7087559b8692fb33b6fffd2273b\",\"name\":\"inclusivenews2024\",\"image\":{\"@type\":\"ImageObject\",\"inLanguage\":\"pt-PT\",\"@id\":\"https:\\\/\\\/secure.gravatar.com\\\/avatar\\\/c5a7ef84c66fa914f55bc4f7ce26cfa275a3b9a1c5568b907bd184fb4dde7b40?s=96&d=mm&r=g\",\"url\":\"https:\\\/\\\/secure.gravatar.com\\\/avatar\\\/c5a7ef84c66fa914f55bc4f7ce26cfa275a3b9a1c5568b907bd184fb4dde7b40?s=96&d=mm&r=g\",\"contentUrl\":\"https:\\\/\\\/secure.gravatar.com\\\/avatar\\\/c5a7ef84c66fa914f55bc4f7ce26cfa275a3b9a1c5568b907bd184fb4dde7b40?s=96&d=mm&r=g\",\"caption\":\"inclusivenews2024\"},\"sameAs\":[\"https:\\\/\\\/inclusivenews.com.br\"],\"url\":\"https:\\\/\\\/inclusivenews.com.br\\\/?author=1\"}]}<\/script>\n<!-- \/ Yoast SEO plugin. -->","yoast_head_json":{"title":"Conhe\u00e7a as salas de recurso que funcionam de verdade para a inclus\u00e3o -","robots":{"index":"index","follow":"follow","max-snippet":"max-snippet:-1","max-image-preview":"max-image-preview:large","max-video-preview":"max-video-preview:-1"},"canonical":"https:\/\/inclusivenews.com.br\/?p=15294","og_locale":"pt_PT","og_type":"article","og_title":"Conhe\u00e7a as salas de recurso que funcionam de verdade para a inclus\u00e3o -","og_description":"Alunos com defici\u00eancia precisam desenvolver habilidades para participar das aulas. Saiba como esse trabalho deve ser feito no contraturno. Reportagem na revista Nova Escola.","og_url":"https:\/\/inclusivenews.com.br\/?p=15294","article_publisher":"https:\/\/www.facebook.com\/agenciainclusive\/","article_published_time":"2010-05-12T12:17:50+00:00","og_image":[{"url":"http:\/\/revistaescola.abril.com.br\/css\/imagens\/logo.gif","type":"","width":"","height":""}],"author":"inclusivenews2024","twitter_card":"summary_large_image","twitter_misc":{"Escrito por":"inclusivenews2024","Tempo estimado de leitura":"1 minuto"},"schema":{"@context":"https:\/\/schema.org","@graph":[{"@type":"Article","@id":"https:\/\/inclusivenews.com.br\/?p=15294#article","isPartOf":{"@id":"https:\/\/inclusivenews.com.br\/?p=15294"},"author":{"name":"inclusivenews2024","@id":"https:\/\/inclusivenews.com.br\/#\/schema\/person\/ae4ec7087559b8692fb33b6fffd2273b"},"headline":"Conhe\u00e7a as salas de recurso que funcionam de verdade para a inclus\u00e3o","datePublished":"2010-05-12T12:17:50+00:00","mainEntityOfPage":{"@id":"https:\/\/inclusivenews.com.br\/?p=15294"},"wordCount":289,"commentCount":0,"publisher":{"@id":"https:\/\/inclusivenews.com.br\/#organization"},"image":{"@id":"https:\/\/inclusivenews.com.br\/?p=15294#primaryimage"},"thumbnailUrl":"http:\/\/revistaescola.abril.com.br\/css\/imagens\/logo.gif","articleSection":["EDUCA\u00c7\u00c3O","INCLUS\u00c3O SOCIAL","Reportagem"],"inLanguage":"pt-PT","potentialAction":[{"@type":"CommentAction","name":"Comment","target":["https:\/\/inclusivenews.com.br\/?p=15294#respond"]}]},{"@type":"WebPage","@id":"https:\/\/inclusivenews.com.br\/?p=15294","url":"https:\/\/inclusivenews.com.br\/?p=15294","name":"Conhe\u00e7a as salas de recurso que funcionam de verdade para a inclus\u00e3o -","isPartOf":{"@id":"https:\/\/inclusivenews.com.br\/#website"},"primaryImageOfPage":{"@id":"https:\/\/inclusivenews.com.br\/?p=15294#primaryimage"},"image":{"@id":"https:\/\/inclusivenews.com.br\/?p=15294#primaryimage"},"thumbnailUrl":"http:\/\/revistaescola.abril.com.br\/css\/imagens\/logo.gif","datePublished":"2010-05-12T12:17:50+00:00","breadcrumb":{"@id":"https:\/\/inclusivenews.com.br\/?p=15294#breadcrumb"},"inLanguage":"pt-PT","potentialAction":[{"@type":"ReadAction","target":["https:\/\/inclusivenews.com.br\/?p=15294"]}]},{"@type":"ImageObject","inLanguage":"pt-PT","@id":"https:\/\/inclusivenews.com.br\/?p=15294#primaryimage","url":"http:\/\/revistaescola.abril.com.br\/css\/imagens\/logo.gif","contentUrl":"http:\/\/revistaescola.abril.com.br\/css\/imagens\/logo.gif"},{"@type":"BreadcrumbList","@id":"https:\/\/inclusivenews.com.br\/?p=15294#breadcrumb","itemListElement":[{"@type":"ListItem","position":1,"name":"In\u00edcio","item":"https:\/\/inclusivenews.com.br\/"},{"@type":"ListItem","position":2,"name":"Conhe\u00e7a as salas de recurso que funcionam de verdade para a inclus\u00e3o"}]},{"@type":"WebSite","@id":"https:\/\/inclusivenews.com.br\/#website","url":"https:\/\/inclusivenews.com.br\/","name":"Inclusive News","description":"Inclusive News","publisher":{"@id":"https:\/\/inclusivenews.com.br\/#organization"},"potentialAction":[{"@type":"SearchAction","target":{"@type":"EntryPoint","urlTemplate":"https:\/\/inclusivenews.com.br\/?s={search_term_string}"},"query-input":{"@type":"PropertyValueSpecification","valueRequired":true,"valueName":"search_term_string"}}],"inLanguage":"pt-PT"},{"@type":"Organization","@id":"https:\/\/inclusivenews.com.br\/#organization","name":"Inclusive - inclus\u00e3o e cidadania","url":"https:\/\/inclusivenews.com.br\/","logo":{"@type":"ImageObject","inLanguage":"pt-PT","@id":"https:\/\/inclusivenews.com.br\/#\/schema\/logo\/image\/","url":"https:\/\/inclusivenews.com.br\/wp-content\/uploads\/2024\/03\/@grandesite.png","contentUrl":"https:\/\/inclusivenews.com.br\/wp-content\/uploads\/2024\/03\/@grandesite.png","width":1080,"height":1080,"caption":"Inclusive - inclus\u00e3o e cidadania"},"image":{"@id":"https:\/\/inclusivenews.com.br\/#\/schema\/logo\/image\/"},"sameAs":["https:\/\/www.facebook.com\/agenciainclusive\/","https:\/\/www.instagram.com\/newsinclusive\/"]},{"@type":"Person","@id":"https:\/\/inclusivenews.com.br\/#\/schema\/person\/ae4ec7087559b8692fb33b6fffd2273b","name":"inclusivenews2024","image":{"@type":"ImageObject","inLanguage":"pt-PT","@id":"https:\/\/secure.gravatar.com\/avatar\/c5a7ef84c66fa914f55bc4f7ce26cfa275a3b9a1c5568b907bd184fb4dde7b40?s=96&d=mm&r=g","url":"https:\/\/secure.gravatar.com\/avatar\/c5a7ef84c66fa914f55bc4f7ce26cfa275a3b9a1c5568b907bd184fb4dde7b40?s=96&d=mm&r=g","contentUrl":"https:\/\/secure.gravatar.com\/avatar\/c5a7ef84c66fa914f55bc4f7ce26cfa275a3b9a1c5568b907bd184fb4dde7b40?s=96&d=mm&r=g","caption":"inclusivenews2024"},"sameAs":["https:\/\/inclusivenews.com.br"],"url":"https:\/\/inclusivenews.com.br\/?author=1"}]}},"_links":{"self":[{"href":"https:\/\/inclusivenews.com.br\/index.php?rest_route=\/wp\/v2\/posts\/15294","targetHints":{"allow":["GET"]}}],"collection":[{"href":"https:\/\/inclusivenews.com.br\/index.php?rest_route=\/wp\/v2\/posts"}],"about":[{"href":"https:\/\/inclusivenews.com.br\/index.php?rest_route=\/wp\/v2\/types\/post"}],"author":[{"embeddable":true,"href":"https:\/\/inclusivenews.com.br\/index.php?rest_route=\/wp\/v2\/users\/1"}],"replies":[{"embeddable":true,"href":"https:\/\/inclusivenews.com.br\/index.php?rest_route=%2Fwp%2Fv2%2Fcomments&post=15294"}],"version-history":[{"count":0,"href":"https:\/\/inclusivenews.com.br\/index.php?rest_route=\/wp\/v2\/posts\/15294\/revisions"}],"wp:attachment":[{"href":"https:\/\/inclusivenews.com.br\/index.php?rest_route=%2Fwp%2Fv2%2Fmedia&parent=15294"}],"wp:term":[{"taxonomy":"category","embeddable":true,"href":"https:\/\/inclusivenews.com.br\/index.php?rest_route=%2Fwp%2Fv2%2Fcategories&post=15294"},{"taxonomy":"post_tag","embeddable":true,"href":"https:\/\/inclusivenews.com.br\/index.php?rest_route=%2Fwp%2Fv2%2Ftags&post=15294"}],"curies":[{"name":"wp","href":"https:\/\/api.w.org\/{rel}","templated":true}]}}