{"id":15368,"date":"2010-05-17T01:59:06","date_gmt":"2010-05-17T04:59:06","guid":{"rendered":"http:\/\/www.inclusive.org.br\/?p=15368"},"modified":"2010-05-17T01:59:06","modified_gmt":"2010-05-17T04:59:06","slug":"a-vida-continua-flavia-cintra-e-a-nova-reporter-do-fantastico","status":"publish","type":"post","link":"https:\/\/inclusivenews.com.br\/?p=15368","title":{"rendered":"A Vida Continua: Flavia Cintra \u00e9 a nova rep\u00f3rter do Fant\u00e1stico"},"content":{"rendered":"<figure id=\"attachment_15369\" aria-describedby=\"caption-attachment-15369\" style=\"width: 400px\" class=\"wp-caption alignleft\"><a href=\"http:\/\/www.inclusivenews.com.br\/wp-content\/uploads\/2010\/05\/flavia_cintra_2-1.jpg\"><img loading=\"lazy\" decoding=\"async\" class=\"size-full wp-image-15369\" title=\"flavia_cintra_2-1\" src=\"http:\/\/inclusivenews.com.br\/wp-content\/uploads\/2010\/05\/flavia_cintra_2-1.jpg\" alt=\"A reporter Flavia Cintra, com seu laptop\" width=\"400\" height=\"300\" \/><\/a><figcaption id=\"caption-attachment-15369\" class=\"wp-caption-text\">A reporter Flavia Cintra, com seu laptop<\/figcaption><\/figure>\n<p>Pois \u00e9, a novela acabou&#8230;<\/p>\n<p>Viver a vida rompeu muitas barreiras. Mostrou pela primeira vez uma protagonista cadeirante de maneira realista e que n\u00e3o passou por milagrosa recupera\u00e7\u00e3o no final da novela. Abordou quest\u00f5es tabu como a vida afetiva das pessoas com defici\u00eancia e trouxe para o grande p\u00fablico a discuss\u00e3o sobre a import\u00e2ncia da \u00a0acessibilidade. Exibiu depoimentos ricos e verdadeiros de pessoas que desafiaram os diagn\u00f3sticos e progn\u00f3sticos e seguiram em frente.<\/p>\n<p>Foi com uma mistura de tristeza, por ver o foletim acabando, e emo\u00e7\u00e3o pelo espet\u00e1culo final de Jo\u00e3o Carlos Martins regendo a Nona Sinfonia de Beethoven, um ode \u00e0 vida e \u00e0 alegria, que vi o cap\u00edtulo final. V\u00e1rios dos protagonistas reais que contaram suas hist\u00f3rias apareceram assistindo \u00e0 apresenta\u00e7\u00e3o, junto com os atores e realizadores da novela.<\/p>\n<p>Assim como P\u00e1ginas da Vida foi um divisor de \u00e1guas na caracteriza\u00e7\u00e3o de pessoas com s\u00edndrome de Down, Viver a Vida tamb\u00e9m vai ficar na hist\u00f3ria do Movimento das Pessoas com Defici\u00eancia. Sem ser panflet\u00e1ria nem chata, o tema da defici\u00eancia contou com consultores que conhecem o assunto para apoiar com a equipe liderada pelo autor Manoel Carlos. \u00a0Uma dessas pessoas foi a jornalista Flavia Cintra, encarregada de preparar a atriz Alinne Moraes, que viveu a personagem Luciana.<\/p>\n<p>Para minha surpresa, hoje \u00e0 noite o Fant\u00e1stico apresentou uma nova rep\u00f3rter: Flavia Cintra. A nova contratada vai fazer mat\u00e9rias como qualquer outro profissional, mas, no lugar de destaque em que se encontra, sem d\u00favida ajudar\u00e1 a construir no inconsciente coletivo a imagem de que uma pessoa com tetraplegia pode muito bem trabalhar.<\/p>\n<p>Al\u00e9m disso, esperamos que ela possa influenciar a partir de dentro a maior emissora do pa\u00eds no sentido de dar maior visibilidade aos direitos das pessoas com defici\u00eancia e tamb\u00e9m retrat\u00e1-las com mais realismo e dignidade, sem apela\u00e7\u00e3o. \u00a0Quem sabe ela consegue que a sonoriza\u00e7\u00e3o de mat\u00e9rias que \u00e0s vezes at\u00e9 s\u00e3o muito positivas, n\u00e3o sejam mais adornadas por musiquinhas piegas. \u00a0Melhor ainda se ela conseguisse apagar a cara de pena dos \u00e2ncoras que apresentam qualquer not\u00edcia que tenha a ver com defici\u00eancia, inclusive no esporte paraol\u00edmpico.<\/p>\n<p>\u00c9 Fl\u00e1via, a tarefa vai ser dura, mas voc\u00ea traz na bagagem muito mais do que apenas seu talento profissional. \u00a0Contamos com voc\u00ea para dar o melhor de si e continuar abrindo portas por onde quer que passe.<\/p>\n<p>Boa sorte e conte com a Inclusive!<\/p>\n<p>Patricia Almeida<br \/>\nEquipe Inclusive<\/p>\n<p>Veja a primeira mat\u00e9ria da rep\u00f3rter para o Fant\u00e1stico:<\/p>\n<p><a href=\"http:\/\/fantastico.globo.com\/Jornalismo\/FANT\/0,,MUL1593588-15605,00-CERTAS+MAMADEIRAS+DE+PLASTICO+PODEM+FAZER+MAL+A+SAUDE+DO+BEBE.html\">http:\/\/fantastico.globo.com\/Jornalismo\/FANT\/0,,MUL1593588-15605,00-CERTAS+MAMADEIRAS+DE+PLASTICO+PODEM+FAZER+MAL+A+SAUDE+DO+BEBE.html<\/a><\/p>\n<p>Para ver os depoimentos que Flavia Cintra e Jo\u00e3o Carlos Martins gravaram para a novela, clique no link abaixo:<\/p>\n<p><a href=\"http:\/\/especial.viveravida.globo.com\/portal-da-superacao\">http:\/\/especial.viveravida.globo.com\/portal-da-superacao<\/a>\/<\/p>\n","protected":false},"excerpt":{"rendered":"<p>A nova contratada vai fazer mat\u00e9rias como qualquer outro profissional, mas, no lugar de destaque em que se encontra, sem d\u00favida ajudar\u00e1 a construir no inconsciente coletivo a imagem de que uma pessoa com tetraplegia pode muito bem trabalhar.<\/p>\n","protected":false},"author":1,"featured_media":0,"comment_status":"open","ping_status":"open","sticky":false,"template":"","format":"standard","meta":{"site-container-style":"default","site-container-layout":"default","site-sidebar-layout":"default","disable-article-header":"default","disable-site-header":"default","disable-site-footer":"default","disable-content-area-spacing":"default","footnotes":""},"categories":[35,38,48,76,4],"tags":[],"class_list":["post-15368","post","type-post","status-publish","format-standard","hentry","category-de-nossa-parte","category-deficiencia","category-inclusao","category-midia-e-deficiencia","category-noticias"],"yoast_head":"<!-- This site is optimized with the Yoast SEO plugin v27.4 - https:\/\/yoast.com\/product\/yoast-seo-wordpress\/ -->\n<title>A Vida Continua: Flavia Cintra \u00e9 a nova rep\u00f3rter do Fant\u00e1stico -<\/title>\n<meta name=\"robots\" content=\"index, follow, max-snippet:-1, max-image-preview:large, max-video-preview:-1\" \/>\n<link rel=\"canonical\" href=\"https:\/\/inclusivenews.com.br\/?p=15368\" \/>\n<meta property=\"og:locale\" content=\"pt_PT\" \/>\n<meta property=\"og:type\" content=\"article\" \/>\n<meta property=\"og:title\" content=\"A Vida Continua: Flavia Cintra \u00e9 a nova rep\u00f3rter do Fant\u00e1stico -\" \/>\n<meta property=\"og:description\" content=\"A nova contratada vai fazer mat\u00e9rias como qualquer outro profissional, mas, no lugar de destaque em que se encontra, sem d\u00favida ajudar\u00e1 a construir no inconsciente coletivo a imagem de que uma pessoa com tetraplegia pode muito bem trabalhar.\" \/>\n<meta property=\"og:url\" content=\"https:\/\/inclusivenews.com.br\/?p=15368\" \/>\n<meta property=\"article:publisher\" content=\"https:\/\/www.facebook.com\/agenciainclusive\/\" \/>\n<meta property=\"article:published_time\" content=\"2010-05-17T04:59:06+00:00\" \/>\n<meta property=\"og:image\" content=\"http:\/\/inclusivenews.com.br\/wp-content\/uploads\/2010\/05\/flavia_cintra_2-1.jpg\" \/>\n<meta name=\"author\" content=\"inclusivenews2024\" \/>\n<meta name=\"twitter:card\" content=\"summary_large_image\" \/>\n<meta name=\"twitter:label1\" content=\"Escrito por\" \/>\n\t<meta name=\"twitter:data1\" content=\"inclusivenews2024\" \/>\n\t<meta name=\"twitter:label2\" content=\"Tempo estimado de leitura\" \/>\n\t<meta name=\"twitter:data2\" content=\"3 minutos\" \/>\n<script type=\"application\/ld+json\" class=\"yoast-schema-graph\">{\"@context\":\"https:\\\/\\\/schema.org\",\"@graph\":[{\"@type\":\"Article\",\"@id\":\"https:\\\/\\\/inclusivenews.com.br\\\/?p=15368#article\",\"isPartOf\":{\"@id\":\"https:\\\/\\\/inclusivenews.com.br\\\/?p=15368\"},\"author\":{\"name\":\"inclusivenews2024\",\"@id\":\"https:\\\/\\\/inclusivenews.com.br\\\/#\\\/schema\\\/person\\\/ae4ec7087559b8692fb33b6fffd2273b\"},\"headline\":\"A Vida Continua: Flavia Cintra \u00e9 a nova rep\u00f3rter do Fant\u00e1stico\",\"datePublished\":\"2010-05-17T04:59:06+00:00\",\"mainEntityOfPage\":{\"@id\":\"https:\\\/\\\/inclusivenews.com.br\\\/?p=15368\"},\"wordCount\":519,\"commentCount\":3,\"publisher\":{\"@id\":\"https:\\\/\\\/inclusivenews.com.br\\\/#organization\"},\"image\":{\"@id\":\"https:\\\/\\\/inclusivenews.com.br\\\/?p=15368#primaryimage\"},\"thumbnailUrl\":\"http:\\\/\\\/inclusivenews.com.br\\\/wp-content\\\/uploads\\\/2010\\\/05\\\/flavia_cintra_2-1.jpg\",\"articleSection\":[\"+ De nossa parte\",\"Defici\u00eancia\",\"INCLUS\u00c3O SOCIAL\",\"M\u00eddia e Defici\u00eancia\",\"NOT\u00cdCIAS\"],\"inLanguage\":\"pt-PT\",\"potentialAction\":[{\"@type\":\"CommentAction\",\"name\":\"Comment\",\"target\":[\"https:\\\/\\\/inclusivenews.com.br\\\/?p=15368#respond\"]}]},{\"@type\":\"WebPage\",\"@id\":\"https:\\\/\\\/inclusivenews.com.br\\\/?p=15368\",\"url\":\"https:\\\/\\\/inclusivenews.com.br\\\/?p=15368\",\"name\":\"A Vida Continua: Flavia Cintra \u00e9 a nova rep\u00f3rter do Fant\u00e1stico -\",\"isPartOf\":{\"@id\":\"https:\\\/\\\/inclusivenews.com.br\\\/#website\"},\"primaryImageOfPage\":{\"@id\":\"https:\\\/\\\/inclusivenews.com.br\\\/?p=15368#primaryimage\"},\"image\":{\"@id\":\"https:\\\/\\\/inclusivenews.com.br\\\/?p=15368#primaryimage\"},\"thumbnailUrl\":\"http:\\\/\\\/inclusivenews.com.br\\\/wp-content\\\/uploads\\\/2010\\\/05\\\/flavia_cintra_2-1.jpg\",\"datePublished\":\"2010-05-17T04:59:06+00:00\",\"breadcrumb\":{\"@id\":\"https:\\\/\\\/inclusivenews.com.br\\\/?p=15368#breadcrumb\"},\"inLanguage\":\"pt-PT\",\"potentialAction\":[{\"@type\":\"ReadAction\",\"target\":[\"https:\\\/\\\/inclusivenews.com.br\\\/?p=15368\"]}]},{\"@type\":\"ImageObject\",\"inLanguage\":\"pt-PT\",\"@id\":\"https:\\\/\\\/inclusivenews.com.br\\\/?p=15368#primaryimage\",\"url\":\"\",\"contentUrl\":\"\"},{\"@type\":\"BreadcrumbList\",\"@id\":\"https:\\\/\\\/inclusivenews.com.br\\\/?p=15368#breadcrumb\",\"itemListElement\":[{\"@type\":\"ListItem\",\"position\":1,\"name\":\"In\u00edcio\",\"item\":\"https:\\\/\\\/inclusivenews.com.br\\\/\"},{\"@type\":\"ListItem\",\"position\":2,\"name\":\"A Vida Continua: Flavia Cintra \u00e9 a nova rep\u00f3rter do Fant\u00e1stico\"}]},{\"@type\":\"WebSite\",\"@id\":\"https:\\\/\\\/inclusivenews.com.br\\\/#website\",\"url\":\"https:\\\/\\\/inclusivenews.com.br\\\/\",\"name\":\"Inclusive News\",\"description\":\"Inclusive News\",\"publisher\":{\"@id\":\"https:\\\/\\\/inclusivenews.com.br\\\/#organization\"},\"potentialAction\":[{\"@type\":\"SearchAction\",\"target\":{\"@type\":\"EntryPoint\",\"urlTemplate\":\"https:\\\/\\\/inclusivenews.com.br\\\/?s={search_term_string}\"},\"query-input\":{\"@type\":\"PropertyValueSpecification\",\"valueRequired\":true,\"valueName\":\"search_term_string\"}}],\"inLanguage\":\"pt-PT\"},{\"@type\":\"Organization\",\"@id\":\"https:\\\/\\\/inclusivenews.com.br\\\/#organization\",\"name\":\"Inclusive - inclus\u00e3o e cidadania\",\"url\":\"https:\\\/\\\/inclusivenews.com.br\\\/\",\"logo\":{\"@type\":\"ImageObject\",\"inLanguage\":\"pt-PT\",\"@id\":\"https:\\\/\\\/inclusivenews.com.br\\\/#\\\/schema\\\/logo\\\/image\\\/\",\"url\":\"https:\\\/\\\/inclusivenews.com.br\\\/wp-content\\\/uploads\\\/2024\\\/03\\\/@grandesite.png\",\"contentUrl\":\"https:\\\/\\\/inclusivenews.com.br\\\/wp-content\\\/uploads\\\/2024\\\/03\\\/@grandesite.png\",\"width\":1080,\"height\":1080,\"caption\":\"Inclusive - inclus\u00e3o e cidadania\"},\"image\":{\"@id\":\"https:\\\/\\\/inclusivenews.com.br\\\/#\\\/schema\\\/logo\\\/image\\\/\"},\"sameAs\":[\"https:\\\/\\\/www.facebook.com\\\/agenciainclusive\\\/\",\"https:\\\/\\\/www.instagram.com\\\/newsinclusive\\\/\"]},{\"@type\":\"Person\",\"@id\":\"https:\\\/\\\/inclusivenews.com.br\\\/#\\\/schema\\\/person\\\/ae4ec7087559b8692fb33b6fffd2273b\",\"name\":\"inclusivenews2024\",\"image\":{\"@type\":\"ImageObject\",\"inLanguage\":\"pt-PT\",\"@id\":\"https:\\\/\\\/secure.gravatar.com\\\/avatar\\\/c5a7ef84c66fa914f55bc4f7ce26cfa275a3b9a1c5568b907bd184fb4dde7b40?s=96&d=mm&r=g\",\"url\":\"https:\\\/\\\/secure.gravatar.com\\\/avatar\\\/c5a7ef84c66fa914f55bc4f7ce26cfa275a3b9a1c5568b907bd184fb4dde7b40?s=96&d=mm&r=g\",\"contentUrl\":\"https:\\\/\\\/secure.gravatar.com\\\/avatar\\\/c5a7ef84c66fa914f55bc4f7ce26cfa275a3b9a1c5568b907bd184fb4dde7b40?s=96&d=mm&r=g\",\"caption\":\"inclusivenews2024\"},\"sameAs\":[\"https:\\\/\\\/inclusivenews.com.br\"],\"url\":\"https:\\\/\\\/inclusivenews.com.br\\\/?author=1\"}]}<\/script>\n<!-- \/ Yoast SEO plugin. -->","yoast_head_json":{"title":"A Vida Continua: Flavia Cintra \u00e9 a nova rep\u00f3rter do Fant\u00e1stico -","robots":{"index":"index","follow":"follow","max-snippet":"max-snippet:-1","max-image-preview":"max-image-preview:large","max-video-preview":"max-video-preview:-1"},"canonical":"https:\/\/inclusivenews.com.br\/?p=15368","og_locale":"pt_PT","og_type":"article","og_title":"A Vida Continua: Flavia Cintra \u00e9 a nova rep\u00f3rter do Fant\u00e1stico -","og_description":"A nova contratada vai fazer mat\u00e9rias como qualquer outro profissional, mas, no lugar de destaque em que se encontra, sem d\u00favida ajudar\u00e1 a construir no inconsciente coletivo a imagem de que uma pessoa com tetraplegia pode muito bem trabalhar.","og_url":"https:\/\/inclusivenews.com.br\/?p=15368","article_publisher":"https:\/\/www.facebook.com\/agenciainclusive\/","article_published_time":"2010-05-17T04:59:06+00:00","og_image":[{"url":"http:\/\/inclusivenews.com.br\/wp-content\/uploads\/2010\/05\/flavia_cintra_2-1.jpg","type":"","width":"","height":""}],"author":"inclusivenews2024","twitter_card":"summary_large_image","twitter_misc":{"Escrito por":"inclusivenews2024","Tempo estimado de leitura":"3 minutos"},"schema":{"@context":"https:\/\/schema.org","@graph":[{"@type":"Article","@id":"https:\/\/inclusivenews.com.br\/?p=15368#article","isPartOf":{"@id":"https:\/\/inclusivenews.com.br\/?p=15368"},"author":{"name":"inclusivenews2024","@id":"https:\/\/inclusivenews.com.br\/#\/schema\/person\/ae4ec7087559b8692fb33b6fffd2273b"},"headline":"A Vida Continua: Flavia Cintra \u00e9 a nova rep\u00f3rter do Fant\u00e1stico","datePublished":"2010-05-17T04:59:06+00:00","mainEntityOfPage":{"@id":"https:\/\/inclusivenews.com.br\/?p=15368"},"wordCount":519,"commentCount":3,"publisher":{"@id":"https:\/\/inclusivenews.com.br\/#organization"},"image":{"@id":"https:\/\/inclusivenews.com.br\/?p=15368#primaryimage"},"thumbnailUrl":"http:\/\/inclusivenews.com.br\/wp-content\/uploads\/2010\/05\/flavia_cintra_2-1.jpg","articleSection":["+ De nossa parte","Defici\u00eancia","INCLUS\u00c3O SOCIAL","M\u00eddia e Defici\u00eancia","NOT\u00cdCIAS"],"inLanguage":"pt-PT","potentialAction":[{"@type":"CommentAction","name":"Comment","target":["https:\/\/inclusivenews.com.br\/?p=15368#respond"]}]},{"@type":"WebPage","@id":"https:\/\/inclusivenews.com.br\/?p=15368","url":"https:\/\/inclusivenews.com.br\/?p=15368","name":"A Vida Continua: Flavia Cintra \u00e9 a nova rep\u00f3rter do Fant\u00e1stico -","isPartOf":{"@id":"https:\/\/inclusivenews.com.br\/#website"},"primaryImageOfPage":{"@id":"https:\/\/inclusivenews.com.br\/?p=15368#primaryimage"},"image":{"@id":"https:\/\/inclusivenews.com.br\/?p=15368#primaryimage"},"thumbnailUrl":"http:\/\/inclusivenews.com.br\/wp-content\/uploads\/2010\/05\/flavia_cintra_2-1.jpg","datePublished":"2010-05-17T04:59:06+00:00","breadcrumb":{"@id":"https:\/\/inclusivenews.com.br\/?p=15368#breadcrumb"},"inLanguage":"pt-PT","potentialAction":[{"@type":"ReadAction","target":["https:\/\/inclusivenews.com.br\/?p=15368"]}]},{"@type":"ImageObject","inLanguage":"pt-PT","@id":"https:\/\/inclusivenews.com.br\/?p=15368#primaryimage","url":"","contentUrl":""},{"@type":"BreadcrumbList","@id":"https:\/\/inclusivenews.com.br\/?p=15368#breadcrumb","itemListElement":[{"@type":"ListItem","position":1,"name":"In\u00edcio","item":"https:\/\/inclusivenews.com.br\/"},{"@type":"ListItem","position":2,"name":"A Vida Continua: Flavia Cintra \u00e9 a nova rep\u00f3rter do Fant\u00e1stico"}]},{"@type":"WebSite","@id":"https:\/\/inclusivenews.com.br\/#website","url":"https:\/\/inclusivenews.com.br\/","name":"Inclusive News","description":"Inclusive News","publisher":{"@id":"https:\/\/inclusivenews.com.br\/#organization"},"potentialAction":[{"@type":"SearchAction","target":{"@type":"EntryPoint","urlTemplate":"https:\/\/inclusivenews.com.br\/?s={search_term_string}"},"query-input":{"@type":"PropertyValueSpecification","valueRequired":true,"valueName":"search_term_string"}}],"inLanguage":"pt-PT"},{"@type":"Organization","@id":"https:\/\/inclusivenews.com.br\/#organization","name":"Inclusive - inclus\u00e3o e cidadania","url":"https:\/\/inclusivenews.com.br\/","logo":{"@type":"ImageObject","inLanguage":"pt-PT","@id":"https:\/\/inclusivenews.com.br\/#\/schema\/logo\/image\/","url":"https:\/\/inclusivenews.com.br\/wp-content\/uploads\/2024\/03\/@grandesite.png","contentUrl":"https:\/\/inclusivenews.com.br\/wp-content\/uploads\/2024\/03\/@grandesite.png","width":1080,"height":1080,"caption":"Inclusive - inclus\u00e3o e cidadania"},"image":{"@id":"https:\/\/inclusivenews.com.br\/#\/schema\/logo\/image\/"},"sameAs":["https:\/\/www.facebook.com\/agenciainclusive\/","https:\/\/www.instagram.com\/newsinclusive\/"]},{"@type":"Person","@id":"https:\/\/inclusivenews.com.br\/#\/schema\/person\/ae4ec7087559b8692fb33b6fffd2273b","name":"inclusivenews2024","image":{"@type":"ImageObject","inLanguage":"pt-PT","@id":"https:\/\/secure.gravatar.com\/avatar\/c5a7ef84c66fa914f55bc4f7ce26cfa275a3b9a1c5568b907bd184fb4dde7b40?s=96&d=mm&r=g","url":"https:\/\/secure.gravatar.com\/avatar\/c5a7ef84c66fa914f55bc4f7ce26cfa275a3b9a1c5568b907bd184fb4dde7b40?s=96&d=mm&r=g","contentUrl":"https:\/\/secure.gravatar.com\/avatar\/c5a7ef84c66fa914f55bc4f7ce26cfa275a3b9a1c5568b907bd184fb4dde7b40?s=96&d=mm&r=g","caption":"inclusivenews2024"},"sameAs":["https:\/\/inclusivenews.com.br"],"url":"https:\/\/inclusivenews.com.br\/?author=1"}]}},"_links":{"self":[{"href":"https:\/\/inclusivenews.com.br\/index.php?rest_route=\/wp\/v2\/posts\/15368","targetHints":{"allow":["GET"]}}],"collection":[{"href":"https:\/\/inclusivenews.com.br\/index.php?rest_route=\/wp\/v2\/posts"}],"about":[{"href":"https:\/\/inclusivenews.com.br\/index.php?rest_route=\/wp\/v2\/types\/post"}],"author":[{"embeddable":true,"href":"https:\/\/inclusivenews.com.br\/index.php?rest_route=\/wp\/v2\/users\/1"}],"replies":[{"embeddable":true,"href":"https:\/\/inclusivenews.com.br\/index.php?rest_route=%2Fwp%2Fv2%2Fcomments&post=15368"}],"version-history":[{"count":0,"href":"https:\/\/inclusivenews.com.br\/index.php?rest_route=\/wp\/v2\/posts\/15368\/revisions"}],"wp:attachment":[{"href":"https:\/\/inclusivenews.com.br\/index.php?rest_route=%2Fwp%2Fv2%2Fmedia&parent=15368"}],"wp:term":[{"taxonomy":"category","embeddable":true,"href":"https:\/\/inclusivenews.com.br\/index.php?rest_route=%2Fwp%2Fv2%2Fcategories&post=15368"},{"taxonomy":"post_tag","embeddable":true,"href":"https:\/\/inclusivenews.com.br\/index.php?rest_route=%2Fwp%2Fv2%2Ftags&post=15368"}],"curies":[{"name":"wp","href":"https:\/\/api.w.org\/{rel}","templated":true}]}}