{"id":15389,"date":"2010-05-18T08:51:50","date_gmt":"2010-05-18T11:51:50","guid":{"rendered":"http:\/\/www.inclusive.org.br\/?p=15389"},"modified":"2010-05-18T08:51:50","modified_gmt":"2010-05-18T11:51:50","slug":"faders-pesquisa-acesso-aos-bens-sociais-no-rs","status":"publish","type":"post","link":"https:\/\/inclusivenews.com.br\/?p=15389","title":{"rendered":"FADERS pesquisa acesso aos bens sociais no RS"},"content":{"rendered":"<figure style=\"width: 178px\" class=\"wp-caption alignleft\"><img loading=\"lazy\" decoding=\"async\" title=\"Mapa f\u00edsico do Rio Grande do Sul\" src=\"http:\/\/www.mapas-rs.com\/fotos\/imagem-rio-grande.jpg\" alt=\"\" width=\"178\" height=\"152\" \/><figcaption class=\"wp-caption-text\"> <\/figcaption><\/figure>\n<p>A FADERS iniciou esta semana a pesquisa \u201cCondi\u00e7\u00f5es para o Acesso das Pessoas com Defici\u00eancia aos Bens Sociais no Estado do RS\u201d.<\/p>\n<p>Trata-se de iniciativa pioneira que pretende verificar as condi\u00e7\u00f5es de acesso das pessoas com defici\u00eancia \u00e0s inst\u00e2ncias sociais (sa\u00fade, educa\u00e7\u00e3o, trabalho, assist\u00eancia social, transporte, lazer, cultura e habita\u00e7\u00e3o) e aos equipamentos sociais, em todos os munic\u00edpios do Estado do Rio Grande do Sul, tendo em vista a constru\u00e7\u00e3o e otimiza\u00e7\u00e3o de pol\u00edticas p\u00fablicas nessas \u00e1reas.<\/p>\n<p>\u201cCom o resultado desta pesquisa, teremos em m\u00e3os a situa\u00e7\u00e3o dos 496 munic\u00edpios do nosso estado e poderemos propor aos gestores p\u00fablicos, tanto municipais, como estaduais, novos rumos \u00e0s pol\u00edticas de inclus\u00e3o\u201d, salientou Aracy Maria da Silva L\u00eado, diretora-presidente da Faders.<\/p>\n<p>Objetivando ampliar e efetivar este trabalho, a Faders articulou parcerias importantes, como a FAMURS, que j\u00e1 est\u00e1 realizando contato com os munic\u00edpios e disponibilizando em seu site o question\u00e1rio da pesquisa aos munic\u00edpios ga\u00fachos, o IPESA\/ULBRA, contribuindo na articula\u00e7\u00e3o com os munic\u00edpios, an\u00e1lise de dados, relat\u00f3rio final da pesquisa e a PUC, que fornece a estrutura f\u00edsica, recursos financeiros atrav\u00e9s do CNPQ, recursos humanos e equipamentos.<\/p>\n<p>A Faders conta ainda com o apoio do Conselho Estadual dos Direitos da Pessoa com Defici\u00eancia \u2013 COEPEDE na sensibiliza\u00e7\u00e3o aos munic\u00edpios.<\/p>\n<p>_____________<\/p>\n<p><strong>Fonte:<\/strong> <a href=\"http:\/\/www.portaldeacessibilidade.rs.gov.br\/portal\/index.php?id=noticias&amp;cod=779\">FADERS<\/a><\/p>\n","protected":false},"excerpt":{"rendered":"<p>Trata-se de iniciativa pioneira que pretende verificar as condi\u00e7\u00f5es de acesso das pessoas com defici\u00eancia \u00e0s inst\u00e2ncias sociais (sa\u00fade, educa\u00e7\u00e3o, trabalho, assist\u00eancia social, transporte, lazer, cultura e habita\u00e7\u00e3o) e aos equipamentos sociais, em todos os munic\u00edpios do Estado do Rio Grande do Su. Informa\u00e7\u00e3o \u00e9 do Portal da Acessibilidade.<\/p>\n","protected":false},"author":1,"featured_media":0,"comment_status":"open","ping_status":"open","sticky":false,"template":"","format":"standard","meta":{"site-container-style":"default","site-container-layout":"default","site-sidebar-layout":"default","disable-article-header":"default","disable-site-header":"default","disable-site-footer":"default","disable-content-area-spacing":"default","footnotes":""},"categories":[4],"tags":[],"class_list":["post-15389","post","type-post","status-publish","format-standard","hentry","category-noticias"],"yoast_head":"<!-- This site is optimized with the Yoast SEO plugin v27.4 - https:\/\/yoast.com\/product\/yoast-seo-wordpress\/ -->\n<title>FADERS pesquisa acesso aos bens sociais no RS -<\/title>\n<meta name=\"robots\" content=\"index, follow, max-snippet:-1, max-image-preview:large, max-video-preview:-1\" \/>\n<link rel=\"canonical\" href=\"https:\/\/inclusivenews.com.br\/?p=15389\" \/>\n<meta property=\"og:locale\" content=\"pt_PT\" \/>\n<meta property=\"og:type\" content=\"article\" \/>\n<meta property=\"og:title\" content=\"FADERS pesquisa acesso aos bens sociais no RS -\" \/>\n<meta property=\"og:description\" content=\"Trata-se de iniciativa pioneira que pretende verificar as condi\u00e7\u00f5es de acesso das pessoas com defici\u00eancia \u00e0s inst\u00e2ncias sociais (sa\u00fade, educa\u00e7\u00e3o, trabalho, assist\u00eancia social, transporte, lazer, cultura e habita\u00e7\u00e3o) e aos equipamentos sociais, em todos os munic\u00edpios do Estado do Rio Grande do Su. Informa\u00e7\u00e3o \u00e9 do Portal da Acessibilidade.\" \/>\n<meta property=\"og:url\" content=\"https:\/\/inclusivenews.com.br\/?p=15389\" \/>\n<meta property=\"article:publisher\" content=\"https:\/\/www.facebook.com\/agenciainclusive\/\" \/>\n<meta property=\"article:published_time\" content=\"2010-05-18T11:51:50+00:00\" \/>\n<meta property=\"og:image\" content=\"http:\/\/www.mapas-rs.com\/fotos\/imagem-rio-grande.jpg\" \/>\n<meta name=\"author\" content=\"inclusivenews2024\" \/>\n<meta name=\"twitter:card\" content=\"summary_large_image\" \/>\n<meta name=\"twitter:label1\" content=\"Escrito por\" \/>\n\t<meta name=\"twitter:data1\" content=\"inclusivenews2024\" \/>\n\t<meta name=\"twitter:label2\" content=\"Tempo estimado de leitura\" \/>\n\t<meta name=\"twitter:data2\" content=\"1 minuto\" \/>\n<script type=\"application\/ld+json\" class=\"yoast-schema-graph\">{\"@context\":\"https:\\\/\\\/schema.org\",\"@graph\":[{\"@type\":\"Article\",\"@id\":\"https:\\\/\\\/inclusivenews.com.br\\\/?p=15389#article\",\"isPartOf\":{\"@id\":\"https:\\\/\\\/inclusivenews.com.br\\\/?p=15389\"},\"author\":{\"name\":\"inclusivenews2024\",\"@id\":\"https:\\\/\\\/inclusivenews.com.br\\\/#\\\/schema\\\/person\\\/ae4ec7087559b8692fb33b6fffd2273b\"},\"headline\":\"FADERS pesquisa acesso aos bens sociais no RS\",\"datePublished\":\"2010-05-18T11:51:50+00:00\",\"mainEntityOfPage\":{\"@id\":\"https:\\\/\\\/inclusivenews.com.br\\\/?p=15389\"},\"wordCount\":256,\"commentCount\":0,\"publisher\":{\"@id\":\"https:\\\/\\\/inclusivenews.com.br\\\/#organization\"},\"image\":{\"@id\":\"https:\\\/\\\/inclusivenews.com.br\\\/?p=15389#primaryimage\"},\"thumbnailUrl\":\"http:\\\/\\\/www.mapas-rs.com\\\/fotos\\\/imagem-rio-grande.jpg\",\"articleSection\":[\"NOT\u00cdCIAS\"],\"inLanguage\":\"pt-PT\",\"potentialAction\":[{\"@type\":\"CommentAction\",\"name\":\"Comment\",\"target\":[\"https:\\\/\\\/inclusivenews.com.br\\\/?p=15389#respond\"]}]},{\"@type\":\"WebPage\",\"@id\":\"https:\\\/\\\/inclusivenews.com.br\\\/?p=15389\",\"url\":\"https:\\\/\\\/inclusivenews.com.br\\\/?p=15389\",\"name\":\"FADERS pesquisa acesso aos bens sociais no RS -\",\"isPartOf\":{\"@id\":\"https:\\\/\\\/inclusivenews.com.br\\\/#website\"},\"primaryImageOfPage\":{\"@id\":\"https:\\\/\\\/inclusivenews.com.br\\\/?p=15389#primaryimage\"},\"image\":{\"@id\":\"https:\\\/\\\/inclusivenews.com.br\\\/?p=15389#primaryimage\"},\"thumbnailUrl\":\"http:\\\/\\\/www.mapas-rs.com\\\/fotos\\\/imagem-rio-grande.jpg\",\"datePublished\":\"2010-05-18T11:51:50+00:00\",\"breadcrumb\":{\"@id\":\"https:\\\/\\\/inclusivenews.com.br\\\/?p=15389#breadcrumb\"},\"inLanguage\":\"pt-PT\",\"potentialAction\":[{\"@type\":\"ReadAction\",\"target\":[\"https:\\\/\\\/inclusivenews.com.br\\\/?p=15389\"]}]},{\"@type\":\"ImageObject\",\"inLanguage\":\"pt-PT\",\"@id\":\"https:\\\/\\\/inclusivenews.com.br\\\/?p=15389#primaryimage\",\"url\":\"http:\\\/\\\/www.mapas-rs.com\\\/fotos\\\/imagem-rio-grande.jpg\",\"contentUrl\":\"http:\\\/\\\/www.mapas-rs.com\\\/fotos\\\/imagem-rio-grande.jpg\"},{\"@type\":\"BreadcrumbList\",\"@id\":\"https:\\\/\\\/inclusivenews.com.br\\\/?p=15389#breadcrumb\",\"itemListElement\":[{\"@type\":\"ListItem\",\"position\":1,\"name\":\"In\u00edcio\",\"item\":\"https:\\\/\\\/inclusivenews.com.br\\\/\"},{\"@type\":\"ListItem\",\"position\":2,\"name\":\"FADERS pesquisa acesso aos bens sociais no RS\"}]},{\"@type\":\"WebSite\",\"@id\":\"https:\\\/\\\/inclusivenews.com.br\\\/#website\",\"url\":\"https:\\\/\\\/inclusivenews.com.br\\\/\",\"name\":\"Inclusive News\",\"description\":\"Inclusive News\",\"publisher\":{\"@id\":\"https:\\\/\\\/inclusivenews.com.br\\\/#organization\"},\"potentialAction\":[{\"@type\":\"SearchAction\",\"target\":{\"@type\":\"EntryPoint\",\"urlTemplate\":\"https:\\\/\\\/inclusivenews.com.br\\\/?s={search_term_string}\"},\"query-input\":{\"@type\":\"PropertyValueSpecification\",\"valueRequired\":true,\"valueName\":\"search_term_string\"}}],\"inLanguage\":\"pt-PT\"},{\"@type\":\"Organization\",\"@id\":\"https:\\\/\\\/inclusivenews.com.br\\\/#organization\",\"name\":\"Inclusive - inclus\u00e3o e cidadania\",\"url\":\"https:\\\/\\\/inclusivenews.com.br\\\/\",\"logo\":{\"@type\":\"ImageObject\",\"inLanguage\":\"pt-PT\",\"@id\":\"https:\\\/\\\/inclusivenews.com.br\\\/#\\\/schema\\\/logo\\\/image\\\/\",\"url\":\"https:\\\/\\\/inclusivenews.com.br\\\/wp-content\\\/uploads\\\/2024\\\/03\\\/@grandesite.png\",\"contentUrl\":\"https:\\\/\\\/inclusivenews.com.br\\\/wp-content\\\/uploads\\\/2024\\\/03\\\/@grandesite.png\",\"width\":1080,\"height\":1080,\"caption\":\"Inclusive - inclus\u00e3o e cidadania\"},\"image\":{\"@id\":\"https:\\\/\\\/inclusivenews.com.br\\\/#\\\/schema\\\/logo\\\/image\\\/\"},\"sameAs\":[\"https:\\\/\\\/www.facebook.com\\\/agenciainclusive\\\/\",\"https:\\\/\\\/www.instagram.com\\\/newsinclusive\\\/\"]},{\"@type\":\"Person\",\"@id\":\"https:\\\/\\\/inclusivenews.com.br\\\/#\\\/schema\\\/person\\\/ae4ec7087559b8692fb33b6fffd2273b\",\"name\":\"inclusivenews2024\",\"image\":{\"@type\":\"ImageObject\",\"inLanguage\":\"pt-PT\",\"@id\":\"https:\\\/\\\/secure.gravatar.com\\\/avatar\\\/c5a7ef84c66fa914f55bc4f7ce26cfa275a3b9a1c5568b907bd184fb4dde7b40?s=96&d=mm&r=g\",\"url\":\"https:\\\/\\\/secure.gravatar.com\\\/avatar\\\/c5a7ef84c66fa914f55bc4f7ce26cfa275a3b9a1c5568b907bd184fb4dde7b40?s=96&d=mm&r=g\",\"contentUrl\":\"https:\\\/\\\/secure.gravatar.com\\\/avatar\\\/c5a7ef84c66fa914f55bc4f7ce26cfa275a3b9a1c5568b907bd184fb4dde7b40?s=96&d=mm&r=g\",\"caption\":\"inclusivenews2024\"},\"sameAs\":[\"https:\\\/\\\/inclusivenews.com.br\"],\"url\":\"https:\\\/\\\/inclusivenews.com.br\\\/?author=1\"}]}<\/script>\n<!-- \/ Yoast SEO plugin. -->","yoast_head_json":{"title":"FADERS pesquisa acesso aos bens sociais no RS -","robots":{"index":"index","follow":"follow","max-snippet":"max-snippet:-1","max-image-preview":"max-image-preview:large","max-video-preview":"max-video-preview:-1"},"canonical":"https:\/\/inclusivenews.com.br\/?p=15389","og_locale":"pt_PT","og_type":"article","og_title":"FADERS pesquisa acesso aos bens sociais no RS -","og_description":"Trata-se de iniciativa pioneira que pretende verificar as condi\u00e7\u00f5es de acesso das pessoas com defici\u00eancia \u00e0s inst\u00e2ncias sociais (sa\u00fade, educa\u00e7\u00e3o, trabalho, assist\u00eancia social, transporte, lazer, cultura e habita\u00e7\u00e3o) e aos equipamentos sociais, em todos os munic\u00edpios do Estado do Rio Grande do Su. Informa\u00e7\u00e3o \u00e9 do Portal da Acessibilidade.","og_url":"https:\/\/inclusivenews.com.br\/?p=15389","article_publisher":"https:\/\/www.facebook.com\/agenciainclusive\/","article_published_time":"2010-05-18T11:51:50+00:00","og_image":[{"url":"http:\/\/www.mapas-rs.com\/fotos\/imagem-rio-grande.jpg","type":"","width":"","height":""}],"author":"inclusivenews2024","twitter_card":"summary_large_image","twitter_misc":{"Escrito por":"inclusivenews2024","Tempo estimado de leitura":"1 minuto"},"schema":{"@context":"https:\/\/schema.org","@graph":[{"@type":"Article","@id":"https:\/\/inclusivenews.com.br\/?p=15389#article","isPartOf":{"@id":"https:\/\/inclusivenews.com.br\/?p=15389"},"author":{"name":"inclusivenews2024","@id":"https:\/\/inclusivenews.com.br\/#\/schema\/person\/ae4ec7087559b8692fb33b6fffd2273b"},"headline":"FADERS pesquisa acesso aos bens sociais no RS","datePublished":"2010-05-18T11:51:50+00:00","mainEntityOfPage":{"@id":"https:\/\/inclusivenews.com.br\/?p=15389"},"wordCount":256,"commentCount":0,"publisher":{"@id":"https:\/\/inclusivenews.com.br\/#organization"},"image":{"@id":"https:\/\/inclusivenews.com.br\/?p=15389#primaryimage"},"thumbnailUrl":"http:\/\/www.mapas-rs.com\/fotos\/imagem-rio-grande.jpg","articleSection":["NOT\u00cdCIAS"],"inLanguage":"pt-PT","potentialAction":[{"@type":"CommentAction","name":"Comment","target":["https:\/\/inclusivenews.com.br\/?p=15389#respond"]}]},{"@type":"WebPage","@id":"https:\/\/inclusivenews.com.br\/?p=15389","url":"https:\/\/inclusivenews.com.br\/?p=15389","name":"FADERS pesquisa acesso aos bens sociais no RS -","isPartOf":{"@id":"https:\/\/inclusivenews.com.br\/#website"},"primaryImageOfPage":{"@id":"https:\/\/inclusivenews.com.br\/?p=15389#primaryimage"},"image":{"@id":"https:\/\/inclusivenews.com.br\/?p=15389#primaryimage"},"thumbnailUrl":"http:\/\/www.mapas-rs.com\/fotos\/imagem-rio-grande.jpg","datePublished":"2010-05-18T11:51:50+00:00","breadcrumb":{"@id":"https:\/\/inclusivenews.com.br\/?p=15389#breadcrumb"},"inLanguage":"pt-PT","potentialAction":[{"@type":"ReadAction","target":["https:\/\/inclusivenews.com.br\/?p=15389"]}]},{"@type":"ImageObject","inLanguage":"pt-PT","@id":"https:\/\/inclusivenews.com.br\/?p=15389#primaryimage","url":"http:\/\/www.mapas-rs.com\/fotos\/imagem-rio-grande.jpg","contentUrl":"http:\/\/www.mapas-rs.com\/fotos\/imagem-rio-grande.jpg"},{"@type":"BreadcrumbList","@id":"https:\/\/inclusivenews.com.br\/?p=15389#breadcrumb","itemListElement":[{"@type":"ListItem","position":1,"name":"In\u00edcio","item":"https:\/\/inclusivenews.com.br\/"},{"@type":"ListItem","position":2,"name":"FADERS pesquisa acesso aos bens sociais no RS"}]},{"@type":"WebSite","@id":"https:\/\/inclusivenews.com.br\/#website","url":"https:\/\/inclusivenews.com.br\/","name":"Inclusive News","description":"Inclusive News","publisher":{"@id":"https:\/\/inclusivenews.com.br\/#organization"},"potentialAction":[{"@type":"SearchAction","target":{"@type":"EntryPoint","urlTemplate":"https:\/\/inclusivenews.com.br\/?s={search_term_string}"},"query-input":{"@type":"PropertyValueSpecification","valueRequired":true,"valueName":"search_term_string"}}],"inLanguage":"pt-PT"},{"@type":"Organization","@id":"https:\/\/inclusivenews.com.br\/#organization","name":"Inclusive - inclus\u00e3o e cidadania","url":"https:\/\/inclusivenews.com.br\/","logo":{"@type":"ImageObject","inLanguage":"pt-PT","@id":"https:\/\/inclusivenews.com.br\/#\/schema\/logo\/image\/","url":"https:\/\/inclusivenews.com.br\/wp-content\/uploads\/2024\/03\/@grandesite.png","contentUrl":"https:\/\/inclusivenews.com.br\/wp-content\/uploads\/2024\/03\/@grandesite.png","width":1080,"height":1080,"caption":"Inclusive - inclus\u00e3o e cidadania"},"image":{"@id":"https:\/\/inclusivenews.com.br\/#\/schema\/logo\/image\/"},"sameAs":["https:\/\/www.facebook.com\/agenciainclusive\/","https:\/\/www.instagram.com\/newsinclusive\/"]},{"@type":"Person","@id":"https:\/\/inclusivenews.com.br\/#\/schema\/person\/ae4ec7087559b8692fb33b6fffd2273b","name":"inclusivenews2024","image":{"@type":"ImageObject","inLanguage":"pt-PT","@id":"https:\/\/secure.gravatar.com\/avatar\/c5a7ef84c66fa914f55bc4f7ce26cfa275a3b9a1c5568b907bd184fb4dde7b40?s=96&d=mm&r=g","url":"https:\/\/secure.gravatar.com\/avatar\/c5a7ef84c66fa914f55bc4f7ce26cfa275a3b9a1c5568b907bd184fb4dde7b40?s=96&d=mm&r=g","contentUrl":"https:\/\/secure.gravatar.com\/avatar\/c5a7ef84c66fa914f55bc4f7ce26cfa275a3b9a1c5568b907bd184fb4dde7b40?s=96&d=mm&r=g","caption":"inclusivenews2024"},"sameAs":["https:\/\/inclusivenews.com.br"],"url":"https:\/\/inclusivenews.com.br\/?author=1"}]}},"_links":{"self":[{"href":"https:\/\/inclusivenews.com.br\/index.php?rest_route=\/wp\/v2\/posts\/15389","targetHints":{"allow":["GET"]}}],"collection":[{"href":"https:\/\/inclusivenews.com.br\/index.php?rest_route=\/wp\/v2\/posts"}],"about":[{"href":"https:\/\/inclusivenews.com.br\/index.php?rest_route=\/wp\/v2\/types\/post"}],"author":[{"embeddable":true,"href":"https:\/\/inclusivenews.com.br\/index.php?rest_route=\/wp\/v2\/users\/1"}],"replies":[{"embeddable":true,"href":"https:\/\/inclusivenews.com.br\/index.php?rest_route=%2Fwp%2Fv2%2Fcomments&post=15389"}],"version-history":[{"count":0,"href":"https:\/\/inclusivenews.com.br\/index.php?rest_route=\/wp\/v2\/posts\/15389\/revisions"}],"wp:attachment":[{"href":"https:\/\/inclusivenews.com.br\/index.php?rest_route=%2Fwp%2Fv2%2Fmedia&parent=15389"}],"wp:term":[{"taxonomy":"category","embeddable":true,"href":"https:\/\/inclusivenews.com.br\/index.php?rest_route=%2Fwp%2Fv2%2Fcategories&post=15389"},{"taxonomy":"post_tag","embeddable":true,"href":"https:\/\/inclusivenews.com.br\/index.php?rest_route=%2Fwp%2Fv2%2Ftags&post=15389"}],"curies":[{"name":"wp","href":"https:\/\/api.w.org\/{rel}","templated":true}]}}