{"id":15393,"date":"2010-05-18T08:26:35","date_gmt":"2010-05-18T11:26:35","guid":{"rendered":"http:\/\/www.inclusive.org.br\/?p=15393"},"modified":"2010-05-18T08:26:35","modified_gmt":"2010-05-18T11:26:35","slug":"tortura-nunca-mais","status":"publish","type":"post","link":"https:\/\/inclusivenews.com.br\/?p=15393","title":{"rendered":"Tortura nunca mais"},"content":{"rendered":"<p><img loading=\"lazy\" decoding=\"async\" class=\"alignleft\" title=\"Cartaz pela anistia. N\u00e3o queremos liberdade pela metade. Anistia, ampla geral e irrestrita.\" src=\"http:\/\/ideiaseetc.files.wordpress.com\/2008\/12\/cartaz-da-anistia.jpg\" alt=\"\" width=\"225\" height=\"320\" \/>O Comite Contra a Anistia aos Torturadores convida as entidades a manifestar-se no ATO P\u00daBLICO que ocorrer\u00e1 dia 18\/05\/2010 \u00e0s 14:30hs no Pateo do Col\u00e9gio, pr\u00f3ximo \u00e0 esta\u00e7\u00e3o S\u00e9 do Metro.<\/p>\n<p>Solicitamos que:<\/p>\n<p>1- Confirme presen\u00e7a de sua entidade e convide outras a aderirem ao ATO P\u00daBLICO. Para organizarmos as falas do ato p\u00fablico, indique a pessoa que far\u00e1 uso da palavra atrav\u00e9s do email: <a href=\"mailto:comiteadpf153@gmail.com\">comiteadpf153@gmail.com<\/a><\/p>\n<p>2-\u00a0Participe da divulga\u00e7\u00e3o do Ato P\u00fablico\u00a0imprimindo, multiplicando\u00a0e colocando o cartaz anexo em locais de acesso p\u00fablico, nas entidades, escolas, faculdades, sindicatos, ongs e etc&#8230;<\/p>\n<p>3- No dia do Ato P\u00fablico envie para a imprensa uma nota p\u00fablica de sua entidade sobre a posi\u00e7\u00e3o do STF e a necessidade do Brasil respeitar os tratados internacionais de direitos humanos, promovendo a responsabiliza\u00e7\u00e3o dos torturadores (com c\u00f3pia para o email acima).<\/p>\n<p>4- Informe os membros de sua entidade e parceiros, enviando por email ao seu mailing esta carta e o cartaz anexo\u00a0, solicitando\u00a0que ajudem na divulga\u00e7\u00e3o e se fa\u00e7am presentes.<\/p>\n<p>5- Colabore na divulga\u00e7\u00e3o do Ato P\u00fablico junto \u00e0 imprensa. \u00a0 A decis\u00e3o do STF a favor da impunidade foi muito ruim para o Brasil, representando um enorme retrocesso na pol\u00edtica de direitos humanos. \u00c9 uma sinaliza\u00e7\u00e3o para o aprofundamento e banaliza\u00e7\u00e3o da tortura hoje e vai na contram\u00e3o do caminho adotado pelos pa\u00edses que sofreram as mesmas brutalidades e hoje est\u00e3o punindo seus torturadores. Assim nos manifestarmos antes da audi\u00eancia da OEA que ocorrer\u00e1 nos dias 20 e 21\/05 \u00e9 fundamental para que fique explicitada o descontentamento da sociedade frente a decis\u00e3o equivocada realizada pelo STF no julgamento da ADPF-153.<\/p>\n<p>Este\u00a0ato p\u00fablico faz parte de um conjunto de a\u00e7\u00f5es que ocorrer\u00e1 entre os dias 18 e 21\/05 em v\u00e1rios estados do Brasil\u00a0 e esperamos um posiciosamento firme da OEA, para que o Brasil mude sua posi\u00e7\u00e3o,\u00a0promovendo a responsabiliza\u00e7\u00e3o\u00a0dos torturadores, a abertura dos arquivos militares, a localiza\u00e7\u00e3o dos corpos dos desaparecidos pol\u00edticos e uma mudan\u00e7a na forma de pensar e agir das for\u00e7as de seguran\u00e7a que hoje atuam nos estados e munic\u00edpios, buscando uma maior sintonia com as praticas de direitos humanos, o respeito \u00e0 cidadania e pelo fim da tortura no Brasil. A realiza\u00e7\u00e3o da justi\u00e7a depende de um posicionamento p\u00fablico de todos e todas. \u00a0 No aguardo de um posicionamento de sua entidade sobre os pontos acima. \u00a0 Atenciosamente;\u00a0 \u00a0 Marcelo Zelic Vice-presidente do Grupo Tortura Nunca Mais-SP e membro da Comiss\u00e3o Justi\u00e7a e Paz da Arquidiocese de S\u00e3o Paulo Coordenador do Projeto Armaz\u00e9m Mem\u00f3ria (11) 3052-2141 (11) 9206-9284 <a href=\"http:\/\/www.armazemmemoria.com.br\">www.armazemmemoria.com.br<\/a> <a href=\"mailto:mzelic@uol.com.br\">mzelic@uol.com.br<\/a><\/p>\n<p>________________________________<\/p>\n<p><a style=\"text-decoration: none;\" href=\"http:\/\/www.inclusivenews.com.br\/wp-content\/uploads\/2010\/05\/Cartaz_Ato_Publico.pdf\"><img decoding=\"async\" src=\"http:\/\/www.inclusive.org.br\/wp-content\/plugins\/postie\/icons\/silver\/pdf-32.png\" alt=\"pdf icon\" \/>Cartaz_Ato_Publico.pdf<\/a><\/p>\n","protected":false},"excerpt":{"rendered":"<p>O Comite Contra a Anistia aos Torturadores convida as entidades a manifestar-se no ATO P\u00daBLICO que ocorrer\u00e1 dia 18\/05\/2010 \u00e0s 14:30hs no Pateo do Col\u00e9gio, pr\u00f3ximo \u00e0 esta\u00e7\u00e3o S\u00e9 do Metro.<\/p>\n","protected":false},"author":1,"featured_media":0,"comment_status":"open","ping_status":"open","sticky":false,"template":"","format":"standard","meta":{"site-container-style":"default","site-container-layout":"default","site-sidebar-layout":"default","disable-article-header":"default","disable-site-header":"default","disable-site-footer":"default","disable-content-area-spacing":"default","footnotes":""},"categories":[12,11,4],"tags":[],"class_list":["post-15393","post","type-post","status-publish","format-standard","hentry","category-cursos-e-eventos","category-direitos-humanos","category-noticias"],"yoast_head":"<!-- This site is optimized with the Yoast SEO plugin v27.4 - https:\/\/yoast.com\/product\/yoast-seo-wordpress\/ -->\n<title>Tortura nunca mais -<\/title>\n<meta name=\"robots\" content=\"index, follow, max-snippet:-1, max-image-preview:large, max-video-preview:-1\" \/>\n<link rel=\"canonical\" href=\"https:\/\/inclusivenews.com.br\/?p=15393\" \/>\n<meta property=\"og:locale\" content=\"pt_PT\" \/>\n<meta property=\"og:type\" content=\"article\" \/>\n<meta property=\"og:title\" content=\"Tortura nunca mais -\" \/>\n<meta property=\"og:description\" content=\"O Comite Contra a Anistia aos Torturadores convida as entidades a manifestar-se no ATO P\u00daBLICO que ocorrer\u00e1 dia 18\/05\/2010 \u00e0s 14:30hs no Pateo do Col\u00e9gio, pr\u00f3ximo \u00e0 esta\u00e7\u00e3o S\u00e9 do Metro.\" \/>\n<meta property=\"og:url\" content=\"https:\/\/inclusivenews.com.br\/?p=15393\" \/>\n<meta property=\"article:publisher\" content=\"https:\/\/www.facebook.com\/agenciainclusive\/\" \/>\n<meta property=\"article:published_time\" content=\"2010-05-18T11:26:35+00:00\" \/>\n<meta property=\"og:image\" content=\"http:\/\/ideiaseetc.files.wordpress.com\/2008\/12\/cartaz-da-anistia.jpg\" \/>\n<meta name=\"author\" content=\"inclusivenews2024\" \/>\n<meta name=\"twitter:card\" content=\"summary_large_image\" \/>\n<meta name=\"twitter:label1\" content=\"Escrito por\" \/>\n\t<meta name=\"twitter:data1\" content=\"inclusivenews2024\" \/>\n\t<meta name=\"twitter:label2\" content=\"Tempo estimado de leitura\" \/>\n\t<meta name=\"twitter:data2\" content=\"2 minutos\" \/>\n<script type=\"application\/ld+json\" class=\"yoast-schema-graph\">{\"@context\":\"https:\\\/\\\/schema.org\",\"@graph\":[{\"@type\":\"Article\",\"@id\":\"https:\\\/\\\/inclusivenews.com.br\\\/?p=15393#article\",\"isPartOf\":{\"@id\":\"https:\\\/\\\/inclusivenews.com.br\\\/?p=15393\"},\"author\":{\"name\":\"inclusivenews2024\",\"@id\":\"https:\\\/\\\/inclusivenews.com.br\\\/#\\\/schema\\\/person\\\/ae4ec7087559b8692fb33b6fffd2273b\"},\"headline\":\"Tortura nunca mais\",\"datePublished\":\"2010-05-18T11:26:35+00:00\",\"mainEntityOfPage\":{\"@id\":\"https:\\\/\\\/inclusivenews.com.br\\\/?p=15393\"},\"wordCount\":470,\"commentCount\":0,\"publisher\":{\"@id\":\"https:\\\/\\\/inclusivenews.com.br\\\/#organization\"},\"image\":{\"@id\":\"https:\\\/\\\/inclusivenews.com.br\\\/?p=15393#primaryimage\"},\"thumbnailUrl\":\"http:\\\/\\\/ideiaseetc.files.wordpress.com\\\/2008\\\/12\\\/cartaz-da-anistia.jpg\",\"articleSection\":[\"Cursos e eventos\",\"DIREITOS HUMANOS\",\"NOT\u00cdCIAS\"],\"inLanguage\":\"pt-PT\",\"potentialAction\":[{\"@type\":\"CommentAction\",\"name\":\"Comment\",\"target\":[\"https:\\\/\\\/inclusivenews.com.br\\\/?p=15393#respond\"]}]},{\"@type\":\"WebPage\",\"@id\":\"https:\\\/\\\/inclusivenews.com.br\\\/?p=15393\",\"url\":\"https:\\\/\\\/inclusivenews.com.br\\\/?p=15393\",\"name\":\"Tortura nunca mais -\",\"isPartOf\":{\"@id\":\"https:\\\/\\\/inclusivenews.com.br\\\/#website\"},\"primaryImageOfPage\":{\"@id\":\"https:\\\/\\\/inclusivenews.com.br\\\/?p=15393#primaryimage\"},\"image\":{\"@id\":\"https:\\\/\\\/inclusivenews.com.br\\\/?p=15393#primaryimage\"},\"thumbnailUrl\":\"http:\\\/\\\/ideiaseetc.files.wordpress.com\\\/2008\\\/12\\\/cartaz-da-anistia.jpg\",\"datePublished\":\"2010-05-18T11:26:35+00:00\",\"breadcrumb\":{\"@id\":\"https:\\\/\\\/inclusivenews.com.br\\\/?p=15393#breadcrumb\"},\"inLanguage\":\"pt-PT\",\"potentialAction\":[{\"@type\":\"ReadAction\",\"target\":[\"https:\\\/\\\/inclusivenews.com.br\\\/?p=15393\"]}]},{\"@type\":\"ImageObject\",\"inLanguage\":\"pt-PT\",\"@id\":\"https:\\\/\\\/inclusivenews.com.br\\\/?p=15393#primaryimage\",\"url\":\"http:\\\/\\\/ideiaseetc.files.wordpress.com\\\/2008\\\/12\\\/cartaz-da-anistia.jpg\",\"contentUrl\":\"http:\\\/\\\/ideiaseetc.files.wordpress.com\\\/2008\\\/12\\\/cartaz-da-anistia.jpg\"},{\"@type\":\"BreadcrumbList\",\"@id\":\"https:\\\/\\\/inclusivenews.com.br\\\/?p=15393#breadcrumb\",\"itemListElement\":[{\"@type\":\"ListItem\",\"position\":1,\"name\":\"In\u00edcio\",\"item\":\"https:\\\/\\\/inclusivenews.com.br\\\/\"},{\"@type\":\"ListItem\",\"position\":2,\"name\":\"Tortura nunca mais\"}]},{\"@type\":\"WebSite\",\"@id\":\"https:\\\/\\\/inclusivenews.com.br\\\/#website\",\"url\":\"https:\\\/\\\/inclusivenews.com.br\\\/\",\"name\":\"Inclusive News\",\"description\":\"Inclusive News\",\"publisher\":{\"@id\":\"https:\\\/\\\/inclusivenews.com.br\\\/#organization\"},\"potentialAction\":[{\"@type\":\"SearchAction\",\"target\":{\"@type\":\"EntryPoint\",\"urlTemplate\":\"https:\\\/\\\/inclusivenews.com.br\\\/?s={search_term_string}\"},\"query-input\":{\"@type\":\"PropertyValueSpecification\",\"valueRequired\":true,\"valueName\":\"search_term_string\"}}],\"inLanguage\":\"pt-PT\"},{\"@type\":\"Organization\",\"@id\":\"https:\\\/\\\/inclusivenews.com.br\\\/#organization\",\"name\":\"Inclusive - inclus\u00e3o e cidadania\",\"url\":\"https:\\\/\\\/inclusivenews.com.br\\\/\",\"logo\":{\"@type\":\"ImageObject\",\"inLanguage\":\"pt-PT\",\"@id\":\"https:\\\/\\\/inclusivenews.com.br\\\/#\\\/schema\\\/logo\\\/image\\\/\",\"url\":\"https:\\\/\\\/inclusivenews.com.br\\\/wp-content\\\/uploads\\\/2024\\\/03\\\/@grandesite.png\",\"contentUrl\":\"https:\\\/\\\/inclusivenews.com.br\\\/wp-content\\\/uploads\\\/2024\\\/03\\\/@grandesite.png\",\"width\":1080,\"height\":1080,\"caption\":\"Inclusive - inclus\u00e3o e cidadania\"},\"image\":{\"@id\":\"https:\\\/\\\/inclusivenews.com.br\\\/#\\\/schema\\\/logo\\\/image\\\/\"},\"sameAs\":[\"https:\\\/\\\/www.facebook.com\\\/agenciainclusive\\\/\",\"https:\\\/\\\/www.instagram.com\\\/newsinclusive\\\/\"]},{\"@type\":\"Person\",\"@id\":\"https:\\\/\\\/inclusivenews.com.br\\\/#\\\/schema\\\/person\\\/ae4ec7087559b8692fb33b6fffd2273b\",\"name\":\"inclusivenews2024\",\"image\":{\"@type\":\"ImageObject\",\"inLanguage\":\"pt-PT\",\"@id\":\"https:\\\/\\\/secure.gravatar.com\\\/avatar\\\/c5a7ef84c66fa914f55bc4f7ce26cfa275a3b9a1c5568b907bd184fb4dde7b40?s=96&d=mm&r=g\",\"url\":\"https:\\\/\\\/secure.gravatar.com\\\/avatar\\\/c5a7ef84c66fa914f55bc4f7ce26cfa275a3b9a1c5568b907bd184fb4dde7b40?s=96&d=mm&r=g\",\"contentUrl\":\"https:\\\/\\\/secure.gravatar.com\\\/avatar\\\/c5a7ef84c66fa914f55bc4f7ce26cfa275a3b9a1c5568b907bd184fb4dde7b40?s=96&d=mm&r=g\",\"caption\":\"inclusivenews2024\"},\"sameAs\":[\"https:\\\/\\\/inclusivenews.com.br\"],\"url\":\"https:\\\/\\\/inclusivenews.com.br\\\/?author=1\"}]}<\/script>\n<!-- \/ Yoast SEO plugin. -->","yoast_head_json":{"title":"Tortura nunca mais -","robots":{"index":"index","follow":"follow","max-snippet":"max-snippet:-1","max-image-preview":"max-image-preview:large","max-video-preview":"max-video-preview:-1"},"canonical":"https:\/\/inclusivenews.com.br\/?p=15393","og_locale":"pt_PT","og_type":"article","og_title":"Tortura nunca mais -","og_description":"O Comite Contra a Anistia aos Torturadores convida as entidades a manifestar-se no ATO P\u00daBLICO que ocorrer\u00e1 dia 18\/05\/2010 \u00e0s 14:30hs no Pateo do Col\u00e9gio, pr\u00f3ximo \u00e0 esta\u00e7\u00e3o S\u00e9 do Metro.","og_url":"https:\/\/inclusivenews.com.br\/?p=15393","article_publisher":"https:\/\/www.facebook.com\/agenciainclusive\/","article_published_time":"2010-05-18T11:26:35+00:00","og_image":[{"url":"http:\/\/ideiaseetc.files.wordpress.com\/2008\/12\/cartaz-da-anistia.jpg","type":"","width":"","height":""}],"author":"inclusivenews2024","twitter_card":"summary_large_image","twitter_misc":{"Escrito por":"inclusivenews2024","Tempo estimado de leitura":"2 minutos"},"schema":{"@context":"https:\/\/schema.org","@graph":[{"@type":"Article","@id":"https:\/\/inclusivenews.com.br\/?p=15393#article","isPartOf":{"@id":"https:\/\/inclusivenews.com.br\/?p=15393"},"author":{"name":"inclusivenews2024","@id":"https:\/\/inclusivenews.com.br\/#\/schema\/person\/ae4ec7087559b8692fb33b6fffd2273b"},"headline":"Tortura nunca mais","datePublished":"2010-05-18T11:26:35+00:00","mainEntityOfPage":{"@id":"https:\/\/inclusivenews.com.br\/?p=15393"},"wordCount":470,"commentCount":0,"publisher":{"@id":"https:\/\/inclusivenews.com.br\/#organization"},"image":{"@id":"https:\/\/inclusivenews.com.br\/?p=15393#primaryimage"},"thumbnailUrl":"http:\/\/ideiaseetc.files.wordpress.com\/2008\/12\/cartaz-da-anistia.jpg","articleSection":["Cursos e eventos","DIREITOS HUMANOS","NOT\u00cdCIAS"],"inLanguage":"pt-PT","potentialAction":[{"@type":"CommentAction","name":"Comment","target":["https:\/\/inclusivenews.com.br\/?p=15393#respond"]}]},{"@type":"WebPage","@id":"https:\/\/inclusivenews.com.br\/?p=15393","url":"https:\/\/inclusivenews.com.br\/?p=15393","name":"Tortura nunca mais -","isPartOf":{"@id":"https:\/\/inclusivenews.com.br\/#website"},"primaryImageOfPage":{"@id":"https:\/\/inclusivenews.com.br\/?p=15393#primaryimage"},"image":{"@id":"https:\/\/inclusivenews.com.br\/?p=15393#primaryimage"},"thumbnailUrl":"http:\/\/ideiaseetc.files.wordpress.com\/2008\/12\/cartaz-da-anistia.jpg","datePublished":"2010-05-18T11:26:35+00:00","breadcrumb":{"@id":"https:\/\/inclusivenews.com.br\/?p=15393#breadcrumb"},"inLanguage":"pt-PT","potentialAction":[{"@type":"ReadAction","target":["https:\/\/inclusivenews.com.br\/?p=15393"]}]},{"@type":"ImageObject","inLanguage":"pt-PT","@id":"https:\/\/inclusivenews.com.br\/?p=15393#primaryimage","url":"http:\/\/ideiaseetc.files.wordpress.com\/2008\/12\/cartaz-da-anistia.jpg","contentUrl":"http:\/\/ideiaseetc.files.wordpress.com\/2008\/12\/cartaz-da-anistia.jpg"},{"@type":"BreadcrumbList","@id":"https:\/\/inclusivenews.com.br\/?p=15393#breadcrumb","itemListElement":[{"@type":"ListItem","position":1,"name":"In\u00edcio","item":"https:\/\/inclusivenews.com.br\/"},{"@type":"ListItem","position":2,"name":"Tortura nunca mais"}]},{"@type":"WebSite","@id":"https:\/\/inclusivenews.com.br\/#website","url":"https:\/\/inclusivenews.com.br\/","name":"Inclusive News","description":"Inclusive News","publisher":{"@id":"https:\/\/inclusivenews.com.br\/#organization"},"potentialAction":[{"@type":"SearchAction","target":{"@type":"EntryPoint","urlTemplate":"https:\/\/inclusivenews.com.br\/?s={search_term_string}"},"query-input":{"@type":"PropertyValueSpecification","valueRequired":true,"valueName":"search_term_string"}}],"inLanguage":"pt-PT"},{"@type":"Organization","@id":"https:\/\/inclusivenews.com.br\/#organization","name":"Inclusive - inclus\u00e3o e cidadania","url":"https:\/\/inclusivenews.com.br\/","logo":{"@type":"ImageObject","inLanguage":"pt-PT","@id":"https:\/\/inclusivenews.com.br\/#\/schema\/logo\/image\/","url":"https:\/\/inclusivenews.com.br\/wp-content\/uploads\/2024\/03\/@grandesite.png","contentUrl":"https:\/\/inclusivenews.com.br\/wp-content\/uploads\/2024\/03\/@grandesite.png","width":1080,"height":1080,"caption":"Inclusive - inclus\u00e3o e cidadania"},"image":{"@id":"https:\/\/inclusivenews.com.br\/#\/schema\/logo\/image\/"},"sameAs":["https:\/\/www.facebook.com\/agenciainclusive\/","https:\/\/www.instagram.com\/newsinclusive\/"]},{"@type":"Person","@id":"https:\/\/inclusivenews.com.br\/#\/schema\/person\/ae4ec7087559b8692fb33b6fffd2273b","name":"inclusivenews2024","image":{"@type":"ImageObject","inLanguage":"pt-PT","@id":"https:\/\/secure.gravatar.com\/avatar\/c5a7ef84c66fa914f55bc4f7ce26cfa275a3b9a1c5568b907bd184fb4dde7b40?s=96&d=mm&r=g","url":"https:\/\/secure.gravatar.com\/avatar\/c5a7ef84c66fa914f55bc4f7ce26cfa275a3b9a1c5568b907bd184fb4dde7b40?s=96&d=mm&r=g","contentUrl":"https:\/\/secure.gravatar.com\/avatar\/c5a7ef84c66fa914f55bc4f7ce26cfa275a3b9a1c5568b907bd184fb4dde7b40?s=96&d=mm&r=g","caption":"inclusivenews2024"},"sameAs":["https:\/\/inclusivenews.com.br"],"url":"https:\/\/inclusivenews.com.br\/?author=1"}]}},"_links":{"self":[{"href":"https:\/\/inclusivenews.com.br\/index.php?rest_route=\/wp\/v2\/posts\/15393","targetHints":{"allow":["GET"]}}],"collection":[{"href":"https:\/\/inclusivenews.com.br\/index.php?rest_route=\/wp\/v2\/posts"}],"about":[{"href":"https:\/\/inclusivenews.com.br\/index.php?rest_route=\/wp\/v2\/types\/post"}],"author":[{"embeddable":true,"href":"https:\/\/inclusivenews.com.br\/index.php?rest_route=\/wp\/v2\/users\/1"}],"replies":[{"embeddable":true,"href":"https:\/\/inclusivenews.com.br\/index.php?rest_route=%2Fwp%2Fv2%2Fcomments&post=15393"}],"version-history":[{"count":0,"href":"https:\/\/inclusivenews.com.br\/index.php?rest_route=\/wp\/v2\/posts\/15393\/revisions"}],"wp:attachment":[{"href":"https:\/\/inclusivenews.com.br\/index.php?rest_route=%2Fwp%2Fv2%2Fmedia&parent=15393"}],"wp:term":[{"taxonomy":"category","embeddable":true,"href":"https:\/\/inclusivenews.com.br\/index.php?rest_route=%2Fwp%2Fv2%2Fcategories&post=15393"},{"taxonomy":"post_tag","embeddable":true,"href":"https:\/\/inclusivenews.com.br\/index.php?rest_route=%2Fwp%2Fv2%2Ftags&post=15393"}],"curies":[{"name":"wp","href":"https:\/\/api.w.org\/{rel}","templated":true}]}}