{"id":15396,"date":"2010-05-18T08:19:54","date_gmt":"2010-05-18T11:19:54","guid":{"rendered":"http:\/\/www.inclusive.org.br\/?p=15396"},"modified":"2010-05-18T08:19:54","modified_gmt":"2010-05-18T11:19:54","slug":"reuniao-ordinaria-do-conade-em-julho-sera-transmitida-ao-vivo-pela-internet","status":"publish","type":"post","link":"https:\/\/inclusivenews.com.br\/?p=15396","title":{"rendered":"Reuni\u00e3o ordin\u00e1ria do Conade em Julho ser\u00e1 transmitida ao vivo pela Internet"},"content":{"rendered":"<figure style=\"width: 245px\" class=\"wp-caption alignleft\"><img loading=\"lazy\" decoding=\"async\" title=\"Logotipo do CONADE - Conselho Nacional da Pessoa Portadora de Defici\u00eancia\" src=\"http:\/\/portal.mj.gov.br\/conade\/imagens\/conade_horizontal.jpg\" alt=\"\" width=\"245\" height=\"50\" \/><figcaption class=\"wp-caption-text\"> <\/figcaption><\/figure>\n<p>Conade passar\u00e1 a transmitir em tempo real suas reuni\u00f5es ordin\u00e1rias, possibilitando que diferentes conselhos, minist\u00e9rios p\u00fablicos, entidades de defesa de direitos e brasileiros de forma geral acompanhem as discuss\u00f5es e delibera\u00e7\u00f5es do Conselho Nacional Da Assessoria \u00a0 Com o apoio do Minist\u00e9rio P\u00fablico Federal, o Conselho Nacional dos Direitos da Pessoa com Defici\u00eancia passar\u00e1 a transmitir em tempo real, pela Internet, as reuni\u00f5es plen\u00e1rias do Conade que s\u00e3o realizadas em Bras\u00edlia, na sede da Procuradoria Geral da Rep\u00fablica.<\/p>\n<p>A a\u00e7\u00e3o in\u00e9dita possibilitar\u00e1 que os diferentes conselhos, minist\u00e9rios p\u00fablicos, entidades de defesa de direitos e brasileiros de forma geral acompanhem as discuss\u00f5es e delibera\u00e7\u00f5es do Conselho Nacional, possibilitando a diminui\u00e7\u00e3o das dist\u00e2ncias e instrumentalizando todas(as) a participar e acompanhar mais efetivamente das pol\u00edticas p\u00fablicas de nosso pa\u00eds.<\/p>\n<p>O Conade \u00e9 um \u00f3rg\u00e3o parit\u00e1rio e deliberativo integrante da estrutura b\u00e1sica da Secretaria de Direitos Humanos da Presid\u00eancia da Rep\u00fablica que tem por principal compet\u00eancia acompanhar e avaliar a pol\u00edtica nacional para integra\u00e7\u00e3o da pessoa com defici\u00eancia e as pol\u00edticas setoriais ligadas a esse segmento. Em conversa mantida com a Presidente do Conade momentos antes da 199\u00aa Reuni\u00e3o Ordin\u00e1ria do Conselho Nacional dos Direitos da Pessoa Humana, Dr\u00aa Gilda Pereira de Carvalho, Procuradora Federal dos Direitos do Cidad\u00e3o, respons\u00e1vel por essa a\u00e7\u00e3o in\u00e9dita, confirmou que a transmiss\u00e3o das reuni\u00f5es ao vivo, pela Internet, j\u00e1 est\u00e1 assegurada.<\/p>\n<p>A parceria do Conade com a PGR ocorre desde 2006 e, para a Presidente do Conade, Denise Granja, \u201cela \u00e9 um exemplo de constru\u00e7\u00e3o conjunta e exitosa. Possibilitando a transmiss\u00e3o ao vivo pela Internet, a PGR d\u00e1 mais um passo e uma contribui\u00e7\u00e3o efetiva para a democratiza\u00e7\u00e3o da informa\u00e7\u00e3o em nosso pa\u00eds\u201d. A 69\u00aa Reuni\u00e3o Ordin\u00e1ria do Conade ser\u00e1 realizada nos dias 15 e 16 de julho. Conade (61) 2025-9219<\/p>\n<p>_____________<\/p>\n<p><strong>Fonte:<\/strong> CONADE<\/p>\n","protected":false},"excerpt":{"rendered":"<p>Conade passar\u00e1 a transmitir em tempo real suas reuni\u00f5es ordin\u00e1rias, possibilitando que diferentes conselhos, minist\u00e9rios p\u00fablicos, entidades de defesa de direitos e brasileiros de forma geral acompanhem as discuss\u00f5es e delibera\u00e7\u00f5es do Conselho Nacional Da Assessoria \u00a0 Com o apoio do Minist\u00e9rio P\u00fablico Federal, o Conselho Nacional dos Direitos da Pessoa com Defici\u00eancia passar\u00e1 a [&hellip;]<\/p>\n","protected":false},"author":1,"featured_media":0,"comment_status":"open","ping_status":"open","sticky":false,"template":"","format":"standard","meta":{"site-container-style":"default","site-container-layout":"default","site-sidebar-layout":"default","disable-article-header":"default","disable-site-header":"default","disable-site-footer":"default","disable-content-area-spacing":"default","footnotes":""},"categories":[4],"tags":[],"class_list":["post-15396","post","type-post","status-publish","format-standard","hentry","category-noticias"],"yoast_head":"<!-- This site is optimized with the Yoast SEO plugin v27.4 - https:\/\/yoast.com\/product\/yoast-seo-wordpress\/ -->\n<title>Reuni\u00e3o ordin\u00e1ria do Conade em Julho ser\u00e1 transmitida ao vivo pela Internet -<\/title>\n<meta name=\"robots\" content=\"index, follow, max-snippet:-1, max-image-preview:large, max-video-preview:-1\" \/>\n<link rel=\"canonical\" href=\"https:\/\/inclusivenews.com.br\/?p=15396\" \/>\n<meta property=\"og:locale\" content=\"pt_PT\" \/>\n<meta property=\"og:type\" content=\"article\" \/>\n<meta property=\"og:title\" content=\"Reuni\u00e3o ordin\u00e1ria do Conade em Julho ser\u00e1 transmitida ao vivo pela Internet -\" \/>\n<meta property=\"og:description\" content=\"Conade passar\u00e1 a transmitir em tempo real suas reuni\u00f5es ordin\u00e1rias, possibilitando que diferentes conselhos, minist\u00e9rios p\u00fablicos, entidades de defesa de direitos e brasileiros de forma geral acompanhem as discuss\u00f5es e delibera\u00e7\u00f5es do Conselho Nacional Da Assessoria \u00a0 Com o apoio do Minist\u00e9rio P\u00fablico Federal, o Conselho Nacional dos Direitos da Pessoa com Defici\u00eancia passar\u00e1 a [&hellip;]\" \/>\n<meta property=\"og:url\" content=\"https:\/\/inclusivenews.com.br\/?p=15396\" \/>\n<meta property=\"article:publisher\" content=\"https:\/\/www.facebook.com\/agenciainclusive\/\" \/>\n<meta property=\"article:published_time\" content=\"2010-05-18T11:19:54+00:00\" \/>\n<meta property=\"og:image\" content=\"http:\/\/portal.mj.gov.br\/conade\/imagens\/conade_horizontal.jpg\" \/>\n<meta name=\"author\" content=\"inclusivenews2024\" \/>\n<meta name=\"twitter:card\" content=\"summary_large_image\" \/>\n<meta name=\"twitter:label1\" content=\"Escrito por\" \/>\n\t<meta name=\"twitter:data1\" content=\"inclusivenews2024\" \/>\n\t<meta name=\"twitter:label2\" content=\"Tempo estimado de leitura\" \/>\n\t<meta name=\"twitter:data2\" content=\"2 minutos\" \/>\n<script type=\"application\/ld+json\" class=\"yoast-schema-graph\">{\"@context\":\"https:\\\/\\\/schema.org\",\"@graph\":[{\"@type\":\"Article\",\"@id\":\"https:\\\/\\\/inclusivenews.com.br\\\/?p=15396#article\",\"isPartOf\":{\"@id\":\"https:\\\/\\\/inclusivenews.com.br\\\/?p=15396\"},\"author\":{\"name\":\"inclusivenews2024\",\"@id\":\"https:\\\/\\\/inclusivenews.com.br\\\/#\\\/schema\\\/person\\\/ae4ec7087559b8692fb33b6fffd2273b\"},\"headline\":\"Reuni\u00e3o ordin\u00e1ria do Conade em Julho ser\u00e1 transmitida ao vivo pela Internet\",\"datePublished\":\"2010-05-18T11:19:54+00:00\",\"mainEntityOfPage\":{\"@id\":\"https:\\\/\\\/inclusivenews.com.br\\\/?p=15396\"},\"wordCount\":359,\"commentCount\":0,\"publisher\":{\"@id\":\"https:\\\/\\\/inclusivenews.com.br\\\/#organization\"},\"image\":{\"@id\":\"https:\\\/\\\/inclusivenews.com.br\\\/?p=15396#primaryimage\"},\"thumbnailUrl\":\"http:\\\/\\\/portal.mj.gov.br\\\/conade\\\/imagens\\\/conade_horizontal.jpg\",\"articleSection\":[\"NOT\u00cdCIAS\"],\"inLanguage\":\"pt-PT\",\"potentialAction\":[{\"@type\":\"CommentAction\",\"name\":\"Comment\",\"target\":[\"https:\\\/\\\/inclusivenews.com.br\\\/?p=15396#respond\"]}]},{\"@type\":\"WebPage\",\"@id\":\"https:\\\/\\\/inclusivenews.com.br\\\/?p=15396\",\"url\":\"https:\\\/\\\/inclusivenews.com.br\\\/?p=15396\",\"name\":\"Reuni\u00e3o ordin\u00e1ria do Conade em Julho ser\u00e1 transmitida ao vivo pela Internet -\",\"isPartOf\":{\"@id\":\"https:\\\/\\\/inclusivenews.com.br\\\/#website\"},\"primaryImageOfPage\":{\"@id\":\"https:\\\/\\\/inclusivenews.com.br\\\/?p=15396#primaryimage\"},\"image\":{\"@id\":\"https:\\\/\\\/inclusivenews.com.br\\\/?p=15396#primaryimage\"},\"thumbnailUrl\":\"http:\\\/\\\/portal.mj.gov.br\\\/conade\\\/imagens\\\/conade_horizontal.jpg\",\"datePublished\":\"2010-05-18T11:19:54+00:00\",\"breadcrumb\":{\"@id\":\"https:\\\/\\\/inclusivenews.com.br\\\/?p=15396#breadcrumb\"},\"inLanguage\":\"pt-PT\",\"potentialAction\":[{\"@type\":\"ReadAction\",\"target\":[\"https:\\\/\\\/inclusivenews.com.br\\\/?p=15396\"]}]},{\"@type\":\"ImageObject\",\"inLanguage\":\"pt-PT\",\"@id\":\"https:\\\/\\\/inclusivenews.com.br\\\/?p=15396#primaryimage\",\"url\":\"http:\\\/\\\/portal.mj.gov.br\\\/conade\\\/imagens\\\/conade_horizontal.jpg\",\"contentUrl\":\"http:\\\/\\\/portal.mj.gov.br\\\/conade\\\/imagens\\\/conade_horizontal.jpg\"},{\"@type\":\"BreadcrumbList\",\"@id\":\"https:\\\/\\\/inclusivenews.com.br\\\/?p=15396#breadcrumb\",\"itemListElement\":[{\"@type\":\"ListItem\",\"position\":1,\"name\":\"In\u00edcio\",\"item\":\"https:\\\/\\\/inclusivenews.com.br\\\/\"},{\"@type\":\"ListItem\",\"position\":2,\"name\":\"Reuni\u00e3o ordin\u00e1ria do Conade em Julho ser\u00e1 transmitida ao vivo pela Internet\"}]},{\"@type\":\"WebSite\",\"@id\":\"https:\\\/\\\/inclusivenews.com.br\\\/#website\",\"url\":\"https:\\\/\\\/inclusivenews.com.br\\\/\",\"name\":\"Inclusive News\",\"description\":\"Inclusive News\",\"publisher\":{\"@id\":\"https:\\\/\\\/inclusivenews.com.br\\\/#organization\"},\"potentialAction\":[{\"@type\":\"SearchAction\",\"target\":{\"@type\":\"EntryPoint\",\"urlTemplate\":\"https:\\\/\\\/inclusivenews.com.br\\\/?s={search_term_string}\"},\"query-input\":{\"@type\":\"PropertyValueSpecification\",\"valueRequired\":true,\"valueName\":\"search_term_string\"}}],\"inLanguage\":\"pt-PT\"},{\"@type\":\"Organization\",\"@id\":\"https:\\\/\\\/inclusivenews.com.br\\\/#organization\",\"name\":\"Inclusive - inclus\u00e3o e cidadania\",\"url\":\"https:\\\/\\\/inclusivenews.com.br\\\/\",\"logo\":{\"@type\":\"ImageObject\",\"inLanguage\":\"pt-PT\",\"@id\":\"https:\\\/\\\/inclusivenews.com.br\\\/#\\\/schema\\\/logo\\\/image\\\/\",\"url\":\"https:\\\/\\\/inclusivenews.com.br\\\/wp-content\\\/uploads\\\/2024\\\/03\\\/@grandesite.png\",\"contentUrl\":\"https:\\\/\\\/inclusivenews.com.br\\\/wp-content\\\/uploads\\\/2024\\\/03\\\/@grandesite.png\",\"width\":1080,\"height\":1080,\"caption\":\"Inclusive - inclus\u00e3o e cidadania\"},\"image\":{\"@id\":\"https:\\\/\\\/inclusivenews.com.br\\\/#\\\/schema\\\/logo\\\/image\\\/\"},\"sameAs\":[\"https:\\\/\\\/www.facebook.com\\\/agenciainclusive\\\/\",\"https:\\\/\\\/www.instagram.com\\\/newsinclusive\\\/\"]},{\"@type\":\"Person\",\"@id\":\"https:\\\/\\\/inclusivenews.com.br\\\/#\\\/schema\\\/person\\\/ae4ec7087559b8692fb33b6fffd2273b\",\"name\":\"inclusivenews2024\",\"image\":{\"@type\":\"ImageObject\",\"inLanguage\":\"pt-PT\",\"@id\":\"https:\\\/\\\/secure.gravatar.com\\\/avatar\\\/c5a7ef84c66fa914f55bc4f7ce26cfa275a3b9a1c5568b907bd184fb4dde7b40?s=96&d=mm&r=g\",\"url\":\"https:\\\/\\\/secure.gravatar.com\\\/avatar\\\/c5a7ef84c66fa914f55bc4f7ce26cfa275a3b9a1c5568b907bd184fb4dde7b40?s=96&d=mm&r=g\",\"contentUrl\":\"https:\\\/\\\/secure.gravatar.com\\\/avatar\\\/c5a7ef84c66fa914f55bc4f7ce26cfa275a3b9a1c5568b907bd184fb4dde7b40?s=96&d=mm&r=g\",\"caption\":\"inclusivenews2024\"},\"sameAs\":[\"https:\\\/\\\/inclusivenews.com.br\"],\"url\":\"https:\\\/\\\/inclusivenews.com.br\\\/?author=1\"}]}<\/script>\n<!-- \/ Yoast SEO plugin. -->","yoast_head_json":{"title":"Reuni\u00e3o ordin\u00e1ria do Conade em Julho ser\u00e1 transmitida ao vivo pela Internet -","robots":{"index":"index","follow":"follow","max-snippet":"max-snippet:-1","max-image-preview":"max-image-preview:large","max-video-preview":"max-video-preview:-1"},"canonical":"https:\/\/inclusivenews.com.br\/?p=15396","og_locale":"pt_PT","og_type":"article","og_title":"Reuni\u00e3o ordin\u00e1ria do Conade em Julho ser\u00e1 transmitida ao vivo pela Internet -","og_description":"Conade passar\u00e1 a transmitir em tempo real suas reuni\u00f5es ordin\u00e1rias, possibilitando que diferentes conselhos, minist\u00e9rios p\u00fablicos, entidades de defesa de direitos e brasileiros de forma geral acompanhem as discuss\u00f5es e delibera\u00e7\u00f5es do Conselho Nacional Da Assessoria \u00a0 Com o apoio do Minist\u00e9rio P\u00fablico Federal, o Conselho Nacional dos Direitos da Pessoa com Defici\u00eancia passar\u00e1 a [&hellip;]","og_url":"https:\/\/inclusivenews.com.br\/?p=15396","article_publisher":"https:\/\/www.facebook.com\/agenciainclusive\/","article_published_time":"2010-05-18T11:19:54+00:00","og_image":[{"url":"http:\/\/portal.mj.gov.br\/conade\/imagens\/conade_horizontal.jpg","type":"","width":"","height":""}],"author":"inclusivenews2024","twitter_card":"summary_large_image","twitter_misc":{"Escrito por":"inclusivenews2024","Tempo estimado de leitura":"2 minutos"},"schema":{"@context":"https:\/\/schema.org","@graph":[{"@type":"Article","@id":"https:\/\/inclusivenews.com.br\/?p=15396#article","isPartOf":{"@id":"https:\/\/inclusivenews.com.br\/?p=15396"},"author":{"name":"inclusivenews2024","@id":"https:\/\/inclusivenews.com.br\/#\/schema\/person\/ae4ec7087559b8692fb33b6fffd2273b"},"headline":"Reuni\u00e3o ordin\u00e1ria do Conade em Julho ser\u00e1 transmitida ao vivo pela Internet","datePublished":"2010-05-18T11:19:54+00:00","mainEntityOfPage":{"@id":"https:\/\/inclusivenews.com.br\/?p=15396"},"wordCount":359,"commentCount":0,"publisher":{"@id":"https:\/\/inclusivenews.com.br\/#organization"},"image":{"@id":"https:\/\/inclusivenews.com.br\/?p=15396#primaryimage"},"thumbnailUrl":"http:\/\/portal.mj.gov.br\/conade\/imagens\/conade_horizontal.jpg","articleSection":["NOT\u00cdCIAS"],"inLanguage":"pt-PT","potentialAction":[{"@type":"CommentAction","name":"Comment","target":["https:\/\/inclusivenews.com.br\/?p=15396#respond"]}]},{"@type":"WebPage","@id":"https:\/\/inclusivenews.com.br\/?p=15396","url":"https:\/\/inclusivenews.com.br\/?p=15396","name":"Reuni\u00e3o ordin\u00e1ria do Conade em Julho ser\u00e1 transmitida ao vivo pela Internet -","isPartOf":{"@id":"https:\/\/inclusivenews.com.br\/#website"},"primaryImageOfPage":{"@id":"https:\/\/inclusivenews.com.br\/?p=15396#primaryimage"},"image":{"@id":"https:\/\/inclusivenews.com.br\/?p=15396#primaryimage"},"thumbnailUrl":"http:\/\/portal.mj.gov.br\/conade\/imagens\/conade_horizontal.jpg","datePublished":"2010-05-18T11:19:54+00:00","breadcrumb":{"@id":"https:\/\/inclusivenews.com.br\/?p=15396#breadcrumb"},"inLanguage":"pt-PT","potentialAction":[{"@type":"ReadAction","target":["https:\/\/inclusivenews.com.br\/?p=15396"]}]},{"@type":"ImageObject","inLanguage":"pt-PT","@id":"https:\/\/inclusivenews.com.br\/?p=15396#primaryimage","url":"http:\/\/portal.mj.gov.br\/conade\/imagens\/conade_horizontal.jpg","contentUrl":"http:\/\/portal.mj.gov.br\/conade\/imagens\/conade_horizontal.jpg"},{"@type":"BreadcrumbList","@id":"https:\/\/inclusivenews.com.br\/?p=15396#breadcrumb","itemListElement":[{"@type":"ListItem","position":1,"name":"In\u00edcio","item":"https:\/\/inclusivenews.com.br\/"},{"@type":"ListItem","position":2,"name":"Reuni\u00e3o ordin\u00e1ria do Conade em Julho ser\u00e1 transmitida ao vivo pela Internet"}]},{"@type":"WebSite","@id":"https:\/\/inclusivenews.com.br\/#website","url":"https:\/\/inclusivenews.com.br\/","name":"Inclusive News","description":"Inclusive News","publisher":{"@id":"https:\/\/inclusivenews.com.br\/#organization"},"potentialAction":[{"@type":"SearchAction","target":{"@type":"EntryPoint","urlTemplate":"https:\/\/inclusivenews.com.br\/?s={search_term_string}"},"query-input":{"@type":"PropertyValueSpecification","valueRequired":true,"valueName":"search_term_string"}}],"inLanguage":"pt-PT"},{"@type":"Organization","@id":"https:\/\/inclusivenews.com.br\/#organization","name":"Inclusive - inclus\u00e3o e cidadania","url":"https:\/\/inclusivenews.com.br\/","logo":{"@type":"ImageObject","inLanguage":"pt-PT","@id":"https:\/\/inclusivenews.com.br\/#\/schema\/logo\/image\/","url":"https:\/\/inclusivenews.com.br\/wp-content\/uploads\/2024\/03\/@grandesite.png","contentUrl":"https:\/\/inclusivenews.com.br\/wp-content\/uploads\/2024\/03\/@grandesite.png","width":1080,"height":1080,"caption":"Inclusive - inclus\u00e3o e cidadania"},"image":{"@id":"https:\/\/inclusivenews.com.br\/#\/schema\/logo\/image\/"},"sameAs":["https:\/\/www.facebook.com\/agenciainclusive\/","https:\/\/www.instagram.com\/newsinclusive\/"]},{"@type":"Person","@id":"https:\/\/inclusivenews.com.br\/#\/schema\/person\/ae4ec7087559b8692fb33b6fffd2273b","name":"inclusivenews2024","image":{"@type":"ImageObject","inLanguage":"pt-PT","@id":"https:\/\/secure.gravatar.com\/avatar\/c5a7ef84c66fa914f55bc4f7ce26cfa275a3b9a1c5568b907bd184fb4dde7b40?s=96&d=mm&r=g","url":"https:\/\/secure.gravatar.com\/avatar\/c5a7ef84c66fa914f55bc4f7ce26cfa275a3b9a1c5568b907bd184fb4dde7b40?s=96&d=mm&r=g","contentUrl":"https:\/\/secure.gravatar.com\/avatar\/c5a7ef84c66fa914f55bc4f7ce26cfa275a3b9a1c5568b907bd184fb4dde7b40?s=96&d=mm&r=g","caption":"inclusivenews2024"},"sameAs":["https:\/\/inclusivenews.com.br"],"url":"https:\/\/inclusivenews.com.br\/?author=1"}]}},"_links":{"self":[{"href":"https:\/\/inclusivenews.com.br\/index.php?rest_route=\/wp\/v2\/posts\/15396","targetHints":{"allow":["GET"]}}],"collection":[{"href":"https:\/\/inclusivenews.com.br\/index.php?rest_route=\/wp\/v2\/posts"}],"about":[{"href":"https:\/\/inclusivenews.com.br\/index.php?rest_route=\/wp\/v2\/types\/post"}],"author":[{"embeddable":true,"href":"https:\/\/inclusivenews.com.br\/index.php?rest_route=\/wp\/v2\/users\/1"}],"replies":[{"embeddable":true,"href":"https:\/\/inclusivenews.com.br\/index.php?rest_route=%2Fwp%2Fv2%2Fcomments&post=15396"}],"version-history":[{"count":0,"href":"https:\/\/inclusivenews.com.br\/index.php?rest_route=\/wp\/v2\/posts\/15396\/revisions"}],"wp:attachment":[{"href":"https:\/\/inclusivenews.com.br\/index.php?rest_route=%2Fwp%2Fv2%2Fmedia&parent=15396"}],"wp:term":[{"taxonomy":"category","embeddable":true,"href":"https:\/\/inclusivenews.com.br\/index.php?rest_route=%2Fwp%2Fv2%2Fcategories&post=15396"},{"taxonomy":"post_tag","embeddable":true,"href":"https:\/\/inclusivenews.com.br\/index.php?rest_route=%2Fwp%2Fv2%2Ftags&post=15396"}],"curies":[{"name":"wp","href":"https:\/\/api.w.org\/{rel}","templated":true}]}}