{"id":15408,"date":"2010-05-18T08:59:14","date_gmt":"2010-05-18T11:59:14","guid":{"rendered":"http:\/\/www.inclusive.org.br\/?p=15408"},"modified":"2010-05-18T08:59:14","modified_gmt":"2010-05-18T11:59:14","slug":"a-escola-e-a-favela","status":"publish","type":"post","link":"https:\/\/inclusivenews.com.br\/?p=15408","title":{"rendered":"A escola e a favela"},"content":{"rendered":"<figure style=\"width: 261px\" class=\"wp-caption alignleft\"><img loading=\"lazy\" decoding=\"async\" title=\"Favela do Morumbi, em S\u00e3o Paulo.\" src=\"http:\/\/tupiwire.files.wordpress.com\/2010\/01\/favela-morumbi-sao-paulo.jpg\" alt=\"\" width=\"261\" height=\"173\" \/><figcaption class=\"wp-caption-text\"> <\/figcaption><\/figure>\n<p><span class=\"noticia_titulo\"><strong>A escola e a favela: entre a segrega\u00e7\u00e3o e a educa\u00e7\u00e3o com \u00eaxito. Entrevista com \u00c2ngela Paiva<\/strong><span class=\"noticia_texto\"><\/p>\n<div id=\"mudaFonte\">\n<p>O livro &#8220;A escola e a favela&#8221; (Rio de Janeiro: Ed. Pallas, 2010) \u00e9 resultado de uma pesquisa que foi feita em quatro favelas por tr\u00eas professores que analisam o efeito da segrega\u00e7\u00e3o urbana sobre o processo escolar. A IHU On-Line entrevistou, por telefone, a professora \u00c2ngela Paiva, que falou sobre o crescimento do ensino b\u00e1sico e refletiu sobre a rela\u00e7\u00e3o da escola com o espa\u00e7o onde os alunos vivem. Ela analisa principalmente a favela e descreve esse ambiente como &#8220;um lugar onde tem uma conflu\u00eancia perversa&#8221; de fatores negativos, como a baixa escolaridade dos pais, e isso, segundo ela, leva &#8220;a pr\u00e1tica educacional a n\u00e3o ter \u00eaxito&#8221;.&#8221;Quando a favela \u00e9 muito grande, as pessoas circulam muito pouco pela cidade, ent\u00e3o podemos falar em espa\u00e7os segregados porque a sociabilidade \u00e9 muito pequena. Por exemplo, tem uma favela aqui perto da Barra da Tijuca que fica a cinco minutos da praia, e muitas crian\u00e7as e adolescentes daquela favela n\u00e3o v\u00e3o \u00e0 praia porque acham que aquele espa\u00e7o n\u00e3o pertence a elas&#8221;, explicou \u00c2ngela.<\/p>\n<p>\u00c2ngela Paiva \u00e9 mestre em Educa\u00e7\u00e3o pela Universidade de Connecticut (EUA) e em Sociologia pelo Instituto Universit\u00e1rio de Pesquisas do Rio de Janeiro &#8211; IUPERJ, onde tamb\u00e9m fez o doutorado. Atualmente, \u00e9 professora na PUC-Rio.<\/p>\n<p>Confira a entrevista<\/p>\n<p>IHU On-Line &#8211; Que fatores foram determinantes para que, na \u00faltima d\u00e9cada, houvesse um crescimento na universaliza\u00e7\u00e3o do ensino b\u00e1sico?<\/p>\n<p>\u00c2ngela Paiva &#8211; Desde a d\u00e9cada de 1990, no governo FHC, houve a universaliza\u00e7\u00e3o do ensino b\u00e1sico. No final dessa d\u00e9cada, 98% das crian\u00e7as de seis anos de idade estavam ingressando no ensino fundamental. O grande problema \u00e9 que essas crian\u00e7as n\u00e3o ficam na escola. Temos uma evas\u00e3o muito grande, principalmente a partir da quinta s\u00e9rie.<\/p>\n<p>IHU On-Line &#8211; Qual \u00e9 a rela\u00e7\u00e3o da escola com o espa\u00e7o habitacional de seus alunos?<\/p>\n<p>\u00c2ngela Paiva &#8211; Nossa pesquisa analisa as escolas que atendem as crian\u00e7as da favela. V\u00e1rias dessas escolas est\u00e3o inclusive localizadas dentro das favelas maiores. Ent\u00e3o, temos uma escola com um grupo muito homog\u00eaneo. \u00c9 um\u00a0 grupo que vem de fam\u00edlias que t\u00eam pouqu\u00edssima cultura escolar, ent\u00e3o \u00e9 um lugar onde h\u00e1 uma conflu\u00eancia perversa desses fatores que levam a pr\u00e1tica educacional a n\u00e3o ter \u00eaxito.<br \/>\nTemos professores que s\u00e3o preparados para atender outro tipo de aluno, e a\u00ed eles v\u00e3o dar aula onde s\u00f3 tem alunos que n\u00e3o fazem ideia de que aquele sistema escolar pode fazer sentido. O que n\u00f3s vimos \u00e9 que podemos distinguir os professores em dois tipos: de primeira a quarta s\u00e9rie, n\u00f3s temos um professor que faz o papel de her\u00f3i, pois ele luta para que aquela crian\u00e7a saia daquele c\u00edrculo vicioso de evas\u00e3o escolar. E depois, da quinta a oitava s\u00e9rie, vimos que os professores perdem muito a esperan\u00e7a, eles sabem que a escola n\u00e3o est\u00e1 conseguindo fazer com que aquele aluno aprenda. Esse professor percebe que aquele ensino n\u00e3o tem muito significado para aquele aluno. Fora todas as dificuldades materiais das escolas p\u00fablicas que atendem esses alunos da favela.<\/p>\n<p>IHU On-Line &#8211; A vis\u00e3o e a aposta que fam\u00edlias de baixa e alta renda fazem na escola s\u00e3o as mesmas?<\/p>\n<p>\u00c2ngela Paiva &#8211; As fam\u00edlias de classe m\u00e9dia e alta, fam\u00edlias de renda maior, t\u00eam uma aposta um tanto autom\u00e1tica. \u00c9 muito comum, nas escolas que atendem as crian\u00e7as de classe mais abastadas, dizer que as escolas est\u00e3o sozinhas. Isso porque n\u00e3o h\u00e1 muito envolvimento dos pais, que trabalham o dia todo. Essa \u00e9 a grande queixa. As fam\u00edlias populares j\u00e1 fazem uma aposta enorme. Essa coisa de dizer que as fam\u00edlias de classe popular n\u00e3o d\u00e3o valor \u00e0 educa\u00e7\u00e3o n\u00e3o \u00e9 verdade, porque toda m\u00e3e e todo pai sabe que aquele \u00e9 o caminho certo, mas, neste caso, \u00e9 um caminho muito mais dif\u00edcil. A aposta, portanto, \u00e9 a mesma, pois \u00e9 na educa\u00e7\u00e3o. Mas, para fam\u00edlias de classe mais alta, esse \u00e9 um caminho muito natural.<\/p>\n<p>IHU On-Line &#8211; Porque a segrega\u00e7\u00e3o urbana \u00e9 melhor representada pelas favelas?<\/p>\n<p>\u00c2ngela Paiva &#8211; No caso do Rio de Janeiro, n\u00f3s temos uma verdadeira segrega\u00e7\u00e3o urbana porque h\u00e1 tanto favelas localizadas longe da cidade como ao lado da cidade, mas que n\u00e3o se comunicam. Quando a favela \u00e9 muito grande, as pessoas circulam muito pouco pela cidade, ent\u00e3o podemos falar em espa\u00e7os segregados porque a sociabilidade \u00e9 muito pequena. Por exemplo, h\u00e1 uma favela aqui perto da Barra da Tijuca que fica a cinco minutos da praia, e muitas crian\u00e7as e adolescentes daquela favela n\u00e3o v\u00e3o \u00e0 praia porque acham que aquele espa\u00e7o n\u00e3o pertence a elas. Ent\u00e3o, podemos certamente falar numa sociabilidade muito segregada, provocada por essa localiza\u00e7\u00e3o fechada que \u00e9 a favela.<\/p>\n<p>IHU On-Line &#8211; Em sua opini\u00e3o, depois desta pesquisa, qual \u00e9 o papel da escola p\u00fablica?<\/p>\n<p>\u00c2ngela Paiva &#8211; O papel da escola p\u00fablica \u00e9 furar esse ciclo. Est\u00e1vamos falando a\u00ed em espa\u00e7os segregados, ent\u00e3o, nesse sentido, o papel \u00e9 transformar a escola p\u00fablica numa escola verdadeiramente republicana. Ou seja, \u00e9 preciso dar oportunidades para que as crian\u00e7as tenham uma educa\u00e7\u00e3o de qualidade.<br \/>\nN\u00f3s j\u00e1 conseguimos a universaliza\u00e7\u00e3o do ensino, mas as crian\u00e7as n\u00e3o ficam na escola ou s\u00e3o mal alfabetizadas, o que chamam de analfabeto funcional. Ent\u00e3o, \u00e9 uma escola que n\u00e3o oferece uma qualifica\u00e7\u00e3o para o mercado de trabalho, a escola p\u00fablica que atende esses espa\u00e7os segregados \u00e9 uma escola que enfrenta muita dificuldade. Penso que as pol\u00edticas p\u00fablicas devem estar muito focalizadas nessas escolas, provendo profissionais, materiais. N\u00f3s visitamos escolas em que a diretora era a inspetora tamb\u00e9m.<br \/>\nUma escola n\u00e3o pode funcionar assim. Voc\u00ea entra numa escola de classe m\u00e9dia e v\u00ea inspetores em todos os andares do lugar. Ent\u00e3o, voc\u00ea entra numa escola p\u00fablica de primeira a quarta s\u00e9rie e j\u00e1 imagina quantos problemas que podem acontecer em cada dia letivo. O rem\u00e9dio \u00e9 fazer pol\u00edticas educacionais sustentadas que n\u00e3o dependam somente do governo, que sejam pol\u00edticas de Estado e que n\u00e3o terminem quando o governo acaba. Al\u00e9m disso, \u00e9 preciso prover mais ainda do que para as outras escolas em fun\u00e7\u00e3o da escassez que esses alunos j\u00e1 t\u00eam ao seu redor.<\/p>\n<p>IHU On-Line &#8211; Entre os alunos, morar na favela faz uma diferen\u00e7a fundamental em decorr\u00eancia da exposi\u00e7\u00e3o \u00e0 cultura da viol\u00eancia e da pobreza?<\/p>\n<p>\u00c2ngela Paiva &#8211; Ao morar na favela, voc\u00ea tem uma dificuldade a mais. A sociedade brasileira como um todo tem v\u00e1rios problemas sociais a serem resolvidos, mas o fato de morar na favela, para as crian\u00e7as, pode vir a ser um complicador. Por\u00e9m, n\u00e3o necessariamente, porque h\u00e1 fam\u00edlias muito exitosas dentro das favelas. Temos que ter muito cuidado aqui para n\u00e3o fazer uma representa\u00e7\u00e3o de que a favela \u00e9 s\u00f3 problema, s\u00f3 viol\u00eancia. Na favela, h\u00e1 milhares de fam\u00edlias trabalhadoras, s\u00f3 que com mais dificuldade, pois tudo \u00e9 mais escasso e dif\u00edcil. Eles s\u00e3o lutadores. A favela \u00e9 muito complexa porque a dificuldade maior faz com que os alunos estejam muito mais propensos \u00e0 viol\u00eancia j\u00e1 que convivem muito mais com o tr\u00e1fico de drogas, com mais desemprego. Ent\u00e3o, \u00e9 um ambiente que puxa para baixo. \u00c9 como se ali tivesse uma sociabiliza\u00e7\u00e3o negativa.<\/p>\n<p>IHU On-Line &#8211; \u00c9 da escola a responsabilidade para mudar essa realidade de pobreza e viol\u00eancia?<\/p>\n<p>\u00c2ngela Paiva &#8211; Claro que n\u00e3o \u00e9 a escola sozinha que vai mudar isso, mas a escola \u00e9 fundamental. N\u00e3o h\u00e1 nenhum pa\u00eds que tenha conseguido fazer uma redistribui\u00e7\u00e3o da sua riqueza sem ter passado pela escolariza\u00e7\u00e3o dos seus cidad\u00e3os. \u00c9 fundamental a escolariza\u00e7\u00e3o. A escola n\u00e3o vai resolver todas as quest\u00f5es sociais, mas, sem uma escola de qualidade e que proporcione o desenvolvimento das compet\u00eancias de cada um, n\u00e3o vamos chegar a lugar nenhum.<br \/>\nEssa pesquisa teve uma quest\u00e3o interessante para mostrar a complexidade da an\u00e1lise que \u00e9 o seguinte: em cada favela, voc\u00ea tem aspectos distintos, mas o que ficou muito claro \u00e9 a diferen\u00e7a entre o primeiro e o segundo segmento, ou seja, a diferen\u00e7a da atitude do professor de primeira a quarta s\u00e9rie em rela\u00e7\u00e3o ao professor da quinta em diante.<br \/>\nA segunda diferen\u00e7a s\u00e3o os professores que trabalham dentro e fora da favela. Os que trabalham fora da favela t\u00eam uma tend\u00eancia muito maior em fazer uma representa\u00e7\u00e3o negativa. Os professores que trabalham na favela problematizam mais, eles t\u00eam uma reflex\u00e3o mais matizada dos problemas que as crian\u00e7as enfrentam.<\/p>\n<\/div>\n<p><\/span><\/p>\n<p><\/span><\/p>\n<div><span class=\"noticia_autor\">* Instituto Humanitas Unisinos<br \/>\n_____________________<\/p>\n<p><strong>Fonte:<\/strong> IHU Online\/<a href=\"http:\/\/www.adital.org.br\/site\/noticia.asp?lang=PT&amp;cod=47742\">Adital<\/a><\/p>\n<p><\/span><\/div>\n","protected":false},"excerpt":{"rendered":"<p>O livro &#8220;A escola e a favela&#8221; \u00e9 resultado de uma pesquisa que foi feita em quatro favelas por tr\u00eas professores que analisam o efeito da segrega\u00e7\u00e3o urbana sobre o processo escolar. A IHU On-Line entrevistou, por telefone, a professora \u00c2ngela Paiva, que falou sobre o crescimento do ensino b\u00e1sico e refletiu sobre a rela\u00e7\u00e3o da escola com o espa\u00e7o onde os alunos vivem. Do IHU on-line.<\/p>\n","protected":false},"author":1,"featured_media":0,"comment_status":"open","ping_status":"open","sticky":false,"template":"","format":"standard","meta":{"site-container-style":"default","site-container-layout":"default","site-sidebar-layout":"default","disable-article-header":"default","disable-site-header":"default","disable-site-footer":"default","disable-content-area-spacing":"default","footnotes":""},"categories":[6,42,48],"tags":[],"class_list":["post-15408","post","type-post","status-publish","format-standard","hentry","category-educacao","category-entrevista","category-inclusao"],"yoast_head":"<!-- This site is optimized with the Yoast SEO plugin v27.4 - https:\/\/yoast.com\/product\/yoast-seo-wordpress\/ -->\n<title>A escola e a favela -<\/title>\n<meta name=\"robots\" content=\"index, follow, max-snippet:-1, max-image-preview:large, max-video-preview:-1\" \/>\n<link rel=\"canonical\" href=\"https:\/\/inclusivenews.com.br\/?p=15408\" \/>\n<meta property=\"og:locale\" content=\"pt_PT\" \/>\n<meta property=\"og:type\" content=\"article\" \/>\n<meta property=\"og:title\" content=\"A escola e a favela -\" \/>\n<meta property=\"og:description\" content=\"O livro &quot;A escola e a favela&quot; \u00e9 resultado de uma pesquisa que foi feita em quatro favelas por tr\u00eas professores que analisam o efeito da segrega\u00e7\u00e3o urbana sobre o processo escolar. A IHU On-Line entrevistou, por telefone, a professora \u00c2ngela Paiva, que falou sobre o crescimento do ensino b\u00e1sico e refletiu sobre a rela\u00e7\u00e3o da escola com o espa\u00e7o onde os alunos vivem. Do IHU on-line.\" \/>\n<meta property=\"og:url\" content=\"https:\/\/inclusivenews.com.br\/?p=15408\" \/>\n<meta property=\"article:publisher\" content=\"https:\/\/www.facebook.com\/agenciainclusive\/\" \/>\n<meta property=\"article:published_time\" content=\"2010-05-18T11:59:14+00:00\" \/>\n<meta property=\"og:image\" content=\"http:\/\/tupiwire.files.wordpress.com\/2010\/01\/favela-morumbi-sao-paulo.jpg\" \/>\n<meta name=\"author\" content=\"inclusivenews2024\" \/>\n<meta name=\"twitter:card\" content=\"summary_large_image\" \/>\n<meta name=\"twitter:label1\" content=\"Escrito por\" \/>\n\t<meta name=\"twitter:data1\" content=\"inclusivenews2024\" \/>\n\t<meta name=\"twitter:label2\" content=\"Tempo estimado de leitura\" \/>\n\t<meta name=\"twitter:data2\" content=\"8 minutos\" \/>\n<script type=\"application\/ld+json\" class=\"yoast-schema-graph\">{\"@context\":\"https:\\\/\\\/schema.org\",\"@graph\":[{\"@type\":\"Article\",\"@id\":\"https:\\\/\\\/inclusivenews.com.br\\\/?p=15408#article\",\"isPartOf\":{\"@id\":\"https:\\\/\\\/inclusivenews.com.br\\\/?p=15408\"},\"author\":{\"name\":\"inclusivenews2024\",\"@id\":\"https:\\\/\\\/inclusivenews.com.br\\\/#\\\/schema\\\/person\\\/ae4ec7087559b8692fb33b6fffd2273b\"},\"headline\":\"A escola e a favela\",\"datePublished\":\"2010-05-18T11:59:14+00:00\",\"mainEntityOfPage\":{\"@id\":\"https:\\\/\\\/inclusivenews.com.br\\\/?p=15408\"},\"wordCount\":1541,\"commentCount\":1,\"publisher\":{\"@id\":\"https:\\\/\\\/inclusivenews.com.br\\\/#organization\"},\"image\":{\"@id\":\"https:\\\/\\\/inclusivenews.com.br\\\/?p=15408#primaryimage\"},\"thumbnailUrl\":\"http:\\\/\\\/tupiwire.files.wordpress.com\\\/2010\\\/01\\\/favela-morumbi-sao-paulo.jpg\",\"articleSection\":[\"EDUCA\u00c7\u00c3O\",\"ENTREVISTAS\",\"INCLUS\u00c3O SOCIAL\"],\"inLanguage\":\"pt-PT\",\"potentialAction\":[{\"@type\":\"CommentAction\",\"name\":\"Comment\",\"target\":[\"https:\\\/\\\/inclusivenews.com.br\\\/?p=15408#respond\"]}]},{\"@type\":\"WebPage\",\"@id\":\"https:\\\/\\\/inclusivenews.com.br\\\/?p=15408\",\"url\":\"https:\\\/\\\/inclusivenews.com.br\\\/?p=15408\",\"name\":\"A escola e a favela -\",\"isPartOf\":{\"@id\":\"https:\\\/\\\/inclusivenews.com.br\\\/#website\"},\"primaryImageOfPage\":{\"@id\":\"https:\\\/\\\/inclusivenews.com.br\\\/?p=15408#primaryimage\"},\"image\":{\"@id\":\"https:\\\/\\\/inclusivenews.com.br\\\/?p=15408#primaryimage\"},\"thumbnailUrl\":\"http:\\\/\\\/tupiwire.files.wordpress.com\\\/2010\\\/01\\\/favela-morumbi-sao-paulo.jpg\",\"datePublished\":\"2010-05-18T11:59:14+00:00\",\"breadcrumb\":{\"@id\":\"https:\\\/\\\/inclusivenews.com.br\\\/?p=15408#breadcrumb\"},\"inLanguage\":\"pt-PT\",\"potentialAction\":[{\"@type\":\"ReadAction\",\"target\":[\"https:\\\/\\\/inclusivenews.com.br\\\/?p=15408\"]}]},{\"@type\":\"ImageObject\",\"inLanguage\":\"pt-PT\",\"@id\":\"https:\\\/\\\/inclusivenews.com.br\\\/?p=15408#primaryimage\",\"url\":\"http:\\\/\\\/tupiwire.files.wordpress.com\\\/2010\\\/01\\\/favela-morumbi-sao-paulo.jpg\",\"contentUrl\":\"http:\\\/\\\/tupiwire.files.wordpress.com\\\/2010\\\/01\\\/favela-morumbi-sao-paulo.jpg\"},{\"@type\":\"BreadcrumbList\",\"@id\":\"https:\\\/\\\/inclusivenews.com.br\\\/?p=15408#breadcrumb\",\"itemListElement\":[{\"@type\":\"ListItem\",\"position\":1,\"name\":\"In\u00edcio\",\"item\":\"https:\\\/\\\/inclusivenews.com.br\\\/\"},{\"@type\":\"ListItem\",\"position\":2,\"name\":\"A escola e a favela\"}]},{\"@type\":\"WebSite\",\"@id\":\"https:\\\/\\\/inclusivenews.com.br\\\/#website\",\"url\":\"https:\\\/\\\/inclusivenews.com.br\\\/\",\"name\":\"Inclusive News\",\"description\":\"Inclusive News\",\"publisher\":{\"@id\":\"https:\\\/\\\/inclusivenews.com.br\\\/#organization\"},\"potentialAction\":[{\"@type\":\"SearchAction\",\"target\":{\"@type\":\"EntryPoint\",\"urlTemplate\":\"https:\\\/\\\/inclusivenews.com.br\\\/?s={search_term_string}\"},\"query-input\":{\"@type\":\"PropertyValueSpecification\",\"valueRequired\":true,\"valueName\":\"search_term_string\"}}],\"inLanguage\":\"pt-PT\"},{\"@type\":\"Organization\",\"@id\":\"https:\\\/\\\/inclusivenews.com.br\\\/#organization\",\"name\":\"Inclusive - inclus\u00e3o e cidadania\",\"url\":\"https:\\\/\\\/inclusivenews.com.br\\\/\",\"logo\":{\"@type\":\"ImageObject\",\"inLanguage\":\"pt-PT\",\"@id\":\"https:\\\/\\\/inclusivenews.com.br\\\/#\\\/schema\\\/logo\\\/image\\\/\",\"url\":\"https:\\\/\\\/inclusivenews.com.br\\\/wp-content\\\/uploads\\\/2024\\\/03\\\/@grandesite.png\",\"contentUrl\":\"https:\\\/\\\/inclusivenews.com.br\\\/wp-content\\\/uploads\\\/2024\\\/03\\\/@grandesite.png\",\"width\":1080,\"height\":1080,\"caption\":\"Inclusive - inclus\u00e3o e cidadania\"},\"image\":{\"@id\":\"https:\\\/\\\/inclusivenews.com.br\\\/#\\\/schema\\\/logo\\\/image\\\/\"},\"sameAs\":[\"https:\\\/\\\/www.facebook.com\\\/agenciainclusive\\\/\",\"https:\\\/\\\/www.instagram.com\\\/newsinclusive\\\/\"]},{\"@type\":\"Person\",\"@id\":\"https:\\\/\\\/inclusivenews.com.br\\\/#\\\/schema\\\/person\\\/ae4ec7087559b8692fb33b6fffd2273b\",\"name\":\"inclusivenews2024\",\"image\":{\"@type\":\"ImageObject\",\"inLanguage\":\"pt-PT\",\"@id\":\"https:\\\/\\\/secure.gravatar.com\\\/avatar\\\/c5a7ef84c66fa914f55bc4f7ce26cfa275a3b9a1c5568b907bd184fb4dde7b40?s=96&d=mm&r=g\",\"url\":\"https:\\\/\\\/secure.gravatar.com\\\/avatar\\\/c5a7ef84c66fa914f55bc4f7ce26cfa275a3b9a1c5568b907bd184fb4dde7b40?s=96&d=mm&r=g\",\"contentUrl\":\"https:\\\/\\\/secure.gravatar.com\\\/avatar\\\/c5a7ef84c66fa914f55bc4f7ce26cfa275a3b9a1c5568b907bd184fb4dde7b40?s=96&d=mm&r=g\",\"caption\":\"inclusivenews2024\"},\"sameAs\":[\"https:\\\/\\\/inclusivenews.com.br\"],\"url\":\"https:\\\/\\\/inclusivenews.com.br\\\/?author=1\"}]}<\/script>\n<!-- \/ Yoast SEO plugin. -->","yoast_head_json":{"title":"A escola e a favela -","robots":{"index":"index","follow":"follow","max-snippet":"max-snippet:-1","max-image-preview":"max-image-preview:large","max-video-preview":"max-video-preview:-1"},"canonical":"https:\/\/inclusivenews.com.br\/?p=15408","og_locale":"pt_PT","og_type":"article","og_title":"A escola e a favela -","og_description":"O livro \"A escola e a favela\" \u00e9 resultado de uma pesquisa que foi feita em quatro favelas por tr\u00eas professores que analisam o efeito da segrega\u00e7\u00e3o urbana sobre o processo escolar. A IHU On-Line entrevistou, por telefone, a professora \u00c2ngela Paiva, que falou sobre o crescimento do ensino b\u00e1sico e refletiu sobre a rela\u00e7\u00e3o da escola com o espa\u00e7o onde os alunos vivem. Do IHU on-line.","og_url":"https:\/\/inclusivenews.com.br\/?p=15408","article_publisher":"https:\/\/www.facebook.com\/agenciainclusive\/","article_published_time":"2010-05-18T11:59:14+00:00","og_image":[{"url":"http:\/\/tupiwire.files.wordpress.com\/2010\/01\/favela-morumbi-sao-paulo.jpg","type":"","width":"","height":""}],"author":"inclusivenews2024","twitter_card":"summary_large_image","twitter_misc":{"Escrito por":"inclusivenews2024","Tempo estimado de leitura":"8 minutos"},"schema":{"@context":"https:\/\/schema.org","@graph":[{"@type":"Article","@id":"https:\/\/inclusivenews.com.br\/?p=15408#article","isPartOf":{"@id":"https:\/\/inclusivenews.com.br\/?p=15408"},"author":{"name":"inclusivenews2024","@id":"https:\/\/inclusivenews.com.br\/#\/schema\/person\/ae4ec7087559b8692fb33b6fffd2273b"},"headline":"A escola e a favela","datePublished":"2010-05-18T11:59:14+00:00","mainEntityOfPage":{"@id":"https:\/\/inclusivenews.com.br\/?p=15408"},"wordCount":1541,"commentCount":1,"publisher":{"@id":"https:\/\/inclusivenews.com.br\/#organization"},"image":{"@id":"https:\/\/inclusivenews.com.br\/?p=15408#primaryimage"},"thumbnailUrl":"http:\/\/tupiwire.files.wordpress.com\/2010\/01\/favela-morumbi-sao-paulo.jpg","articleSection":["EDUCA\u00c7\u00c3O","ENTREVISTAS","INCLUS\u00c3O SOCIAL"],"inLanguage":"pt-PT","potentialAction":[{"@type":"CommentAction","name":"Comment","target":["https:\/\/inclusivenews.com.br\/?p=15408#respond"]}]},{"@type":"WebPage","@id":"https:\/\/inclusivenews.com.br\/?p=15408","url":"https:\/\/inclusivenews.com.br\/?p=15408","name":"A escola e a favela -","isPartOf":{"@id":"https:\/\/inclusivenews.com.br\/#website"},"primaryImageOfPage":{"@id":"https:\/\/inclusivenews.com.br\/?p=15408#primaryimage"},"image":{"@id":"https:\/\/inclusivenews.com.br\/?p=15408#primaryimage"},"thumbnailUrl":"http:\/\/tupiwire.files.wordpress.com\/2010\/01\/favela-morumbi-sao-paulo.jpg","datePublished":"2010-05-18T11:59:14+00:00","breadcrumb":{"@id":"https:\/\/inclusivenews.com.br\/?p=15408#breadcrumb"},"inLanguage":"pt-PT","potentialAction":[{"@type":"ReadAction","target":["https:\/\/inclusivenews.com.br\/?p=15408"]}]},{"@type":"ImageObject","inLanguage":"pt-PT","@id":"https:\/\/inclusivenews.com.br\/?p=15408#primaryimage","url":"http:\/\/tupiwire.files.wordpress.com\/2010\/01\/favela-morumbi-sao-paulo.jpg","contentUrl":"http:\/\/tupiwire.files.wordpress.com\/2010\/01\/favela-morumbi-sao-paulo.jpg"},{"@type":"BreadcrumbList","@id":"https:\/\/inclusivenews.com.br\/?p=15408#breadcrumb","itemListElement":[{"@type":"ListItem","position":1,"name":"In\u00edcio","item":"https:\/\/inclusivenews.com.br\/"},{"@type":"ListItem","position":2,"name":"A escola e a favela"}]},{"@type":"WebSite","@id":"https:\/\/inclusivenews.com.br\/#website","url":"https:\/\/inclusivenews.com.br\/","name":"Inclusive News","description":"Inclusive News","publisher":{"@id":"https:\/\/inclusivenews.com.br\/#organization"},"potentialAction":[{"@type":"SearchAction","target":{"@type":"EntryPoint","urlTemplate":"https:\/\/inclusivenews.com.br\/?s={search_term_string}"},"query-input":{"@type":"PropertyValueSpecification","valueRequired":true,"valueName":"search_term_string"}}],"inLanguage":"pt-PT"},{"@type":"Organization","@id":"https:\/\/inclusivenews.com.br\/#organization","name":"Inclusive - inclus\u00e3o e cidadania","url":"https:\/\/inclusivenews.com.br\/","logo":{"@type":"ImageObject","inLanguage":"pt-PT","@id":"https:\/\/inclusivenews.com.br\/#\/schema\/logo\/image\/","url":"https:\/\/inclusivenews.com.br\/wp-content\/uploads\/2024\/03\/@grandesite.png","contentUrl":"https:\/\/inclusivenews.com.br\/wp-content\/uploads\/2024\/03\/@grandesite.png","width":1080,"height":1080,"caption":"Inclusive - inclus\u00e3o e cidadania"},"image":{"@id":"https:\/\/inclusivenews.com.br\/#\/schema\/logo\/image\/"},"sameAs":["https:\/\/www.facebook.com\/agenciainclusive\/","https:\/\/www.instagram.com\/newsinclusive\/"]},{"@type":"Person","@id":"https:\/\/inclusivenews.com.br\/#\/schema\/person\/ae4ec7087559b8692fb33b6fffd2273b","name":"inclusivenews2024","image":{"@type":"ImageObject","inLanguage":"pt-PT","@id":"https:\/\/secure.gravatar.com\/avatar\/c5a7ef84c66fa914f55bc4f7ce26cfa275a3b9a1c5568b907bd184fb4dde7b40?s=96&d=mm&r=g","url":"https:\/\/secure.gravatar.com\/avatar\/c5a7ef84c66fa914f55bc4f7ce26cfa275a3b9a1c5568b907bd184fb4dde7b40?s=96&d=mm&r=g","contentUrl":"https:\/\/secure.gravatar.com\/avatar\/c5a7ef84c66fa914f55bc4f7ce26cfa275a3b9a1c5568b907bd184fb4dde7b40?s=96&d=mm&r=g","caption":"inclusivenews2024"},"sameAs":["https:\/\/inclusivenews.com.br"],"url":"https:\/\/inclusivenews.com.br\/?author=1"}]}},"_links":{"self":[{"href":"https:\/\/inclusivenews.com.br\/index.php?rest_route=\/wp\/v2\/posts\/15408","targetHints":{"allow":["GET"]}}],"collection":[{"href":"https:\/\/inclusivenews.com.br\/index.php?rest_route=\/wp\/v2\/posts"}],"about":[{"href":"https:\/\/inclusivenews.com.br\/index.php?rest_route=\/wp\/v2\/types\/post"}],"author":[{"embeddable":true,"href":"https:\/\/inclusivenews.com.br\/index.php?rest_route=\/wp\/v2\/users\/1"}],"replies":[{"embeddable":true,"href":"https:\/\/inclusivenews.com.br\/index.php?rest_route=%2Fwp%2Fv2%2Fcomments&post=15408"}],"version-history":[{"count":0,"href":"https:\/\/inclusivenews.com.br\/index.php?rest_route=\/wp\/v2\/posts\/15408\/revisions"}],"wp:attachment":[{"href":"https:\/\/inclusivenews.com.br\/index.php?rest_route=%2Fwp%2Fv2%2Fmedia&parent=15408"}],"wp:term":[{"taxonomy":"category","embeddable":true,"href":"https:\/\/inclusivenews.com.br\/index.php?rest_route=%2Fwp%2Fv2%2Fcategories&post=15408"},{"taxonomy":"post_tag","embeddable":true,"href":"https:\/\/inclusivenews.com.br\/index.php?rest_route=%2Fwp%2Fv2%2Ftags&post=15408"}],"curies":[{"name":"wp","href":"https:\/\/api.w.org\/{rel}","templated":true}]}}