{"id":15418,"date":"2010-05-18T08:36:45","date_gmt":"2010-05-18T11:36:45","guid":{"rendered":"http:\/\/www.inclusive.org.br\/?p=15418"},"modified":"2010-05-18T08:36:45","modified_gmt":"2010-05-18T11:36:45","slug":"do-preconceito-a-promocao-do-direito","status":"publish","type":"post","link":"https:\/\/inclusivenews.com.br\/?p=15418","title":{"rendered":"Do preconceito \u00e0 promo\u00e7\u00e3o do direito"},"content":{"rendered":"<figure id=\"attachment_12403\" aria-describedby=\"caption-attachment-12403\" style=\"width: 214px\" class=\"wp-caption alignleft\"><a href=\"http:\/\/www.inclusivenews.com.br\/wp-content\/uploads\/2009\/11\/diferente.jpg\"><img loading=\"lazy\" decoding=\"async\" class=\"size-full wp-image-12403\" title=\"Inclusive - Diferente - s\u00edmbolo matem\u00e1tico da diferen\u00e7a. Dois tra\u00e7os paralelos cortados na diagonal por outro tra\u00e7o.\" src=\"http:\/\/inclusivenews.com.br\/wp-content\/uploads\/2009\/11\/diferente.jpg\" alt=\"\" width=\"214\" height=\"149\" srcset=\"https:\/\/inclusivenews.com.br\/wp-content\/uploads\/2009\/11\/diferente.jpg 356w, https:\/\/inclusivenews.com.br\/wp-content\/uploads\/2009\/11\/diferente-300x210.jpg 300w\" sizes=\"auto, (max-width: 214px) 100vw, 214px\" \/><\/a><figcaption id=\"caption-attachment-12403\" class=\"wp-caption-text\"> <\/figcaption><\/figure>\n<p style=\"text-align: left;\"><strong>Por Roseli Fischmann*<\/strong><\/p>\n<div>\n<p>O amor homoafetivo esteve no centro de duas atitudes radicalmente opostas em termos \u00e9ticos e de respeito aos direitos humanos. De um lado, radicada no que h\u00e1 de mais brutal e retr\u00f3grado, uma publica\u00e7\u00e3o &#8211; atribu\u00edda a universit\u00e1rios, mas divulgada, na internet, no mais estrito anonimato dos autores &#8211; incitava \u00e0 viol\u00eancia contra os gays, sem meios-termos. De outro, amparada na \u00e9tica e voltada para o avan\u00e7o hist\u00f3rico, decis\u00e3o in\u00e9dita em n\u00edvel federal, do Supremo Tribunal de Justi\u00e7a (STJ), reconhecia a legalidade da ado\u00e7\u00e3o de crian\u00e7as por casal homossexual de Bag\u00e9 (RS).<\/p>\n<p>A grosseria do assim chamado &#8220;jornal&#8221; indica mais que conservadorismo. Ao relembrar seus leitores de fato vivido anteriormente, em festa na mesma faculdade, que envolveu viol\u00eancia contra estudantes gays, os autores do texto sinalizam o car\u00e1ter reincidente da proposta de agress\u00e3o para lidar com o que \u00e9 alvo de seu preconceito.<\/p>\n<p>Gordon Allport, autor do cl\u00e1ssico A Natureza do Preconceito, h\u00e1 mais de 50 anos j\u00e1 ensinava a complexidade dos mecanismos de discrimina\u00e7\u00e3o, alertando ser dif\u00edcil que diferentes casos, verificados na sociedade, possam ser explicados por uma \u00fanica teoria. Quando o preconceito se expressa em agress\u00e3o, pode haver uma frustra\u00e7\u00e3o que foi deslocada de seu objeto em dire\u00e7\u00e3o a quem \u00e9 agredido. Ou se poderia dizer que foi aplicada a teoria do bode expiat\u00f3rio sobre um grupo estigmatizado. Ou, ainda, poderia ser a evas\u00e3o de um eventual sentimento de culpa, por proje\u00e7\u00e3o. Sem contar as dificuldades em lidar com a pr\u00f3pria sexualidade, outra hip\u00f3tese que tem sido aventada em casos de homofobia como esse e que, segundo Allport, pode estar na base de diversos tipos de preconceito.<\/p>\n<p>O que ensina, ent\u00e3o, Allport \u00e9 que, al\u00e9m de n\u00e3o ser f\u00e1cil utilizar uma \u00fanica teoria explicativa, \u00e9 relevante lembrar que os mesmos sentimentos que podem direcionar um comportamento preconceituoso, eventualmente raivoso e violento, podem tamb\u00e9m encontrar encaminhamento apropriado e construtivo. Que algu\u00e9m tenha frustra\u00e7\u00f5es n\u00e3o justifica a agress\u00e3o, por exemplo, porque saber lidar com as frustra\u00e7\u00f5es, sem a elas sucumbir, \u00e9 ligado ao desenvolvimento humano. Compreender os pr\u00f3prios preconceitos e transform\u00e1-los, sem direcion\u00e1-los como discrimina\u00e7\u00e3o a terceiros, \u00e9 pr\u00f3prio da forma\u00e7\u00e3o da dignidade humana, na qual n\u00e3o h\u00e1 espa\u00e7o para &#8220;bodes expiat\u00f3rios&#8221;. Compreender e assumir suas responsabilidades, mais do que penalizar-se por eventuais culpas, sinaliza o comportamento \u00e9tico. Finalmente, estar em acordo com a pr\u00f3pria sexualidade \u00e9 um dos esteios da felicidade humana. Ou seja, buscar compreender os mecanismos de discrimina\u00e7\u00e3o n\u00e3o pode envolver a justifica\u00e7\u00e3o de atitudes de insulto, agress\u00e3o e viol\u00eancia.<\/p>\n<p>Tanto a imediata resposta do centro acad\u00eamico, repudiando o gesto discriminat\u00f3rio e violento, quanto a da dire\u00e7\u00e3o da faculdade, prontamente instaurando inqu\u00e9rito administrativo, s\u00e3o importantes para evitar que se dissemine a agress\u00e3o homof\u00f3bica, interna ou externamente \u00e0 institui\u00e7\u00e3o envolvida.<\/p>\n<p>J\u00e1 os pr\u00f3prios autores voltaram a se manifestar, outra vez de forma an\u00f4nima, dizendo que sua publica\u00e7\u00e3o seria de &#8220;humor escrachado&#8221;, sem inten\u00e7\u00e3o de &#8220;divulgar mensagens homof\u00f3bicas&#8221; ou de (em suas palavras) &#8220;insultar a viol\u00eancia&#8221;. O erro crasso n\u00e3o \u00e9 um detalhe: indica que, embora universit\u00e1rios, ao n\u00e3o saber a diferen\u00e7a entre &#8220;incitar \u00e0 viol\u00eancia&#8221; e &#8220;insultar a viol\u00eancia&#8221;, s\u00e3o incapazes tamb\u00e9m de discernir entre sua pr\u00f3pria limita\u00e7\u00e3o de compreens\u00e3o e de inser\u00e7\u00e3o social e pol\u00edtica e o que pretendem que seja &#8220;humor&#8221;, \u00e0s custas de ofensiva promo\u00e7\u00e3o da viol\u00eancia contra cidad\u00e3os e cidad\u00e3s de um Estado laico, que t\u00eam o direito constitucional ao respeito, sem nenhuma discrimina\u00e7\u00e3o.<\/p>\n<p>\u00c9 no \u00e2mbito dos direitos constitucionais que a decis\u00e3o do STJ vem atender a pend\u00eancia antiga, n\u00e3o apenas amparando uma fam\u00edlia constitu\u00edda por um casal de m\u00e3es l\u00e9sbicas e seus filhos adotivos, mas colaborando tamb\u00e9m para combater o preconceito no campo social, pelo reconhecimento de uma uni\u00e3o que, mais que sociedade de fato, \u00e9 sociedade de afeto (como elaborado pela advogada e desembargadora aposentada do TJ-RS Maria Berenice Dias). E, na decis\u00e3o do STF, passa a ser, tamb\u00e9m, sociedade de direito, no reconhecimento da ado\u00e7\u00e3o homoparental, que se faz em prol do sentido daquela fam\u00edlia e no interesse daquelas crian\u00e7as.<\/p>\n<p>Mais ainda, o combate efetivo ao preconceito, que essa medida representa, \u00e9 gesto em favor da democracia, que beneficia toda a cidadania, independentemente de orienta\u00e7\u00e3o sexual ou identidade de g\u00eanero.<\/p>\n<p>Como Theodor Adorno apurou em suas pesquisas sobre personalidade autorit\u00e1ria, quem acolhe o totalitarismo e o autoritarismo de todos os matizes, e assim fragiliza a democracia, s\u00e3o as mesmas pessoas que rejeitam a exist\u00eancia da diferen\u00e7a como fato entre todos os seres humanos (e n\u00e3o do &#8220;diferente&#8221;, essa categoria que a todos atinge, a depender do ponto de mirada).<\/p>\n<p>No caso da agress\u00e3o, n\u00e3o se sabe ainda qual ser\u00e1 o desdobramento do inqu\u00e9rito instaurado pela Pol\u00edcia Civil, a pedido da Defensoria P\u00fablica, aplicando lei estadual que multa quem comete homofobia. Mas talvez uma sugest\u00e3o seja que, em vez de se aplicar uma multa pecuni\u00e1ria, os autores da agress\u00e3o tenham de cumprir servi\u00e7os junto a entidades que defendem direitos de l\u00e9sbicas, gays, bissexuais, travestis e transg\u00eaneros, forma de receberem a educa\u00e7\u00e3o que, seja qual for a raz\u00e3o, a escola formal n\u00e3o conseguiu lhes oferecer.<\/p>\n<p>* Professora do programa de\u00a0p\u00f3s-gradua\u00e7\u00e3o em educa\u00e7\u00e3o da USP, coordena o N\u00facleo de Educa\u00e7\u00e3o em Direitos Humanos da Faculdade de Humanidades e Direito da Universidade Metodista de S\u00e3o Paulo e \u00e9 Expert UNESCO para a Coaliz\u00e3o de Cidades contra o Racismo e a Discrimina\u00e7\u00e3o<\/p>\n<p><strong>_______________<br \/>\n<\/strong><\/p>\n<p><strong>Fonte:<\/strong> <a href=\"http:\/\/www.irohin.org.br\/onl\/clip.php?sec=clip&amp;id=8042\">Jornal Irohin<\/a><\/p>\n<\/div>\n<div>\n<\/div>\n","protected":false},"excerpt":{"rendered":"<p>Enquanto texto atribu\u00eddo a universit\u00e1rios prega viol\u00eancia contra colegas gays, o STJ reconhece a legalidade de ado\u00e7\u00e3o por casal de l\u00e9sbicas do RS.<\/p>\n","protected":false},"author":1,"featured_media":0,"comment_status":"open","ping_status":"open","sticky":false,"template":"","format":"standard","meta":{"site-container-style":"default","site-container-layout":"default","site-sidebar-layout":"default","disable-article-header":"default","disable-site-header":"default","disable-site-footer":"default","disable-content-area-spacing":"default","footnotes":""},"categories":[8,49,41],"tags":[],"class_list":["post-15418","post","type-post","status-publish","format-standard","hentry","category-textos-e-artigos","category-politicas-publicas","category-preconceito"],"yoast_head":"<!-- This site is optimized with the Yoast SEO plugin v27.4 - https:\/\/yoast.com\/product\/yoast-seo-wordpress\/ -->\n<title>Do preconceito \u00e0 promo\u00e7\u00e3o do direito -<\/title>\n<meta name=\"robots\" content=\"index, follow, max-snippet:-1, max-image-preview:large, max-video-preview:-1\" \/>\n<link rel=\"canonical\" href=\"https:\/\/inclusivenews.com.br\/?p=15418\" \/>\n<meta property=\"og:locale\" content=\"pt_PT\" \/>\n<meta property=\"og:type\" content=\"article\" \/>\n<meta property=\"og:title\" content=\"Do preconceito \u00e0 promo\u00e7\u00e3o do direito -\" \/>\n<meta property=\"og:description\" content=\"Enquanto texto atribu\u00eddo a universit\u00e1rios prega viol\u00eancia contra colegas gays, o STJ reconhece a legalidade de ado\u00e7\u00e3o por casal de l\u00e9sbicas do RS.\" \/>\n<meta property=\"og:url\" content=\"https:\/\/inclusivenews.com.br\/?p=15418\" \/>\n<meta property=\"article:publisher\" content=\"https:\/\/www.facebook.com\/agenciainclusive\/\" \/>\n<meta property=\"article:published_time\" content=\"2010-05-18T11:36:45+00:00\" \/>\n<meta property=\"og:image\" content=\"http:\/\/inclusivenews.com.br\/wp-content\/uploads\/2009\/11\/diferente.jpg\" \/>\n<meta name=\"author\" content=\"inclusivenews2024\" \/>\n<meta name=\"twitter:card\" content=\"summary_large_image\" \/>\n<meta name=\"twitter:label1\" content=\"Escrito por\" \/>\n\t<meta name=\"twitter:data1\" content=\"inclusivenews2024\" \/>\n\t<meta name=\"twitter:label2\" content=\"Tempo estimado de leitura\" \/>\n\t<meta name=\"twitter:data2\" content=\"5 minutos\" \/>\n<script type=\"application\/ld+json\" class=\"yoast-schema-graph\">{\"@context\":\"https:\\\/\\\/schema.org\",\"@graph\":[{\"@type\":\"Article\",\"@id\":\"https:\\\/\\\/inclusivenews.com.br\\\/?p=15418#article\",\"isPartOf\":{\"@id\":\"https:\\\/\\\/inclusivenews.com.br\\\/?p=15418\"},\"author\":{\"name\":\"inclusivenews2024\",\"@id\":\"https:\\\/\\\/inclusivenews.com.br\\\/#\\\/schema\\\/person\\\/ae4ec7087559b8692fb33b6fffd2273b\"},\"headline\":\"Do preconceito \u00e0 promo\u00e7\u00e3o do direito\",\"datePublished\":\"2010-05-18T11:36:45+00:00\",\"mainEntityOfPage\":{\"@id\":\"https:\\\/\\\/inclusivenews.com.br\\\/?p=15418\"},\"wordCount\":1009,\"commentCount\":0,\"publisher\":{\"@id\":\"https:\\\/\\\/inclusivenews.com.br\\\/#organization\"},\"image\":{\"@id\":\"https:\\\/\\\/inclusivenews.com.br\\\/?p=15418#primaryimage\"},\"thumbnailUrl\":\"http:\\\/\\\/inclusivenews.com.br\\\/wp-content\\\/uploads\\\/2009\\\/11\\\/diferente.jpg\",\"articleSection\":[\"OPINI\u00c3O\",\"Pol\u00edticas p\u00fablicas\",\"Preconceito\"],\"inLanguage\":\"pt-PT\",\"potentialAction\":[{\"@type\":\"CommentAction\",\"name\":\"Comment\",\"target\":[\"https:\\\/\\\/inclusivenews.com.br\\\/?p=15418#respond\"]}]},{\"@type\":\"WebPage\",\"@id\":\"https:\\\/\\\/inclusivenews.com.br\\\/?p=15418\",\"url\":\"https:\\\/\\\/inclusivenews.com.br\\\/?p=15418\",\"name\":\"Do preconceito \u00e0 promo\u00e7\u00e3o do direito -\",\"isPartOf\":{\"@id\":\"https:\\\/\\\/inclusivenews.com.br\\\/#website\"},\"primaryImageOfPage\":{\"@id\":\"https:\\\/\\\/inclusivenews.com.br\\\/?p=15418#primaryimage\"},\"image\":{\"@id\":\"https:\\\/\\\/inclusivenews.com.br\\\/?p=15418#primaryimage\"},\"thumbnailUrl\":\"http:\\\/\\\/inclusivenews.com.br\\\/wp-content\\\/uploads\\\/2009\\\/11\\\/diferente.jpg\",\"datePublished\":\"2010-05-18T11:36:45+00:00\",\"breadcrumb\":{\"@id\":\"https:\\\/\\\/inclusivenews.com.br\\\/?p=15418#breadcrumb\"},\"inLanguage\":\"pt-PT\",\"potentialAction\":[{\"@type\":\"ReadAction\",\"target\":[\"https:\\\/\\\/inclusivenews.com.br\\\/?p=15418\"]}]},{\"@type\":\"ImageObject\",\"inLanguage\":\"pt-PT\",\"@id\":\"https:\\\/\\\/inclusivenews.com.br\\\/?p=15418#primaryimage\",\"url\":\"https:\\\/\\\/inclusivenews.com.br\\\/wp-content\\\/uploads\\\/2009\\\/11\\\/diferente.jpg\",\"contentUrl\":\"https:\\\/\\\/inclusivenews.com.br\\\/wp-content\\\/uploads\\\/2009\\\/11\\\/diferente.jpg\",\"width\":356,\"height\":249,\"caption\":\"Inclusive - Diferente - s\u00edmbolo matem\u00e1tico da diferen\u00e7a. Dois tra\u00e7os paralelos cortados na diagonal por outro tra\u00e7o.\"},{\"@type\":\"BreadcrumbList\",\"@id\":\"https:\\\/\\\/inclusivenews.com.br\\\/?p=15418#breadcrumb\",\"itemListElement\":[{\"@type\":\"ListItem\",\"position\":1,\"name\":\"In\u00edcio\",\"item\":\"https:\\\/\\\/inclusivenews.com.br\\\/\"},{\"@type\":\"ListItem\",\"position\":2,\"name\":\"Do preconceito \u00e0 promo\u00e7\u00e3o do direito\"}]},{\"@type\":\"WebSite\",\"@id\":\"https:\\\/\\\/inclusivenews.com.br\\\/#website\",\"url\":\"https:\\\/\\\/inclusivenews.com.br\\\/\",\"name\":\"Inclusive News\",\"description\":\"Inclusive News\",\"publisher\":{\"@id\":\"https:\\\/\\\/inclusivenews.com.br\\\/#organization\"},\"potentialAction\":[{\"@type\":\"SearchAction\",\"target\":{\"@type\":\"EntryPoint\",\"urlTemplate\":\"https:\\\/\\\/inclusivenews.com.br\\\/?s={search_term_string}\"},\"query-input\":{\"@type\":\"PropertyValueSpecification\",\"valueRequired\":true,\"valueName\":\"search_term_string\"}}],\"inLanguage\":\"pt-PT\"},{\"@type\":\"Organization\",\"@id\":\"https:\\\/\\\/inclusivenews.com.br\\\/#organization\",\"name\":\"Inclusive - inclus\u00e3o e cidadania\",\"url\":\"https:\\\/\\\/inclusivenews.com.br\\\/\",\"logo\":{\"@type\":\"ImageObject\",\"inLanguage\":\"pt-PT\",\"@id\":\"https:\\\/\\\/inclusivenews.com.br\\\/#\\\/schema\\\/logo\\\/image\\\/\",\"url\":\"https:\\\/\\\/inclusivenews.com.br\\\/wp-content\\\/uploads\\\/2024\\\/03\\\/@grandesite.png\",\"contentUrl\":\"https:\\\/\\\/inclusivenews.com.br\\\/wp-content\\\/uploads\\\/2024\\\/03\\\/@grandesite.png\",\"width\":1080,\"height\":1080,\"caption\":\"Inclusive - inclus\u00e3o e cidadania\"},\"image\":{\"@id\":\"https:\\\/\\\/inclusivenews.com.br\\\/#\\\/schema\\\/logo\\\/image\\\/\"},\"sameAs\":[\"https:\\\/\\\/www.facebook.com\\\/agenciainclusive\\\/\",\"https:\\\/\\\/www.instagram.com\\\/newsinclusive\\\/\"]},{\"@type\":\"Person\",\"@id\":\"https:\\\/\\\/inclusivenews.com.br\\\/#\\\/schema\\\/person\\\/ae4ec7087559b8692fb33b6fffd2273b\",\"name\":\"inclusivenews2024\",\"image\":{\"@type\":\"ImageObject\",\"inLanguage\":\"pt-PT\",\"@id\":\"https:\\\/\\\/secure.gravatar.com\\\/avatar\\\/c5a7ef84c66fa914f55bc4f7ce26cfa275a3b9a1c5568b907bd184fb4dde7b40?s=96&d=mm&r=g\",\"url\":\"https:\\\/\\\/secure.gravatar.com\\\/avatar\\\/c5a7ef84c66fa914f55bc4f7ce26cfa275a3b9a1c5568b907bd184fb4dde7b40?s=96&d=mm&r=g\",\"contentUrl\":\"https:\\\/\\\/secure.gravatar.com\\\/avatar\\\/c5a7ef84c66fa914f55bc4f7ce26cfa275a3b9a1c5568b907bd184fb4dde7b40?s=96&d=mm&r=g\",\"caption\":\"inclusivenews2024\"},\"sameAs\":[\"https:\\\/\\\/inclusivenews.com.br\"],\"url\":\"https:\\\/\\\/inclusivenews.com.br\\\/?author=1\"}]}<\/script>\n<!-- \/ Yoast SEO plugin. -->","yoast_head_json":{"title":"Do preconceito \u00e0 promo\u00e7\u00e3o do direito -","robots":{"index":"index","follow":"follow","max-snippet":"max-snippet:-1","max-image-preview":"max-image-preview:large","max-video-preview":"max-video-preview:-1"},"canonical":"https:\/\/inclusivenews.com.br\/?p=15418","og_locale":"pt_PT","og_type":"article","og_title":"Do preconceito \u00e0 promo\u00e7\u00e3o do direito -","og_description":"Enquanto texto atribu\u00eddo a universit\u00e1rios prega viol\u00eancia contra colegas gays, o STJ reconhece a legalidade de ado\u00e7\u00e3o por casal de l\u00e9sbicas do RS.","og_url":"https:\/\/inclusivenews.com.br\/?p=15418","article_publisher":"https:\/\/www.facebook.com\/agenciainclusive\/","article_published_time":"2010-05-18T11:36:45+00:00","og_image":[{"url":"http:\/\/inclusivenews.com.br\/wp-content\/uploads\/2009\/11\/diferente.jpg","type":"","width":"","height":""}],"author":"inclusivenews2024","twitter_card":"summary_large_image","twitter_misc":{"Escrito por":"inclusivenews2024","Tempo estimado de leitura":"5 minutos"},"schema":{"@context":"https:\/\/schema.org","@graph":[{"@type":"Article","@id":"https:\/\/inclusivenews.com.br\/?p=15418#article","isPartOf":{"@id":"https:\/\/inclusivenews.com.br\/?p=15418"},"author":{"name":"inclusivenews2024","@id":"https:\/\/inclusivenews.com.br\/#\/schema\/person\/ae4ec7087559b8692fb33b6fffd2273b"},"headline":"Do preconceito \u00e0 promo\u00e7\u00e3o do direito","datePublished":"2010-05-18T11:36:45+00:00","mainEntityOfPage":{"@id":"https:\/\/inclusivenews.com.br\/?p=15418"},"wordCount":1009,"commentCount":0,"publisher":{"@id":"https:\/\/inclusivenews.com.br\/#organization"},"image":{"@id":"https:\/\/inclusivenews.com.br\/?p=15418#primaryimage"},"thumbnailUrl":"http:\/\/inclusivenews.com.br\/wp-content\/uploads\/2009\/11\/diferente.jpg","articleSection":["OPINI\u00c3O","Pol\u00edticas p\u00fablicas","Preconceito"],"inLanguage":"pt-PT","potentialAction":[{"@type":"CommentAction","name":"Comment","target":["https:\/\/inclusivenews.com.br\/?p=15418#respond"]}]},{"@type":"WebPage","@id":"https:\/\/inclusivenews.com.br\/?p=15418","url":"https:\/\/inclusivenews.com.br\/?p=15418","name":"Do preconceito \u00e0 promo\u00e7\u00e3o do direito -","isPartOf":{"@id":"https:\/\/inclusivenews.com.br\/#website"},"primaryImageOfPage":{"@id":"https:\/\/inclusivenews.com.br\/?p=15418#primaryimage"},"image":{"@id":"https:\/\/inclusivenews.com.br\/?p=15418#primaryimage"},"thumbnailUrl":"http:\/\/inclusivenews.com.br\/wp-content\/uploads\/2009\/11\/diferente.jpg","datePublished":"2010-05-18T11:36:45+00:00","breadcrumb":{"@id":"https:\/\/inclusivenews.com.br\/?p=15418#breadcrumb"},"inLanguage":"pt-PT","potentialAction":[{"@type":"ReadAction","target":["https:\/\/inclusivenews.com.br\/?p=15418"]}]},{"@type":"ImageObject","inLanguage":"pt-PT","@id":"https:\/\/inclusivenews.com.br\/?p=15418#primaryimage","url":"https:\/\/inclusivenews.com.br\/wp-content\/uploads\/2009\/11\/diferente.jpg","contentUrl":"https:\/\/inclusivenews.com.br\/wp-content\/uploads\/2009\/11\/diferente.jpg","width":356,"height":249,"caption":"Inclusive - Diferente - s\u00edmbolo matem\u00e1tico da diferen\u00e7a. Dois tra\u00e7os paralelos cortados na diagonal por outro tra\u00e7o."},{"@type":"BreadcrumbList","@id":"https:\/\/inclusivenews.com.br\/?p=15418#breadcrumb","itemListElement":[{"@type":"ListItem","position":1,"name":"In\u00edcio","item":"https:\/\/inclusivenews.com.br\/"},{"@type":"ListItem","position":2,"name":"Do preconceito \u00e0 promo\u00e7\u00e3o do direito"}]},{"@type":"WebSite","@id":"https:\/\/inclusivenews.com.br\/#website","url":"https:\/\/inclusivenews.com.br\/","name":"Inclusive News","description":"Inclusive News","publisher":{"@id":"https:\/\/inclusivenews.com.br\/#organization"},"potentialAction":[{"@type":"SearchAction","target":{"@type":"EntryPoint","urlTemplate":"https:\/\/inclusivenews.com.br\/?s={search_term_string}"},"query-input":{"@type":"PropertyValueSpecification","valueRequired":true,"valueName":"search_term_string"}}],"inLanguage":"pt-PT"},{"@type":"Organization","@id":"https:\/\/inclusivenews.com.br\/#organization","name":"Inclusive - inclus\u00e3o e cidadania","url":"https:\/\/inclusivenews.com.br\/","logo":{"@type":"ImageObject","inLanguage":"pt-PT","@id":"https:\/\/inclusivenews.com.br\/#\/schema\/logo\/image\/","url":"https:\/\/inclusivenews.com.br\/wp-content\/uploads\/2024\/03\/@grandesite.png","contentUrl":"https:\/\/inclusivenews.com.br\/wp-content\/uploads\/2024\/03\/@grandesite.png","width":1080,"height":1080,"caption":"Inclusive - inclus\u00e3o e cidadania"},"image":{"@id":"https:\/\/inclusivenews.com.br\/#\/schema\/logo\/image\/"},"sameAs":["https:\/\/www.facebook.com\/agenciainclusive\/","https:\/\/www.instagram.com\/newsinclusive\/"]},{"@type":"Person","@id":"https:\/\/inclusivenews.com.br\/#\/schema\/person\/ae4ec7087559b8692fb33b6fffd2273b","name":"inclusivenews2024","image":{"@type":"ImageObject","inLanguage":"pt-PT","@id":"https:\/\/secure.gravatar.com\/avatar\/c5a7ef84c66fa914f55bc4f7ce26cfa275a3b9a1c5568b907bd184fb4dde7b40?s=96&d=mm&r=g","url":"https:\/\/secure.gravatar.com\/avatar\/c5a7ef84c66fa914f55bc4f7ce26cfa275a3b9a1c5568b907bd184fb4dde7b40?s=96&d=mm&r=g","contentUrl":"https:\/\/secure.gravatar.com\/avatar\/c5a7ef84c66fa914f55bc4f7ce26cfa275a3b9a1c5568b907bd184fb4dde7b40?s=96&d=mm&r=g","caption":"inclusivenews2024"},"sameAs":["https:\/\/inclusivenews.com.br"],"url":"https:\/\/inclusivenews.com.br\/?author=1"}]}},"_links":{"self":[{"href":"https:\/\/inclusivenews.com.br\/index.php?rest_route=\/wp\/v2\/posts\/15418","targetHints":{"allow":["GET"]}}],"collection":[{"href":"https:\/\/inclusivenews.com.br\/index.php?rest_route=\/wp\/v2\/posts"}],"about":[{"href":"https:\/\/inclusivenews.com.br\/index.php?rest_route=\/wp\/v2\/types\/post"}],"author":[{"embeddable":true,"href":"https:\/\/inclusivenews.com.br\/index.php?rest_route=\/wp\/v2\/users\/1"}],"replies":[{"embeddable":true,"href":"https:\/\/inclusivenews.com.br\/index.php?rest_route=%2Fwp%2Fv2%2Fcomments&post=15418"}],"version-history":[{"count":0,"href":"https:\/\/inclusivenews.com.br\/index.php?rest_route=\/wp\/v2\/posts\/15418\/revisions"}],"wp:attachment":[{"href":"https:\/\/inclusivenews.com.br\/index.php?rest_route=%2Fwp%2Fv2%2Fmedia&parent=15418"}],"wp:term":[{"taxonomy":"category","embeddable":true,"href":"https:\/\/inclusivenews.com.br\/index.php?rest_route=%2Fwp%2Fv2%2Fcategories&post=15418"},{"taxonomy":"post_tag","embeddable":true,"href":"https:\/\/inclusivenews.com.br\/index.php?rest_route=%2Fwp%2Fv2%2Ftags&post=15418"}],"curies":[{"name":"wp","href":"https:\/\/api.w.org\/{rel}","templated":true}]}}