{"id":15500,"date":"2010-05-24T06:01:48","date_gmt":"2010-05-24T09:01:48","guid":{"rendered":"http:\/\/www.inclusive.org.br\/?p=15500"},"modified":"2010-05-24T06:01:48","modified_gmt":"2010-05-24T09:01:48","slug":"encontro-reativa-esforcos-para-erradicar-trabalho-escravo","status":"publish","type":"post","link":"https:\/\/inclusivenews.com.br\/?p=15500","title":{"rendered":"Encontro reativa esfor\u00e7os para erradicar trabalho escravo"},"content":{"rendered":"<p><span class=\"linha-fina\"><em><a href=\"http:\/\/www.inclusivenews.com.br\/wp-content\/uploads\/2010\/04\/Reporter_Brasil.jpg\"><img loading=\"lazy\" decoding=\"async\" class=\"alignleft size-full wp-image-14778\" title=\"Rep\u00f3rter Brasil - o mapa brasileiro com o relevo de impress\u00e3o digital e o texto imitando o tipo de m\u00e1quina datilogr\u00e1fica.\" src=\"http:\/\/inclusivenews.com.br\/wp-content\/uploads\/2010\/04\/Reporter_Brasil.jpg\" alt=\"\" width=\"229\" height=\"107\" \/><\/a>I Encontro Nacional pela Erradica\u00e7\u00e3o do Trabalho Escravo, de 25 a 27 de maio em Bras\u00edlia (DF), reunir\u00e1 autoridades, especialistas, atores sociais engajados e p\u00fablico geral interessado no combate \u00e0 grave viola\u00e7\u00e3o dos direitos humanos<\/em><\/span><\/p>\n<p><strong>Por Rep\u00f3rter Brasil<\/strong><\/p>\n<p>Durante tr\u00eas dias, representantes do governo, de organiza\u00e7\u00f5es de empregadores e da sociedade civil, estar\u00e3o voltados para a discuss\u00e3o de um tema que, em pleno s\u00e9culo XXI, ainda preocupa o Brasil: o trabalho escravo.<\/p>\n<p>O I Encontro Nacional pela Erradica\u00e7\u00e3o do Trabalho Escravo &#8211;\u00a0promovido pela Secretaria de Direitos Humanos (SEDH) da Presid\u00eancia da Rep\u00fablica, pela Comiss\u00e3o Nacional para a Erradica\u00e7\u00e3o do Trabalho Escravo (Conatrae) e pela Organiza\u00e7\u00e3o Internacional do Trabalho (OIT) &#8211;\u00a0reunir\u00e1 autoridades, especialistas e representantes de setores envolvidos no sentido de\u00a0<a href=\"http:\/\/www.reporterbrasil.org.br\/exibe.php?id=1700\">refor\u00e7ar o combate a esta grave viola\u00e7\u00e3o dos direitos humanos<\/a>.<\/p>\n<p>A abertura ser\u00e1 realizada no dia 25 de maio (ter\u00e7a-feira), \u00e0s 19 horas, no audit\u00f3rio principal da Procuradoria Geral da Rep\u00fablica (PGR), em Bras\u00edlia (DF).\u00a0Estar\u00e3o presentes quatro ministros (Paulo Vannuchi, dos Direitos Humanos; Carlos Lupi, do Trabalho e Emprego; Guilherme Cassel, do Desenvolvimento Agr\u00e1rio; e Wagner Rossi, da Agricultura e Pecu\u00e1ria), al\u00e9m do Diretor da OIT para a Am\u00e9rica Latina e o Caribe, Jean Maninat.<\/p>\n<p>Os atores Wagner Moura e\u00a0Leonardo Vieira, acompanhados da atriz Vic Militello, ser\u00e3o os mestres de cerim\u00f4nia.<\/p>\n<p>Al\u00e9m das discuss\u00f5es de\u00a0mesas de debates\u00a0que tratar\u00e3o de diversos aspectos ligados ao tema &#8211;\u00a0\u00a0<em>&#8220;Por que o trabalho escravo persiste?&#8221;, &#8220;O Papel do Congresso Nacional no Combate ao Trabalho Escravo&#8221; e\u00a0&#8220;Trabalho Escravo e Responsabilidade Empresarial&#8221; -,<\/em> dois atos dever\u00e3o marcar o evento.<\/p>\n<p>No dia 26, \u00e0s 13 horas, haver\u00e1 uma audi\u00eancia na C\u00e2mara dos Deputados para a entrega de um abaixo-assinado pedindo a urgente aprova\u00e7\u00e3o da <a href=\"http:\/\/www.trabalhoescravo.org.br\">Proposta de Emenda Constitucional (PEC) 438\/2001<\/a>, que prev\u00ea o confisco de terras de quem utilizou trabalho escravo.<\/p>\n<p>No dia 27, os participantes do Encontro dever\u00e3o realizar um ato p\u00fablico no gramado em frente ao Congresso Nacional pedindo a aprova\u00e7\u00e3o da chamada &#8220;PEC do Trabalho&#8221; Escravo, em evento marcado para as 14h30.<\/p>\n<p>Apesar do reconhecimento dos\u00a0avan\u00e7os brasileiros no combate ao trabalho escravo por entidades internacionais como a OIT, o problema ainda persiste e\u00a0est\u00e1 ligado a\u00a0importantes setores econ\u00f4micos. Desde o in\u00edcio das opera\u00e7\u00f5es do grupo m\u00f3vel de fiscaliza\u00e7\u00e3o do governo federal, em 1995, mais de 36 mil trabalhadores foram libertados dessa condi\u00e7\u00e3o em todo o pa\u00eds.<\/p>\n<p>A entrada \u00e9 gratuita e a inscri\u00e7\u00e3o ser\u00e1 feita no local do evento. Ser\u00e3o concedidos certificados para os participantes dos tr\u00eas dias do evento.<\/p>\n<p><strong>Servi\u00e7o:<br \/>\nI Encontro Nacional pela Erradica\u00e7\u00e3o do Trabalho Escravo<br \/>\n<\/strong>25 a 27 de maio de 2010<br \/>\nAudit\u00f3rio Principal da Procuradoria Geral da Rep\u00fablica (PGR)<br \/>\nSAF (Setor de Administra\u00e7\u00e3o Federal Sul), Quadra 4, Lote 3<br \/>\nZona Civico Administrativa\u00a0 Bras\u00edlia (DF)<br \/>\nInforma\u00e7\u00f5es: (61) 3105-6403<\/p>\n<p><strong>Agenda:<\/strong><br \/>\n<strong>25 de maio, 19h<\/strong> &#8211; Abertura<br \/>\n<strong>26 de maio,\u00a0manh\u00e3<\/strong> &#8211; Mesas de debates (<em>Por que o trabalho escravo persiste?<\/em> e <em>Pol\u00edticas de repress\u00e3o e o Sistema de Justi\u00e7a<\/em>)<br \/>\n<strong>26 de maio, 13h<\/strong> &#8211; Audi\u00eancia na C\u00e2mara dos Deputados para entrega de centenas de milhares de assinaturas da sociedade civil pela aprova\u00e7\u00e3o da PEC do Trabalho Escravo (PEC 438\/2001)<br \/>\n<strong>26 de maio,\u00a0tarde<\/strong> &#8211; Mesas de debates (<em>O Papel do Congresso Nacional no Combate ao Trabalho Escravo<\/em> e <em>Trabalho escravo e Tr\u00e1fico de Pessoas: Pol\u00edticas de Preven\u00e7\u00e3o e Assist\u00eancia \u00e0s V\u00edtimas<\/em>)<br \/>\n<strong>27 de maio,\u00a0manh\u00e3<\/strong> &#8211; Mesas de debates (<em>Trabalho Escravo e Responsabilidade Empresarial<\/em> e <em>O que falta fazer para erradicar?)<\/em><br \/>\n<strong>26 de maio, 12h30<\/strong> &#8211; Leitura da <em>Carta da Liberdade<\/em> &#8211; resultados do evento<br \/>\n<strong>27 de maio, 14h30<\/strong> &#8211; Ato p\u00fablico com participantes pela aprova\u00e7\u00e3o da PEC do Trabalho Escravo (PEC 438\/2001) em frente ao Congresso Nacional<\/p>\n<p><strong>Mais informa\u00e7\u00f5es:<\/strong><br \/>\n&#8211; Leonardo Sakamoto &#8211; ONG Rep\u00f3rter Brasil<br \/>\n<a href=\"mailto:sakamoto@reporterbrasil.com.br\">sakamoto@reporterbrasil.com.br<\/a><br \/>\n(11) 2506-6570 e (11) 9713-9700<\/p>\n<p>&#8211; Severino Goes &#8211;\u00a0OIT<br \/>\n<a href=\"mailto:goes@oitbrasil.org.br\">goes@oitbrasil.org.br<\/a><br \/>\n(61) 9981-2187 e (61) 2106-4634<\/p>\n<p>&#8211; Vanice Cioccari &#8211;\u00a0SEDH\/Presid\u00eancia da Rep\u00fablica<br \/>\n<a href=\"mailto:vanice.cioccari@sedh.gov.br\">vanice.cioccari@sedh.gov.br<\/a><br \/>\n(61) 2025-3976 e (61) 9304-0021<br \/>\n__________________<\/p>\n<p><strong>Fonte:<\/strong> <a href=\"http:\/\/www.reporterbrasil.com.br\/exibe.php?id=1740\">Rep\u00f3rter Brasil<\/a><\/p>\n","protected":false},"excerpt":{"rendered":"<p>I Encontro Nacional pela Erradica\u00e7\u00e3o do Trabalho Escravo, de 25 a 27 de maio em Bras\u00edlia (DF), reunir\u00e1 autoridades, especialistas, atores sociais engajados e p\u00fablico geral interessado no combate \u00e0 grave viola\u00e7\u00e3o dos direitos humanos<\/p>\n","protected":false},"author":1,"featured_media":0,"comment_status":"open","ping_status":"open","sticky":false,"template":"","format":"standard","meta":{"site-container-style":"default","site-container-layout":"default","site-sidebar-layout":"default","disable-article-header":"default","disable-site-header":"default","disable-site-footer":"default","disable-content-area-spacing":"default","footnotes":""},"categories":[12,11,4],"tags":[],"class_list":["post-15500","post","type-post","status-publish","format-standard","hentry","category-cursos-e-eventos","category-direitos-humanos","category-noticias"],"yoast_head":"<!-- This site is optimized with the Yoast SEO plugin v27.4 - https:\/\/yoast.com\/product\/yoast-seo-wordpress\/ -->\n<title>Encontro reativa esfor\u00e7os para erradicar trabalho escravo -<\/title>\n<meta name=\"robots\" content=\"index, follow, max-snippet:-1, max-image-preview:large, max-video-preview:-1\" \/>\n<link rel=\"canonical\" href=\"https:\/\/inclusivenews.com.br\/?p=15500\" \/>\n<meta property=\"og:locale\" content=\"pt_PT\" \/>\n<meta property=\"og:type\" content=\"article\" \/>\n<meta property=\"og:title\" content=\"Encontro reativa esfor\u00e7os para erradicar trabalho escravo -\" \/>\n<meta property=\"og:description\" content=\"I Encontro Nacional pela Erradica\u00e7\u00e3o do Trabalho Escravo, de 25 a 27 de maio em Bras\u00edlia (DF), reunir\u00e1 autoridades, especialistas, atores sociais engajados e p\u00fablico geral interessado no combate \u00e0 grave viola\u00e7\u00e3o dos direitos humanos\" \/>\n<meta property=\"og:url\" content=\"https:\/\/inclusivenews.com.br\/?p=15500\" \/>\n<meta property=\"article:publisher\" content=\"https:\/\/www.facebook.com\/agenciainclusive\/\" \/>\n<meta property=\"article:published_time\" content=\"2010-05-24T09:01:48+00:00\" \/>\n<meta property=\"og:image\" content=\"http:\/\/inclusivenews.com.br\/wp-content\/uploads\/2010\/04\/Reporter_Brasil.jpg\" \/>\n<meta name=\"author\" content=\"inclusivenews2024\" \/>\n<meta name=\"twitter:card\" content=\"summary_large_image\" \/>\n<meta name=\"twitter:label1\" content=\"Escrito por\" \/>\n\t<meta name=\"twitter:data1\" content=\"inclusivenews2024\" \/>\n\t<meta name=\"twitter:label2\" content=\"Tempo estimado de leitura\" \/>\n\t<meta name=\"twitter:data2\" content=\"4 minutos\" \/>\n<script type=\"application\/ld+json\" class=\"yoast-schema-graph\">{\"@context\":\"https:\\\/\\\/schema.org\",\"@graph\":[{\"@type\":\"Article\",\"@id\":\"https:\\\/\\\/inclusivenews.com.br\\\/?p=15500#article\",\"isPartOf\":{\"@id\":\"https:\\\/\\\/inclusivenews.com.br\\\/?p=15500\"},\"author\":{\"name\":\"inclusivenews2024\",\"@id\":\"https:\\\/\\\/inclusivenews.com.br\\\/#\\\/schema\\\/person\\\/ae4ec7087559b8692fb33b6fffd2273b\"},\"headline\":\"Encontro reativa esfor\u00e7os para erradicar trabalho escravo\",\"datePublished\":\"2010-05-24T09:01:48+00:00\",\"mainEntityOfPage\":{\"@id\":\"https:\\\/\\\/inclusivenews.com.br\\\/?p=15500\"},\"wordCount\":709,\"commentCount\":0,\"publisher\":{\"@id\":\"https:\\\/\\\/inclusivenews.com.br\\\/#organization\"},\"image\":{\"@id\":\"https:\\\/\\\/inclusivenews.com.br\\\/?p=15500#primaryimage\"},\"thumbnailUrl\":\"http:\\\/\\\/inclusivenews.com.br\\\/wp-content\\\/uploads\\\/2010\\\/04\\\/Reporter_Brasil.jpg\",\"articleSection\":[\"Cursos e eventos\",\"DIREITOS HUMANOS\",\"NOT\u00cdCIAS\"],\"inLanguage\":\"pt-PT\",\"potentialAction\":[{\"@type\":\"CommentAction\",\"name\":\"Comment\",\"target\":[\"https:\\\/\\\/inclusivenews.com.br\\\/?p=15500#respond\"]}]},{\"@type\":\"WebPage\",\"@id\":\"https:\\\/\\\/inclusivenews.com.br\\\/?p=15500\",\"url\":\"https:\\\/\\\/inclusivenews.com.br\\\/?p=15500\",\"name\":\"Encontro reativa esfor\u00e7os para erradicar trabalho escravo -\",\"isPartOf\":{\"@id\":\"https:\\\/\\\/inclusivenews.com.br\\\/#website\"},\"primaryImageOfPage\":{\"@id\":\"https:\\\/\\\/inclusivenews.com.br\\\/?p=15500#primaryimage\"},\"image\":{\"@id\":\"https:\\\/\\\/inclusivenews.com.br\\\/?p=15500#primaryimage\"},\"thumbnailUrl\":\"http:\\\/\\\/inclusivenews.com.br\\\/wp-content\\\/uploads\\\/2010\\\/04\\\/Reporter_Brasil.jpg\",\"datePublished\":\"2010-05-24T09:01:48+00:00\",\"breadcrumb\":{\"@id\":\"https:\\\/\\\/inclusivenews.com.br\\\/?p=15500#breadcrumb\"},\"inLanguage\":\"pt-PT\",\"potentialAction\":[{\"@type\":\"ReadAction\",\"target\":[\"https:\\\/\\\/inclusivenews.com.br\\\/?p=15500\"]}]},{\"@type\":\"ImageObject\",\"inLanguage\":\"pt-PT\",\"@id\":\"https:\\\/\\\/inclusivenews.com.br\\\/?p=15500#primaryimage\",\"url\":\"\",\"contentUrl\":\"\"},{\"@type\":\"BreadcrumbList\",\"@id\":\"https:\\\/\\\/inclusivenews.com.br\\\/?p=15500#breadcrumb\",\"itemListElement\":[{\"@type\":\"ListItem\",\"position\":1,\"name\":\"In\u00edcio\",\"item\":\"https:\\\/\\\/inclusivenews.com.br\\\/\"},{\"@type\":\"ListItem\",\"position\":2,\"name\":\"Encontro reativa esfor\u00e7os para erradicar trabalho escravo\"}]},{\"@type\":\"WebSite\",\"@id\":\"https:\\\/\\\/inclusivenews.com.br\\\/#website\",\"url\":\"https:\\\/\\\/inclusivenews.com.br\\\/\",\"name\":\"Inclusive News\",\"description\":\"Inclusive News\",\"publisher\":{\"@id\":\"https:\\\/\\\/inclusivenews.com.br\\\/#organization\"},\"potentialAction\":[{\"@type\":\"SearchAction\",\"target\":{\"@type\":\"EntryPoint\",\"urlTemplate\":\"https:\\\/\\\/inclusivenews.com.br\\\/?s={search_term_string}\"},\"query-input\":{\"@type\":\"PropertyValueSpecification\",\"valueRequired\":true,\"valueName\":\"search_term_string\"}}],\"inLanguage\":\"pt-PT\"},{\"@type\":\"Organization\",\"@id\":\"https:\\\/\\\/inclusivenews.com.br\\\/#organization\",\"name\":\"Inclusive - inclus\u00e3o e cidadania\",\"url\":\"https:\\\/\\\/inclusivenews.com.br\\\/\",\"logo\":{\"@type\":\"ImageObject\",\"inLanguage\":\"pt-PT\",\"@id\":\"https:\\\/\\\/inclusivenews.com.br\\\/#\\\/schema\\\/logo\\\/image\\\/\",\"url\":\"https:\\\/\\\/inclusivenews.com.br\\\/wp-content\\\/uploads\\\/2024\\\/03\\\/@grandesite.png\",\"contentUrl\":\"https:\\\/\\\/inclusivenews.com.br\\\/wp-content\\\/uploads\\\/2024\\\/03\\\/@grandesite.png\",\"width\":1080,\"height\":1080,\"caption\":\"Inclusive - inclus\u00e3o e cidadania\"},\"image\":{\"@id\":\"https:\\\/\\\/inclusivenews.com.br\\\/#\\\/schema\\\/logo\\\/image\\\/\"},\"sameAs\":[\"https:\\\/\\\/www.facebook.com\\\/agenciainclusive\\\/\",\"https:\\\/\\\/www.instagram.com\\\/newsinclusive\\\/\"]},{\"@type\":\"Person\",\"@id\":\"https:\\\/\\\/inclusivenews.com.br\\\/#\\\/schema\\\/person\\\/ae4ec7087559b8692fb33b6fffd2273b\",\"name\":\"inclusivenews2024\",\"image\":{\"@type\":\"ImageObject\",\"inLanguage\":\"pt-PT\",\"@id\":\"https:\\\/\\\/secure.gravatar.com\\\/avatar\\\/c5a7ef84c66fa914f55bc4f7ce26cfa275a3b9a1c5568b907bd184fb4dde7b40?s=96&d=mm&r=g\",\"url\":\"https:\\\/\\\/secure.gravatar.com\\\/avatar\\\/c5a7ef84c66fa914f55bc4f7ce26cfa275a3b9a1c5568b907bd184fb4dde7b40?s=96&d=mm&r=g\",\"contentUrl\":\"https:\\\/\\\/secure.gravatar.com\\\/avatar\\\/c5a7ef84c66fa914f55bc4f7ce26cfa275a3b9a1c5568b907bd184fb4dde7b40?s=96&d=mm&r=g\",\"caption\":\"inclusivenews2024\"},\"sameAs\":[\"https:\\\/\\\/inclusivenews.com.br\"],\"url\":\"https:\\\/\\\/inclusivenews.com.br\\\/?author=1\"}]}<\/script>\n<!-- \/ Yoast SEO plugin. -->","yoast_head_json":{"title":"Encontro reativa esfor\u00e7os para erradicar trabalho escravo -","robots":{"index":"index","follow":"follow","max-snippet":"max-snippet:-1","max-image-preview":"max-image-preview:large","max-video-preview":"max-video-preview:-1"},"canonical":"https:\/\/inclusivenews.com.br\/?p=15500","og_locale":"pt_PT","og_type":"article","og_title":"Encontro reativa esfor\u00e7os para erradicar trabalho escravo -","og_description":"I Encontro Nacional pela Erradica\u00e7\u00e3o do Trabalho Escravo, de 25 a 27 de maio em Bras\u00edlia (DF), reunir\u00e1 autoridades, especialistas, atores sociais engajados e p\u00fablico geral interessado no combate \u00e0 grave viola\u00e7\u00e3o dos direitos humanos","og_url":"https:\/\/inclusivenews.com.br\/?p=15500","article_publisher":"https:\/\/www.facebook.com\/agenciainclusive\/","article_published_time":"2010-05-24T09:01:48+00:00","og_image":[{"url":"http:\/\/inclusivenews.com.br\/wp-content\/uploads\/2010\/04\/Reporter_Brasil.jpg","type":"","width":"","height":""}],"author":"inclusivenews2024","twitter_card":"summary_large_image","twitter_misc":{"Escrito por":"inclusivenews2024","Tempo estimado de leitura":"4 minutos"},"schema":{"@context":"https:\/\/schema.org","@graph":[{"@type":"Article","@id":"https:\/\/inclusivenews.com.br\/?p=15500#article","isPartOf":{"@id":"https:\/\/inclusivenews.com.br\/?p=15500"},"author":{"name":"inclusivenews2024","@id":"https:\/\/inclusivenews.com.br\/#\/schema\/person\/ae4ec7087559b8692fb33b6fffd2273b"},"headline":"Encontro reativa esfor\u00e7os para erradicar trabalho escravo","datePublished":"2010-05-24T09:01:48+00:00","mainEntityOfPage":{"@id":"https:\/\/inclusivenews.com.br\/?p=15500"},"wordCount":709,"commentCount":0,"publisher":{"@id":"https:\/\/inclusivenews.com.br\/#organization"},"image":{"@id":"https:\/\/inclusivenews.com.br\/?p=15500#primaryimage"},"thumbnailUrl":"http:\/\/inclusivenews.com.br\/wp-content\/uploads\/2010\/04\/Reporter_Brasil.jpg","articleSection":["Cursos e eventos","DIREITOS HUMANOS","NOT\u00cdCIAS"],"inLanguage":"pt-PT","potentialAction":[{"@type":"CommentAction","name":"Comment","target":["https:\/\/inclusivenews.com.br\/?p=15500#respond"]}]},{"@type":"WebPage","@id":"https:\/\/inclusivenews.com.br\/?p=15500","url":"https:\/\/inclusivenews.com.br\/?p=15500","name":"Encontro reativa esfor\u00e7os para erradicar trabalho escravo -","isPartOf":{"@id":"https:\/\/inclusivenews.com.br\/#website"},"primaryImageOfPage":{"@id":"https:\/\/inclusivenews.com.br\/?p=15500#primaryimage"},"image":{"@id":"https:\/\/inclusivenews.com.br\/?p=15500#primaryimage"},"thumbnailUrl":"http:\/\/inclusivenews.com.br\/wp-content\/uploads\/2010\/04\/Reporter_Brasil.jpg","datePublished":"2010-05-24T09:01:48+00:00","breadcrumb":{"@id":"https:\/\/inclusivenews.com.br\/?p=15500#breadcrumb"},"inLanguage":"pt-PT","potentialAction":[{"@type":"ReadAction","target":["https:\/\/inclusivenews.com.br\/?p=15500"]}]},{"@type":"ImageObject","inLanguage":"pt-PT","@id":"https:\/\/inclusivenews.com.br\/?p=15500#primaryimage","url":"","contentUrl":""},{"@type":"BreadcrumbList","@id":"https:\/\/inclusivenews.com.br\/?p=15500#breadcrumb","itemListElement":[{"@type":"ListItem","position":1,"name":"In\u00edcio","item":"https:\/\/inclusivenews.com.br\/"},{"@type":"ListItem","position":2,"name":"Encontro reativa esfor\u00e7os para erradicar trabalho escravo"}]},{"@type":"WebSite","@id":"https:\/\/inclusivenews.com.br\/#website","url":"https:\/\/inclusivenews.com.br\/","name":"Inclusive News","description":"Inclusive News","publisher":{"@id":"https:\/\/inclusivenews.com.br\/#organization"},"potentialAction":[{"@type":"SearchAction","target":{"@type":"EntryPoint","urlTemplate":"https:\/\/inclusivenews.com.br\/?s={search_term_string}"},"query-input":{"@type":"PropertyValueSpecification","valueRequired":true,"valueName":"search_term_string"}}],"inLanguage":"pt-PT"},{"@type":"Organization","@id":"https:\/\/inclusivenews.com.br\/#organization","name":"Inclusive - inclus\u00e3o e cidadania","url":"https:\/\/inclusivenews.com.br\/","logo":{"@type":"ImageObject","inLanguage":"pt-PT","@id":"https:\/\/inclusivenews.com.br\/#\/schema\/logo\/image\/","url":"https:\/\/inclusivenews.com.br\/wp-content\/uploads\/2024\/03\/@grandesite.png","contentUrl":"https:\/\/inclusivenews.com.br\/wp-content\/uploads\/2024\/03\/@grandesite.png","width":1080,"height":1080,"caption":"Inclusive - inclus\u00e3o e cidadania"},"image":{"@id":"https:\/\/inclusivenews.com.br\/#\/schema\/logo\/image\/"},"sameAs":["https:\/\/www.facebook.com\/agenciainclusive\/","https:\/\/www.instagram.com\/newsinclusive\/"]},{"@type":"Person","@id":"https:\/\/inclusivenews.com.br\/#\/schema\/person\/ae4ec7087559b8692fb33b6fffd2273b","name":"inclusivenews2024","image":{"@type":"ImageObject","inLanguage":"pt-PT","@id":"https:\/\/secure.gravatar.com\/avatar\/c5a7ef84c66fa914f55bc4f7ce26cfa275a3b9a1c5568b907bd184fb4dde7b40?s=96&d=mm&r=g","url":"https:\/\/secure.gravatar.com\/avatar\/c5a7ef84c66fa914f55bc4f7ce26cfa275a3b9a1c5568b907bd184fb4dde7b40?s=96&d=mm&r=g","contentUrl":"https:\/\/secure.gravatar.com\/avatar\/c5a7ef84c66fa914f55bc4f7ce26cfa275a3b9a1c5568b907bd184fb4dde7b40?s=96&d=mm&r=g","caption":"inclusivenews2024"},"sameAs":["https:\/\/inclusivenews.com.br"],"url":"https:\/\/inclusivenews.com.br\/?author=1"}]}},"_links":{"self":[{"href":"https:\/\/inclusivenews.com.br\/index.php?rest_route=\/wp\/v2\/posts\/15500","targetHints":{"allow":["GET"]}}],"collection":[{"href":"https:\/\/inclusivenews.com.br\/index.php?rest_route=\/wp\/v2\/posts"}],"about":[{"href":"https:\/\/inclusivenews.com.br\/index.php?rest_route=\/wp\/v2\/types\/post"}],"author":[{"embeddable":true,"href":"https:\/\/inclusivenews.com.br\/index.php?rest_route=\/wp\/v2\/users\/1"}],"replies":[{"embeddable":true,"href":"https:\/\/inclusivenews.com.br\/index.php?rest_route=%2Fwp%2Fv2%2Fcomments&post=15500"}],"version-history":[{"count":0,"href":"https:\/\/inclusivenews.com.br\/index.php?rest_route=\/wp\/v2\/posts\/15500\/revisions"}],"wp:attachment":[{"href":"https:\/\/inclusivenews.com.br\/index.php?rest_route=%2Fwp%2Fv2%2Fmedia&parent=15500"}],"wp:term":[{"taxonomy":"category","embeddable":true,"href":"https:\/\/inclusivenews.com.br\/index.php?rest_route=%2Fwp%2Fv2%2Fcategories&post=15500"},{"taxonomy":"post_tag","embeddable":true,"href":"https:\/\/inclusivenews.com.br\/index.php?rest_route=%2Fwp%2Fv2%2Ftags&post=15500"}],"curies":[{"name":"wp","href":"https:\/\/api.w.org\/{rel}","templated":true}]}}