{"id":15502,"date":"2010-05-20T09:06:35","date_gmt":"2010-05-20T12:06:35","guid":{"rendered":"http:\/\/www.inclusive.org.br\/?p=15502"},"modified":"2010-05-20T09:06:35","modified_gmt":"2010-05-20T12:06:35","slug":"melhores-praticas-inclusivas-serao-apresentadas-em-evento","status":"publish","type":"post","link":"https:\/\/inclusivenews.com.br\/?p=15502","title":{"rendered":"Melhores pr\u00e1ticas inclusivas ser\u00e3o apresentadas em evento"},"content":{"rendered":"<figure id=\"attachment_12740\" aria-describedby=\"caption-attachment-12740\" style=\"width: 213px\" class=\"wp-caption alignleft\"><a href=\"http:\/\/www.inclusivenews.com.br\/wp-content\/uploads\/2009\/11\/PREMIO-EXPERIENCIAS-EDUCACIONAIS-INCLUSIVAS.JPG\"><img loading=\"lazy\" decoding=\"async\" class=\"size-full wp-image-12740\" title=\"Pr\u00eamio Experi\u00eancias Educacioanais Inclusivas\" src=\"http:\/\/inclusivenews.com.br\/wp-content\/uploads\/2009\/11\/PREMIO-EXPERIENCIAS-EDUCACIONAIS-INCLUSIVAS.JPG\" alt=\"\" width=\"213\" height=\"131\" \/><\/a><figcaption id=\"caption-attachment-12740\" class=\"wp-caption-text\"> <\/figcaption><\/figure>\n<p><span id=\"ctl00_cphMaster_ctl00_lblLead\" class=\"TextoAzul\"><em>Os vencedores do Pr\u00eamio Experi\u00eancias Educacionais Inclusivas ser\u00e3o conhecidos na pr\u00f3xima segunda-feira, 24, em Bras\u00edlia, na abertura do semin\u00e1rio internacional A Escola Aprendendo com as Diferen\u00e7as.<\/em><span id=\"ctl00_cphMaster_ctl00_lblDescricao\" class=\"TextoCinza\"> <\/span><\/span><\/p>\n<p>Os vencedores do Pr\u00eamio Experi\u00eancias Educacionais Inclusivas ser\u00e3o conhecidos na pr\u00f3xima segunda-feira, 24, em Bras\u00edlia, na abertura do semin\u00e1rio internacional A Escola Aprendendo com as Diferen\u00e7as. Institu\u00eddo pelo Minist\u00e9rio da Educa\u00e7\u00e3o, em conjunto com a Organiza\u00e7\u00e3o dos Estados Ibero-americanos para a Educa\u00e7\u00e3o, a Ci\u00eancia e a Cultura (OEI), o pr\u00eamio tem o objetivo de dar maior visibilidade e valorizar o trabalho de educadores e gestores que promovem o desenvolvimento inclusivo da escola.O pr\u00eamio recebeu 713 inscri\u00e7\u00f5es, de 420 munic\u00edpios de todos os estados, nas cinco regi\u00f5es do pa\u00eds. As escolas premiadas participar\u00e3o de interc\u00e2mbio com as demais, apresentar\u00e3o suas experi\u00eancias durante a programa\u00e7\u00e3o do semin\u00e1rio e em publica\u00e7\u00e3o conjunta da OEI e da Secretaria de Educa\u00e7\u00e3o Especial (Seesp) do MEC.<\/p>\n<p><span id=\"ctl00_cphMaster_ctl00_lblLead\" class=\"TextoAzul\"><span id=\"ctl00_cphMaster_ctl00_lblDescricao\" class=\"TextoCinza\">As experi\u00eancias dessas escolas contribuem para o avan\u00e7o na implementa\u00e7\u00e3o da educa\u00e7\u00e3o inclusiva e para a transforma\u00e7\u00e3o das escolas brasileiras, ao eliminar barreiras que impedem o acesso, a participa\u00e7\u00e3o e a aprendizagem de alunos com defici\u00eancia, transtornos globais do desenvolvimento e altas habilidades.<\/p>\n<p>O pr\u00eamio conta com o apoio do Conselho Nacional dos Secret\u00e1rios de Educa\u00e7\u00e3o (Consed), Uni\u00e3o Nacional dos Dirigentes Municipais de Educa\u00e7\u00e3o e Funda\u00e7\u00e3o Mapfre.<br \/>\n__________<\/p>\n<p><strong>Fonte:<\/strong> <a href=\"http:\/\/portal.mec.gov.br\/index.php?option=com_content&amp;view=article&amp;id=15445%3Amelhores-praticas-inclusivas-serao-apresentadas-em-evento&amp;catid=205&amp;Itemid=86\">MEC<\/a><\/p>\n<p><\/span><\/p>\n<p><\/span><\/p>\n","protected":false},"excerpt":{"rendered":"<p>Os vencedores do Pr\u00eamio Experi\u00eancias Educacionais Inclusivas ser\u00e3o conhecidos na pr\u00f3xima segunda-feira, 24, em Bras\u00edlia, na abertura do semin\u00e1rio internacional A Escola Aprendendo com as Diferen\u00e7as. Informa\u00e7\u00e3o do MEC.<\/p>\n","protected":false},"author":1,"featured_media":0,"comment_status":"open","ping_status":"open","sticky":false,"template":"","format":"standard","meta":{"site-container-style":"default","site-container-layout":"default","site-sidebar-layout":"default","disable-article-header":"default","disable-site-header":"default","disable-site-footer":"default","disable-content-area-spacing":"default","footnotes":""},"categories":[12,6,48,4],"tags":[],"class_list":["post-15502","post","type-post","status-publish","format-standard","hentry","category-cursos-e-eventos","category-educacao","category-inclusao","category-noticias"],"yoast_head":"<!-- This site is optimized with the Yoast SEO plugin v27.4 - https:\/\/yoast.com\/product\/yoast-seo-wordpress\/ -->\n<title>Melhores pr\u00e1ticas inclusivas ser\u00e3o apresentadas em evento -<\/title>\n<meta name=\"robots\" content=\"index, follow, max-snippet:-1, max-image-preview:large, max-video-preview:-1\" \/>\n<link rel=\"canonical\" href=\"https:\/\/inclusivenews.com.br\/?p=15502\" \/>\n<meta property=\"og:locale\" content=\"pt_PT\" \/>\n<meta property=\"og:type\" content=\"article\" \/>\n<meta property=\"og:title\" content=\"Melhores pr\u00e1ticas inclusivas ser\u00e3o apresentadas em evento -\" \/>\n<meta property=\"og:description\" content=\"Os vencedores do Pr\u00eamio Experi\u00eancias Educacionais Inclusivas ser\u00e3o conhecidos na pr\u00f3xima segunda-feira, 24, em Bras\u00edlia, na abertura do semin\u00e1rio internacional A Escola Aprendendo com as Diferen\u00e7as. Informa\u00e7\u00e3o do MEC.\" \/>\n<meta property=\"og:url\" content=\"https:\/\/inclusivenews.com.br\/?p=15502\" \/>\n<meta property=\"article:publisher\" content=\"https:\/\/www.facebook.com\/agenciainclusive\/\" \/>\n<meta property=\"article:published_time\" content=\"2010-05-20T12:06:35+00:00\" \/>\n<meta property=\"og:image\" content=\"http:\/\/inclusivenews.com.br\/wp-content\/uploads\/2009\/11\/PREMIO-EXPERIENCIAS-EDUCACIONAIS-INCLUSIVAS.JPG\" \/>\n<meta name=\"author\" content=\"inclusivenews2024\" \/>\n<meta name=\"twitter:card\" content=\"summary_large_image\" \/>\n<meta name=\"twitter:label1\" content=\"Escrito por\" \/>\n\t<meta name=\"twitter:data1\" content=\"inclusivenews2024\" \/>\n\t<meta name=\"twitter:label2\" content=\"Tempo estimado de leitura\" \/>\n\t<meta name=\"twitter:data2\" content=\"1 minuto\" \/>\n<script type=\"application\/ld+json\" class=\"yoast-schema-graph\">{\"@context\":\"https:\\\/\\\/schema.org\",\"@graph\":[{\"@type\":\"Article\",\"@id\":\"https:\\\/\\\/inclusivenews.com.br\\\/?p=15502#article\",\"isPartOf\":{\"@id\":\"https:\\\/\\\/inclusivenews.com.br\\\/?p=15502\"},\"author\":{\"name\":\"inclusivenews2024\",\"@id\":\"https:\\\/\\\/inclusivenews.com.br\\\/#\\\/schema\\\/person\\\/ae4ec7087559b8692fb33b6fffd2273b\"},\"headline\":\"Melhores pr\u00e1ticas inclusivas ser\u00e3o apresentadas em evento\",\"datePublished\":\"2010-05-20T12:06:35+00:00\",\"mainEntityOfPage\":{\"@id\":\"https:\\\/\\\/inclusivenews.com.br\\\/?p=15502\"},\"wordCount\":276,\"commentCount\":0,\"publisher\":{\"@id\":\"https:\\\/\\\/inclusivenews.com.br\\\/#organization\"},\"image\":{\"@id\":\"https:\\\/\\\/inclusivenews.com.br\\\/?p=15502#primaryimage\"},\"thumbnailUrl\":\"http:\\\/\\\/inclusivenews.com.br\\\/wp-content\\\/uploads\\\/2009\\\/11\\\/PREMIO-EXPERIENCIAS-EDUCACIONAIS-INCLUSIVAS.JPG\",\"articleSection\":[\"Cursos e eventos\",\"EDUCA\u00c7\u00c3O\",\"INCLUS\u00c3O SOCIAL\",\"NOT\u00cdCIAS\"],\"inLanguage\":\"pt-PT\",\"potentialAction\":[{\"@type\":\"CommentAction\",\"name\":\"Comment\",\"target\":[\"https:\\\/\\\/inclusivenews.com.br\\\/?p=15502#respond\"]}]},{\"@type\":\"WebPage\",\"@id\":\"https:\\\/\\\/inclusivenews.com.br\\\/?p=15502\",\"url\":\"https:\\\/\\\/inclusivenews.com.br\\\/?p=15502\",\"name\":\"Melhores pr\u00e1ticas inclusivas ser\u00e3o apresentadas em evento -\",\"isPartOf\":{\"@id\":\"https:\\\/\\\/inclusivenews.com.br\\\/#website\"},\"primaryImageOfPage\":{\"@id\":\"https:\\\/\\\/inclusivenews.com.br\\\/?p=15502#primaryimage\"},\"image\":{\"@id\":\"https:\\\/\\\/inclusivenews.com.br\\\/?p=15502#primaryimage\"},\"thumbnailUrl\":\"http:\\\/\\\/inclusivenews.com.br\\\/wp-content\\\/uploads\\\/2009\\\/11\\\/PREMIO-EXPERIENCIAS-EDUCACIONAIS-INCLUSIVAS.JPG\",\"datePublished\":\"2010-05-20T12:06:35+00:00\",\"breadcrumb\":{\"@id\":\"https:\\\/\\\/inclusivenews.com.br\\\/?p=15502#breadcrumb\"},\"inLanguage\":\"pt-PT\",\"potentialAction\":[{\"@type\":\"ReadAction\",\"target\":[\"https:\\\/\\\/inclusivenews.com.br\\\/?p=15502\"]}]},{\"@type\":\"ImageObject\",\"inLanguage\":\"pt-PT\",\"@id\":\"https:\\\/\\\/inclusivenews.com.br\\\/?p=15502#primaryimage\",\"url\":\"https:\\\/\\\/inclusivenews.com.br\\\/wp-content\\\/uploads\\\/2009\\\/11\\\/PREMIO-EXPERIENCIAS-EDUCACIONAIS-INCLUSIVAS.jpg\",\"contentUrl\":\"https:\\\/\\\/inclusivenews.com.br\\\/wp-content\\\/uploads\\\/2009\\\/11\\\/PREMIO-EXPERIENCIAS-EDUCACIONAIS-INCLUSIVAS.jpg\",\"width\":266,\"height\":164,\"caption\":\"Na imagem, a logotipo do concurso: Pr\u00eamio Experi\u00eancias Educacionais Inclusivas \u2013 a Escola Aprendendo com as Diferen\u00e7as\u201d.\"},{\"@type\":\"BreadcrumbList\",\"@id\":\"https:\\\/\\\/inclusivenews.com.br\\\/?p=15502#breadcrumb\",\"itemListElement\":[{\"@type\":\"ListItem\",\"position\":1,\"name\":\"In\u00edcio\",\"item\":\"https:\\\/\\\/inclusivenews.com.br\\\/\"},{\"@type\":\"ListItem\",\"position\":2,\"name\":\"Melhores pr\u00e1ticas inclusivas ser\u00e3o apresentadas em evento\"}]},{\"@type\":\"WebSite\",\"@id\":\"https:\\\/\\\/inclusivenews.com.br\\\/#website\",\"url\":\"https:\\\/\\\/inclusivenews.com.br\\\/\",\"name\":\"Inclusive News\",\"description\":\"Inclusive News\",\"publisher\":{\"@id\":\"https:\\\/\\\/inclusivenews.com.br\\\/#organization\"},\"potentialAction\":[{\"@type\":\"SearchAction\",\"target\":{\"@type\":\"EntryPoint\",\"urlTemplate\":\"https:\\\/\\\/inclusivenews.com.br\\\/?s={search_term_string}\"},\"query-input\":{\"@type\":\"PropertyValueSpecification\",\"valueRequired\":true,\"valueName\":\"search_term_string\"}}],\"inLanguage\":\"pt-PT\"},{\"@type\":\"Organization\",\"@id\":\"https:\\\/\\\/inclusivenews.com.br\\\/#organization\",\"name\":\"Inclusive - inclus\u00e3o e cidadania\",\"url\":\"https:\\\/\\\/inclusivenews.com.br\\\/\",\"logo\":{\"@type\":\"ImageObject\",\"inLanguage\":\"pt-PT\",\"@id\":\"https:\\\/\\\/inclusivenews.com.br\\\/#\\\/schema\\\/logo\\\/image\\\/\",\"url\":\"https:\\\/\\\/inclusivenews.com.br\\\/wp-content\\\/uploads\\\/2024\\\/03\\\/@grandesite.png\",\"contentUrl\":\"https:\\\/\\\/inclusivenews.com.br\\\/wp-content\\\/uploads\\\/2024\\\/03\\\/@grandesite.png\",\"width\":1080,\"height\":1080,\"caption\":\"Inclusive - inclus\u00e3o e cidadania\"},\"image\":{\"@id\":\"https:\\\/\\\/inclusivenews.com.br\\\/#\\\/schema\\\/logo\\\/image\\\/\"},\"sameAs\":[\"https:\\\/\\\/www.facebook.com\\\/agenciainclusive\\\/\",\"https:\\\/\\\/www.instagram.com\\\/newsinclusive\\\/\"]},{\"@type\":\"Person\",\"@id\":\"https:\\\/\\\/inclusivenews.com.br\\\/#\\\/schema\\\/person\\\/ae4ec7087559b8692fb33b6fffd2273b\",\"name\":\"inclusivenews2024\",\"image\":{\"@type\":\"ImageObject\",\"inLanguage\":\"pt-PT\",\"@id\":\"https:\\\/\\\/secure.gravatar.com\\\/avatar\\\/c5a7ef84c66fa914f55bc4f7ce26cfa275a3b9a1c5568b907bd184fb4dde7b40?s=96&d=mm&r=g\",\"url\":\"https:\\\/\\\/secure.gravatar.com\\\/avatar\\\/c5a7ef84c66fa914f55bc4f7ce26cfa275a3b9a1c5568b907bd184fb4dde7b40?s=96&d=mm&r=g\",\"contentUrl\":\"https:\\\/\\\/secure.gravatar.com\\\/avatar\\\/c5a7ef84c66fa914f55bc4f7ce26cfa275a3b9a1c5568b907bd184fb4dde7b40?s=96&d=mm&r=g\",\"caption\":\"inclusivenews2024\"},\"sameAs\":[\"https:\\\/\\\/inclusivenews.com.br\"],\"url\":\"https:\\\/\\\/inclusivenews.com.br\\\/?author=1\"}]}<\/script>\n<!-- \/ Yoast SEO plugin. -->","yoast_head_json":{"title":"Melhores pr\u00e1ticas inclusivas ser\u00e3o apresentadas em evento -","robots":{"index":"index","follow":"follow","max-snippet":"max-snippet:-1","max-image-preview":"max-image-preview:large","max-video-preview":"max-video-preview:-1"},"canonical":"https:\/\/inclusivenews.com.br\/?p=15502","og_locale":"pt_PT","og_type":"article","og_title":"Melhores pr\u00e1ticas inclusivas ser\u00e3o apresentadas em evento -","og_description":"Os vencedores do Pr\u00eamio Experi\u00eancias Educacionais Inclusivas ser\u00e3o conhecidos na pr\u00f3xima segunda-feira, 24, em Bras\u00edlia, na abertura do semin\u00e1rio internacional A Escola Aprendendo com as Diferen\u00e7as. Informa\u00e7\u00e3o do MEC.","og_url":"https:\/\/inclusivenews.com.br\/?p=15502","article_publisher":"https:\/\/www.facebook.com\/agenciainclusive\/","article_published_time":"2010-05-20T12:06:35+00:00","og_image":[{"url":"http:\/\/inclusivenews.com.br\/wp-content\/uploads\/2009\/11\/PREMIO-EXPERIENCIAS-EDUCACIONAIS-INCLUSIVAS.JPG","type":"","width":"","height":""}],"author":"inclusivenews2024","twitter_card":"summary_large_image","twitter_misc":{"Escrito por":"inclusivenews2024","Tempo estimado de leitura":"1 minuto"},"schema":{"@context":"https:\/\/schema.org","@graph":[{"@type":"Article","@id":"https:\/\/inclusivenews.com.br\/?p=15502#article","isPartOf":{"@id":"https:\/\/inclusivenews.com.br\/?p=15502"},"author":{"name":"inclusivenews2024","@id":"https:\/\/inclusivenews.com.br\/#\/schema\/person\/ae4ec7087559b8692fb33b6fffd2273b"},"headline":"Melhores pr\u00e1ticas inclusivas ser\u00e3o apresentadas em evento","datePublished":"2010-05-20T12:06:35+00:00","mainEntityOfPage":{"@id":"https:\/\/inclusivenews.com.br\/?p=15502"},"wordCount":276,"commentCount":0,"publisher":{"@id":"https:\/\/inclusivenews.com.br\/#organization"},"image":{"@id":"https:\/\/inclusivenews.com.br\/?p=15502#primaryimage"},"thumbnailUrl":"http:\/\/inclusivenews.com.br\/wp-content\/uploads\/2009\/11\/PREMIO-EXPERIENCIAS-EDUCACIONAIS-INCLUSIVAS.JPG","articleSection":["Cursos e eventos","EDUCA\u00c7\u00c3O","INCLUS\u00c3O SOCIAL","NOT\u00cdCIAS"],"inLanguage":"pt-PT","potentialAction":[{"@type":"CommentAction","name":"Comment","target":["https:\/\/inclusivenews.com.br\/?p=15502#respond"]}]},{"@type":"WebPage","@id":"https:\/\/inclusivenews.com.br\/?p=15502","url":"https:\/\/inclusivenews.com.br\/?p=15502","name":"Melhores pr\u00e1ticas inclusivas ser\u00e3o apresentadas em evento -","isPartOf":{"@id":"https:\/\/inclusivenews.com.br\/#website"},"primaryImageOfPage":{"@id":"https:\/\/inclusivenews.com.br\/?p=15502#primaryimage"},"image":{"@id":"https:\/\/inclusivenews.com.br\/?p=15502#primaryimage"},"thumbnailUrl":"http:\/\/inclusivenews.com.br\/wp-content\/uploads\/2009\/11\/PREMIO-EXPERIENCIAS-EDUCACIONAIS-INCLUSIVAS.JPG","datePublished":"2010-05-20T12:06:35+00:00","breadcrumb":{"@id":"https:\/\/inclusivenews.com.br\/?p=15502#breadcrumb"},"inLanguage":"pt-PT","potentialAction":[{"@type":"ReadAction","target":["https:\/\/inclusivenews.com.br\/?p=15502"]}]},{"@type":"ImageObject","inLanguage":"pt-PT","@id":"https:\/\/inclusivenews.com.br\/?p=15502#primaryimage","url":"https:\/\/inclusivenews.com.br\/wp-content\/uploads\/2009\/11\/PREMIO-EXPERIENCIAS-EDUCACIONAIS-INCLUSIVAS.jpg","contentUrl":"https:\/\/inclusivenews.com.br\/wp-content\/uploads\/2009\/11\/PREMIO-EXPERIENCIAS-EDUCACIONAIS-INCLUSIVAS.jpg","width":266,"height":164,"caption":"Na imagem, a logotipo do concurso: Pr\u00eamio Experi\u00eancias Educacionais Inclusivas \u2013 a Escola Aprendendo com as Diferen\u00e7as\u201d."},{"@type":"BreadcrumbList","@id":"https:\/\/inclusivenews.com.br\/?p=15502#breadcrumb","itemListElement":[{"@type":"ListItem","position":1,"name":"In\u00edcio","item":"https:\/\/inclusivenews.com.br\/"},{"@type":"ListItem","position":2,"name":"Melhores pr\u00e1ticas inclusivas ser\u00e3o apresentadas em evento"}]},{"@type":"WebSite","@id":"https:\/\/inclusivenews.com.br\/#website","url":"https:\/\/inclusivenews.com.br\/","name":"Inclusive News","description":"Inclusive News","publisher":{"@id":"https:\/\/inclusivenews.com.br\/#organization"},"potentialAction":[{"@type":"SearchAction","target":{"@type":"EntryPoint","urlTemplate":"https:\/\/inclusivenews.com.br\/?s={search_term_string}"},"query-input":{"@type":"PropertyValueSpecification","valueRequired":true,"valueName":"search_term_string"}}],"inLanguage":"pt-PT"},{"@type":"Organization","@id":"https:\/\/inclusivenews.com.br\/#organization","name":"Inclusive - inclus\u00e3o e cidadania","url":"https:\/\/inclusivenews.com.br\/","logo":{"@type":"ImageObject","inLanguage":"pt-PT","@id":"https:\/\/inclusivenews.com.br\/#\/schema\/logo\/image\/","url":"https:\/\/inclusivenews.com.br\/wp-content\/uploads\/2024\/03\/@grandesite.png","contentUrl":"https:\/\/inclusivenews.com.br\/wp-content\/uploads\/2024\/03\/@grandesite.png","width":1080,"height":1080,"caption":"Inclusive - inclus\u00e3o e cidadania"},"image":{"@id":"https:\/\/inclusivenews.com.br\/#\/schema\/logo\/image\/"},"sameAs":["https:\/\/www.facebook.com\/agenciainclusive\/","https:\/\/www.instagram.com\/newsinclusive\/"]},{"@type":"Person","@id":"https:\/\/inclusivenews.com.br\/#\/schema\/person\/ae4ec7087559b8692fb33b6fffd2273b","name":"inclusivenews2024","image":{"@type":"ImageObject","inLanguage":"pt-PT","@id":"https:\/\/secure.gravatar.com\/avatar\/c5a7ef84c66fa914f55bc4f7ce26cfa275a3b9a1c5568b907bd184fb4dde7b40?s=96&d=mm&r=g","url":"https:\/\/secure.gravatar.com\/avatar\/c5a7ef84c66fa914f55bc4f7ce26cfa275a3b9a1c5568b907bd184fb4dde7b40?s=96&d=mm&r=g","contentUrl":"https:\/\/secure.gravatar.com\/avatar\/c5a7ef84c66fa914f55bc4f7ce26cfa275a3b9a1c5568b907bd184fb4dde7b40?s=96&d=mm&r=g","caption":"inclusivenews2024"},"sameAs":["https:\/\/inclusivenews.com.br"],"url":"https:\/\/inclusivenews.com.br\/?author=1"}]}},"_links":{"self":[{"href":"https:\/\/inclusivenews.com.br\/index.php?rest_route=\/wp\/v2\/posts\/15502","targetHints":{"allow":["GET"]}}],"collection":[{"href":"https:\/\/inclusivenews.com.br\/index.php?rest_route=\/wp\/v2\/posts"}],"about":[{"href":"https:\/\/inclusivenews.com.br\/index.php?rest_route=\/wp\/v2\/types\/post"}],"author":[{"embeddable":true,"href":"https:\/\/inclusivenews.com.br\/index.php?rest_route=\/wp\/v2\/users\/1"}],"replies":[{"embeddable":true,"href":"https:\/\/inclusivenews.com.br\/index.php?rest_route=%2Fwp%2Fv2%2Fcomments&post=15502"}],"version-history":[{"count":0,"href":"https:\/\/inclusivenews.com.br\/index.php?rest_route=\/wp\/v2\/posts\/15502\/revisions"}],"wp:attachment":[{"href":"https:\/\/inclusivenews.com.br\/index.php?rest_route=%2Fwp%2Fv2%2Fmedia&parent=15502"}],"wp:term":[{"taxonomy":"category","embeddable":true,"href":"https:\/\/inclusivenews.com.br\/index.php?rest_route=%2Fwp%2Fv2%2Fcategories&post=15502"},{"taxonomy":"post_tag","embeddable":true,"href":"https:\/\/inclusivenews.com.br\/index.php?rest_route=%2Fwp%2Fv2%2Ftags&post=15502"}],"curies":[{"name":"wp","href":"https:\/\/api.w.org\/{rel}","templated":true}]}}