{"id":15509,"date":"2010-05-20T08:45:14","date_gmt":"2010-05-20T11:45:14","guid":{"rendered":"http:\/\/www.inclusive.org.br\/?p=15509"},"modified":"2010-05-20T08:45:14","modified_gmt":"2010-05-20T11:45:14","slug":"educar-para-a-responsabilidade-ambiental","status":"publish","type":"post","link":"https:\/\/inclusivenews.com.br\/?p=15509","title":{"rendered":"Educar para a responsabilidade ambiental"},"content":{"rendered":"<figure style=\"width: 151px\" class=\"wp-caption alignleft\"><img loading=\"lazy\" decoding=\"async\" title=\"Capa de uma edi\u00e7\u00e3o antiga da Revista P\u00e1tio\" src=\"http:\/\/www.colmagno.com.br\/magnonamidia\/2008\/Digitalizar0004.jpg\" alt=\"\" width=\"151\" height=\"207\" \/><figcaption class=\"wp-caption-text\"> <\/figcaption><\/figure>\n<p>Os sistemas educacionais do mundo todo t\u00eam sido provocados a assumir sua responsabilidade frente \u00e0 necessidade de forma\u00e7\u00e3o de cidad\u00e3os com uma nova postura em rela\u00e7\u00e3o \u00e0 sociedade e \u00e0 natureza, com valores e atitudes diferentes daqueles que levaram o planeta \u00e0 situa\u00e7\u00e3o atual de grandes desigualdades sociais e intenso desequil\u00edbrio ambiental.<\/p>\n<p>Debates recentes em rela\u00e7\u00e3o \u00e0 divulga\u00e7\u00e3o de dados catastr\u00f3ficos relativos \u00e0 situa\u00e7\u00e3o atual de diversos ecossistemas n\u00e3o eximem a sociedade mundial da sua responsabilidade em rela\u00e7\u00e3o ao destino que est\u00e1 construindo para si mesma e para o planeta. Independentemente da maior ou menor gravidade da situa\u00e7\u00e3o, \u00e9 inquestion\u00e1vel a impossibilidade de a Terra suportar a demanda de consumo atual, cotidianamente alimentada por diferentes meios de comunica\u00e7\u00e3o. \u00c9 igualmente evidente a necessidade de pol\u00edticas p\u00fablicas diferentes para povos em situa\u00e7\u00f5es diferentes.<\/p>\n<p>Pensar em responsabilidade ambiental em um sentido amplo demanda enfrentar tamb\u00e9m o desafio da responsabilidade social. Uma imensa popula\u00e7\u00e3o deve consumir mais, tendo assim garantidas suas necessidades b\u00e1sicas historicamente negadas, enquanto outro grande percentual de cidad\u00e3os deve rever seu padr\u00e3o de consumo, reduzindo-o em busca do equil\u00edbrio ambiental t\u00e3o amplamente difundido nos discursos, mas t\u00e3o distante de nossas pr\u00e1ticas di\u00e1rias. Trata-se, portanto, de rever a \u00f3tica pela qual enxergamos o mundo. Essa mesma sociedade humana que surgiu da l\u00f3gica da competi\u00e7\u00e3o e do consumo dever\u00e1 aprender a posicionar-se de maneira solid\u00e1ria e respons\u00e1vel em rela\u00e7\u00e3o a todas as formas de vida.<\/p>\n<p>(&#8230;)<\/p>\n<p><a href=\"http:\/\/www.revistapatio.com.br\/sumario_conteudo.aspx?id=756\">Leia a \u00edntegra do artigo na Revista P\u00e1tio.<\/a><\/p>\n","protected":false},"excerpt":{"rendered":"<p>Estamos em plena D\u00e9cada da Educa\u00e7\u00e3o para o Desenvolvimento Sustent\u00e1vel, que traduz um esfor\u00e7o mundial das Na\u00e7\u00f5es Unidas no sentido de mobilizar amplas reflex\u00f5es e efetivas a\u00e7\u00f5es capazes de colocar a educa\u00e7\u00e3o em sintonia com as necessidades socioambientais da atualidade. Da Revista P\u00e1tio.<\/p>\n","protected":false},"author":1,"featured_media":0,"comment_status":"open","ping_status":"open","sticky":false,"template":"","format":"standard","meta":{"site-container-style":"default","site-container-layout":"default","site-sidebar-layout":"default","disable-article-header":"default","disable-site-header":"default","disable-site-footer":"default","disable-content-area-spacing":"default","footnotes":""},"categories":[6,8],"tags":[],"class_list":["post-15509","post","type-post","status-publish","format-standard","hentry","category-educacao","category-textos-e-artigos"],"yoast_head":"<!-- This site is optimized with the Yoast SEO plugin v27.4 - https:\/\/yoast.com\/product\/yoast-seo-wordpress\/ -->\n<title>Educar para a responsabilidade ambiental -<\/title>\n<meta name=\"robots\" content=\"index, follow, max-snippet:-1, max-image-preview:large, max-video-preview:-1\" \/>\n<link rel=\"canonical\" href=\"https:\/\/inclusivenews.com.br\/?p=15509\" \/>\n<meta property=\"og:locale\" content=\"pt_PT\" \/>\n<meta property=\"og:type\" content=\"article\" \/>\n<meta property=\"og:title\" content=\"Educar para a responsabilidade ambiental -\" \/>\n<meta property=\"og:description\" content=\"Estamos em plena D\u00e9cada da Educa\u00e7\u00e3o para o Desenvolvimento Sustent\u00e1vel, que traduz um esfor\u00e7o mundial das Na\u00e7\u00f5es Unidas no sentido de mobilizar amplas reflex\u00f5es e efetivas a\u00e7\u00f5es capazes de colocar a educa\u00e7\u00e3o em sintonia com as necessidades socioambientais da atualidade. Da Revista P\u00e1tio.\" \/>\n<meta property=\"og:url\" content=\"https:\/\/inclusivenews.com.br\/?p=15509\" \/>\n<meta property=\"article:publisher\" content=\"https:\/\/www.facebook.com\/agenciainclusive\/\" \/>\n<meta property=\"article:published_time\" content=\"2010-05-20T11:45:14+00:00\" \/>\n<meta property=\"og:image\" content=\"http:\/\/www.colmagno.com.br\/magnonamidia\/2008\/Digitalizar0004.jpg\" \/>\n<meta name=\"author\" content=\"inclusivenews2024\" \/>\n<meta name=\"twitter:card\" content=\"summary_large_image\" \/>\n<meta name=\"twitter:label1\" content=\"Escrito por\" \/>\n\t<meta name=\"twitter:data1\" content=\"inclusivenews2024\" \/>\n\t<meta name=\"twitter:label2\" content=\"Tempo estimado de leitura\" \/>\n\t<meta name=\"twitter:data2\" content=\"1 minuto\" \/>\n<script type=\"application\/ld+json\" class=\"yoast-schema-graph\">{\"@context\":\"https:\\\/\\\/schema.org\",\"@graph\":[{\"@type\":\"Article\",\"@id\":\"https:\\\/\\\/inclusivenews.com.br\\\/?p=15509#article\",\"isPartOf\":{\"@id\":\"https:\\\/\\\/inclusivenews.com.br\\\/?p=15509\"},\"author\":{\"name\":\"inclusivenews2024\",\"@id\":\"https:\\\/\\\/inclusivenews.com.br\\\/#\\\/schema\\\/person\\\/ae4ec7087559b8692fb33b6fffd2273b\"},\"headline\":\"Educar para a responsabilidade ambiental\",\"datePublished\":\"2010-05-20T11:45:14+00:00\",\"mainEntityOfPage\":{\"@id\":\"https:\\\/\\\/inclusivenews.com.br\\\/?p=15509\"},\"wordCount\":279,\"commentCount\":0,\"publisher\":{\"@id\":\"https:\\\/\\\/inclusivenews.com.br\\\/#organization\"},\"image\":{\"@id\":\"https:\\\/\\\/inclusivenews.com.br\\\/?p=15509#primaryimage\"},\"thumbnailUrl\":\"http:\\\/\\\/www.colmagno.com.br\\\/magnonamidia\\\/2008\\\/Digitalizar0004.jpg\",\"articleSection\":[\"EDUCA\u00c7\u00c3O\",\"OPINI\u00c3O\"],\"inLanguage\":\"pt-PT\",\"potentialAction\":[{\"@type\":\"CommentAction\",\"name\":\"Comment\",\"target\":[\"https:\\\/\\\/inclusivenews.com.br\\\/?p=15509#respond\"]}]},{\"@type\":\"WebPage\",\"@id\":\"https:\\\/\\\/inclusivenews.com.br\\\/?p=15509\",\"url\":\"https:\\\/\\\/inclusivenews.com.br\\\/?p=15509\",\"name\":\"Educar para a responsabilidade ambiental -\",\"isPartOf\":{\"@id\":\"https:\\\/\\\/inclusivenews.com.br\\\/#website\"},\"primaryImageOfPage\":{\"@id\":\"https:\\\/\\\/inclusivenews.com.br\\\/?p=15509#primaryimage\"},\"image\":{\"@id\":\"https:\\\/\\\/inclusivenews.com.br\\\/?p=15509#primaryimage\"},\"thumbnailUrl\":\"http:\\\/\\\/www.colmagno.com.br\\\/magnonamidia\\\/2008\\\/Digitalizar0004.jpg\",\"datePublished\":\"2010-05-20T11:45:14+00:00\",\"breadcrumb\":{\"@id\":\"https:\\\/\\\/inclusivenews.com.br\\\/?p=15509#breadcrumb\"},\"inLanguage\":\"pt-PT\",\"potentialAction\":[{\"@type\":\"ReadAction\",\"target\":[\"https:\\\/\\\/inclusivenews.com.br\\\/?p=15509\"]}]},{\"@type\":\"ImageObject\",\"inLanguage\":\"pt-PT\",\"@id\":\"https:\\\/\\\/inclusivenews.com.br\\\/?p=15509#primaryimage\",\"url\":\"http:\\\/\\\/www.colmagno.com.br\\\/magnonamidia\\\/2008\\\/Digitalizar0004.jpg\",\"contentUrl\":\"http:\\\/\\\/www.colmagno.com.br\\\/magnonamidia\\\/2008\\\/Digitalizar0004.jpg\"},{\"@type\":\"BreadcrumbList\",\"@id\":\"https:\\\/\\\/inclusivenews.com.br\\\/?p=15509#breadcrumb\",\"itemListElement\":[{\"@type\":\"ListItem\",\"position\":1,\"name\":\"In\u00edcio\",\"item\":\"https:\\\/\\\/inclusivenews.com.br\\\/\"},{\"@type\":\"ListItem\",\"position\":2,\"name\":\"Educar para a responsabilidade ambiental\"}]},{\"@type\":\"WebSite\",\"@id\":\"https:\\\/\\\/inclusivenews.com.br\\\/#website\",\"url\":\"https:\\\/\\\/inclusivenews.com.br\\\/\",\"name\":\"Inclusive News\",\"description\":\"Inclusive News\",\"publisher\":{\"@id\":\"https:\\\/\\\/inclusivenews.com.br\\\/#organization\"},\"potentialAction\":[{\"@type\":\"SearchAction\",\"target\":{\"@type\":\"EntryPoint\",\"urlTemplate\":\"https:\\\/\\\/inclusivenews.com.br\\\/?s={search_term_string}\"},\"query-input\":{\"@type\":\"PropertyValueSpecification\",\"valueRequired\":true,\"valueName\":\"search_term_string\"}}],\"inLanguage\":\"pt-PT\"},{\"@type\":\"Organization\",\"@id\":\"https:\\\/\\\/inclusivenews.com.br\\\/#organization\",\"name\":\"Inclusive - inclus\u00e3o e cidadania\",\"url\":\"https:\\\/\\\/inclusivenews.com.br\\\/\",\"logo\":{\"@type\":\"ImageObject\",\"inLanguage\":\"pt-PT\",\"@id\":\"https:\\\/\\\/inclusivenews.com.br\\\/#\\\/schema\\\/logo\\\/image\\\/\",\"url\":\"https:\\\/\\\/inclusivenews.com.br\\\/wp-content\\\/uploads\\\/2024\\\/03\\\/@grandesite.png\",\"contentUrl\":\"https:\\\/\\\/inclusivenews.com.br\\\/wp-content\\\/uploads\\\/2024\\\/03\\\/@grandesite.png\",\"width\":1080,\"height\":1080,\"caption\":\"Inclusive - inclus\u00e3o e cidadania\"},\"image\":{\"@id\":\"https:\\\/\\\/inclusivenews.com.br\\\/#\\\/schema\\\/logo\\\/image\\\/\"},\"sameAs\":[\"https:\\\/\\\/www.facebook.com\\\/agenciainclusive\\\/\",\"https:\\\/\\\/www.instagram.com\\\/newsinclusive\\\/\"]},{\"@type\":\"Person\",\"@id\":\"https:\\\/\\\/inclusivenews.com.br\\\/#\\\/schema\\\/person\\\/ae4ec7087559b8692fb33b6fffd2273b\",\"name\":\"inclusivenews2024\",\"image\":{\"@type\":\"ImageObject\",\"inLanguage\":\"pt-PT\",\"@id\":\"https:\\\/\\\/secure.gravatar.com\\\/avatar\\\/c5a7ef84c66fa914f55bc4f7ce26cfa275a3b9a1c5568b907bd184fb4dde7b40?s=96&d=mm&r=g\",\"url\":\"https:\\\/\\\/secure.gravatar.com\\\/avatar\\\/c5a7ef84c66fa914f55bc4f7ce26cfa275a3b9a1c5568b907bd184fb4dde7b40?s=96&d=mm&r=g\",\"contentUrl\":\"https:\\\/\\\/secure.gravatar.com\\\/avatar\\\/c5a7ef84c66fa914f55bc4f7ce26cfa275a3b9a1c5568b907bd184fb4dde7b40?s=96&d=mm&r=g\",\"caption\":\"inclusivenews2024\"},\"sameAs\":[\"https:\\\/\\\/inclusivenews.com.br\"],\"url\":\"https:\\\/\\\/inclusivenews.com.br\\\/?author=1\"}]}<\/script>\n<!-- \/ Yoast SEO plugin. -->","yoast_head_json":{"title":"Educar para a responsabilidade ambiental -","robots":{"index":"index","follow":"follow","max-snippet":"max-snippet:-1","max-image-preview":"max-image-preview:large","max-video-preview":"max-video-preview:-1"},"canonical":"https:\/\/inclusivenews.com.br\/?p=15509","og_locale":"pt_PT","og_type":"article","og_title":"Educar para a responsabilidade ambiental -","og_description":"Estamos em plena D\u00e9cada da Educa\u00e7\u00e3o para o Desenvolvimento Sustent\u00e1vel, que traduz um esfor\u00e7o mundial das Na\u00e7\u00f5es Unidas no sentido de mobilizar amplas reflex\u00f5es e efetivas a\u00e7\u00f5es capazes de colocar a educa\u00e7\u00e3o em sintonia com as necessidades socioambientais da atualidade. Da Revista P\u00e1tio.","og_url":"https:\/\/inclusivenews.com.br\/?p=15509","article_publisher":"https:\/\/www.facebook.com\/agenciainclusive\/","article_published_time":"2010-05-20T11:45:14+00:00","og_image":[{"url":"http:\/\/www.colmagno.com.br\/magnonamidia\/2008\/Digitalizar0004.jpg","type":"","width":"","height":""}],"author":"inclusivenews2024","twitter_card":"summary_large_image","twitter_misc":{"Escrito por":"inclusivenews2024","Tempo estimado de leitura":"1 minuto"},"schema":{"@context":"https:\/\/schema.org","@graph":[{"@type":"Article","@id":"https:\/\/inclusivenews.com.br\/?p=15509#article","isPartOf":{"@id":"https:\/\/inclusivenews.com.br\/?p=15509"},"author":{"name":"inclusivenews2024","@id":"https:\/\/inclusivenews.com.br\/#\/schema\/person\/ae4ec7087559b8692fb33b6fffd2273b"},"headline":"Educar para a responsabilidade ambiental","datePublished":"2010-05-20T11:45:14+00:00","mainEntityOfPage":{"@id":"https:\/\/inclusivenews.com.br\/?p=15509"},"wordCount":279,"commentCount":0,"publisher":{"@id":"https:\/\/inclusivenews.com.br\/#organization"},"image":{"@id":"https:\/\/inclusivenews.com.br\/?p=15509#primaryimage"},"thumbnailUrl":"http:\/\/www.colmagno.com.br\/magnonamidia\/2008\/Digitalizar0004.jpg","articleSection":["EDUCA\u00c7\u00c3O","OPINI\u00c3O"],"inLanguage":"pt-PT","potentialAction":[{"@type":"CommentAction","name":"Comment","target":["https:\/\/inclusivenews.com.br\/?p=15509#respond"]}]},{"@type":"WebPage","@id":"https:\/\/inclusivenews.com.br\/?p=15509","url":"https:\/\/inclusivenews.com.br\/?p=15509","name":"Educar para a responsabilidade ambiental -","isPartOf":{"@id":"https:\/\/inclusivenews.com.br\/#website"},"primaryImageOfPage":{"@id":"https:\/\/inclusivenews.com.br\/?p=15509#primaryimage"},"image":{"@id":"https:\/\/inclusivenews.com.br\/?p=15509#primaryimage"},"thumbnailUrl":"http:\/\/www.colmagno.com.br\/magnonamidia\/2008\/Digitalizar0004.jpg","datePublished":"2010-05-20T11:45:14+00:00","breadcrumb":{"@id":"https:\/\/inclusivenews.com.br\/?p=15509#breadcrumb"},"inLanguage":"pt-PT","potentialAction":[{"@type":"ReadAction","target":["https:\/\/inclusivenews.com.br\/?p=15509"]}]},{"@type":"ImageObject","inLanguage":"pt-PT","@id":"https:\/\/inclusivenews.com.br\/?p=15509#primaryimage","url":"http:\/\/www.colmagno.com.br\/magnonamidia\/2008\/Digitalizar0004.jpg","contentUrl":"http:\/\/www.colmagno.com.br\/magnonamidia\/2008\/Digitalizar0004.jpg"},{"@type":"BreadcrumbList","@id":"https:\/\/inclusivenews.com.br\/?p=15509#breadcrumb","itemListElement":[{"@type":"ListItem","position":1,"name":"In\u00edcio","item":"https:\/\/inclusivenews.com.br\/"},{"@type":"ListItem","position":2,"name":"Educar para a responsabilidade ambiental"}]},{"@type":"WebSite","@id":"https:\/\/inclusivenews.com.br\/#website","url":"https:\/\/inclusivenews.com.br\/","name":"Inclusive News","description":"Inclusive News","publisher":{"@id":"https:\/\/inclusivenews.com.br\/#organization"},"potentialAction":[{"@type":"SearchAction","target":{"@type":"EntryPoint","urlTemplate":"https:\/\/inclusivenews.com.br\/?s={search_term_string}"},"query-input":{"@type":"PropertyValueSpecification","valueRequired":true,"valueName":"search_term_string"}}],"inLanguage":"pt-PT"},{"@type":"Organization","@id":"https:\/\/inclusivenews.com.br\/#organization","name":"Inclusive - inclus\u00e3o e cidadania","url":"https:\/\/inclusivenews.com.br\/","logo":{"@type":"ImageObject","inLanguage":"pt-PT","@id":"https:\/\/inclusivenews.com.br\/#\/schema\/logo\/image\/","url":"https:\/\/inclusivenews.com.br\/wp-content\/uploads\/2024\/03\/@grandesite.png","contentUrl":"https:\/\/inclusivenews.com.br\/wp-content\/uploads\/2024\/03\/@grandesite.png","width":1080,"height":1080,"caption":"Inclusive - inclus\u00e3o e cidadania"},"image":{"@id":"https:\/\/inclusivenews.com.br\/#\/schema\/logo\/image\/"},"sameAs":["https:\/\/www.facebook.com\/agenciainclusive\/","https:\/\/www.instagram.com\/newsinclusive\/"]},{"@type":"Person","@id":"https:\/\/inclusivenews.com.br\/#\/schema\/person\/ae4ec7087559b8692fb33b6fffd2273b","name":"inclusivenews2024","image":{"@type":"ImageObject","inLanguage":"pt-PT","@id":"https:\/\/secure.gravatar.com\/avatar\/c5a7ef84c66fa914f55bc4f7ce26cfa275a3b9a1c5568b907bd184fb4dde7b40?s=96&d=mm&r=g","url":"https:\/\/secure.gravatar.com\/avatar\/c5a7ef84c66fa914f55bc4f7ce26cfa275a3b9a1c5568b907bd184fb4dde7b40?s=96&d=mm&r=g","contentUrl":"https:\/\/secure.gravatar.com\/avatar\/c5a7ef84c66fa914f55bc4f7ce26cfa275a3b9a1c5568b907bd184fb4dde7b40?s=96&d=mm&r=g","caption":"inclusivenews2024"},"sameAs":["https:\/\/inclusivenews.com.br"],"url":"https:\/\/inclusivenews.com.br\/?author=1"}]}},"_links":{"self":[{"href":"https:\/\/inclusivenews.com.br\/index.php?rest_route=\/wp\/v2\/posts\/15509","targetHints":{"allow":["GET"]}}],"collection":[{"href":"https:\/\/inclusivenews.com.br\/index.php?rest_route=\/wp\/v2\/posts"}],"about":[{"href":"https:\/\/inclusivenews.com.br\/index.php?rest_route=\/wp\/v2\/types\/post"}],"author":[{"embeddable":true,"href":"https:\/\/inclusivenews.com.br\/index.php?rest_route=\/wp\/v2\/users\/1"}],"replies":[{"embeddable":true,"href":"https:\/\/inclusivenews.com.br\/index.php?rest_route=%2Fwp%2Fv2%2Fcomments&post=15509"}],"version-history":[{"count":0,"href":"https:\/\/inclusivenews.com.br\/index.php?rest_route=\/wp\/v2\/posts\/15509\/revisions"}],"wp:attachment":[{"href":"https:\/\/inclusivenews.com.br\/index.php?rest_route=%2Fwp%2Fv2%2Fmedia&parent=15509"}],"wp:term":[{"taxonomy":"category","embeddable":true,"href":"https:\/\/inclusivenews.com.br\/index.php?rest_route=%2Fwp%2Fv2%2Fcategories&post=15509"},{"taxonomy":"post_tag","embeddable":true,"href":"https:\/\/inclusivenews.com.br\/index.php?rest_route=%2Fwp%2Fv2%2Ftags&post=15509"}],"curies":[{"name":"wp","href":"https:\/\/api.w.org\/{rel}","templated":true}]}}