{"id":15607,"date":"2010-05-27T05:59:38","date_gmt":"2010-05-27T08:59:38","guid":{"rendered":"http:\/\/www.inclusive.org.br\/?p=15607"},"modified":"2010-05-27T05:59:38","modified_gmt":"2010-05-27T08:59:38","slug":"ministerios-publicos-se-unem-no-combate-a-discriminacao-no-uso-de-elevadores-em-pernambuco-pe","status":"publish","type":"post","link":"https:\/\/inclusivenews.com.br\/?p=15607","title":{"rendered":"Minist\u00e9rios P\u00fablicos se unem no combate \u00e0 discrimina\u00e7\u00e3o no uso de elevadores em Pernambuco &#8211; PE"},"content":{"rendered":"<figure style=\"width: 300px\" class=\"wp-caption alignleft\"><img loading=\"lazy\" decoding=\"async\" title=\"Pessoas de v\u00e1rios tipos dentro de um elevador\" src=\"http:\/\/www.anpt.org.br\/site\/images\/stories\/marianaba.jpg\" alt=\"\" width=\"300\" height=\"225\" \/><figcaption class=\"wp-caption-text\"> <\/figcaption><\/figure>\n<p>&#8220;\u00c9 criminoso discriminar\u201d \u00e9 o mote de campanha lan\u00e7ada na tarde desta quinta-feira (20\/05) pelos Minist\u00e9rios P\u00fablicos de Pernambuco (MPPE), Federal (MPF) e do Trabalho (MPT). A parceria entre as institui\u00e7\u00f5es tem como objetivo combater a discrimina\u00e7\u00e3o sofrida pelos trabalhadores dom\u00e9sticos no uso dos elevadores.<\/p>\n<p>Durante o lan\u00e7amento, o procurador-chefe do MPT no estado, F\u00e1bio Farias, ressaltou a import\u00e2ncia da campanha. \u201cEstamos abrindo as portas para uma categoria com menos direitos garantidos por lei e historicamente discriminada, formada por mulheres, na maioria das vezes, negras. Precisamos tornar percept\u00edvel a cultura da discrimina\u00e7\u00e3o para combat\u00ea-la\u201d, disse.<\/p>\n<p>A procuradora da Rep\u00fablica Mona Lisa Ismail refor\u00e7ou que \u201c\u00e9 importante que as pessoas levem ao conhecimento do Minist\u00e9rio P\u00fablico os casos de discrimina\u00e7\u00e3o para que sejam tomadas as medidas cab\u00edveis, uma vez que essas atitudes podem configurar crime previsto por lei\u201d.<\/p>\n<p>A campanha contou com apoio do Sindicato das Dom\u00e9sticas. \u201cExiste uma grande parte das trabalhadoras dom\u00e9sticas que n\u00e3o denuncia a discrimina\u00e7\u00e3o nos elevadores. \u00c9 um sentimento que nos traz de volta \u00e0 escravid\u00e3o. Por isso, apoiamos a iniciativa\u201d, afirmou Luiza Batista Pereira, presidente do Sindicato das Trabalhadoras Dom\u00e9sticas, que participou do evento junto a grupo de trabalhadoras.<\/p>\n<p>No final do evento a desembargadora do Tribunal Regional do Trabalho na 6\u00aa Regi\u00e3o, Nise Pedroso, proferiu palestra sobre o tema \u201cAspectos Sociojur\u00eddicos do Emprego Dom\u00e9stico\u201d.<\/p>\n<p>As procuradoras do Trabalho, D\u00e9bora Tito e Maria Auxiliadora de Souza e S\u00e1, o procurador regional do Trabalho, Pedro Serafim, al\u00e9m dos estagi\u00e1rios de Direito da PRT6, prestigiaram o lan\u00e7amento. Tamb\u00e9m estiveram presente os Sindicatos dos Empregadores Dom\u00e9sticos, das Empresas de Habita\u00e7\u00e3o e Condom\u00ednios (Secovi-PE) e dos Trabalhadores Dom\u00e9sticos, bem como da Federa\u00e7\u00e3o das Ind\u00fastrias do Estado de Pernambuco.<\/p>\n<p>Campanha &#8211; A meta da campanha \u00e9 evidenciar a veda\u00e7\u00e3o, sob pena de multa, de qualquer forma de discrimina\u00e7\u00e3o em virtude de ra\u00e7a, cor, origem ou condi\u00e7\u00e3o social, entre outros fatores\u201d, disse. O acesso e uso de elevadores de edif\u00edcios situados no Recife, inclusive, \u00e9 disciplinado pela Lei Municipal n\u00ba 16678, de 2001. De acordo com a norma, os respons\u00e1veis legais pela administra\u00e7\u00e3o dos condom\u00ednios podem regulamentar o acesso aos im\u00f3veis, mas com o uso de regras gerais e impessoais n\u00e3o discriminat\u00f3rias.<\/p>\n<p>Para isso, o MPF instaurou um procedimento administrativo em que prop\u00f5e a mudan\u00e7a da nomenclatura dos elevadores, que, em vez de \u201cSocial\u201d e de \u201cServi\u00e7o\u201d, passariam a se chamar \u201cde Pessoas\u201d e \u201cde Cargas\u201d. Outra medida \u00e9 a distribui\u00e7\u00e3o de cerca de mil cartazes para condom\u00ednios da cidade, gra\u00e7as a parceria com o Secovi, que facilitou o acesso. Tamb\u00e9m est\u00e1 sendo avaliada a possibilidade de cursos de qualifica\u00e7\u00e3o para gestores de empresas de condom\u00ednios, dado pelo MPT, para forma\u00e7\u00e3o de agentes multiplicadores da lei.<\/p>\n<p>Vale lembrar que a campanha do MPF, MPPE e MPT visa atingir os pr\u00e9dios p\u00fablicos e privados da Regi\u00e3o Metropolitana do Recife que possuam mais de um elevador, tamb\u00e9m contando com um \/spot \/que est\u00e1 sendo divulgado nas emissoras de r\u00e1dio locais.<\/p>\n<p>___________<\/p>\n<p><strong>Fonte:<\/strong> <a href=\"http:\/\/www.anpt.org.br\/site\/index.php?option=com_content&amp;view=article&amp;id=837:ministerios-publicos-se-unem-no-combate-a-discriminacao-no-uso-de-elevadores-em-pernambuco-pe&amp;catid=59:noticias\">ANPT<\/a><\/p>\n","protected":false},"excerpt":{"rendered":"<p>A meta da campanha \u00e9 evidenciar a veda\u00e7\u00e3o, sob pena de multa, de qualquer forma de discrimina\u00e7\u00e3o em virtude de ra\u00e7a, cor, origem ou condi\u00e7\u00e3o social, entre outros fatores. Informa\u00e7\u00e3o \u00e9 da ANPT.<\/p>\n","protected":false},"author":1,"featured_media":0,"comment_status":"open","ping_status":"open","sticky":false,"template":"","format":"standard","meta":{"site-container-style":"default","site-container-layout":"default","site-sidebar-layout":"default","disable-article-header":"default","disable-site-header":"default","disable-site-footer":"default","disable-content-area-spacing":"default","footnotes":""},"categories":[3,39,4],"tags":[],"class_list":["post-15607","post","type-post","status-publish","format-standard","hentry","category-campanhas","category-discriminacao","category-noticias"],"yoast_head":"<!-- This site is optimized with the Yoast SEO plugin v27.4 - https:\/\/yoast.com\/product\/yoast-seo-wordpress\/ -->\n<title>Minist\u00e9rios P\u00fablicos se unem no combate \u00e0 discrimina\u00e7\u00e3o no uso de elevadores em Pernambuco - PE -<\/title>\n<meta name=\"robots\" content=\"index, follow, max-snippet:-1, max-image-preview:large, max-video-preview:-1\" \/>\n<link rel=\"canonical\" href=\"https:\/\/inclusivenews.com.br\/?p=15607\" \/>\n<meta property=\"og:locale\" content=\"pt_PT\" \/>\n<meta property=\"og:type\" content=\"article\" \/>\n<meta property=\"og:title\" content=\"Minist\u00e9rios P\u00fablicos se unem no combate \u00e0 discrimina\u00e7\u00e3o no uso de elevadores em Pernambuco - PE -\" \/>\n<meta property=\"og:description\" content=\"A meta da campanha \u00e9 evidenciar a veda\u00e7\u00e3o, sob pena de multa, de qualquer forma de discrimina\u00e7\u00e3o em virtude de ra\u00e7a, cor, origem ou condi\u00e7\u00e3o social, entre outros fatores. Informa\u00e7\u00e3o \u00e9 da ANPT.\" \/>\n<meta property=\"og:url\" content=\"https:\/\/inclusivenews.com.br\/?p=15607\" \/>\n<meta property=\"article:publisher\" content=\"https:\/\/www.facebook.com\/agenciainclusive\/\" \/>\n<meta property=\"article:published_time\" content=\"2010-05-27T08:59:38+00:00\" \/>\n<meta property=\"og:image\" content=\"http:\/\/www.anpt.org.br\/site\/images\/stories\/marianaba.jpg\" \/>\n<meta name=\"author\" content=\"inclusivenews2024\" \/>\n<meta name=\"twitter:card\" content=\"summary_large_image\" \/>\n<meta name=\"twitter:label1\" content=\"Escrito por\" \/>\n\t<meta name=\"twitter:data1\" content=\"inclusivenews2024\" \/>\n\t<meta name=\"twitter:label2\" content=\"Tempo estimado de leitura\" \/>\n\t<meta name=\"twitter:data2\" content=\"3 minutos\" \/>\n<script type=\"application\/ld+json\" class=\"yoast-schema-graph\">{\"@context\":\"https:\\\/\\\/schema.org\",\"@graph\":[{\"@type\":\"Article\",\"@id\":\"https:\\\/\\\/inclusivenews.com.br\\\/?p=15607#article\",\"isPartOf\":{\"@id\":\"https:\\\/\\\/inclusivenews.com.br\\\/?p=15607\"},\"author\":{\"name\":\"inclusivenews2024\",\"@id\":\"https:\\\/\\\/inclusivenews.com.br\\\/#\\\/schema\\\/person\\\/ae4ec7087559b8692fb33b6fffd2273b\"},\"headline\":\"Minist\u00e9rios P\u00fablicos se unem no combate \u00e0 discrimina\u00e7\u00e3o no uso de elevadores em Pernambuco &#8211; PE\",\"datePublished\":\"2010-05-27T08:59:38+00:00\",\"mainEntityOfPage\":{\"@id\":\"https:\\\/\\\/inclusivenews.com.br\\\/?p=15607\"},\"wordCount\":566,\"commentCount\":0,\"publisher\":{\"@id\":\"https:\\\/\\\/inclusivenews.com.br\\\/#organization\"},\"image\":{\"@id\":\"https:\\\/\\\/inclusivenews.com.br\\\/?p=15607#primaryimage\"},\"thumbnailUrl\":\"http:\\\/\\\/www.anpt.org.br\\\/site\\\/images\\\/stories\\\/marianaba.jpg\",\"articleSection\":[\"CAMPANHAS\",\"Discrimina\u00e7\u00e3o\",\"NOT\u00cdCIAS\"],\"inLanguage\":\"pt-PT\",\"potentialAction\":[{\"@type\":\"CommentAction\",\"name\":\"Comment\",\"target\":[\"https:\\\/\\\/inclusivenews.com.br\\\/?p=15607#respond\"]}]},{\"@type\":\"WebPage\",\"@id\":\"https:\\\/\\\/inclusivenews.com.br\\\/?p=15607\",\"url\":\"https:\\\/\\\/inclusivenews.com.br\\\/?p=15607\",\"name\":\"Minist\u00e9rios P\u00fablicos se unem no combate \u00e0 discrimina\u00e7\u00e3o no uso de elevadores em Pernambuco - PE -\",\"isPartOf\":{\"@id\":\"https:\\\/\\\/inclusivenews.com.br\\\/#website\"},\"primaryImageOfPage\":{\"@id\":\"https:\\\/\\\/inclusivenews.com.br\\\/?p=15607#primaryimage\"},\"image\":{\"@id\":\"https:\\\/\\\/inclusivenews.com.br\\\/?p=15607#primaryimage\"},\"thumbnailUrl\":\"http:\\\/\\\/www.anpt.org.br\\\/site\\\/images\\\/stories\\\/marianaba.jpg\",\"datePublished\":\"2010-05-27T08:59:38+00:00\",\"breadcrumb\":{\"@id\":\"https:\\\/\\\/inclusivenews.com.br\\\/?p=15607#breadcrumb\"},\"inLanguage\":\"pt-PT\",\"potentialAction\":[{\"@type\":\"ReadAction\",\"target\":[\"https:\\\/\\\/inclusivenews.com.br\\\/?p=15607\"]}]},{\"@type\":\"ImageObject\",\"inLanguage\":\"pt-PT\",\"@id\":\"https:\\\/\\\/inclusivenews.com.br\\\/?p=15607#primaryimage\",\"url\":\"http:\\\/\\\/www.anpt.org.br\\\/site\\\/images\\\/stories\\\/marianaba.jpg\",\"contentUrl\":\"http:\\\/\\\/www.anpt.org.br\\\/site\\\/images\\\/stories\\\/marianaba.jpg\"},{\"@type\":\"BreadcrumbList\",\"@id\":\"https:\\\/\\\/inclusivenews.com.br\\\/?p=15607#breadcrumb\",\"itemListElement\":[{\"@type\":\"ListItem\",\"position\":1,\"name\":\"In\u00edcio\",\"item\":\"https:\\\/\\\/inclusivenews.com.br\\\/\"},{\"@type\":\"ListItem\",\"position\":2,\"name\":\"Minist\u00e9rios P\u00fablicos se unem no combate \u00e0 discrimina\u00e7\u00e3o no uso de elevadores em Pernambuco &#8211; PE\"}]},{\"@type\":\"WebSite\",\"@id\":\"https:\\\/\\\/inclusivenews.com.br\\\/#website\",\"url\":\"https:\\\/\\\/inclusivenews.com.br\\\/\",\"name\":\"Inclusive News\",\"description\":\"Inclusive News\",\"publisher\":{\"@id\":\"https:\\\/\\\/inclusivenews.com.br\\\/#organization\"},\"potentialAction\":[{\"@type\":\"SearchAction\",\"target\":{\"@type\":\"EntryPoint\",\"urlTemplate\":\"https:\\\/\\\/inclusivenews.com.br\\\/?s={search_term_string}\"},\"query-input\":{\"@type\":\"PropertyValueSpecification\",\"valueRequired\":true,\"valueName\":\"search_term_string\"}}],\"inLanguage\":\"pt-PT\"},{\"@type\":\"Organization\",\"@id\":\"https:\\\/\\\/inclusivenews.com.br\\\/#organization\",\"name\":\"Inclusive - inclus\u00e3o e cidadania\",\"url\":\"https:\\\/\\\/inclusivenews.com.br\\\/\",\"logo\":{\"@type\":\"ImageObject\",\"inLanguage\":\"pt-PT\",\"@id\":\"https:\\\/\\\/inclusivenews.com.br\\\/#\\\/schema\\\/logo\\\/image\\\/\",\"url\":\"https:\\\/\\\/inclusivenews.com.br\\\/wp-content\\\/uploads\\\/2024\\\/03\\\/@grandesite.png\",\"contentUrl\":\"https:\\\/\\\/inclusivenews.com.br\\\/wp-content\\\/uploads\\\/2024\\\/03\\\/@grandesite.png\",\"width\":1080,\"height\":1080,\"caption\":\"Inclusive - inclus\u00e3o e cidadania\"},\"image\":{\"@id\":\"https:\\\/\\\/inclusivenews.com.br\\\/#\\\/schema\\\/logo\\\/image\\\/\"},\"sameAs\":[\"https:\\\/\\\/www.facebook.com\\\/agenciainclusive\\\/\",\"https:\\\/\\\/www.instagram.com\\\/newsinclusive\\\/\"]},{\"@type\":\"Person\",\"@id\":\"https:\\\/\\\/inclusivenews.com.br\\\/#\\\/schema\\\/person\\\/ae4ec7087559b8692fb33b6fffd2273b\",\"name\":\"inclusivenews2024\",\"image\":{\"@type\":\"ImageObject\",\"inLanguage\":\"pt-PT\",\"@id\":\"https:\\\/\\\/secure.gravatar.com\\\/avatar\\\/c5a7ef84c66fa914f55bc4f7ce26cfa275a3b9a1c5568b907bd184fb4dde7b40?s=96&d=mm&r=g\",\"url\":\"https:\\\/\\\/secure.gravatar.com\\\/avatar\\\/c5a7ef84c66fa914f55bc4f7ce26cfa275a3b9a1c5568b907bd184fb4dde7b40?s=96&d=mm&r=g\",\"contentUrl\":\"https:\\\/\\\/secure.gravatar.com\\\/avatar\\\/c5a7ef84c66fa914f55bc4f7ce26cfa275a3b9a1c5568b907bd184fb4dde7b40?s=96&d=mm&r=g\",\"caption\":\"inclusivenews2024\"},\"sameAs\":[\"https:\\\/\\\/inclusivenews.com.br\"],\"url\":\"https:\\\/\\\/inclusivenews.com.br\\\/?author=1\"}]}<\/script>\n<!-- \/ Yoast SEO plugin. -->","yoast_head_json":{"title":"Minist\u00e9rios P\u00fablicos se unem no combate \u00e0 discrimina\u00e7\u00e3o no uso de elevadores em Pernambuco - PE -","robots":{"index":"index","follow":"follow","max-snippet":"max-snippet:-1","max-image-preview":"max-image-preview:large","max-video-preview":"max-video-preview:-1"},"canonical":"https:\/\/inclusivenews.com.br\/?p=15607","og_locale":"pt_PT","og_type":"article","og_title":"Minist\u00e9rios P\u00fablicos se unem no combate \u00e0 discrimina\u00e7\u00e3o no uso de elevadores em Pernambuco - PE -","og_description":"A meta da campanha \u00e9 evidenciar a veda\u00e7\u00e3o, sob pena de multa, de qualquer forma de discrimina\u00e7\u00e3o em virtude de ra\u00e7a, cor, origem ou condi\u00e7\u00e3o social, entre outros fatores. Informa\u00e7\u00e3o \u00e9 da ANPT.","og_url":"https:\/\/inclusivenews.com.br\/?p=15607","article_publisher":"https:\/\/www.facebook.com\/agenciainclusive\/","article_published_time":"2010-05-27T08:59:38+00:00","og_image":[{"url":"http:\/\/www.anpt.org.br\/site\/images\/stories\/marianaba.jpg","type":"","width":"","height":""}],"author":"inclusivenews2024","twitter_card":"summary_large_image","twitter_misc":{"Escrito por":"inclusivenews2024","Tempo estimado de leitura":"3 minutos"},"schema":{"@context":"https:\/\/schema.org","@graph":[{"@type":"Article","@id":"https:\/\/inclusivenews.com.br\/?p=15607#article","isPartOf":{"@id":"https:\/\/inclusivenews.com.br\/?p=15607"},"author":{"name":"inclusivenews2024","@id":"https:\/\/inclusivenews.com.br\/#\/schema\/person\/ae4ec7087559b8692fb33b6fffd2273b"},"headline":"Minist\u00e9rios P\u00fablicos se unem no combate \u00e0 discrimina\u00e7\u00e3o no uso de elevadores em Pernambuco &#8211; PE","datePublished":"2010-05-27T08:59:38+00:00","mainEntityOfPage":{"@id":"https:\/\/inclusivenews.com.br\/?p=15607"},"wordCount":566,"commentCount":0,"publisher":{"@id":"https:\/\/inclusivenews.com.br\/#organization"},"image":{"@id":"https:\/\/inclusivenews.com.br\/?p=15607#primaryimage"},"thumbnailUrl":"http:\/\/www.anpt.org.br\/site\/images\/stories\/marianaba.jpg","articleSection":["CAMPANHAS","Discrimina\u00e7\u00e3o","NOT\u00cdCIAS"],"inLanguage":"pt-PT","potentialAction":[{"@type":"CommentAction","name":"Comment","target":["https:\/\/inclusivenews.com.br\/?p=15607#respond"]}]},{"@type":"WebPage","@id":"https:\/\/inclusivenews.com.br\/?p=15607","url":"https:\/\/inclusivenews.com.br\/?p=15607","name":"Minist\u00e9rios P\u00fablicos se unem no combate \u00e0 discrimina\u00e7\u00e3o no uso de elevadores em Pernambuco - PE -","isPartOf":{"@id":"https:\/\/inclusivenews.com.br\/#website"},"primaryImageOfPage":{"@id":"https:\/\/inclusivenews.com.br\/?p=15607#primaryimage"},"image":{"@id":"https:\/\/inclusivenews.com.br\/?p=15607#primaryimage"},"thumbnailUrl":"http:\/\/www.anpt.org.br\/site\/images\/stories\/marianaba.jpg","datePublished":"2010-05-27T08:59:38+00:00","breadcrumb":{"@id":"https:\/\/inclusivenews.com.br\/?p=15607#breadcrumb"},"inLanguage":"pt-PT","potentialAction":[{"@type":"ReadAction","target":["https:\/\/inclusivenews.com.br\/?p=15607"]}]},{"@type":"ImageObject","inLanguage":"pt-PT","@id":"https:\/\/inclusivenews.com.br\/?p=15607#primaryimage","url":"http:\/\/www.anpt.org.br\/site\/images\/stories\/marianaba.jpg","contentUrl":"http:\/\/www.anpt.org.br\/site\/images\/stories\/marianaba.jpg"},{"@type":"BreadcrumbList","@id":"https:\/\/inclusivenews.com.br\/?p=15607#breadcrumb","itemListElement":[{"@type":"ListItem","position":1,"name":"In\u00edcio","item":"https:\/\/inclusivenews.com.br\/"},{"@type":"ListItem","position":2,"name":"Minist\u00e9rios P\u00fablicos se unem no combate \u00e0 discrimina\u00e7\u00e3o no uso de elevadores em Pernambuco &#8211; PE"}]},{"@type":"WebSite","@id":"https:\/\/inclusivenews.com.br\/#website","url":"https:\/\/inclusivenews.com.br\/","name":"Inclusive News","description":"Inclusive News","publisher":{"@id":"https:\/\/inclusivenews.com.br\/#organization"},"potentialAction":[{"@type":"SearchAction","target":{"@type":"EntryPoint","urlTemplate":"https:\/\/inclusivenews.com.br\/?s={search_term_string}"},"query-input":{"@type":"PropertyValueSpecification","valueRequired":true,"valueName":"search_term_string"}}],"inLanguage":"pt-PT"},{"@type":"Organization","@id":"https:\/\/inclusivenews.com.br\/#organization","name":"Inclusive - inclus\u00e3o e cidadania","url":"https:\/\/inclusivenews.com.br\/","logo":{"@type":"ImageObject","inLanguage":"pt-PT","@id":"https:\/\/inclusivenews.com.br\/#\/schema\/logo\/image\/","url":"https:\/\/inclusivenews.com.br\/wp-content\/uploads\/2024\/03\/@grandesite.png","contentUrl":"https:\/\/inclusivenews.com.br\/wp-content\/uploads\/2024\/03\/@grandesite.png","width":1080,"height":1080,"caption":"Inclusive - inclus\u00e3o e cidadania"},"image":{"@id":"https:\/\/inclusivenews.com.br\/#\/schema\/logo\/image\/"},"sameAs":["https:\/\/www.facebook.com\/agenciainclusive\/","https:\/\/www.instagram.com\/newsinclusive\/"]},{"@type":"Person","@id":"https:\/\/inclusivenews.com.br\/#\/schema\/person\/ae4ec7087559b8692fb33b6fffd2273b","name":"inclusivenews2024","image":{"@type":"ImageObject","inLanguage":"pt-PT","@id":"https:\/\/secure.gravatar.com\/avatar\/c5a7ef84c66fa914f55bc4f7ce26cfa275a3b9a1c5568b907bd184fb4dde7b40?s=96&d=mm&r=g","url":"https:\/\/secure.gravatar.com\/avatar\/c5a7ef84c66fa914f55bc4f7ce26cfa275a3b9a1c5568b907bd184fb4dde7b40?s=96&d=mm&r=g","contentUrl":"https:\/\/secure.gravatar.com\/avatar\/c5a7ef84c66fa914f55bc4f7ce26cfa275a3b9a1c5568b907bd184fb4dde7b40?s=96&d=mm&r=g","caption":"inclusivenews2024"},"sameAs":["https:\/\/inclusivenews.com.br"],"url":"https:\/\/inclusivenews.com.br\/?author=1"}]}},"_links":{"self":[{"href":"https:\/\/inclusivenews.com.br\/index.php?rest_route=\/wp\/v2\/posts\/15607","targetHints":{"allow":["GET"]}}],"collection":[{"href":"https:\/\/inclusivenews.com.br\/index.php?rest_route=\/wp\/v2\/posts"}],"about":[{"href":"https:\/\/inclusivenews.com.br\/index.php?rest_route=\/wp\/v2\/types\/post"}],"author":[{"embeddable":true,"href":"https:\/\/inclusivenews.com.br\/index.php?rest_route=\/wp\/v2\/users\/1"}],"replies":[{"embeddable":true,"href":"https:\/\/inclusivenews.com.br\/index.php?rest_route=%2Fwp%2Fv2%2Fcomments&post=15607"}],"version-history":[{"count":0,"href":"https:\/\/inclusivenews.com.br\/index.php?rest_route=\/wp\/v2\/posts\/15607\/revisions"}],"wp:attachment":[{"href":"https:\/\/inclusivenews.com.br\/index.php?rest_route=%2Fwp%2Fv2%2Fmedia&parent=15607"}],"wp:term":[{"taxonomy":"category","embeddable":true,"href":"https:\/\/inclusivenews.com.br\/index.php?rest_route=%2Fwp%2Fv2%2Fcategories&post=15607"},{"taxonomy":"post_tag","embeddable":true,"href":"https:\/\/inclusivenews.com.br\/index.php?rest_route=%2Fwp%2Fv2%2Ftags&post=15607"}],"curies":[{"name":"wp","href":"https:\/\/api.w.org\/{rel}","templated":true}]}}