{"id":15608,"date":"2010-05-26T05:55:46","date_gmt":"2010-05-26T08:55:46","guid":{"rendered":"http:\/\/www.inclusive.org.br\/?p=15608"},"modified":"2010-05-26T05:55:46","modified_gmt":"2010-05-26T08:55:46","slug":"como-a-obsessao-pelo-copyright-pode-destruir-a-criatividade","status":"publish","type":"post","link":"https:\/\/inclusivenews.com.br\/?p=15608","title":{"rendered":"Como a obsess\u00e3o pelo copyright pode destruir a criatividade"},"content":{"rendered":"<figure style=\"width: 280px\" class=\"wp-caption alignleft\"><img loading=\"lazy\" decoding=\"async\" title=\"James Boyle em uma sala de leitira em uma biblioteca (de papel)\" src=\"http:\/\/www.ionline.pt\/adjuntos\/102\/imagenes\/000\/170\/0000170295.jpg\" alt=\"\" width=\"280\" height=\"158\" \/><figcaption class=\"wp-caption-text\"> <\/figcaption><\/figure>\n<p>Se a Internet fosse inventada hoje, provavelmente os seus autores seriam processados. \u00c9 o que diz James Boyle, professor de Direito escoc\u00eas que defende uma mudan\u00e7a radical nas regras dos direitos de autor. O co-fundador da organiza\u00e7\u00e3o Creative Commons esteve em Portugal, a convite da Cat\u00f3lica Global School of Law, onde \u00e9 docente no LL.M. Law in a European and Global Context, da Universidade Cat\u00f3lica, e explicou ao i os fundamentos da sua posi\u00e7\u00e3o perante a propriedade intelectual e o dom\u00ednio p\u00fablico.<\/p>\n<p>O que quer dizer com a express\u00e3o &#8220;agorafobia cultural?<\/p>\n<p>O medo da abertura cultural. Imagine que est\u00e1vamos de volta a 1992 e lhe diziam: &#8220;estamos a pensar em duas redes de computadores&#8221;. A primeira ter\u00e1 uns terminais, que v\u00e3o fazer dez coisas diferentes, limitadas e definidas pelo sistema. Voc\u00ea pode ler mas n\u00e3o fazer, porque \u00e9 apenas uma pessoa, n\u00e3o uma entidade leg\u00edtima. N\u00e3o vamos deixar que entre qualquer louco. Portanto, quando algu\u00e9m chamado Jeff Bezzos [fundador da Amazon.com] vier dizer que quer vender livros nesta rede, dir-lhe-\u00e3o: &#8220;voc\u00ea n\u00e3o \u00e9 ningu\u00e9m. Vamos ter uma livraria a s\u00e9rio&#8221;. Uma rede tipo Minitel (Fran\u00e7a).<\/p>\n<p>E a rede n\u00famero dois?<\/p>\n<p>Nessa teremos computadores de \u00e2mbito geral, onde se pode fazer o que se quiser, desde escrever programas a ver v\u00eddeos. A rede ser\u00e1 aberta. Qualquer pessoa pode ligar-se a ela, em qualquer s\u00edtio do mundo. \u00c9 uma rede est\u00fapida, n\u00e3o sabe se os dados que est\u00e3o a passar s\u00e3o pornografia ou blogues. Voc\u00ea tem que escolher entre as duas redes. Qual escolheria? A um, claro. A dois ser\u00e1 ca\u00f3tica: vai haver pirataria, correio n\u00e3o solicitado, idiotas, racismo. Quem \u00e9 que investiria nesta rede? Ningu\u00e9m. Acha que as pessoas v\u00e3o confiar e enviar e-mails atrav\u00e9s dela? Nunca. Ser\u00e1 um desastre, vai destruir a propriedade intelectual&#8230; \u00e9 a Internet.<\/p>\n<p>Portanto, escolher\u00edamos a n\u00famero um?<\/p>\n<p>Sim, porque \u00e9 isso que faz sentido de acordo com as nossas percep\u00e7\u00f5es. Porqu\u00ea? Agorafobia cultural. Somos muito bons a ver os perigos da abertura &#8211; e s\u00e3o reais, h\u00e1 idiotas, h\u00e1 pornografia, h\u00e1 pirataria. Mas nunca ter\u00edamos imaginado as possibilidades de comunica\u00e7\u00e3o que se abriram com a Internet. Eu n\u00e3o teria imaginado o Twitter e o Facebook, o pr\u00f3prio Google. Ter\u00edamos previsto as coisas m\u00e1s. E passado ao lado das coisas boas.<\/p>\n<p>Isso \u00e9 uma apologia total da abertura?<\/p>\n<p>N\u00e3o \u00e9 que a abertura seja sempre a resposta. \u00c0s vezes precisamos de um sistema fechado, de proteger a propriedade intelectual porque de outra forma n\u00e3o vamos conseguir um novo f\u00e1rmaco. A quest\u00e3o \u00e9 que somos sistematicamente maus a identificar as vantagens da abertura. Sobrevalorizamos os riscos e subvalorizamos os benef\u00edcios. \u00c9 um preconceito, n\u00e3o um erro. E leva-me a pensar: em que mais estivemos errados? O que \u00e9 que n\u00e3o existe por causa dos nossos preconceitos?<\/p>\n<p>Como \u00e9 que identificou esta fobia?<\/p>\n<p>Estudei os padr\u00f5es das guerras da propriedade intelectual, e alarguei a an\u00e1lise \u00e0 regula\u00e7\u00e3o das redes. Percebi que n\u00e3o era algo fortuito e n\u00e3o podia ser explicado pelo interesse pr\u00f3prio das ind\u00fastrias, que \u00e9 o que se assume logo. A ind\u00fastria est\u00e1 t\u00e3o sujeita a este erro como os outros. Um exemplo \u00e9 o v\u00eddeo. Quando foi lan\u00e7ado, o presidente da associa\u00e7\u00e3o de filmes da Am\u00e9rica disse que o v\u00eddeo era para a ind\u00fastria o que o estrangulador de Boston era para uma mulher sozinha. Cinco anos depois, o v\u00eddeo era respons\u00e1vel por 50% dos lucros de Hollywood. Tentaram matar a tecnologia que os salvou. Eles assumem que maior abertura s\u00f3 \u00e9 pior, nunca melhor.<\/p>\n<p>Acredita na propriedade intelectual?<\/p>\n<p>Claro, sou a favor do copyright. Mas gostava que fosse mais curto. Nos EUA era de 28 anos, o suficiente para que 90% de todos os produtos esgotassem o seu valor comercial. Mas houve uma extens\u00e3o temporal [trabalhos antes de 1978 est\u00e3o protegidos por 95 anos, por exemplo]. Quase tudo nos arquivos est\u00e1 inacess\u00edvel, para ser comprado, visionado ou copiado. \u00c9 o buraco negro do s\u00e9culo XX: filmes e livros a apodrecer.<\/p>\n<p>O copyright pode ser prejudicial?<\/p>\n<p>Sim, est\u00e1 a prejudicar a criatividade e o acesso cultural. Ser\u00e1 que ir\u00edamos permitir a Internet se fosse inventada hoje? Os autores devem poder escolher como querem partilhar o seu trabalho, por exemplo, atrav\u00e9s da Creative Commons. O copyright \u00e9 uma ferramenta para um objectivo. Se n\u00e3o est\u00e1 a atingi-lo, tem de ser mudado.<\/p>\n<p>O seu copyright ser\u00e1 cedido?<\/p>\n<p>Sim, est\u00e1 todo dispon\u00edvel gratuitamente, mas ainda n\u00e3o tenho limite de tempo ap\u00f3s o qual entrar\u00e1 no dom\u00ednio p\u00fablico. \u00c9 que a minha editora continua a vender os meus livros, mesmo o que publiquei h\u00e1 dez anos e apesar de haver vers\u00e3o gratuita.<\/p>\n<p>____________<\/p>\n<p><strong>Fonte:<\/strong> <a href=\"http:\/\/www.ionline.pt\/conteudo\/61419-propriedade-intelectual-como-obsessao-pelo-copyright-pode-destruir-criatividade\">iOnline<\/a><\/p>\n","protected":false},"excerpt":{"rendered":"<p>O co-fundador da Creative Commons, James Boyle, defende que os direitos de autor devem ser reduzidos.<\/p>\n","protected":false},"author":1,"featured_media":0,"comment_status":"open","ping_status":"open","sticky":false,"template":"","format":"standard","meta":{"site-container-style":"default","site-container-layout":"default","site-sidebar-layout":"default","disable-article-header":"default","disable-site-header":"default","disable-site-footer":"default","disable-content-area-spacing":"default","footnotes":""},"categories":[42],"tags":[],"class_list":["post-15608","post","type-post","status-publish","format-standard","hentry","category-entrevista"],"yoast_head":"<!-- This site is optimized with the Yoast SEO plugin v27.4 - https:\/\/yoast.com\/product\/yoast-seo-wordpress\/ -->\n<title>Como a obsess\u00e3o pelo copyright pode destruir a criatividade -<\/title>\n<meta name=\"robots\" content=\"index, follow, max-snippet:-1, max-image-preview:large, max-video-preview:-1\" \/>\n<link rel=\"canonical\" href=\"https:\/\/inclusivenews.com.br\/?p=15608\" \/>\n<meta property=\"og:locale\" content=\"pt_PT\" \/>\n<meta property=\"og:type\" content=\"article\" \/>\n<meta property=\"og:title\" content=\"Como a obsess\u00e3o pelo copyright pode destruir a criatividade -\" \/>\n<meta property=\"og:description\" content=\"O co-fundador da Creative Commons, James Boyle, defende que os direitos de autor devem ser reduzidos.\" \/>\n<meta property=\"og:url\" content=\"https:\/\/inclusivenews.com.br\/?p=15608\" \/>\n<meta property=\"article:publisher\" content=\"https:\/\/www.facebook.com\/agenciainclusive\/\" \/>\n<meta property=\"article:published_time\" content=\"2010-05-26T08:55:46+00:00\" \/>\n<meta property=\"og:image\" content=\"http:\/\/www.ionline.pt\/adjuntos\/102\/imagenes\/000\/170\/0000170295.jpg\" \/>\n<meta name=\"author\" content=\"inclusivenews2024\" \/>\n<meta name=\"twitter:card\" content=\"summary_large_image\" \/>\n<meta name=\"twitter:label1\" content=\"Escrito por\" \/>\n\t<meta name=\"twitter:data1\" content=\"inclusivenews2024\" \/>\n\t<meta name=\"twitter:label2\" content=\"Tempo estimado de leitura\" \/>\n\t<meta name=\"twitter:data2\" content=\"4 minutos\" \/>\n<script type=\"application\/ld+json\" class=\"yoast-schema-graph\">{\"@context\":\"https:\\\/\\\/schema.org\",\"@graph\":[{\"@type\":\"Article\",\"@id\":\"https:\\\/\\\/inclusivenews.com.br\\\/?p=15608#article\",\"isPartOf\":{\"@id\":\"https:\\\/\\\/inclusivenews.com.br\\\/?p=15608\"},\"author\":{\"name\":\"inclusivenews2024\",\"@id\":\"https:\\\/\\\/inclusivenews.com.br\\\/#\\\/schema\\\/person\\\/ae4ec7087559b8692fb33b6fffd2273b\"},\"headline\":\"Como a obsess\u00e3o pelo copyright pode destruir a criatividade\",\"datePublished\":\"2010-05-26T08:55:46+00:00\",\"mainEntityOfPage\":{\"@id\":\"https:\\\/\\\/inclusivenews.com.br\\\/?p=15608\"},\"wordCount\":837,\"commentCount\":0,\"publisher\":{\"@id\":\"https:\\\/\\\/inclusivenews.com.br\\\/#organization\"},\"image\":{\"@id\":\"https:\\\/\\\/inclusivenews.com.br\\\/?p=15608#primaryimage\"},\"thumbnailUrl\":\"http:\\\/\\\/www.ionline.pt\\\/adjuntos\\\/102\\\/imagenes\\\/000\\\/170\\\/0000170295.jpg\",\"articleSection\":[\"ENTREVISTAS\"],\"inLanguage\":\"pt-PT\",\"potentialAction\":[{\"@type\":\"CommentAction\",\"name\":\"Comment\",\"target\":[\"https:\\\/\\\/inclusivenews.com.br\\\/?p=15608#respond\"]}]},{\"@type\":\"WebPage\",\"@id\":\"https:\\\/\\\/inclusivenews.com.br\\\/?p=15608\",\"url\":\"https:\\\/\\\/inclusivenews.com.br\\\/?p=15608\",\"name\":\"Como a obsess\u00e3o pelo copyright pode destruir a criatividade -\",\"isPartOf\":{\"@id\":\"https:\\\/\\\/inclusivenews.com.br\\\/#website\"},\"primaryImageOfPage\":{\"@id\":\"https:\\\/\\\/inclusivenews.com.br\\\/?p=15608#primaryimage\"},\"image\":{\"@id\":\"https:\\\/\\\/inclusivenews.com.br\\\/?p=15608#primaryimage\"},\"thumbnailUrl\":\"http:\\\/\\\/www.ionline.pt\\\/adjuntos\\\/102\\\/imagenes\\\/000\\\/170\\\/0000170295.jpg\",\"datePublished\":\"2010-05-26T08:55:46+00:00\",\"breadcrumb\":{\"@id\":\"https:\\\/\\\/inclusivenews.com.br\\\/?p=15608#breadcrumb\"},\"inLanguage\":\"pt-PT\",\"potentialAction\":[{\"@type\":\"ReadAction\",\"target\":[\"https:\\\/\\\/inclusivenews.com.br\\\/?p=15608\"]}]},{\"@type\":\"ImageObject\",\"inLanguage\":\"pt-PT\",\"@id\":\"https:\\\/\\\/inclusivenews.com.br\\\/?p=15608#primaryimage\",\"url\":\"http:\\\/\\\/www.ionline.pt\\\/adjuntos\\\/102\\\/imagenes\\\/000\\\/170\\\/0000170295.jpg\",\"contentUrl\":\"http:\\\/\\\/www.ionline.pt\\\/adjuntos\\\/102\\\/imagenes\\\/000\\\/170\\\/0000170295.jpg\"},{\"@type\":\"BreadcrumbList\",\"@id\":\"https:\\\/\\\/inclusivenews.com.br\\\/?p=15608#breadcrumb\",\"itemListElement\":[{\"@type\":\"ListItem\",\"position\":1,\"name\":\"In\u00edcio\",\"item\":\"https:\\\/\\\/inclusivenews.com.br\\\/\"},{\"@type\":\"ListItem\",\"position\":2,\"name\":\"Como a obsess\u00e3o pelo copyright pode destruir a criatividade\"}]},{\"@type\":\"WebSite\",\"@id\":\"https:\\\/\\\/inclusivenews.com.br\\\/#website\",\"url\":\"https:\\\/\\\/inclusivenews.com.br\\\/\",\"name\":\"Inclusive News\",\"description\":\"Inclusive News\",\"publisher\":{\"@id\":\"https:\\\/\\\/inclusivenews.com.br\\\/#organization\"},\"potentialAction\":[{\"@type\":\"SearchAction\",\"target\":{\"@type\":\"EntryPoint\",\"urlTemplate\":\"https:\\\/\\\/inclusivenews.com.br\\\/?s={search_term_string}\"},\"query-input\":{\"@type\":\"PropertyValueSpecification\",\"valueRequired\":true,\"valueName\":\"search_term_string\"}}],\"inLanguage\":\"pt-PT\"},{\"@type\":\"Organization\",\"@id\":\"https:\\\/\\\/inclusivenews.com.br\\\/#organization\",\"name\":\"Inclusive - inclus\u00e3o e cidadania\",\"url\":\"https:\\\/\\\/inclusivenews.com.br\\\/\",\"logo\":{\"@type\":\"ImageObject\",\"inLanguage\":\"pt-PT\",\"@id\":\"https:\\\/\\\/inclusivenews.com.br\\\/#\\\/schema\\\/logo\\\/image\\\/\",\"url\":\"https:\\\/\\\/inclusivenews.com.br\\\/wp-content\\\/uploads\\\/2024\\\/03\\\/@grandesite.png\",\"contentUrl\":\"https:\\\/\\\/inclusivenews.com.br\\\/wp-content\\\/uploads\\\/2024\\\/03\\\/@grandesite.png\",\"width\":1080,\"height\":1080,\"caption\":\"Inclusive - inclus\u00e3o e cidadania\"},\"image\":{\"@id\":\"https:\\\/\\\/inclusivenews.com.br\\\/#\\\/schema\\\/logo\\\/image\\\/\"},\"sameAs\":[\"https:\\\/\\\/www.facebook.com\\\/agenciainclusive\\\/\",\"https:\\\/\\\/www.instagram.com\\\/newsinclusive\\\/\"]},{\"@type\":\"Person\",\"@id\":\"https:\\\/\\\/inclusivenews.com.br\\\/#\\\/schema\\\/person\\\/ae4ec7087559b8692fb33b6fffd2273b\",\"name\":\"inclusivenews2024\",\"image\":{\"@type\":\"ImageObject\",\"inLanguage\":\"pt-PT\",\"@id\":\"https:\\\/\\\/secure.gravatar.com\\\/avatar\\\/c5a7ef84c66fa914f55bc4f7ce26cfa275a3b9a1c5568b907bd184fb4dde7b40?s=96&d=mm&r=g\",\"url\":\"https:\\\/\\\/secure.gravatar.com\\\/avatar\\\/c5a7ef84c66fa914f55bc4f7ce26cfa275a3b9a1c5568b907bd184fb4dde7b40?s=96&d=mm&r=g\",\"contentUrl\":\"https:\\\/\\\/secure.gravatar.com\\\/avatar\\\/c5a7ef84c66fa914f55bc4f7ce26cfa275a3b9a1c5568b907bd184fb4dde7b40?s=96&d=mm&r=g\",\"caption\":\"inclusivenews2024\"},\"sameAs\":[\"https:\\\/\\\/inclusivenews.com.br\"],\"url\":\"https:\\\/\\\/inclusivenews.com.br\\\/?author=1\"}]}<\/script>\n<!-- \/ Yoast SEO plugin. -->","yoast_head_json":{"title":"Como a obsess\u00e3o pelo copyright pode destruir a criatividade -","robots":{"index":"index","follow":"follow","max-snippet":"max-snippet:-1","max-image-preview":"max-image-preview:large","max-video-preview":"max-video-preview:-1"},"canonical":"https:\/\/inclusivenews.com.br\/?p=15608","og_locale":"pt_PT","og_type":"article","og_title":"Como a obsess\u00e3o pelo copyright pode destruir a criatividade -","og_description":"O co-fundador da Creative Commons, James Boyle, defende que os direitos de autor devem ser reduzidos.","og_url":"https:\/\/inclusivenews.com.br\/?p=15608","article_publisher":"https:\/\/www.facebook.com\/agenciainclusive\/","article_published_time":"2010-05-26T08:55:46+00:00","og_image":[{"url":"http:\/\/www.ionline.pt\/adjuntos\/102\/imagenes\/000\/170\/0000170295.jpg","type":"","width":"","height":""}],"author":"inclusivenews2024","twitter_card":"summary_large_image","twitter_misc":{"Escrito por":"inclusivenews2024","Tempo estimado de leitura":"4 minutos"},"schema":{"@context":"https:\/\/schema.org","@graph":[{"@type":"Article","@id":"https:\/\/inclusivenews.com.br\/?p=15608#article","isPartOf":{"@id":"https:\/\/inclusivenews.com.br\/?p=15608"},"author":{"name":"inclusivenews2024","@id":"https:\/\/inclusivenews.com.br\/#\/schema\/person\/ae4ec7087559b8692fb33b6fffd2273b"},"headline":"Como a obsess\u00e3o pelo copyright pode destruir a criatividade","datePublished":"2010-05-26T08:55:46+00:00","mainEntityOfPage":{"@id":"https:\/\/inclusivenews.com.br\/?p=15608"},"wordCount":837,"commentCount":0,"publisher":{"@id":"https:\/\/inclusivenews.com.br\/#organization"},"image":{"@id":"https:\/\/inclusivenews.com.br\/?p=15608#primaryimage"},"thumbnailUrl":"http:\/\/www.ionline.pt\/adjuntos\/102\/imagenes\/000\/170\/0000170295.jpg","articleSection":["ENTREVISTAS"],"inLanguage":"pt-PT","potentialAction":[{"@type":"CommentAction","name":"Comment","target":["https:\/\/inclusivenews.com.br\/?p=15608#respond"]}]},{"@type":"WebPage","@id":"https:\/\/inclusivenews.com.br\/?p=15608","url":"https:\/\/inclusivenews.com.br\/?p=15608","name":"Como a obsess\u00e3o pelo copyright pode destruir a criatividade -","isPartOf":{"@id":"https:\/\/inclusivenews.com.br\/#website"},"primaryImageOfPage":{"@id":"https:\/\/inclusivenews.com.br\/?p=15608#primaryimage"},"image":{"@id":"https:\/\/inclusivenews.com.br\/?p=15608#primaryimage"},"thumbnailUrl":"http:\/\/www.ionline.pt\/adjuntos\/102\/imagenes\/000\/170\/0000170295.jpg","datePublished":"2010-05-26T08:55:46+00:00","breadcrumb":{"@id":"https:\/\/inclusivenews.com.br\/?p=15608#breadcrumb"},"inLanguage":"pt-PT","potentialAction":[{"@type":"ReadAction","target":["https:\/\/inclusivenews.com.br\/?p=15608"]}]},{"@type":"ImageObject","inLanguage":"pt-PT","@id":"https:\/\/inclusivenews.com.br\/?p=15608#primaryimage","url":"http:\/\/www.ionline.pt\/adjuntos\/102\/imagenes\/000\/170\/0000170295.jpg","contentUrl":"http:\/\/www.ionline.pt\/adjuntos\/102\/imagenes\/000\/170\/0000170295.jpg"},{"@type":"BreadcrumbList","@id":"https:\/\/inclusivenews.com.br\/?p=15608#breadcrumb","itemListElement":[{"@type":"ListItem","position":1,"name":"In\u00edcio","item":"https:\/\/inclusivenews.com.br\/"},{"@type":"ListItem","position":2,"name":"Como a obsess\u00e3o pelo copyright pode destruir a criatividade"}]},{"@type":"WebSite","@id":"https:\/\/inclusivenews.com.br\/#website","url":"https:\/\/inclusivenews.com.br\/","name":"Inclusive News","description":"Inclusive News","publisher":{"@id":"https:\/\/inclusivenews.com.br\/#organization"},"potentialAction":[{"@type":"SearchAction","target":{"@type":"EntryPoint","urlTemplate":"https:\/\/inclusivenews.com.br\/?s={search_term_string}"},"query-input":{"@type":"PropertyValueSpecification","valueRequired":true,"valueName":"search_term_string"}}],"inLanguage":"pt-PT"},{"@type":"Organization","@id":"https:\/\/inclusivenews.com.br\/#organization","name":"Inclusive - inclus\u00e3o e cidadania","url":"https:\/\/inclusivenews.com.br\/","logo":{"@type":"ImageObject","inLanguage":"pt-PT","@id":"https:\/\/inclusivenews.com.br\/#\/schema\/logo\/image\/","url":"https:\/\/inclusivenews.com.br\/wp-content\/uploads\/2024\/03\/@grandesite.png","contentUrl":"https:\/\/inclusivenews.com.br\/wp-content\/uploads\/2024\/03\/@grandesite.png","width":1080,"height":1080,"caption":"Inclusive - inclus\u00e3o e cidadania"},"image":{"@id":"https:\/\/inclusivenews.com.br\/#\/schema\/logo\/image\/"},"sameAs":["https:\/\/www.facebook.com\/agenciainclusive\/","https:\/\/www.instagram.com\/newsinclusive\/"]},{"@type":"Person","@id":"https:\/\/inclusivenews.com.br\/#\/schema\/person\/ae4ec7087559b8692fb33b6fffd2273b","name":"inclusivenews2024","image":{"@type":"ImageObject","inLanguage":"pt-PT","@id":"https:\/\/secure.gravatar.com\/avatar\/c5a7ef84c66fa914f55bc4f7ce26cfa275a3b9a1c5568b907bd184fb4dde7b40?s=96&d=mm&r=g","url":"https:\/\/secure.gravatar.com\/avatar\/c5a7ef84c66fa914f55bc4f7ce26cfa275a3b9a1c5568b907bd184fb4dde7b40?s=96&d=mm&r=g","contentUrl":"https:\/\/secure.gravatar.com\/avatar\/c5a7ef84c66fa914f55bc4f7ce26cfa275a3b9a1c5568b907bd184fb4dde7b40?s=96&d=mm&r=g","caption":"inclusivenews2024"},"sameAs":["https:\/\/inclusivenews.com.br"],"url":"https:\/\/inclusivenews.com.br\/?author=1"}]}},"_links":{"self":[{"href":"https:\/\/inclusivenews.com.br\/index.php?rest_route=\/wp\/v2\/posts\/15608","targetHints":{"allow":["GET"]}}],"collection":[{"href":"https:\/\/inclusivenews.com.br\/index.php?rest_route=\/wp\/v2\/posts"}],"about":[{"href":"https:\/\/inclusivenews.com.br\/index.php?rest_route=\/wp\/v2\/types\/post"}],"author":[{"embeddable":true,"href":"https:\/\/inclusivenews.com.br\/index.php?rest_route=\/wp\/v2\/users\/1"}],"replies":[{"embeddable":true,"href":"https:\/\/inclusivenews.com.br\/index.php?rest_route=%2Fwp%2Fv2%2Fcomments&post=15608"}],"version-history":[{"count":0,"href":"https:\/\/inclusivenews.com.br\/index.php?rest_route=\/wp\/v2\/posts\/15608\/revisions"}],"wp:attachment":[{"href":"https:\/\/inclusivenews.com.br\/index.php?rest_route=%2Fwp%2Fv2%2Fmedia&parent=15608"}],"wp:term":[{"taxonomy":"category","embeddable":true,"href":"https:\/\/inclusivenews.com.br\/index.php?rest_route=%2Fwp%2Fv2%2Fcategories&post=15608"},{"taxonomy":"post_tag","embeddable":true,"href":"https:\/\/inclusivenews.com.br\/index.php?rest_route=%2Fwp%2Fv2%2Ftags&post=15608"}],"curies":[{"name":"wp","href":"https:\/\/api.w.org\/{rel}","templated":true}]}}