{"id":15614,"date":"2010-05-26T05:56:29","date_gmt":"2010-05-26T08:56:29","guid":{"rendered":"http:\/\/www.inclusive.org.br\/?p=15614"},"modified":"2010-05-26T05:56:29","modified_gmt":"2010-05-26T08:56:29","slug":"exame-nacional-para-professores-precisa-considerar-diferencas-regionais-diz-sindical-ista","status":"publish","type":"post","link":"https:\/\/inclusivenews.com.br\/?p=15614","title":{"rendered":"Exame nacional para professores precisa considerar diferen\u00e7as regionais, diz sindical ista"},"content":{"rendered":"<figure id=\"attachment_13969\" aria-describedby=\"caption-attachment-13969\" style=\"width: 212px\" class=\"wp-caption alignleft\"><a href=\"http:\/\/www.inclusivenews.com.br\/wp-content\/uploads\/2010\/02\/inclusive_educacao.jpg\"><img loading=\"lazy\" decoding=\"async\" class=\"size-full wp-image-13969\" title=\"Inclusive - problemas na educa\u00e7\u00e3o. A palavra educa\u00e7\u00e3o escrita com as letras invertidas e um aluno desolado em frente ao quadro negro.\" src=\"http:\/\/inclusivenews.com.br\/wp-content\/uploads\/2010\/02\/inclusive_educacao.jpg\" alt=\"\" width=\"212\" height=\"160\" \/><\/a><figcaption id=\"caption-attachment-13969\" class=\"wp-caption-text\"> <\/figcaption><\/figure>\n<p><span id=\"parent-fieldname-description\"><em>Presidente da CNTE critica falta de di\u00e1logo do Minist\u00e9rio da Educa\u00e7\u00e3o com docentes, al\u00e9m de alertar para risco de se criar pol\u00edtica de reajustes exclusivamente vinculado ao desempenho<\/em><\/span><\/p>\n<p>S\u00e3o Paulo &#8211; O presidente da Confedera\u00e7\u00e3o Nacional dos Trabalhadores em Educa\u00e7\u00e3o (CNTE), Roberto Franklin Le\u00e3o, mostra-se cauteloso ao avaliar o an\u00fancio do Minist\u00e9rio da Educa\u00e7\u00e3o (MEC) de um <a class=\"internal-link\" title=\"Professores ter\u00e3o exame para ingressar na carreira\" href=\"http:\/\/www.redebrasilatual.com.br\/temas\/educacao\/professores-terao-exame-para-ingressar-na-carreira\">exame nacional para docentes<\/a>. Para ele, faltou discuss\u00e3o com a sociedade sobre o tema o que pode tornar uma ideia interessante, em teoria, em um &#8220;fracasso&#8221; na pr\u00e1tica, caso algumas especificidades regionais sejam desconsideradas.<\/p>\n<p>&#8220;O Minist\u00e9rio agiu de maneira muito apressada, faltou debate&#8221;, critica Le\u00e3o. &#8220;Existem muitas espeficidades de regi\u00e3o para regi\u00e3o, os professores n\u00e3o t\u00eam a mesma forma\u00e7\u00e3o. N\u00e3o h\u00e1 uma unidade nacional na educa\u00e7\u00e3o, nem piso nacional&#8221;, lamenta. Para o dirigente, esses temas precisariam ser objeto de discuss\u00e3o antes do an\u00fancio da medida.<\/p>\n<p>No <em>Di\u00e1rio Oficial da Uni\u00e3o<\/em> desta segunda-feira (24), o MEC estabelece que o Exame Nacional da Ingresso na Carreira Docente ser\u00e1 criado para avaliar &#8220;conhecimentos, compet\u00eancias e habilidades imprescind\u00edveis \u00e0 vida docente, ao mundo do trabalho e ao exerc\u00edcio da cidadania&#8221;. A aplica\u00e7\u00e3o anual da prova deve ficar a cargo do Instituto Nacional de Estudos e Pesquisas Educacionais An\u00edsio Teixeira (Inep).<\/p>\n<p>No an\u00fancio, n\u00e3o est\u00e1 descartada a possibilidade de o resultado do exame ser usado como crit\u00e9rio de contrata\u00e7\u00e3o em escolas p\u00fablicas de ensino b\u00e1sico. Atualmente, a avalia\u00e7\u00e3o de professores no Brasil ocorre a partir de \u00edndices que quantificam as taxas de aprova\u00e7\u00e3o e desempenho de alunos, como o \u00cdndice de Desenvolvimento da Educa\u00e7\u00e3o B\u00e1sica (Ideb), ou o Exame Nacional de Desempenho de Estudantes (Enade), que avalia o rendimento dos alunos do n\u00edvel superior.<\/p>\n<p>Segundo Roberto Le\u00e3o, outra possibilidade de fracasso do novo exame seria o uso de seus resultados como instrumento de avalia\u00e7\u00e3o de m\u00e9rito. &#8220;Somos contra a bonifica\u00e7\u00e3o por meritocracia (<em>professores com melhores resultados t\u00eam direito a bonifica\u00e7\u00e3o<\/em>), esse m\u00e9todo n\u00e3o demostra a compet\u00eancia do docente&#8221;, explica.<\/p>\n<p>Segundo Fernando Haddad, ministro da Educa\u00e7\u00e3o, o minist\u00e9rio precisa garantir sal\u00e1rios dignos e progress\u00e3o de carreira. Haddad comentou que essa fase \u00e9 para a avali\u00e7\u00e3o da sociedade sobre o trabalho feito pelo Inep, mas que o pr\u00f3ximo governo \u00e9 que dever\u00e1 aplicar o exame nacional para professores.<\/p>\n<p>Por lei, existe um piso nacional para professores, segundo sindicalistas da categoria, por\u00e9m, h\u00e1 estados e munic\u00edpios que descumprem a norma, alegando falta de recursos.<\/p>\n<p class=\"discreet\">Com informa\u00e7\u00f5es da Ag\u00eancia Brasil<br \/>\n____________________<\/p>\n<p class=\"discreet\"><strong>Fonte:<\/strong> <a href=\"http:\/\/www.redebrasilatual.com.br\/temas\/educacao\/exame-para-professores-pode-fracassar-diz-presidente-da-cnte\">Rede Brasil Atual<\/a><\/p>\n","protected":false},"excerpt":{"rendered":"<p>Presidente da CNTE critica falta de di\u00e1logo do Minist\u00e9rio da Educa\u00e7\u00e3o com docentes, al\u00e9m de alertar para risco de se criar pol\u00edtica de reajustes exclusivamente vinculado ao desempenho.<\/p>\n","protected":false},"author":1,"featured_media":0,"comment_status":"open","ping_status":"open","sticky":false,"template":"","format":"standard","meta":{"site-container-style":"default","site-container-layout":"default","site-sidebar-layout":"default","disable-article-header":"default","disable-site-header":"default","disable-site-footer":"default","disable-content-area-spacing":"default","footnotes":""},"categories":[6,4],"tags":[],"class_list":["post-15614","post","type-post","status-publish","format-standard","hentry","category-educacao","category-noticias"],"yoast_head":"<!-- This site is optimized with the Yoast SEO plugin v27.4 - https:\/\/yoast.com\/product\/yoast-seo-wordpress\/ -->\n<title>Exame nacional para professores precisa considerar diferen\u00e7as regionais, diz sindical ista -<\/title>\n<meta name=\"robots\" content=\"index, follow, max-snippet:-1, max-image-preview:large, max-video-preview:-1\" \/>\n<link rel=\"canonical\" href=\"https:\/\/inclusivenews.com.br\/?p=15614\" \/>\n<meta property=\"og:locale\" content=\"pt_PT\" \/>\n<meta property=\"og:type\" content=\"article\" \/>\n<meta property=\"og:title\" content=\"Exame nacional para professores precisa considerar diferen\u00e7as regionais, diz sindical ista -\" \/>\n<meta property=\"og:description\" content=\"Presidente da CNTE critica falta de di\u00e1logo do Minist\u00e9rio da Educa\u00e7\u00e3o com docentes, al\u00e9m de alertar para risco de se criar pol\u00edtica de reajustes exclusivamente vinculado ao desempenho.\" \/>\n<meta property=\"og:url\" content=\"https:\/\/inclusivenews.com.br\/?p=15614\" \/>\n<meta property=\"article:publisher\" content=\"https:\/\/www.facebook.com\/agenciainclusive\/\" \/>\n<meta property=\"article:published_time\" content=\"2010-05-26T08:56:29+00:00\" \/>\n<meta property=\"og:image\" content=\"http:\/\/inclusivenews.com.br\/wp-content\/uploads\/2010\/02\/inclusive_educacao.jpg\" \/>\n<meta name=\"author\" content=\"inclusivenews2024\" \/>\n<meta name=\"twitter:card\" content=\"summary_large_image\" \/>\n<meta name=\"twitter:label1\" content=\"Escrito por\" \/>\n\t<meta name=\"twitter:data1\" content=\"inclusivenews2024\" \/>\n\t<meta name=\"twitter:label2\" content=\"Tempo estimado de leitura\" \/>\n\t<meta name=\"twitter:data2\" content=\"2 minutos\" \/>\n<script type=\"application\/ld+json\" class=\"yoast-schema-graph\">{\"@context\":\"https:\\\/\\\/schema.org\",\"@graph\":[{\"@type\":\"Article\",\"@id\":\"https:\\\/\\\/inclusivenews.com.br\\\/?p=15614#article\",\"isPartOf\":{\"@id\":\"https:\\\/\\\/inclusivenews.com.br\\\/?p=15614\"},\"author\":{\"name\":\"inclusivenews2024\",\"@id\":\"https:\\\/\\\/inclusivenews.com.br\\\/#\\\/schema\\\/person\\\/ae4ec7087559b8692fb33b6fffd2273b\"},\"headline\":\"Exame nacional para professores precisa considerar diferen\u00e7as regionais, diz sindical ista\",\"datePublished\":\"2010-05-26T08:56:29+00:00\",\"mainEntityOfPage\":{\"@id\":\"https:\\\/\\\/inclusivenews.com.br\\\/?p=15614\"},\"wordCount\":480,\"commentCount\":0,\"publisher\":{\"@id\":\"https:\\\/\\\/inclusivenews.com.br\\\/#organization\"},\"image\":{\"@id\":\"https:\\\/\\\/inclusivenews.com.br\\\/?p=15614#primaryimage\"},\"thumbnailUrl\":\"http:\\\/\\\/inclusivenews.com.br\\\/wp-content\\\/uploads\\\/2010\\\/02\\\/inclusive_educacao.jpg\",\"articleSection\":[\"EDUCA\u00c7\u00c3O\",\"NOT\u00cdCIAS\"],\"inLanguage\":\"pt-PT\",\"potentialAction\":[{\"@type\":\"CommentAction\",\"name\":\"Comment\",\"target\":[\"https:\\\/\\\/inclusivenews.com.br\\\/?p=15614#respond\"]}]},{\"@type\":\"WebPage\",\"@id\":\"https:\\\/\\\/inclusivenews.com.br\\\/?p=15614\",\"url\":\"https:\\\/\\\/inclusivenews.com.br\\\/?p=15614\",\"name\":\"Exame nacional para professores precisa considerar diferen\u00e7as regionais, diz sindical ista -\",\"isPartOf\":{\"@id\":\"https:\\\/\\\/inclusivenews.com.br\\\/#website\"},\"primaryImageOfPage\":{\"@id\":\"https:\\\/\\\/inclusivenews.com.br\\\/?p=15614#primaryimage\"},\"image\":{\"@id\":\"https:\\\/\\\/inclusivenews.com.br\\\/?p=15614#primaryimage\"},\"thumbnailUrl\":\"http:\\\/\\\/inclusivenews.com.br\\\/wp-content\\\/uploads\\\/2010\\\/02\\\/inclusive_educacao.jpg\",\"datePublished\":\"2010-05-26T08:56:29+00:00\",\"breadcrumb\":{\"@id\":\"https:\\\/\\\/inclusivenews.com.br\\\/?p=15614#breadcrumb\"},\"inLanguage\":\"pt-PT\",\"potentialAction\":[{\"@type\":\"ReadAction\",\"target\":[\"https:\\\/\\\/inclusivenews.com.br\\\/?p=15614\"]}]},{\"@type\":\"ImageObject\",\"inLanguage\":\"pt-PT\",\"@id\":\"https:\\\/\\\/inclusivenews.com.br\\\/?p=15614#primaryimage\",\"url\":\"\",\"contentUrl\":\"\"},{\"@type\":\"BreadcrumbList\",\"@id\":\"https:\\\/\\\/inclusivenews.com.br\\\/?p=15614#breadcrumb\",\"itemListElement\":[{\"@type\":\"ListItem\",\"position\":1,\"name\":\"In\u00edcio\",\"item\":\"https:\\\/\\\/inclusivenews.com.br\\\/\"},{\"@type\":\"ListItem\",\"position\":2,\"name\":\"Exame nacional para professores precisa considerar diferen\u00e7as regionais, diz sindical ista\"}]},{\"@type\":\"WebSite\",\"@id\":\"https:\\\/\\\/inclusivenews.com.br\\\/#website\",\"url\":\"https:\\\/\\\/inclusivenews.com.br\\\/\",\"name\":\"Inclusive News\",\"description\":\"Inclusive News\",\"publisher\":{\"@id\":\"https:\\\/\\\/inclusivenews.com.br\\\/#organization\"},\"potentialAction\":[{\"@type\":\"SearchAction\",\"target\":{\"@type\":\"EntryPoint\",\"urlTemplate\":\"https:\\\/\\\/inclusivenews.com.br\\\/?s={search_term_string}\"},\"query-input\":{\"@type\":\"PropertyValueSpecification\",\"valueRequired\":true,\"valueName\":\"search_term_string\"}}],\"inLanguage\":\"pt-PT\"},{\"@type\":\"Organization\",\"@id\":\"https:\\\/\\\/inclusivenews.com.br\\\/#organization\",\"name\":\"Inclusive - inclus\u00e3o e cidadania\",\"url\":\"https:\\\/\\\/inclusivenews.com.br\\\/\",\"logo\":{\"@type\":\"ImageObject\",\"inLanguage\":\"pt-PT\",\"@id\":\"https:\\\/\\\/inclusivenews.com.br\\\/#\\\/schema\\\/logo\\\/image\\\/\",\"url\":\"https:\\\/\\\/inclusivenews.com.br\\\/wp-content\\\/uploads\\\/2024\\\/03\\\/@grandesite.png\",\"contentUrl\":\"https:\\\/\\\/inclusivenews.com.br\\\/wp-content\\\/uploads\\\/2024\\\/03\\\/@grandesite.png\",\"width\":1080,\"height\":1080,\"caption\":\"Inclusive - inclus\u00e3o e cidadania\"},\"image\":{\"@id\":\"https:\\\/\\\/inclusivenews.com.br\\\/#\\\/schema\\\/logo\\\/image\\\/\"},\"sameAs\":[\"https:\\\/\\\/www.facebook.com\\\/agenciainclusive\\\/\",\"https:\\\/\\\/www.instagram.com\\\/newsinclusive\\\/\"]},{\"@type\":\"Person\",\"@id\":\"https:\\\/\\\/inclusivenews.com.br\\\/#\\\/schema\\\/person\\\/ae4ec7087559b8692fb33b6fffd2273b\",\"name\":\"inclusivenews2024\",\"image\":{\"@type\":\"ImageObject\",\"inLanguage\":\"pt-PT\",\"@id\":\"https:\\\/\\\/secure.gravatar.com\\\/avatar\\\/c5a7ef84c66fa914f55bc4f7ce26cfa275a3b9a1c5568b907bd184fb4dde7b40?s=96&d=mm&r=g\",\"url\":\"https:\\\/\\\/secure.gravatar.com\\\/avatar\\\/c5a7ef84c66fa914f55bc4f7ce26cfa275a3b9a1c5568b907bd184fb4dde7b40?s=96&d=mm&r=g\",\"contentUrl\":\"https:\\\/\\\/secure.gravatar.com\\\/avatar\\\/c5a7ef84c66fa914f55bc4f7ce26cfa275a3b9a1c5568b907bd184fb4dde7b40?s=96&d=mm&r=g\",\"caption\":\"inclusivenews2024\"},\"sameAs\":[\"https:\\\/\\\/inclusivenews.com.br\"],\"url\":\"https:\\\/\\\/inclusivenews.com.br\\\/?author=1\"}]}<\/script>\n<!-- \/ Yoast SEO plugin. -->","yoast_head_json":{"title":"Exame nacional para professores precisa considerar diferen\u00e7as regionais, diz sindical ista -","robots":{"index":"index","follow":"follow","max-snippet":"max-snippet:-1","max-image-preview":"max-image-preview:large","max-video-preview":"max-video-preview:-1"},"canonical":"https:\/\/inclusivenews.com.br\/?p=15614","og_locale":"pt_PT","og_type":"article","og_title":"Exame nacional para professores precisa considerar diferen\u00e7as regionais, diz sindical ista -","og_description":"Presidente da CNTE critica falta de di\u00e1logo do Minist\u00e9rio da Educa\u00e7\u00e3o com docentes, al\u00e9m de alertar para risco de se criar pol\u00edtica de reajustes exclusivamente vinculado ao desempenho.","og_url":"https:\/\/inclusivenews.com.br\/?p=15614","article_publisher":"https:\/\/www.facebook.com\/agenciainclusive\/","article_published_time":"2010-05-26T08:56:29+00:00","og_image":[{"url":"http:\/\/inclusivenews.com.br\/wp-content\/uploads\/2010\/02\/inclusive_educacao.jpg","type":"","width":"","height":""}],"author":"inclusivenews2024","twitter_card":"summary_large_image","twitter_misc":{"Escrito por":"inclusivenews2024","Tempo estimado de leitura":"2 minutos"},"schema":{"@context":"https:\/\/schema.org","@graph":[{"@type":"Article","@id":"https:\/\/inclusivenews.com.br\/?p=15614#article","isPartOf":{"@id":"https:\/\/inclusivenews.com.br\/?p=15614"},"author":{"name":"inclusivenews2024","@id":"https:\/\/inclusivenews.com.br\/#\/schema\/person\/ae4ec7087559b8692fb33b6fffd2273b"},"headline":"Exame nacional para professores precisa considerar diferen\u00e7as regionais, diz sindical ista","datePublished":"2010-05-26T08:56:29+00:00","mainEntityOfPage":{"@id":"https:\/\/inclusivenews.com.br\/?p=15614"},"wordCount":480,"commentCount":0,"publisher":{"@id":"https:\/\/inclusivenews.com.br\/#organization"},"image":{"@id":"https:\/\/inclusivenews.com.br\/?p=15614#primaryimage"},"thumbnailUrl":"http:\/\/inclusivenews.com.br\/wp-content\/uploads\/2010\/02\/inclusive_educacao.jpg","articleSection":["EDUCA\u00c7\u00c3O","NOT\u00cdCIAS"],"inLanguage":"pt-PT","potentialAction":[{"@type":"CommentAction","name":"Comment","target":["https:\/\/inclusivenews.com.br\/?p=15614#respond"]}]},{"@type":"WebPage","@id":"https:\/\/inclusivenews.com.br\/?p=15614","url":"https:\/\/inclusivenews.com.br\/?p=15614","name":"Exame nacional para professores precisa considerar diferen\u00e7as regionais, diz sindical ista -","isPartOf":{"@id":"https:\/\/inclusivenews.com.br\/#website"},"primaryImageOfPage":{"@id":"https:\/\/inclusivenews.com.br\/?p=15614#primaryimage"},"image":{"@id":"https:\/\/inclusivenews.com.br\/?p=15614#primaryimage"},"thumbnailUrl":"http:\/\/inclusivenews.com.br\/wp-content\/uploads\/2010\/02\/inclusive_educacao.jpg","datePublished":"2010-05-26T08:56:29+00:00","breadcrumb":{"@id":"https:\/\/inclusivenews.com.br\/?p=15614#breadcrumb"},"inLanguage":"pt-PT","potentialAction":[{"@type":"ReadAction","target":["https:\/\/inclusivenews.com.br\/?p=15614"]}]},{"@type":"ImageObject","inLanguage":"pt-PT","@id":"https:\/\/inclusivenews.com.br\/?p=15614#primaryimage","url":"","contentUrl":""},{"@type":"BreadcrumbList","@id":"https:\/\/inclusivenews.com.br\/?p=15614#breadcrumb","itemListElement":[{"@type":"ListItem","position":1,"name":"In\u00edcio","item":"https:\/\/inclusivenews.com.br\/"},{"@type":"ListItem","position":2,"name":"Exame nacional para professores precisa considerar diferen\u00e7as regionais, diz sindical ista"}]},{"@type":"WebSite","@id":"https:\/\/inclusivenews.com.br\/#website","url":"https:\/\/inclusivenews.com.br\/","name":"Inclusive News","description":"Inclusive News","publisher":{"@id":"https:\/\/inclusivenews.com.br\/#organization"},"potentialAction":[{"@type":"SearchAction","target":{"@type":"EntryPoint","urlTemplate":"https:\/\/inclusivenews.com.br\/?s={search_term_string}"},"query-input":{"@type":"PropertyValueSpecification","valueRequired":true,"valueName":"search_term_string"}}],"inLanguage":"pt-PT"},{"@type":"Organization","@id":"https:\/\/inclusivenews.com.br\/#organization","name":"Inclusive - inclus\u00e3o e cidadania","url":"https:\/\/inclusivenews.com.br\/","logo":{"@type":"ImageObject","inLanguage":"pt-PT","@id":"https:\/\/inclusivenews.com.br\/#\/schema\/logo\/image\/","url":"https:\/\/inclusivenews.com.br\/wp-content\/uploads\/2024\/03\/@grandesite.png","contentUrl":"https:\/\/inclusivenews.com.br\/wp-content\/uploads\/2024\/03\/@grandesite.png","width":1080,"height":1080,"caption":"Inclusive - inclus\u00e3o e cidadania"},"image":{"@id":"https:\/\/inclusivenews.com.br\/#\/schema\/logo\/image\/"},"sameAs":["https:\/\/www.facebook.com\/agenciainclusive\/","https:\/\/www.instagram.com\/newsinclusive\/"]},{"@type":"Person","@id":"https:\/\/inclusivenews.com.br\/#\/schema\/person\/ae4ec7087559b8692fb33b6fffd2273b","name":"inclusivenews2024","image":{"@type":"ImageObject","inLanguage":"pt-PT","@id":"https:\/\/secure.gravatar.com\/avatar\/c5a7ef84c66fa914f55bc4f7ce26cfa275a3b9a1c5568b907bd184fb4dde7b40?s=96&d=mm&r=g","url":"https:\/\/secure.gravatar.com\/avatar\/c5a7ef84c66fa914f55bc4f7ce26cfa275a3b9a1c5568b907bd184fb4dde7b40?s=96&d=mm&r=g","contentUrl":"https:\/\/secure.gravatar.com\/avatar\/c5a7ef84c66fa914f55bc4f7ce26cfa275a3b9a1c5568b907bd184fb4dde7b40?s=96&d=mm&r=g","caption":"inclusivenews2024"},"sameAs":["https:\/\/inclusivenews.com.br"],"url":"https:\/\/inclusivenews.com.br\/?author=1"}]}},"_links":{"self":[{"href":"https:\/\/inclusivenews.com.br\/index.php?rest_route=\/wp\/v2\/posts\/15614","targetHints":{"allow":["GET"]}}],"collection":[{"href":"https:\/\/inclusivenews.com.br\/index.php?rest_route=\/wp\/v2\/posts"}],"about":[{"href":"https:\/\/inclusivenews.com.br\/index.php?rest_route=\/wp\/v2\/types\/post"}],"author":[{"embeddable":true,"href":"https:\/\/inclusivenews.com.br\/index.php?rest_route=\/wp\/v2\/users\/1"}],"replies":[{"embeddable":true,"href":"https:\/\/inclusivenews.com.br\/index.php?rest_route=%2Fwp%2Fv2%2Fcomments&post=15614"}],"version-history":[{"count":0,"href":"https:\/\/inclusivenews.com.br\/index.php?rest_route=\/wp\/v2\/posts\/15614\/revisions"}],"wp:attachment":[{"href":"https:\/\/inclusivenews.com.br\/index.php?rest_route=%2Fwp%2Fv2%2Fmedia&parent=15614"}],"wp:term":[{"taxonomy":"category","embeddable":true,"href":"https:\/\/inclusivenews.com.br\/index.php?rest_route=%2Fwp%2Fv2%2Fcategories&post=15614"},{"taxonomy":"post_tag","embeddable":true,"href":"https:\/\/inclusivenews.com.br\/index.php?rest_route=%2Fwp%2Fv2%2Ftags&post=15614"}],"curies":[{"name":"wp","href":"https:\/\/api.w.org\/{rel}","templated":true}]}}