{"id":15637,"date":"2010-05-27T08:01:20","date_gmt":"2010-05-27T11:01:20","guid":{"rendered":"http:\/\/www.inclusive.org.br\/?p=15637"},"modified":"2010-05-27T08:01:20","modified_gmt":"2010-05-27T11:01:20","slug":"ministerios-apresentam-livros-para-os-conselheiros-do-conade-2","status":"publish","type":"post","link":"https:\/\/inclusivenews.com.br\/?p=15637","title":{"rendered":"Minist\u00e9rios apresentam livros para os conselheiros do CONADE"},"content":{"rendered":"<p>O Minist\u00e9rio da Sa\u00fade (MS) e o Minist\u00e9rio da Cultura (MinC) apresentaram para os conselheiros do Conade presentes na 68\u00aa Reuni\u00e3o Ordin\u00e1ria, realizada em 29 e 30 de abril, as mais novas obras lan\u00e7adas pelos minist\u00e9rios.<\/p>\n<figure id=\"attachment_15646\" aria-describedby=\"caption-attachment-15646\" style=\"width: 133px\" class=\"wp-caption alignleft\"><a href=\"http:\/\/www.inclusivenews.com.br\/wp-content\/uploads\/2010\/05\/livro111.jpg\"><img loading=\"lazy\" decoding=\"async\" class=\"size-full wp-image-15646\" title=\"Capa do livro Direito Sexuais e Reprodutivos na Integralidade da Aten\u00e7\u00e3o \u00e0 Sa\u00fade de Pessoas com Defici\u00eancia\" src=\"http:\/\/inclusivenews.com.br\/wp-content\/uploads\/2010\/05\/livro111.jpg\" alt=\"\" width=\"133\" height=\"191\" \/><\/a><figcaption id=\"caption-attachment-15646\" class=\"wp-caption-text\"> <\/figcaption><\/figure>\n<p>Com o t\u00edtulo \u201cDireito Sexuais e Reprodutivos na Integralidade da Aten\u00e7\u00e3o \u00e0 Sa\u00fade de Pessoas com Defici\u00eancia\u201d, o livro do Minist\u00e9rio da Sa\u00fade, elaborado e publicado em parceria com o Fundo de Popula\u00e7\u00e3o das Na\u00e7\u00f5es Unidas (UNFPA), destina-se principalmente aos gestores e profissionais do Sistema \u00danico de Sa\u00fade (SUS) que atuam nas tr\u00eas esferas de governo.<\/p>\n<p>A conselheira Andrea Duarte Lins (MS), que apresentou o livro para o Plen\u00e1rio do Conade, destacou que a Conven\u00e7\u00e3o sobre os Direitos das Pessoas com Defici\u00eancia e seu Protocolo Facultativo, da ONU, reitera a necessidade de que sejam tomadas medidas para assegurar o acesso de pessoas com defici\u00eancia a servi\u00e7os de sa\u00fade, inclusive na \u00e1rea de sa\u00fade sexual e reprodutiva.<\/p>\n<p>O livro tra\u00e7a o hist\u00f3rico dos marcos legais na \u00e1rea, desde o in\u00edcio do S\u00e9culo XIX, e do panorama atual da sexualidade da pessoa com defici\u00eancia no Brasil. Tamb\u00e9m mostra a conceitua\u00e7\u00e3o te\u00f3rica, passando pelos paradigmas da integra\u00e7\u00e3o e da inclus\u00e3o e detalha diversos conceitos no segmento. A Pol\u00edtica Nacional de Sa\u00fade da Pessoa com Defici\u00eancia e a operacionaliza\u00e7\u00e3o de suas diretrizes s\u00e3o mostradas em detalhe, favorecendo a discuss\u00e3o e levando \u00e0 constru\u00e7\u00e3o de pr\u00e1ticas e propostas no sentido de envolver os profissionais da \u00e1rea de sa\u00fade para concretiz\u00e1-las no n\u00edvel local de gest\u00e3o de sa\u00fade.<\/p>\n<p>O livro do Minist\u00e9rio da Sa\u00fade foi lan\u00e7ado no dia 8 de mar\u00e7o, e est\u00e1 dispon\u00edvel para download no formato digital no site do MS (<a href=\"http:\/\/portal.saude.gov.br\/portal\/arquivos\/pdf\/livro_direitossexuaisreprodutivos.pdf\">neste link<\/a>).<\/p>\n<p>MINIST\u00c9RIO DA CULTURA<\/p>\n<p>A conselheira do Conade, Aline Mesquita, do Minist\u00e9rio da Cultura, apresentou para o Plen\u00e1rio o livro Nada sobre N\u00f3s sem N\u00f3s, que \u00e9 o resultado da Oficina Nacional de Indica\u00e7\u00e3o de Pol\u00edticas P\u00fablicas Culturais para Inclus\u00e3o de Pessoas com Defici\u00eancia, realizada em outubro de 2008 na cidade do Rio de Janeiro. O evento foi promovido pela Secretaria da Identidade e Diversidade Cultural (SID\/MinC) em parceria com a Funda\u00e7\u00e3o Oswaldo Cruz (Fiocruz\/MS).<\/p>\n<figure id=\"attachment_15647\" aria-describedby=\"caption-attachment-15647\" style=\"width: 163px\" class=\"wp-caption alignleft\"><a href=\"http:\/\/www.inclusivenews.com.br\/wp-content\/uploads\/2010\/05\/livro222.jpg\"><img loading=\"lazy\" decoding=\"async\" class=\"size-full wp-image-15647\" title=\"Capa do livro Nada Sobre N\u00f3s Sem N\u00f3s\" src=\"http:\/\/inclusivenews.com.br\/wp-content\/uploads\/2010\/05\/livro222.jpg\" alt=\"\" width=\"163\" height=\"163\" \/><\/a><figcaption id=\"caption-attachment-15647\" class=\"wp-caption-text\"> <\/figcaption><\/figure>\n<p>Al\u00e9m de trazer todo o material que foi produzido na Oficina, como a integra das palestras e discuss\u00f5es realizadas, o livro re\u00fane tamb\u00e9m as diretrizes e a\u00e7\u00f5es apresentadas pelos participantes da oficina, que dever\u00e3o nortear as pol\u00edticas publicas culturais para as pessoas com defici\u00eancia.<\/p>\n<p>O livro acompanha DVD com as vers\u00f5es de 20, 10 e 1 minuto do v\u00eddeo \u201cNada sobre N\u00f3s sem N\u00f3s\u201d, com audiodescri\u00e7\u00e3o, e com o \u00e1udio das 11 mesas da oficina, a Nota T\u00e9cnica Metodol\u00f3gica e Nota T\u00e9cnica sobre Acessibilidade. Exemplares da publica\u00e7\u00e3o poder\u00e3o ser solicitados diretamente ao Minist\u00e9rio da Cultura.<\/p>\n<p>As conselheiras do Conade, representantes do Minist\u00e9rio da Cultura, Aline Mesquita e Tha\u00eds Werneck, al\u00e9m de terem participado da Oficina, fizeram parte da equipe respons\u00e1vel pela organiza\u00e7\u00e3o e produ\u00e7\u00e3o do evento.<br \/>\n______________<\/p>\n<p><strong>Fonte:<\/strong> CONADE<\/p>\n","protected":false},"excerpt":{"rendered":"<p>O Minist\u00e9rio da Sa\u00fade (MS) e o Minist\u00e9rio da Cultura (MinC) apresentaram para os conselheiros do Conade presentes na 68\u00aa Reuni\u00e3o Ordin\u00e1ria, realizada em 29 e 30 de abril, as mais novas obras lan\u00e7adas pelos minist\u00e9rios. Do CONADE.<\/p>\n","protected":false},"author":1,"featured_media":0,"comment_status":"open","ping_status":"open","sticky":false,"template":"","format":"standard","meta":{"site-container-style":"default","site-container-layout":"default","site-sidebar-layout":"default","disable-article-header":"default","disable-site-header":"default","disable-site-footer":"default","disable-content-area-spacing":"default","footnotes":""},"categories":[4],"tags":[],"class_list":["post-15637","post","type-post","status-publish","format-standard","hentry","category-noticias"],"yoast_head":"<!-- This site is optimized with the Yoast SEO plugin v27.4 - https:\/\/yoast.com\/product\/yoast-seo-wordpress\/ -->\n<title>Minist\u00e9rios apresentam livros para os conselheiros do CONADE -<\/title>\n<meta name=\"robots\" content=\"index, follow, max-snippet:-1, max-image-preview:large, max-video-preview:-1\" \/>\n<link rel=\"canonical\" href=\"https:\/\/inclusivenews.com.br\/?p=15637\" \/>\n<meta property=\"og:locale\" content=\"pt_PT\" \/>\n<meta property=\"og:type\" content=\"article\" \/>\n<meta property=\"og:title\" content=\"Minist\u00e9rios apresentam livros para os conselheiros do CONADE -\" \/>\n<meta property=\"og:description\" content=\"O Minist\u00e9rio da Sa\u00fade (MS) e o Minist\u00e9rio da Cultura (MinC) apresentaram para os conselheiros do Conade presentes na 68\u00aa Reuni\u00e3o Ordin\u00e1ria, realizada em 29 e 30 de abril, as mais novas obras lan\u00e7adas pelos minist\u00e9rios. Do CONADE.\" \/>\n<meta property=\"og:url\" content=\"https:\/\/inclusivenews.com.br\/?p=15637\" \/>\n<meta property=\"article:publisher\" content=\"https:\/\/www.facebook.com\/agenciainclusive\/\" \/>\n<meta property=\"article:published_time\" content=\"2010-05-27T11:01:20+00:00\" \/>\n<meta property=\"og:image\" content=\"http:\/\/inclusivenews.com.br\/wp-content\/uploads\/2010\/05\/livro111.jpg\" \/>\n<meta name=\"author\" content=\"inclusivenews2024\" \/>\n<meta name=\"twitter:card\" content=\"summary_large_image\" \/>\n<meta name=\"twitter:label1\" content=\"Escrito por\" \/>\n\t<meta name=\"twitter:data1\" content=\"inclusivenews2024\" \/>\n\t<meta name=\"twitter:label2\" content=\"Tempo estimado de leitura\" \/>\n\t<meta name=\"twitter:data2\" content=\"3 minutos\" \/>\n<script type=\"application\/ld+json\" class=\"yoast-schema-graph\">{\"@context\":\"https:\\\/\\\/schema.org\",\"@graph\":[{\"@type\":\"Article\",\"@id\":\"https:\\\/\\\/inclusivenews.com.br\\\/?p=15637#article\",\"isPartOf\":{\"@id\":\"https:\\\/\\\/inclusivenews.com.br\\\/?p=15637\"},\"author\":{\"name\":\"inclusivenews2024\",\"@id\":\"https:\\\/\\\/inclusivenews.com.br\\\/#\\\/schema\\\/person\\\/ae4ec7087559b8692fb33b6fffd2273b\"},\"headline\":\"Minist\u00e9rios apresentam livros para os conselheiros do CONADE\",\"datePublished\":\"2010-05-27T11:01:20+00:00\",\"mainEntityOfPage\":{\"@id\":\"https:\\\/\\\/inclusivenews.com.br\\\/?p=15637\"},\"wordCount\":580,\"commentCount\":0,\"publisher\":{\"@id\":\"https:\\\/\\\/inclusivenews.com.br\\\/#organization\"},\"image\":{\"@id\":\"https:\\\/\\\/inclusivenews.com.br\\\/?p=15637#primaryimage\"},\"thumbnailUrl\":\"http:\\\/\\\/inclusivenews.com.br\\\/wp-content\\\/uploads\\\/2010\\\/05\\\/livro111.jpg\",\"articleSection\":[\"NOT\u00cdCIAS\"],\"inLanguage\":\"pt-PT\",\"potentialAction\":[{\"@type\":\"CommentAction\",\"name\":\"Comment\",\"target\":[\"https:\\\/\\\/inclusivenews.com.br\\\/?p=15637#respond\"]}]},{\"@type\":\"WebPage\",\"@id\":\"https:\\\/\\\/inclusivenews.com.br\\\/?p=15637\",\"url\":\"https:\\\/\\\/inclusivenews.com.br\\\/?p=15637\",\"name\":\"Minist\u00e9rios apresentam livros para os conselheiros do CONADE -\",\"isPartOf\":{\"@id\":\"https:\\\/\\\/inclusivenews.com.br\\\/#website\"},\"primaryImageOfPage\":{\"@id\":\"https:\\\/\\\/inclusivenews.com.br\\\/?p=15637#primaryimage\"},\"image\":{\"@id\":\"https:\\\/\\\/inclusivenews.com.br\\\/?p=15637#primaryimage\"},\"thumbnailUrl\":\"http:\\\/\\\/inclusivenews.com.br\\\/wp-content\\\/uploads\\\/2010\\\/05\\\/livro111.jpg\",\"datePublished\":\"2010-05-27T11:01:20+00:00\",\"breadcrumb\":{\"@id\":\"https:\\\/\\\/inclusivenews.com.br\\\/?p=15637#breadcrumb\"},\"inLanguage\":\"pt-PT\",\"potentialAction\":[{\"@type\":\"ReadAction\",\"target\":[\"https:\\\/\\\/inclusivenews.com.br\\\/?p=15637\"]}]},{\"@type\":\"ImageObject\",\"inLanguage\":\"pt-PT\",\"@id\":\"https:\\\/\\\/inclusivenews.com.br\\\/?p=15637#primaryimage\",\"url\":\"\",\"contentUrl\":\"\"},{\"@type\":\"BreadcrumbList\",\"@id\":\"https:\\\/\\\/inclusivenews.com.br\\\/?p=15637#breadcrumb\",\"itemListElement\":[{\"@type\":\"ListItem\",\"position\":1,\"name\":\"In\u00edcio\",\"item\":\"https:\\\/\\\/inclusivenews.com.br\\\/\"},{\"@type\":\"ListItem\",\"position\":2,\"name\":\"Minist\u00e9rios apresentam livros para os conselheiros do CONADE\"}]},{\"@type\":\"WebSite\",\"@id\":\"https:\\\/\\\/inclusivenews.com.br\\\/#website\",\"url\":\"https:\\\/\\\/inclusivenews.com.br\\\/\",\"name\":\"Inclusive News\",\"description\":\"Inclusive News\",\"publisher\":{\"@id\":\"https:\\\/\\\/inclusivenews.com.br\\\/#organization\"},\"potentialAction\":[{\"@type\":\"SearchAction\",\"target\":{\"@type\":\"EntryPoint\",\"urlTemplate\":\"https:\\\/\\\/inclusivenews.com.br\\\/?s={search_term_string}\"},\"query-input\":{\"@type\":\"PropertyValueSpecification\",\"valueRequired\":true,\"valueName\":\"search_term_string\"}}],\"inLanguage\":\"pt-PT\"},{\"@type\":\"Organization\",\"@id\":\"https:\\\/\\\/inclusivenews.com.br\\\/#organization\",\"name\":\"Inclusive - inclus\u00e3o e cidadania\",\"url\":\"https:\\\/\\\/inclusivenews.com.br\\\/\",\"logo\":{\"@type\":\"ImageObject\",\"inLanguage\":\"pt-PT\",\"@id\":\"https:\\\/\\\/inclusivenews.com.br\\\/#\\\/schema\\\/logo\\\/image\\\/\",\"url\":\"https:\\\/\\\/inclusivenews.com.br\\\/wp-content\\\/uploads\\\/2024\\\/03\\\/@grandesite.png\",\"contentUrl\":\"https:\\\/\\\/inclusivenews.com.br\\\/wp-content\\\/uploads\\\/2024\\\/03\\\/@grandesite.png\",\"width\":1080,\"height\":1080,\"caption\":\"Inclusive - inclus\u00e3o e cidadania\"},\"image\":{\"@id\":\"https:\\\/\\\/inclusivenews.com.br\\\/#\\\/schema\\\/logo\\\/image\\\/\"},\"sameAs\":[\"https:\\\/\\\/www.facebook.com\\\/agenciainclusive\\\/\",\"https:\\\/\\\/www.instagram.com\\\/newsinclusive\\\/\"]},{\"@type\":\"Person\",\"@id\":\"https:\\\/\\\/inclusivenews.com.br\\\/#\\\/schema\\\/person\\\/ae4ec7087559b8692fb33b6fffd2273b\",\"name\":\"inclusivenews2024\",\"image\":{\"@type\":\"ImageObject\",\"inLanguage\":\"pt-PT\",\"@id\":\"https:\\\/\\\/secure.gravatar.com\\\/avatar\\\/c5a7ef84c66fa914f55bc4f7ce26cfa275a3b9a1c5568b907bd184fb4dde7b40?s=96&d=mm&r=g\",\"url\":\"https:\\\/\\\/secure.gravatar.com\\\/avatar\\\/c5a7ef84c66fa914f55bc4f7ce26cfa275a3b9a1c5568b907bd184fb4dde7b40?s=96&d=mm&r=g\",\"contentUrl\":\"https:\\\/\\\/secure.gravatar.com\\\/avatar\\\/c5a7ef84c66fa914f55bc4f7ce26cfa275a3b9a1c5568b907bd184fb4dde7b40?s=96&d=mm&r=g\",\"caption\":\"inclusivenews2024\"},\"sameAs\":[\"https:\\\/\\\/inclusivenews.com.br\"],\"url\":\"https:\\\/\\\/inclusivenews.com.br\\\/?author=1\"}]}<\/script>\n<!-- \/ Yoast SEO plugin. -->","yoast_head_json":{"title":"Minist\u00e9rios apresentam livros para os conselheiros do CONADE -","robots":{"index":"index","follow":"follow","max-snippet":"max-snippet:-1","max-image-preview":"max-image-preview:large","max-video-preview":"max-video-preview:-1"},"canonical":"https:\/\/inclusivenews.com.br\/?p=15637","og_locale":"pt_PT","og_type":"article","og_title":"Minist\u00e9rios apresentam livros para os conselheiros do CONADE -","og_description":"O Minist\u00e9rio da Sa\u00fade (MS) e o Minist\u00e9rio da Cultura (MinC) apresentaram para os conselheiros do Conade presentes na 68\u00aa Reuni\u00e3o Ordin\u00e1ria, realizada em 29 e 30 de abril, as mais novas obras lan\u00e7adas pelos minist\u00e9rios. Do CONADE.","og_url":"https:\/\/inclusivenews.com.br\/?p=15637","article_publisher":"https:\/\/www.facebook.com\/agenciainclusive\/","article_published_time":"2010-05-27T11:01:20+00:00","og_image":[{"url":"http:\/\/inclusivenews.com.br\/wp-content\/uploads\/2010\/05\/livro111.jpg","type":"","width":"","height":""}],"author":"inclusivenews2024","twitter_card":"summary_large_image","twitter_misc":{"Escrito por":"inclusivenews2024","Tempo estimado de leitura":"3 minutos"},"schema":{"@context":"https:\/\/schema.org","@graph":[{"@type":"Article","@id":"https:\/\/inclusivenews.com.br\/?p=15637#article","isPartOf":{"@id":"https:\/\/inclusivenews.com.br\/?p=15637"},"author":{"name":"inclusivenews2024","@id":"https:\/\/inclusivenews.com.br\/#\/schema\/person\/ae4ec7087559b8692fb33b6fffd2273b"},"headline":"Minist\u00e9rios apresentam livros para os conselheiros do CONADE","datePublished":"2010-05-27T11:01:20+00:00","mainEntityOfPage":{"@id":"https:\/\/inclusivenews.com.br\/?p=15637"},"wordCount":580,"commentCount":0,"publisher":{"@id":"https:\/\/inclusivenews.com.br\/#organization"},"image":{"@id":"https:\/\/inclusivenews.com.br\/?p=15637#primaryimage"},"thumbnailUrl":"http:\/\/inclusivenews.com.br\/wp-content\/uploads\/2010\/05\/livro111.jpg","articleSection":["NOT\u00cdCIAS"],"inLanguage":"pt-PT","potentialAction":[{"@type":"CommentAction","name":"Comment","target":["https:\/\/inclusivenews.com.br\/?p=15637#respond"]}]},{"@type":"WebPage","@id":"https:\/\/inclusivenews.com.br\/?p=15637","url":"https:\/\/inclusivenews.com.br\/?p=15637","name":"Minist\u00e9rios apresentam livros para os conselheiros do CONADE -","isPartOf":{"@id":"https:\/\/inclusivenews.com.br\/#website"},"primaryImageOfPage":{"@id":"https:\/\/inclusivenews.com.br\/?p=15637#primaryimage"},"image":{"@id":"https:\/\/inclusivenews.com.br\/?p=15637#primaryimage"},"thumbnailUrl":"http:\/\/inclusivenews.com.br\/wp-content\/uploads\/2010\/05\/livro111.jpg","datePublished":"2010-05-27T11:01:20+00:00","breadcrumb":{"@id":"https:\/\/inclusivenews.com.br\/?p=15637#breadcrumb"},"inLanguage":"pt-PT","potentialAction":[{"@type":"ReadAction","target":["https:\/\/inclusivenews.com.br\/?p=15637"]}]},{"@type":"ImageObject","inLanguage":"pt-PT","@id":"https:\/\/inclusivenews.com.br\/?p=15637#primaryimage","url":"","contentUrl":""},{"@type":"BreadcrumbList","@id":"https:\/\/inclusivenews.com.br\/?p=15637#breadcrumb","itemListElement":[{"@type":"ListItem","position":1,"name":"In\u00edcio","item":"https:\/\/inclusivenews.com.br\/"},{"@type":"ListItem","position":2,"name":"Minist\u00e9rios apresentam livros para os conselheiros do CONADE"}]},{"@type":"WebSite","@id":"https:\/\/inclusivenews.com.br\/#website","url":"https:\/\/inclusivenews.com.br\/","name":"Inclusive News","description":"Inclusive News","publisher":{"@id":"https:\/\/inclusivenews.com.br\/#organization"},"potentialAction":[{"@type":"SearchAction","target":{"@type":"EntryPoint","urlTemplate":"https:\/\/inclusivenews.com.br\/?s={search_term_string}"},"query-input":{"@type":"PropertyValueSpecification","valueRequired":true,"valueName":"search_term_string"}}],"inLanguage":"pt-PT"},{"@type":"Organization","@id":"https:\/\/inclusivenews.com.br\/#organization","name":"Inclusive - inclus\u00e3o e cidadania","url":"https:\/\/inclusivenews.com.br\/","logo":{"@type":"ImageObject","inLanguage":"pt-PT","@id":"https:\/\/inclusivenews.com.br\/#\/schema\/logo\/image\/","url":"https:\/\/inclusivenews.com.br\/wp-content\/uploads\/2024\/03\/@grandesite.png","contentUrl":"https:\/\/inclusivenews.com.br\/wp-content\/uploads\/2024\/03\/@grandesite.png","width":1080,"height":1080,"caption":"Inclusive - inclus\u00e3o e cidadania"},"image":{"@id":"https:\/\/inclusivenews.com.br\/#\/schema\/logo\/image\/"},"sameAs":["https:\/\/www.facebook.com\/agenciainclusive\/","https:\/\/www.instagram.com\/newsinclusive\/"]},{"@type":"Person","@id":"https:\/\/inclusivenews.com.br\/#\/schema\/person\/ae4ec7087559b8692fb33b6fffd2273b","name":"inclusivenews2024","image":{"@type":"ImageObject","inLanguage":"pt-PT","@id":"https:\/\/secure.gravatar.com\/avatar\/c5a7ef84c66fa914f55bc4f7ce26cfa275a3b9a1c5568b907bd184fb4dde7b40?s=96&d=mm&r=g","url":"https:\/\/secure.gravatar.com\/avatar\/c5a7ef84c66fa914f55bc4f7ce26cfa275a3b9a1c5568b907bd184fb4dde7b40?s=96&d=mm&r=g","contentUrl":"https:\/\/secure.gravatar.com\/avatar\/c5a7ef84c66fa914f55bc4f7ce26cfa275a3b9a1c5568b907bd184fb4dde7b40?s=96&d=mm&r=g","caption":"inclusivenews2024"},"sameAs":["https:\/\/inclusivenews.com.br"],"url":"https:\/\/inclusivenews.com.br\/?author=1"}]}},"_links":{"self":[{"href":"https:\/\/inclusivenews.com.br\/index.php?rest_route=\/wp\/v2\/posts\/15637","targetHints":{"allow":["GET"]}}],"collection":[{"href":"https:\/\/inclusivenews.com.br\/index.php?rest_route=\/wp\/v2\/posts"}],"about":[{"href":"https:\/\/inclusivenews.com.br\/index.php?rest_route=\/wp\/v2\/types\/post"}],"author":[{"embeddable":true,"href":"https:\/\/inclusivenews.com.br\/index.php?rest_route=\/wp\/v2\/users\/1"}],"replies":[{"embeddable":true,"href":"https:\/\/inclusivenews.com.br\/index.php?rest_route=%2Fwp%2Fv2%2Fcomments&post=15637"}],"version-history":[{"count":0,"href":"https:\/\/inclusivenews.com.br\/index.php?rest_route=\/wp\/v2\/posts\/15637\/revisions"}],"wp:attachment":[{"href":"https:\/\/inclusivenews.com.br\/index.php?rest_route=%2Fwp%2Fv2%2Fmedia&parent=15637"}],"wp:term":[{"taxonomy":"category","embeddable":true,"href":"https:\/\/inclusivenews.com.br\/index.php?rest_route=%2Fwp%2Fv2%2Fcategories&post=15637"},{"taxonomy":"post_tag","embeddable":true,"href":"https:\/\/inclusivenews.com.br\/index.php?rest_route=%2Fwp%2Fv2%2Ftags&post=15637"}],"curies":[{"name":"wp","href":"https:\/\/api.w.org\/{rel}","templated":true}]}}