{"id":15718,"date":"2010-06-01T08:36:20","date_gmt":"2010-06-01T11:36:20","guid":{"rendered":"http:\/\/www.inclusive.org.br\/?p=15718"},"modified":"2010-06-01T08:36:20","modified_gmt":"2010-06-01T11:36:20","slug":"relatorio-mundial-da-unesco-em-diversidade-cultural-resumo","status":"publish","type":"post","link":"https:\/\/inclusivenews.com.br\/?p=15718","title":{"rendered":"Relat\u00f3rio Mundial da UNESCO em Diversidade Cultural: resumo"},"content":{"rendered":"<figure style=\"width: 175px\" class=\"wp-caption alignleft\"><img loading=\"lazy\" decoding=\"async\" title=\"Capa da publica\u00e7\u00e3o\" src=\"http:\/\/www.unesco.org\/typo3temp\/pics\/3aad9616be.jpg\" alt=\"\" width=\"175\" height=\"219\" \/><figcaption class=\"wp-caption-text\"> <\/figcaption><\/figure>\n<p>Investir na diversidade cultural e no di\u00e1logo intercultural: an\u00e1lise das iniciativas recentes, exemplos concretos, estudos de caso e experi\u00eancias exitosas.<\/p>\n<p>Bras\u00edlia: UNESCO Brasilia; Paris: UNESCO, Delega\u00e7\u00e3o Permanente de Portugal junto \u00e0 UNESCO, Delega\u00e7\u00e3o Permanente do Brasil junto \u00e0 UNESCO, 2010. 40 p.<\/p>\n<p><a href=\"http:\/\/unesdoc.unesco.org\/images\/0018\/001847\/184755POR.pdf\">Download gratuito aqui. (PDF, 2 Mb) <\/a><\/p>\n<p>Somente dispon\u00edvel on line &#8211; C\u00f3pias impressas da tradu\u00e7\u00e3o em portugu\u00eas estar\u00e3o dispon\u00edveis para distribuir\u00e3o em breve.<\/p>\n<p>O tema da diversidade cultural vem suscitando um interesse not\u00e1vel desde o come\u00e7o do  s\u00e9culo XXI e suas interpreta\u00e7\u00f5es t\u00eam sido variadas e mut\u00e1veis. Para alguns, a diversidade cultural \u00e9 intrinsecamente positiva na medida em que se refere a um interc\u00e2mbio da riqueza inerente a cada cultura do mundo e, assim, aos v\u00ednculos que nos unem nos processos de di\u00e1logo e de troca. Para outros, as diferen\u00e7as culturais fazem-nos perder de vista o que temos em comum na condi\u00e7\u00e3o de seres humanos constituindo, assim, a raiz de numerosos conflitos. Este segundo diagn\u00f3stico parece hoje mais cr\u00edvel uma vez que a globaliza\u00e7\u00e3o aumentou os pontos de intera\u00e7\u00e3o e fric\u00e7\u00e3o entre as culturas, originando tens\u00f5es, fraturas e reivindica\u00e7\u00f5es relativas \u00e0 identidade, particularmente a religiosa, que se convertem em fontes potenciais de conflito. Por conseguinte, o desafio fundamental consistiria em propor uma perspectiva coerente da diversidade cultural e, portanto, clarificar que longe de ser uma amea\u00e7a, a diversidade pode ser ben\u00e9fica para a a\u00e7\u00e3o da comunidade internacional.<\/p>\n<p>\u00c9 esse o objetivo essencial do Relat\u00f3rio Mundial Investindo na Diversidade Cultural e no Di\u00e1logo Intercultural produzido pela UNESCO com a colabora\u00e7\u00e3o de especialistas de v\u00e1rios pa\u00edses do mundo. O estudo mostra a import\u00e2ncia da diversidade cultural nos mais variados dom\u00ednios de interven\u00e7\u00e3o (l\u00ednguas, educa\u00e7\u00e3o, comunica\u00e7\u00e3o e criatividade)  e oferece s\u00f3lidos argumentos para decisores e atores sociais sobre a import\u00e2ncia de se investir na diversidade cultural como dimens\u00e3o essencial do di\u00e1logo intercultural, na constru\u00e7\u00e3o de estrat\u00e9gias para o desenvolvimento sustent\u00e1vel, na garantia do exerc\u00edcio das liberdades e dos direitos humanos e no fortalecimento da coes\u00e3o social e da boa governan\u00e7a.<\/p>\n","protected":false},"excerpt":{"rendered":"<p>Investir na diversidade cultural e no di\u00e1logo intercultural: an\u00e1lise das iniciativas recentes, exemplos concretos, estudos de caso e experi\u00eancias exitosas. (Livre para download.)<\/p>\n","protected":false},"author":1,"featured_media":0,"comment_status":"open","ping_status":"open","sticky":false,"template":"","format":"standard","meta":{"site-container-style":"default","site-container-layout":"default","site-sidebar-layout":"default","disable-article-header":"default","disable-site-header":"default","disable-site-footer":"default","disable-content-area-spacing":"default","footnotes":""},"categories":[29,40,52,4,10,117],"tags":[],"class_list":["post-15718","post","type-post","status-publish","format-standard","hentry","category-cultura","category-diversidade","category-downloadables","category-noticias","category-publicacoes","category-relatorios"],"yoast_head":"<!-- This site is optimized with the Yoast SEO plugin v27.4 - https:\/\/yoast.com\/product\/yoast-seo-wordpress\/ -->\n<title>Relat\u00f3rio Mundial da UNESCO em Diversidade Cultural: resumo -<\/title>\n<meta name=\"robots\" content=\"index, follow, max-snippet:-1, max-image-preview:large, max-video-preview:-1\" \/>\n<link rel=\"canonical\" href=\"https:\/\/inclusivenews.com.br\/?p=15718\" \/>\n<meta property=\"og:locale\" content=\"pt_PT\" \/>\n<meta property=\"og:type\" content=\"article\" \/>\n<meta property=\"og:title\" content=\"Relat\u00f3rio Mundial da UNESCO em Diversidade Cultural: resumo -\" \/>\n<meta property=\"og:description\" content=\"Investir na diversidade cultural e no di\u00e1logo intercultural: an\u00e1lise das iniciativas recentes, exemplos concretos, estudos de caso e experi\u00eancias exitosas. (Livre para download.)\" \/>\n<meta property=\"og:url\" content=\"https:\/\/inclusivenews.com.br\/?p=15718\" \/>\n<meta property=\"article:publisher\" content=\"https:\/\/www.facebook.com\/agenciainclusive\/\" \/>\n<meta property=\"article:published_time\" content=\"2010-06-01T11:36:20+00:00\" \/>\n<meta property=\"og:image\" content=\"http:\/\/www.unesco.org\/typo3temp\/pics\/3aad9616be.jpg\" \/>\n<meta name=\"author\" content=\"inclusivenews2024\" \/>\n<meta name=\"twitter:card\" content=\"summary_large_image\" \/>\n<meta name=\"twitter:label1\" content=\"Escrito por\" \/>\n\t<meta name=\"twitter:data1\" content=\"inclusivenews2024\" \/>\n\t<meta name=\"twitter:label2\" content=\"Tempo estimado de leitura\" \/>\n\t<meta name=\"twitter:data2\" content=\"2 minutos\" \/>\n<script type=\"application\/ld+json\" class=\"yoast-schema-graph\">{\"@context\":\"https:\\\/\\\/schema.org\",\"@graph\":[{\"@type\":\"Article\",\"@id\":\"https:\\\/\\\/inclusivenews.com.br\\\/?p=15718#article\",\"isPartOf\":{\"@id\":\"https:\\\/\\\/inclusivenews.com.br\\\/?p=15718\"},\"author\":{\"name\":\"inclusivenews2024\",\"@id\":\"https:\\\/\\\/inclusivenews.com.br\\\/#\\\/schema\\\/person\\\/ae4ec7087559b8692fb33b6fffd2273b\"},\"headline\":\"Relat\u00f3rio Mundial da UNESCO em Diversidade Cultural: resumo\",\"datePublished\":\"2010-06-01T11:36:20+00:00\",\"mainEntityOfPage\":{\"@id\":\"https:\\\/\\\/inclusivenews.com.br\\\/?p=15718\"},\"wordCount\":392,\"commentCount\":1,\"publisher\":{\"@id\":\"https:\\\/\\\/inclusivenews.com.br\\\/#organization\"},\"image\":{\"@id\":\"https:\\\/\\\/inclusivenews.com.br\\\/?p=15718#primaryimage\"},\"thumbnailUrl\":\"http:\\\/\\\/www.unesco.org\\\/typo3temp\\\/pics\\\/3aad9616be.jpg\",\"articleSection\":[\"Cultura\",\"Diversidade\",\"Downloadables\",\"NOT\u00cdCIAS\",\"PUBLICA\u00c7\u00d5ES\",\"Relat\u00f3rios\"],\"inLanguage\":\"pt-PT\",\"potentialAction\":[{\"@type\":\"CommentAction\",\"name\":\"Comment\",\"target\":[\"https:\\\/\\\/inclusivenews.com.br\\\/?p=15718#respond\"]}]},{\"@type\":\"WebPage\",\"@id\":\"https:\\\/\\\/inclusivenews.com.br\\\/?p=15718\",\"url\":\"https:\\\/\\\/inclusivenews.com.br\\\/?p=15718\",\"name\":\"Relat\u00f3rio Mundial da UNESCO em Diversidade Cultural: resumo -\",\"isPartOf\":{\"@id\":\"https:\\\/\\\/inclusivenews.com.br\\\/#website\"},\"primaryImageOfPage\":{\"@id\":\"https:\\\/\\\/inclusivenews.com.br\\\/?p=15718#primaryimage\"},\"image\":{\"@id\":\"https:\\\/\\\/inclusivenews.com.br\\\/?p=15718#primaryimage\"},\"thumbnailUrl\":\"http:\\\/\\\/www.unesco.org\\\/typo3temp\\\/pics\\\/3aad9616be.jpg\",\"datePublished\":\"2010-06-01T11:36:20+00:00\",\"breadcrumb\":{\"@id\":\"https:\\\/\\\/inclusivenews.com.br\\\/?p=15718#breadcrumb\"},\"inLanguage\":\"pt-PT\",\"potentialAction\":[{\"@type\":\"ReadAction\",\"target\":[\"https:\\\/\\\/inclusivenews.com.br\\\/?p=15718\"]}]},{\"@type\":\"ImageObject\",\"inLanguage\":\"pt-PT\",\"@id\":\"https:\\\/\\\/inclusivenews.com.br\\\/?p=15718#primaryimage\",\"url\":\"http:\\\/\\\/www.unesco.org\\\/typo3temp\\\/pics\\\/3aad9616be.jpg\",\"contentUrl\":\"http:\\\/\\\/www.unesco.org\\\/typo3temp\\\/pics\\\/3aad9616be.jpg\"},{\"@type\":\"BreadcrumbList\",\"@id\":\"https:\\\/\\\/inclusivenews.com.br\\\/?p=15718#breadcrumb\",\"itemListElement\":[{\"@type\":\"ListItem\",\"position\":1,\"name\":\"In\u00edcio\",\"item\":\"https:\\\/\\\/inclusivenews.com.br\\\/\"},{\"@type\":\"ListItem\",\"position\":2,\"name\":\"Relat\u00f3rio Mundial da UNESCO em Diversidade Cultural: resumo\"}]},{\"@type\":\"WebSite\",\"@id\":\"https:\\\/\\\/inclusivenews.com.br\\\/#website\",\"url\":\"https:\\\/\\\/inclusivenews.com.br\\\/\",\"name\":\"Inclusive News\",\"description\":\"Inclusive News\",\"publisher\":{\"@id\":\"https:\\\/\\\/inclusivenews.com.br\\\/#organization\"},\"potentialAction\":[{\"@type\":\"SearchAction\",\"target\":{\"@type\":\"EntryPoint\",\"urlTemplate\":\"https:\\\/\\\/inclusivenews.com.br\\\/?s={search_term_string}\"},\"query-input\":{\"@type\":\"PropertyValueSpecification\",\"valueRequired\":true,\"valueName\":\"search_term_string\"}}],\"inLanguage\":\"pt-PT\"},{\"@type\":\"Organization\",\"@id\":\"https:\\\/\\\/inclusivenews.com.br\\\/#organization\",\"name\":\"Inclusive - inclus\u00e3o e cidadania\",\"url\":\"https:\\\/\\\/inclusivenews.com.br\\\/\",\"logo\":{\"@type\":\"ImageObject\",\"inLanguage\":\"pt-PT\",\"@id\":\"https:\\\/\\\/inclusivenews.com.br\\\/#\\\/schema\\\/logo\\\/image\\\/\",\"url\":\"https:\\\/\\\/inclusivenews.com.br\\\/wp-content\\\/uploads\\\/2024\\\/03\\\/@grandesite.png\",\"contentUrl\":\"https:\\\/\\\/inclusivenews.com.br\\\/wp-content\\\/uploads\\\/2024\\\/03\\\/@grandesite.png\",\"width\":1080,\"height\":1080,\"caption\":\"Inclusive - inclus\u00e3o e cidadania\"},\"image\":{\"@id\":\"https:\\\/\\\/inclusivenews.com.br\\\/#\\\/schema\\\/logo\\\/image\\\/\"},\"sameAs\":[\"https:\\\/\\\/www.facebook.com\\\/agenciainclusive\\\/\",\"https:\\\/\\\/www.instagram.com\\\/newsinclusive\\\/\"]},{\"@type\":\"Person\",\"@id\":\"https:\\\/\\\/inclusivenews.com.br\\\/#\\\/schema\\\/person\\\/ae4ec7087559b8692fb33b6fffd2273b\",\"name\":\"inclusivenews2024\",\"image\":{\"@type\":\"ImageObject\",\"inLanguage\":\"pt-PT\",\"@id\":\"https:\\\/\\\/secure.gravatar.com\\\/avatar\\\/c5a7ef84c66fa914f55bc4f7ce26cfa275a3b9a1c5568b907bd184fb4dde7b40?s=96&d=mm&r=g\",\"url\":\"https:\\\/\\\/secure.gravatar.com\\\/avatar\\\/c5a7ef84c66fa914f55bc4f7ce26cfa275a3b9a1c5568b907bd184fb4dde7b40?s=96&d=mm&r=g\",\"contentUrl\":\"https:\\\/\\\/secure.gravatar.com\\\/avatar\\\/c5a7ef84c66fa914f55bc4f7ce26cfa275a3b9a1c5568b907bd184fb4dde7b40?s=96&d=mm&r=g\",\"caption\":\"inclusivenews2024\"},\"sameAs\":[\"https:\\\/\\\/inclusivenews.com.br\"],\"url\":\"https:\\\/\\\/inclusivenews.com.br\\\/?author=1\"}]}<\/script>\n<!-- \/ Yoast SEO plugin. -->","yoast_head_json":{"title":"Relat\u00f3rio Mundial da UNESCO em Diversidade Cultural: resumo -","robots":{"index":"index","follow":"follow","max-snippet":"max-snippet:-1","max-image-preview":"max-image-preview:large","max-video-preview":"max-video-preview:-1"},"canonical":"https:\/\/inclusivenews.com.br\/?p=15718","og_locale":"pt_PT","og_type":"article","og_title":"Relat\u00f3rio Mundial da UNESCO em Diversidade Cultural: resumo -","og_description":"Investir na diversidade cultural e no di\u00e1logo intercultural: an\u00e1lise das iniciativas recentes, exemplos concretos, estudos de caso e experi\u00eancias exitosas. (Livre para download.)","og_url":"https:\/\/inclusivenews.com.br\/?p=15718","article_publisher":"https:\/\/www.facebook.com\/agenciainclusive\/","article_published_time":"2010-06-01T11:36:20+00:00","og_image":[{"url":"http:\/\/www.unesco.org\/typo3temp\/pics\/3aad9616be.jpg","type":"","width":"","height":""}],"author":"inclusivenews2024","twitter_card":"summary_large_image","twitter_misc":{"Escrito por":"inclusivenews2024","Tempo estimado de leitura":"2 minutos"},"schema":{"@context":"https:\/\/schema.org","@graph":[{"@type":"Article","@id":"https:\/\/inclusivenews.com.br\/?p=15718#article","isPartOf":{"@id":"https:\/\/inclusivenews.com.br\/?p=15718"},"author":{"name":"inclusivenews2024","@id":"https:\/\/inclusivenews.com.br\/#\/schema\/person\/ae4ec7087559b8692fb33b6fffd2273b"},"headline":"Relat\u00f3rio Mundial da UNESCO em Diversidade Cultural: resumo","datePublished":"2010-06-01T11:36:20+00:00","mainEntityOfPage":{"@id":"https:\/\/inclusivenews.com.br\/?p=15718"},"wordCount":392,"commentCount":1,"publisher":{"@id":"https:\/\/inclusivenews.com.br\/#organization"},"image":{"@id":"https:\/\/inclusivenews.com.br\/?p=15718#primaryimage"},"thumbnailUrl":"http:\/\/www.unesco.org\/typo3temp\/pics\/3aad9616be.jpg","articleSection":["Cultura","Diversidade","Downloadables","NOT\u00cdCIAS","PUBLICA\u00c7\u00d5ES","Relat\u00f3rios"],"inLanguage":"pt-PT","potentialAction":[{"@type":"CommentAction","name":"Comment","target":["https:\/\/inclusivenews.com.br\/?p=15718#respond"]}]},{"@type":"WebPage","@id":"https:\/\/inclusivenews.com.br\/?p=15718","url":"https:\/\/inclusivenews.com.br\/?p=15718","name":"Relat\u00f3rio Mundial da UNESCO em Diversidade Cultural: resumo -","isPartOf":{"@id":"https:\/\/inclusivenews.com.br\/#website"},"primaryImageOfPage":{"@id":"https:\/\/inclusivenews.com.br\/?p=15718#primaryimage"},"image":{"@id":"https:\/\/inclusivenews.com.br\/?p=15718#primaryimage"},"thumbnailUrl":"http:\/\/www.unesco.org\/typo3temp\/pics\/3aad9616be.jpg","datePublished":"2010-06-01T11:36:20+00:00","breadcrumb":{"@id":"https:\/\/inclusivenews.com.br\/?p=15718#breadcrumb"},"inLanguage":"pt-PT","potentialAction":[{"@type":"ReadAction","target":["https:\/\/inclusivenews.com.br\/?p=15718"]}]},{"@type":"ImageObject","inLanguage":"pt-PT","@id":"https:\/\/inclusivenews.com.br\/?p=15718#primaryimage","url":"http:\/\/www.unesco.org\/typo3temp\/pics\/3aad9616be.jpg","contentUrl":"http:\/\/www.unesco.org\/typo3temp\/pics\/3aad9616be.jpg"},{"@type":"BreadcrumbList","@id":"https:\/\/inclusivenews.com.br\/?p=15718#breadcrumb","itemListElement":[{"@type":"ListItem","position":1,"name":"In\u00edcio","item":"https:\/\/inclusivenews.com.br\/"},{"@type":"ListItem","position":2,"name":"Relat\u00f3rio Mundial da UNESCO em Diversidade Cultural: resumo"}]},{"@type":"WebSite","@id":"https:\/\/inclusivenews.com.br\/#website","url":"https:\/\/inclusivenews.com.br\/","name":"Inclusive News","description":"Inclusive News","publisher":{"@id":"https:\/\/inclusivenews.com.br\/#organization"},"potentialAction":[{"@type":"SearchAction","target":{"@type":"EntryPoint","urlTemplate":"https:\/\/inclusivenews.com.br\/?s={search_term_string}"},"query-input":{"@type":"PropertyValueSpecification","valueRequired":true,"valueName":"search_term_string"}}],"inLanguage":"pt-PT"},{"@type":"Organization","@id":"https:\/\/inclusivenews.com.br\/#organization","name":"Inclusive - inclus\u00e3o e cidadania","url":"https:\/\/inclusivenews.com.br\/","logo":{"@type":"ImageObject","inLanguage":"pt-PT","@id":"https:\/\/inclusivenews.com.br\/#\/schema\/logo\/image\/","url":"https:\/\/inclusivenews.com.br\/wp-content\/uploads\/2024\/03\/@grandesite.png","contentUrl":"https:\/\/inclusivenews.com.br\/wp-content\/uploads\/2024\/03\/@grandesite.png","width":1080,"height":1080,"caption":"Inclusive - inclus\u00e3o e cidadania"},"image":{"@id":"https:\/\/inclusivenews.com.br\/#\/schema\/logo\/image\/"},"sameAs":["https:\/\/www.facebook.com\/agenciainclusive\/","https:\/\/www.instagram.com\/newsinclusive\/"]},{"@type":"Person","@id":"https:\/\/inclusivenews.com.br\/#\/schema\/person\/ae4ec7087559b8692fb33b6fffd2273b","name":"inclusivenews2024","image":{"@type":"ImageObject","inLanguage":"pt-PT","@id":"https:\/\/secure.gravatar.com\/avatar\/c5a7ef84c66fa914f55bc4f7ce26cfa275a3b9a1c5568b907bd184fb4dde7b40?s=96&d=mm&r=g","url":"https:\/\/secure.gravatar.com\/avatar\/c5a7ef84c66fa914f55bc4f7ce26cfa275a3b9a1c5568b907bd184fb4dde7b40?s=96&d=mm&r=g","contentUrl":"https:\/\/secure.gravatar.com\/avatar\/c5a7ef84c66fa914f55bc4f7ce26cfa275a3b9a1c5568b907bd184fb4dde7b40?s=96&d=mm&r=g","caption":"inclusivenews2024"},"sameAs":["https:\/\/inclusivenews.com.br"],"url":"https:\/\/inclusivenews.com.br\/?author=1"}]}},"_links":{"self":[{"href":"https:\/\/inclusivenews.com.br\/index.php?rest_route=\/wp\/v2\/posts\/15718","targetHints":{"allow":["GET"]}}],"collection":[{"href":"https:\/\/inclusivenews.com.br\/index.php?rest_route=\/wp\/v2\/posts"}],"about":[{"href":"https:\/\/inclusivenews.com.br\/index.php?rest_route=\/wp\/v2\/types\/post"}],"author":[{"embeddable":true,"href":"https:\/\/inclusivenews.com.br\/index.php?rest_route=\/wp\/v2\/users\/1"}],"replies":[{"embeddable":true,"href":"https:\/\/inclusivenews.com.br\/index.php?rest_route=%2Fwp%2Fv2%2Fcomments&post=15718"}],"version-history":[{"count":0,"href":"https:\/\/inclusivenews.com.br\/index.php?rest_route=\/wp\/v2\/posts\/15718\/revisions"}],"wp:attachment":[{"href":"https:\/\/inclusivenews.com.br\/index.php?rest_route=%2Fwp%2Fv2%2Fmedia&parent=15718"}],"wp:term":[{"taxonomy":"category","embeddable":true,"href":"https:\/\/inclusivenews.com.br\/index.php?rest_route=%2Fwp%2Fv2%2Fcategories&post=15718"},{"taxonomy":"post_tag","embeddable":true,"href":"https:\/\/inclusivenews.com.br\/index.php?rest_route=%2Fwp%2Fv2%2Ftags&post=15718"}],"curies":[{"name":"wp","href":"https:\/\/api.w.org\/{rel}","templated":true}]}}