{"id":15724,"date":"2010-06-01T13:46:00","date_gmt":"2010-06-01T16:46:00","guid":{"rendered":"http:\/\/www.inclusive.org.br\/?p=15724"},"modified":"2010-06-01T13:46:00","modified_gmt":"2010-06-01T16:46:00","slug":"oab-e-usp-promovem-seminario-sobre-instituicao-nacional-de-direitos-humanos-indh-76","status":"publish","type":"post","link":"https:\/\/inclusivenews.com.br\/?p=15724","title":{"rendered":"OAB e USP promovem Semin\u00e1rio sobre Institui\u00e7\u00e3o Nacional de Direitos Humanos \u2013 INDH \u2013 7\/6"},"content":{"rendered":"<p><strong> <\/strong><\/p>\n<figure id=\"attachment_15728\" aria-describedby=\"caption-attachment-15728\" style=\"width: 468px\" class=\"wp-caption alignleft\"><a href=\"http:\/\/www.inclusivenews.com.br\/wp-content\/uploads\/2010\/06\/bannerweb.jpg\"><img loading=\"lazy\" decoding=\"async\" class=\"size-full wp-image-15728\" title=\"bannerweb\" src=\"http:\/\/inclusivenews.com.br\/wp-content\/uploads\/2010\/06\/bannerweb.jpg\" alt=\"Banner Semin\u00e1rio INDH\" width=\"468\" height=\"60\" \/><\/a><figcaption id=\"caption-attachment-15728\" class=\"wp-caption-text\">Banner Semin\u00e1rio INDH<\/figcaption><\/figure>\n<p>S\u00a0E M I N \u00c1 R I O<\/p>\n<p>Institui\u00e7\u00e3o Nacional de Direitos Humanos &#8211; INDH<\/p>\n<p>Contexto Nacional e Integra\u00e7\u00e3o Universal<\/p>\n<p>7 de junho de 2010<\/p>\n<p>17h<\/p>\n<p>Local: Sala da Congrega\u00e7\u00e3o<\/p>\n<p>Faculdade de Direito da Universidade de S\u00e3o Paulo<\/p>\n<p>Entrada Franca<\/p>\n<p><strong>Conquistas e Perspectivas<\/strong><\/p>\n<p>17h15 &#8211; Mesa de Abertura<\/p>\n<p>Dr. Ophir Cavalcante Junior &#8211;<\/p>\n<p>Dalmo de Abreu Dallari &#8211;<\/p>\n<p>Dr. Olympio de S\u00e1 Sotto Maior Neto &#8211; Presidente do Conselho Nacional de Procuradores Gerais do Minist\u00e9rio P\u00fablico dos<\/p>\n<p>Estados e da Uni\u00e3o (CNPG);<\/p>\n<p>Dr. Luiz Fl\u00e1vio D&#8217;Urso &#8211; Presidente da Ordem dos Advogados do Brasil &#8211; Seccional S\u00e3o Paulo;<\/p>\n<p><strong>18h \u2013 Confer\u00eancia Inaugural<\/strong><\/p>\n<p><strong>Prof. Dalmo de Abreu Dallari &#8211; Professor Em\u00e9rito da Faculdade de Direito da Universidade de S\u00e3o Paulo.<\/strong><\/p>\n<p><strong>18h30 &#8211; Mesa 01<\/strong><\/p>\n<p><strong>A Institui\u00e7\u00e3o Nacional de Direitos Humanos: evolu\u00e7\u00e3o e caracter\u00edsticas<\/strong><\/p>\n<p>Moderador: Dr. H\u00e9lio Bicudo<\/p>\n<p>Dr. Olympio de S\u00e1 Sotto Maior Neto &#8211; Presidente do Conselho Nacional de Procuradores Gerais do Minist\u00e9rio P\u00fablico dos<\/p>\n<p>Estados e da Uni\u00e3o (CNPG);<\/p>\n<p>Dr. Martim Sampaio &#8211; Presidente da Comiss\u00e3o de Direitos Humanos da OABSP;<\/p>\n<p>Dr. Alexandre Camanho de Assis \u2013 Representante da Associa\u00e7\u00e3o Nacional dos Procuradores da Rep\u00fablica (ANPR);<\/p>\n<p>Dra. Beatriz Affonso &#8211; Representante do Centro pela Justi\u00e7a e o Direito Internacional (CEJIL).<\/p>\n<p>20h &#8211; Coffee Break<\/p>\n<p><strong>20h15 &#8211; Mesa 02<\/strong><\/p>\n<p><strong>A rela\u00e7\u00e3o entre a institui\u00e7\u00e3o nacional de direitos humanos e os \u00f3rg\u00e3os internos de<\/strong><\/p>\n<p><strong>Direitos Humanos<\/strong><\/p>\n<p>Moderador: Dr. Cezar Britto &#8211; Presidente da Comiss\u00e3o Nacional de Rela\u00e7\u00f5es Internacionais do Conselho Federal da OAB;<\/p>\n<p>Prof. Dr. Andr\u00e9 de Carvalho Ramos &#8211; Professor de Direito Internacional e Direitos Humanos (USP);<\/p>\n<p>Dra. Andressa Caldas (Justi\u00e7a Global) &#8211; Representante da Plataforma Dhesca Brasil;<\/p>\n<p>Dr. Ant\u00f4nio Maffezoli &#8211; Representante da Associa\u00e7\u00e3o Nacional de Defensores P\u00fablicos (ANADEP);<\/p>\n<p>Profa. Dra. N\u00edvia Barros &#8211; Professora de Direitos Humanos da Universidade Federal Fluminense (UFF).<\/p>\n<p><strong>21h30 \u2013 Debates<\/strong><\/p>\n<p><strong>22h &#8211; Encerramento<\/strong><\/p>\n<p><strong>Presidente do Conselho Federal da Ordem dos Advogados do Brasil;<\/strong><\/p>\n<p><strong>Prof. Professor Em\u00e9rito da Faculdade de Direito da Universidade de S\u00e3o Paulo;<\/strong><strong> <\/strong><\/p>\n<p><strong><em>Coordena\u00e7\u00e3o: Dr\u00aa Monica Ventocilla Franco<\/em><\/strong><strong><em> <\/em><\/strong><\/p>\n","protected":false},"excerpt":{"rendered":"<p>S E M I N \u00c1 R I O &#8211; Institui\u00e7\u00e3o Nacional de Direitos Humanos &#8211; INDH &#8211; Contexto Nacional e Integra\u00e7\u00e3o Universal &#8211; 7 de junho de 2010 &#8211; 17h &#8211; Local: Sala da Congrega\u00e7\u00e3o &#8211; Faculdade de Direito da Universidade de S\u00e3o Paulo &#8211; Entrada Franca<\/p>\n","protected":false},"author":1,"featured_media":0,"comment_status":"open","ping_status":"open","sticky":false,"template":"","format":"standard","meta":{"site-container-style":"default","site-container-layout":"default","site-sidebar-layout":"default","disable-article-header":"default","disable-site-header":"default","disable-site-footer":"default","disable-content-area-spacing":"default","footnotes":""},"categories":[12,11,4],"tags":[],"class_list":["post-15724","post","type-post","status-publish","format-standard","hentry","category-cursos-e-eventos","category-direitos-humanos","category-noticias"],"yoast_head":"<!-- This site is optimized with the Yoast SEO plugin v27.4 - https:\/\/yoast.com\/product\/yoast-seo-wordpress\/ -->\n<title>OAB e USP promovem Semin\u00e1rio sobre Institui\u00e7\u00e3o Nacional de Direitos Humanos \u2013 INDH \u2013 7\/6 -<\/title>\n<meta name=\"robots\" content=\"index, follow, max-snippet:-1, max-image-preview:large, max-video-preview:-1\" \/>\n<link rel=\"canonical\" href=\"https:\/\/inclusivenews.com.br\/?p=15724\" \/>\n<meta property=\"og:locale\" content=\"pt_PT\" \/>\n<meta property=\"og:type\" content=\"article\" \/>\n<meta property=\"og:title\" content=\"OAB e USP promovem Semin\u00e1rio sobre Institui\u00e7\u00e3o Nacional de Direitos Humanos \u2013 INDH \u2013 7\/6 -\" \/>\n<meta property=\"og:description\" content=\"S E M I N \u00c1 R I O - Institui\u00e7\u00e3o Nacional de Direitos Humanos - INDH - Contexto Nacional e Integra\u00e7\u00e3o Universal - 7 de junho de 2010 - 17h - Local: Sala da Congrega\u00e7\u00e3o - Faculdade de Direito da Universidade de S\u00e3o Paulo - Entrada Franca\" \/>\n<meta property=\"og:url\" content=\"https:\/\/inclusivenews.com.br\/?p=15724\" \/>\n<meta property=\"article:publisher\" content=\"https:\/\/www.facebook.com\/agenciainclusive\/\" \/>\n<meta property=\"article:published_time\" content=\"2010-06-01T16:46:00+00:00\" \/>\n<meta property=\"og:image\" content=\"http:\/\/inclusivenews.com.br\/wp-content\/uploads\/2010\/06\/bannerweb.jpg\" \/>\n<meta name=\"author\" content=\"inclusivenews2024\" \/>\n<meta name=\"twitter:card\" content=\"summary_large_image\" \/>\n<meta name=\"twitter:label1\" content=\"Escrito por\" \/>\n\t<meta name=\"twitter:data1\" content=\"inclusivenews2024\" \/>\n\t<meta name=\"twitter:label2\" content=\"Tempo estimado de leitura\" \/>\n\t<meta name=\"twitter:data2\" content=\"2 minutos\" \/>\n<script type=\"application\/ld+json\" class=\"yoast-schema-graph\">{\"@context\":\"https:\\\/\\\/schema.org\",\"@graph\":[{\"@type\":\"Article\",\"@id\":\"https:\\\/\\\/inclusivenews.com.br\\\/?p=15724#article\",\"isPartOf\":{\"@id\":\"https:\\\/\\\/inclusivenews.com.br\\\/?p=15724\"},\"author\":{\"name\":\"inclusivenews2024\",\"@id\":\"https:\\\/\\\/inclusivenews.com.br\\\/#\\\/schema\\\/person\\\/ae4ec7087559b8692fb33b6fffd2273b\"},\"headline\":\"OAB e USP promovem Semin\u00e1rio sobre Institui\u00e7\u00e3o Nacional de Direitos Humanos \u2013 INDH \u2013 7\\\/6\",\"datePublished\":\"2010-06-01T16:46:00+00:00\",\"mainEntityOfPage\":{\"@id\":\"https:\\\/\\\/inclusivenews.com.br\\\/?p=15724\"},\"wordCount\":383,\"commentCount\":0,\"publisher\":{\"@id\":\"https:\\\/\\\/inclusivenews.com.br\\\/#organization\"},\"image\":{\"@id\":\"https:\\\/\\\/inclusivenews.com.br\\\/?p=15724#primaryimage\"},\"thumbnailUrl\":\"http:\\\/\\\/inclusivenews.com.br\\\/wp-content\\\/uploads\\\/2010\\\/06\\\/bannerweb.jpg\",\"articleSection\":[\"Cursos e eventos\",\"DIREITOS HUMANOS\",\"NOT\u00cdCIAS\"],\"inLanguage\":\"pt-PT\",\"potentialAction\":[{\"@type\":\"CommentAction\",\"name\":\"Comment\",\"target\":[\"https:\\\/\\\/inclusivenews.com.br\\\/?p=15724#respond\"]}]},{\"@type\":\"WebPage\",\"@id\":\"https:\\\/\\\/inclusivenews.com.br\\\/?p=15724\",\"url\":\"https:\\\/\\\/inclusivenews.com.br\\\/?p=15724\",\"name\":\"OAB e USP promovem Semin\u00e1rio sobre Institui\u00e7\u00e3o Nacional de Direitos Humanos \u2013 INDH \u2013 7\\\/6 -\",\"isPartOf\":{\"@id\":\"https:\\\/\\\/inclusivenews.com.br\\\/#website\"},\"primaryImageOfPage\":{\"@id\":\"https:\\\/\\\/inclusivenews.com.br\\\/?p=15724#primaryimage\"},\"image\":{\"@id\":\"https:\\\/\\\/inclusivenews.com.br\\\/?p=15724#primaryimage\"},\"thumbnailUrl\":\"http:\\\/\\\/inclusivenews.com.br\\\/wp-content\\\/uploads\\\/2010\\\/06\\\/bannerweb.jpg\",\"datePublished\":\"2010-06-01T16:46:00+00:00\",\"breadcrumb\":{\"@id\":\"https:\\\/\\\/inclusivenews.com.br\\\/?p=15724#breadcrumb\"},\"inLanguage\":\"pt-PT\",\"potentialAction\":[{\"@type\":\"ReadAction\",\"target\":[\"https:\\\/\\\/inclusivenews.com.br\\\/?p=15724\"]}]},{\"@type\":\"ImageObject\",\"inLanguage\":\"pt-PT\",\"@id\":\"https:\\\/\\\/inclusivenews.com.br\\\/?p=15724#primaryimage\",\"url\":\"\",\"contentUrl\":\"\"},{\"@type\":\"BreadcrumbList\",\"@id\":\"https:\\\/\\\/inclusivenews.com.br\\\/?p=15724#breadcrumb\",\"itemListElement\":[{\"@type\":\"ListItem\",\"position\":1,\"name\":\"In\u00edcio\",\"item\":\"https:\\\/\\\/inclusivenews.com.br\\\/\"},{\"@type\":\"ListItem\",\"position\":2,\"name\":\"OAB e USP promovem Semin\u00e1rio sobre Institui\u00e7\u00e3o Nacional de Direitos Humanos \u2013 INDH \u2013 7\\\/6\"}]},{\"@type\":\"WebSite\",\"@id\":\"https:\\\/\\\/inclusivenews.com.br\\\/#website\",\"url\":\"https:\\\/\\\/inclusivenews.com.br\\\/\",\"name\":\"Inclusive News\",\"description\":\"Inclusive News\",\"publisher\":{\"@id\":\"https:\\\/\\\/inclusivenews.com.br\\\/#organization\"},\"potentialAction\":[{\"@type\":\"SearchAction\",\"target\":{\"@type\":\"EntryPoint\",\"urlTemplate\":\"https:\\\/\\\/inclusivenews.com.br\\\/?s={search_term_string}\"},\"query-input\":{\"@type\":\"PropertyValueSpecification\",\"valueRequired\":true,\"valueName\":\"search_term_string\"}}],\"inLanguage\":\"pt-PT\"},{\"@type\":\"Organization\",\"@id\":\"https:\\\/\\\/inclusivenews.com.br\\\/#organization\",\"name\":\"Inclusive - inclus\u00e3o e cidadania\",\"url\":\"https:\\\/\\\/inclusivenews.com.br\\\/\",\"logo\":{\"@type\":\"ImageObject\",\"inLanguage\":\"pt-PT\",\"@id\":\"https:\\\/\\\/inclusivenews.com.br\\\/#\\\/schema\\\/logo\\\/image\\\/\",\"url\":\"https:\\\/\\\/inclusivenews.com.br\\\/wp-content\\\/uploads\\\/2024\\\/03\\\/@grandesite.png\",\"contentUrl\":\"https:\\\/\\\/inclusivenews.com.br\\\/wp-content\\\/uploads\\\/2024\\\/03\\\/@grandesite.png\",\"width\":1080,\"height\":1080,\"caption\":\"Inclusive - inclus\u00e3o e cidadania\"},\"image\":{\"@id\":\"https:\\\/\\\/inclusivenews.com.br\\\/#\\\/schema\\\/logo\\\/image\\\/\"},\"sameAs\":[\"https:\\\/\\\/www.facebook.com\\\/agenciainclusive\\\/\",\"https:\\\/\\\/www.instagram.com\\\/newsinclusive\\\/\"]},{\"@type\":\"Person\",\"@id\":\"https:\\\/\\\/inclusivenews.com.br\\\/#\\\/schema\\\/person\\\/ae4ec7087559b8692fb33b6fffd2273b\",\"name\":\"inclusivenews2024\",\"image\":{\"@type\":\"ImageObject\",\"inLanguage\":\"pt-PT\",\"@id\":\"https:\\\/\\\/secure.gravatar.com\\\/avatar\\\/c5a7ef84c66fa914f55bc4f7ce26cfa275a3b9a1c5568b907bd184fb4dde7b40?s=96&d=mm&r=g\",\"url\":\"https:\\\/\\\/secure.gravatar.com\\\/avatar\\\/c5a7ef84c66fa914f55bc4f7ce26cfa275a3b9a1c5568b907bd184fb4dde7b40?s=96&d=mm&r=g\",\"contentUrl\":\"https:\\\/\\\/secure.gravatar.com\\\/avatar\\\/c5a7ef84c66fa914f55bc4f7ce26cfa275a3b9a1c5568b907bd184fb4dde7b40?s=96&d=mm&r=g\",\"caption\":\"inclusivenews2024\"},\"sameAs\":[\"https:\\\/\\\/inclusivenews.com.br\"],\"url\":\"https:\\\/\\\/inclusivenews.com.br\\\/?author=1\"}]}<\/script>\n<!-- \/ Yoast SEO plugin. -->","yoast_head_json":{"title":"OAB e USP promovem Semin\u00e1rio sobre Institui\u00e7\u00e3o Nacional de Direitos Humanos \u2013 INDH \u2013 7\/6 -","robots":{"index":"index","follow":"follow","max-snippet":"max-snippet:-1","max-image-preview":"max-image-preview:large","max-video-preview":"max-video-preview:-1"},"canonical":"https:\/\/inclusivenews.com.br\/?p=15724","og_locale":"pt_PT","og_type":"article","og_title":"OAB e USP promovem Semin\u00e1rio sobre Institui\u00e7\u00e3o Nacional de Direitos Humanos \u2013 INDH \u2013 7\/6 -","og_description":"S E M I N \u00c1 R I O - Institui\u00e7\u00e3o Nacional de Direitos Humanos - INDH - Contexto Nacional e Integra\u00e7\u00e3o Universal - 7 de junho de 2010 - 17h - Local: Sala da Congrega\u00e7\u00e3o - Faculdade de Direito da Universidade de S\u00e3o Paulo - Entrada Franca","og_url":"https:\/\/inclusivenews.com.br\/?p=15724","article_publisher":"https:\/\/www.facebook.com\/agenciainclusive\/","article_published_time":"2010-06-01T16:46:00+00:00","og_image":[{"url":"http:\/\/inclusivenews.com.br\/wp-content\/uploads\/2010\/06\/bannerweb.jpg","type":"","width":"","height":""}],"author":"inclusivenews2024","twitter_card":"summary_large_image","twitter_misc":{"Escrito por":"inclusivenews2024","Tempo estimado de leitura":"2 minutos"},"schema":{"@context":"https:\/\/schema.org","@graph":[{"@type":"Article","@id":"https:\/\/inclusivenews.com.br\/?p=15724#article","isPartOf":{"@id":"https:\/\/inclusivenews.com.br\/?p=15724"},"author":{"name":"inclusivenews2024","@id":"https:\/\/inclusivenews.com.br\/#\/schema\/person\/ae4ec7087559b8692fb33b6fffd2273b"},"headline":"OAB e USP promovem Semin\u00e1rio sobre Institui\u00e7\u00e3o Nacional de Direitos Humanos \u2013 INDH \u2013 7\/6","datePublished":"2010-06-01T16:46:00+00:00","mainEntityOfPage":{"@id":"https:\/\/inclusivenews.com.br\/?p=15724"},"wordCount":383,"commentCount":0,"publisher":{"@id":"https:\/\/inclusivenews.com.br\/#organization"},"image":{"@id":"https:\/\/inclusivenews.com.br\/?p=15724#primaryimage"},"thumbnailUrl":"http:\/\/inclusivenews.com.br\/wp-content\/uploads\/2010\/06\/bannerweb.jpg","articleSection":["Cursos e eventos","DIREITOS HUMANOS","NOT\u00cdCIAS"],"inLanguage":"pt-PT","potentialAction":[{"@type":"CommentAction","name":"Comment","target":["https:\/\/inclusivenews.com.br\/?p=15724#respond"]}]},{"@type":"WebPage","@id":"https:\/\/inclusivenews.com.br\/?p=15724","url":"https:\/\/inclusivenews.com.br\/?p=15724","name":"OAB e USP promovem Semin\u00e1rio sobre Institui\u00e7\u00e3o Nacional de Direitos Humanos \u2013 INDH \u2013 7\/6 -","isPartOf":{"@id":"https:\/\/inclusivenews.com.br\/#website"},"primaryImageOfPage":{"@id":"https:\/\/inclusivenews.com.br\/?p=15724#primaryimage"},"image":{"@id":"https:\/\/inclusivenews.com.br\/?p=15724#primaryimage"},"thumbnailUrl":"http:\/\/inclusivenews.com.br\/wp-content\/uploads\/2010\/06\/bannerweb.jpg","datePublished":"2010-06-01T16:46:00+00:00","breadcrumb":{"@id":"https:\/\/inclusivenews.com.br\/?p=15724#breadcrumb"},"inLanguage":"pt-PT","potentialAction":[{"@type":"ReadAction","target":["https:\/\/inclusivenews.com.br\/?p=15724"]}]},{"@type":"ImageObject","inLanguage":"pt-PT","@id":"https:\/\/inclusivenews.com.br\/?p=15724#primaryimage","url":"","contentUrl":""},{"@type":"BreadcrumbList","@id":"https:\/\/inclusivenews.com.br\/?p=15724#breadcrumb","itemListElement":[{"@type":"ListItem","position":1,"name":"In\u00edcio","item":"https:\/\/inclusivenews.com.br\/"},{"@type":"ListItem","position":2,"name":"OAB e USP promovem Semin\u00e1rio sobre Institui\u00e7\u00e3o Nacional de Direitos Humanos \u2013 INDH \u2013 7\/6"}]},{"@type":"WebSite","@id":"https:\/\/inclusivenews.com.br\/#website","url":"https:\/\/inclusivenews.com.br\/","name":"Inclusive News","description":"Inclusive News","publisher":{"@id":"https:\/\/inclusivenews.com.br\/#organization"},"potentialAction":[{"@type":"SearchAction","target":{"@type":"EntryPoint","urlTemplate":"https:\/\/inclusivenews.com.br\/?s={search_term_string}"},"query-input":{"@type":"PropertyValueSpecification","valueRequired":true,"valueName":"search_term_string"}}],"inLanguage":"pt-PT"},{"@type":"Organization","@id":"https:\/\/inclusivenews.com.br\/#organization","name":"Inclusive - inclus\u00e3o e cidadania","url":"https:\/\/inclusivenews.com.br\/","logo":{"@type":"ImageObject","inLanguage":"pt-PT","@id":"https:\/\/inclusivenews.com.br\/#\/schema\/logo\/image\/","url":"https:\/\/inclusivenews.com.br\/wp-content\/uploads\/2024\/03\/@grandesite.png","contentUrl":"https:\/\/inclusivenews.com.br\/wp-content\/uploads\/2024\/03\/@grandesite.png","width":1080,"height":1080,"caption":"Inclusive - inclus\u00e3o e cidadania"},"image":{"@id":"https:\/\/inclusivenews.com.br\/#\/schema\/logo\/image\/"},"sameAs":["https:\/\/www.facebook.com\/agenciainclusive\/","https:\/\/www.instagram.com\/newsinclusive\/"]},{"@type":"Person","@id":"https:\/\/inclusivenews.com.br\/#\/schema\/person\/ae4ec7087559b8692fb33b6fffd2273b","name":"inclusivenews2024","image":{"@type":"ImageObject","inLanguage":"pt-PT","@id":"https:\/\/secure.gravatar.com\/avatar\/c5a7ef84c66fa914f55bc4f7ce26cfa275a3b9a1c5568b907bd184fb4dde7b40?s=96&d=mm&r=g","url":"https:\/\/secure.gravatar.com\/avatar\/c5a7ef84c66fa914f55bc4f7ce26cfa275a3b9a1c5568b907bd184fb4dde7b40?s=96&d=mm&r=g","contentUrl":"https:\/\/secure.gravatar.com\/avatar\/c5a7ef84c66fa914f55bc4f7ce26cfa275a3b9a1c5568b907bd184fb4dde7b40?s=96&d=mm&r=g","caption":"inclusivenews2024"},"sameAs":["https:\/\/inclusivenews.com.br"],"url":"https:\/\/inclusivenews.com.br\/?author=1"}]}},"_links":{"self":[{"href":"https:\/\/inclusivenews.com.br\/index.php?rest_route=\/wp\/v2\/posts\/15724","targetHints":{"allow":["GET"]}}],"collection":[{"href":"https:\/\/inclusivenews.com.br\/index.php?rest_route=\/wp\/v2\/posts"}],"about":[{"href":"https:\/\/inclusivenews.com.br\/index.php?rest_route=\/wp\/v2\/types\/post"}],"author":[{"embeddable":true,"href":"https:\/\/inclusivenews.com.br\/index.php?rest_route=\/wp\/v2\/users\/1"}],"replies":[{"embeddable":true,"href":"https:\/\/inclusivenews.com.br\/index.php?rest_route=%2Fwp%2Fv2%2Fcomments&post=15724"}],"version-history":[{"count":0,"href":"https:\/\/inclusivenews.com.br\/index.php?rest_route=\/wp\/v2\/posts\/15724\/revisions"}],"wp:attachment":[{"href":"https:\/\/inclusivenews.com.br\/index.php?rest_route=%2Fwp%2Fv2%2Fmedia&parent=15724"}],"wp:term":[{"taxonomy":"category","embeddable":true,"href":"https:\/\/inclusivenews.com.br\/index.php?rest_route=%2Fwp%2Fv2%2Fcategories&post=15724"},{"taxonomy":"post_tag","embeddable":true,"href":"https:\/\/inclusivenews.com.br\/index.php?rest_route=%2Fwp%2Fv2%2Ftags&post=15724"}],"curies":[{"name":"wp","href":"https:\/\/api.w.org\/{rel}","templated":true}]}}