{"id":15731,"date":"2010-06-02T12:49:26","date_gmt":"2010-06-02T15:49:26","guid":{"rendered":"http:\/\/www.inclusive.org.br\/?p=15731"},"modified":"2010-06-02T12:49:26","modified_gmt":"2010-06-02T15:49:26","slug":"secretaria-de-direitos-humanos-e-caixa-economica-federal-discutem-acessibilidade-no-minha-casa-min-ha-vida","status":"publish","type":"post","link":"https:\/\/inclusivenews.com.br\/?p=15731","title":{"rendered":"Secretaria de Direitos Humanos e Caixa Econ\u00f4mica Federal discutem acessibilidade no &quot;Minha Casa, Min ha Vida&quot;"},"content":{"rendered":"<figure id=\"attachment_12671\" aria-describedby=\"caption-attachment-12671\" style=\"width: 160px\" class=\"wp-caption alignleft\"><a href=\"http:\/\/www.inclusivenews.com.br\/wp-content\/uploads\/2009\/11\/6dadf6c0dd20091123101804.jpg\"><img loading=\"lazy\" decoding=\"async\" class=\"size-full wp-image-12671\" title=\"Acessibilidade arquitet\u00f4nica\" src=\"http:\/\/inclusivenews.com.br\/wp-content\/uploads\/2009\/11\/6dadf6c0dd20091123101804.jpg\" alt=\"\" width=\"160\" height=\"161\" srcset=\"https:\/\/inclusivenews.com.br\/wp-content\/uploads\/2009\/11\/6dadf6c0dd20091123101804.jpg 200w, https:\/\/inclusivenews.com.br\/wp-content\/uploads\/2009\/11\/6dadf6c0dd20091123101804-150x150.jpg 150w\" sizes=\"auto, (max-width: 160px) 100vw, 160px\" \/><\/a><figcaption id=\"caption-attachment-12671\" class=\"wp-caption-text\"> <\/figcaption><\/figure>\n<p>A subsecret\u00e1ria nacional de Promo\u00e7\u00e3o dos Direitos das Pessoas com Defici\u00eancia, Izabel Maior, da Secretaria de Direitos Humanos da Presid\u00eancia da Rep\u00fablica (SDH\/PR), acompanhou o ministro Paulo Vannuchi em reuni\u00e3o com a presidenta da Caixa Econ\u00f4mica Federal (CEF), Maria Fernanda Ramos Coelho. A reuni\u00e3o teve como objetivo discutir quest\u00f5es de acessibilidade no programa Minha Casa, Minha Vida. O secret\u00e1rio-executivo da SDH, Rog\u00e9rio Sottili, e a assessora\u00a0 Gabriella Vieira tamb\u00e9m participaram da reuni\u00e3o.<\/p>\n<p>Destaca-se o fato do \u201cMinha Casa Minha Vida\u201d obrigar que resid\u00eancias sejam feitas com acessibilidade na \u00e1rea comum para a aprova\u00e7\u00e3o e execu\u00e7\u00e3o do projeto, bem como concess\u00e3o de \u2018habite-se\u2019. Al\u00e9m disso, a Lei n\u00ba 12.024, publicada em 2009, cria no artigo 11, a obriga\u00e7\u00e3o para o Poder Executivo de divulgar anualmente o percentual de unidades habitacionais destinadas a pessoas com defici\u00eancia e que estejam de acordo com as normas de acessibilidade no \u00e2mbito do.<\/p>\n<p>Durante a reuni\u00e3o, Vannuchi refor\u00e7ou a import\u00e2ncia do trabalho conjunto entre a SDH, o Minist\u00e9rio das Cidades e a CEF. Ficou definida a realiza\u00e7\u00e3o de uma reuni\u00e3o entre engenheiros da institui\u00e7\u00e3o financeira e especialistas da Subsecretaria para discuss\u00e3o das solu\u00e7\u00f5es t\u00e9cnicas.<\/p>\n<p>Desdobramentos &#8211; No dia 19 de maio, a reuni\u00e3o de trabalho foi realizada com a participa\u00e7\u00e3o de Izabel Maior, da diretora de Pol\u00edticas Tem\u00e1ticas, Ana Paula Crosara, do chefe de gabinete, Jose Rafael Miranda,\u00a0 \u00c2ngela Carneiro da Cunha, coordenadora-geral de Acessibilidade da SDH, as engenheiras Maria Del Carmem Fidalgo, especialista e consultora da presidente da CEF e Anna Paula Cunha, gerente de Padr\u00f5es e Planejamento da CEF.<\/p>\n<p>\u201cVamos contribuir na elabora\u00e7\u00e3o da Cartilha da CEF que servir\u00e1 de orienta\u00e7\u00e3o para os t\u00e9cnicos que analisar\u00e3o os processos de financiamento e para construtoras que receber\u00e3o os recursos\u201d, afirma Izabel Maior. Segundo ela, a publica\u00e7\u00e3o trar\u00e1 as quest\u00f5es principais da acessibilidade para as discuss\u00f5es. \u201cIremos contribuir para capacita\u00e7\u00e3o de t\u00e9cnicos da CEF com rela\u00e7\u00e3o \u00e0 Conven\u00e7\u00e3o sobre os Direitos das Pessoas com Defici\u00eancia da Organiza\u00e7\u00e3o das Na\u00e7\u00f5es Unidas (ONU), as leis, decretos nacionais e as demais normativas que garantem a acessibilidade\u201d, explica ela.<\/p>\n<p>\u201cCom essa interlocu\u00e7\u00e3o com a Caixa Econ\u00f4mica, queremos desmistificar a quest\u00e3o de que a acessibilidade tenham custos adicionais aos projetos. Nossa expectativa \u00e9 avan\u00e7ar, ainda mais, na implementa\u00e7\u00e3o do desenho universal no Programa Minha Casa, Minha Vida, garantindo a todos o direito humano \u00e0 moradia\u201d, conclui Izabel Maior.<br \/>\n___________<\/p>\n<p><strong>Fonte:<\/strong> <a href=\"http:\/\/www.presidencia.gov.br\/estrutura_presidencia\/sedh\/noticias\/ultimas_noticias\/MySQLNoticia.2010-06-01.0535\">SEDH<\/a><\/p>\n","protected":false},"excerpt":{"rendered":"<p>A expectativa da subsecrat\u00e1ria Izabel Maior \u00e9 avan\u00e7ar na implementa\u00e7\u00e3o do desenho universal no Programa Minha Casa, Minha Vida, garantindo a todos o direito humano \u00e0 moradia.<\/p>\n","protected":false},"author":1,"featured_media":0,"comment_status":"open","ping_status":"open","sticky":false,"template":"","format":"standard","meta":{"site-container-style":"default","site-container-layout":"default","site-sidebar-layout":"default","disable-article-header":"default","disable-site-header":"default","disable-site-footer":"default","disable-content-area-spacing":"default","footnotes":""},"categories":[4],"tags":[],"class_list":["post-15731","post","type-post","status-publish","format-standard","hentry","category-noticias"],"yoast_head":"<!-- This site is optimized with the Yoast SEO plugin v27.4 - https:\/\/yoast.com\/product\/yoast-seo-wordpress\/ -->\n<title>Secretaria de Direitos Humanos e Caixa Econ\u00f4mica Federal discutem acessibilidade no &quot;Minha Casa, Min ha Vida&quot; -<\/title>\n<meta name=\"robots\" content=\"index, follow, max-snippet:-1, max-image-preview:large, max-video-preview:-1\" \/>\n<link rel=\"canonical\" href=\"https:\/\/inclusivenews.com.br\/?p=15731\" \/>\n<meta property=\"og:locale\" content=\"pt_PT\" \/>\n<meta property=\"og:type\" content=\"article\" \/>\n<meta property=\"og:title\" content=\"Secretaria de Direitos Humanos e Caixa Econ\u00f4mica Federal discutem acessibilidade no &quot;Minha Casa, Min ha Vida&quot; -\" \/>\n<meta property=\"og:description\" content=\"A expectativa da subsecrat\u00e1ria Izabel Maior \u00e9 avan\u00e7ar na implementa\u00e7\u00e3o do desenho universal no Programa Minha Casa, Minha Vida, garantindo a todos o direito humano \u00e0 moradia.\" \/>\n<meta property=\"og:url\" content=\"https:\/\/inclusivenews.com.br\/?p=15731\" \/>\n<meta property=\"article:publisher\" content=\"https:\/\/www.facebook.com\/agenciainclusive\/\" \/>\n<meta property=\"article:published_time\" content=\"2010-06-02T15:49:26+00:00\" \/>\n<meta property=\"og:image\" content=\"http:\/\/inclusivenews.com.br\/wp-content\/uploads\/2009\/11\/6dadf6c0dd20091123101804.jpg\" \/>\n<meta name=\"author\" content=\"inclusivenews2024\" \/>\n<meta name=\"twitter:card\" content=\"summary_large_image\" \/>\n<meta name=\"twitter:label1\" content=\"Escrito por\" \/>\n\t<meta name=\"twitter:data1\" content=\"inclusivenews2024\" \/>\n\t<meta name=\"twitter:label2\" content=\"Tempo estimado de leitura\" \/>\n\t<meta name=\"twitter:data2\" content=\"2 minutos\" \/>\n<script type=\"application\/ld+json\" class=\"yoast-schema-graph\">{\"@context\":\"https:\\\/\\\/schema.org\",\"@graph\":[{\"@type\":\"Article\",\"@id\":\"https:\\\/\\\/inclusivenews.com.br\\\/?p=15731#article\",\"isPartOf\":{\"@id\":\"https:\\\/\\\/inclusivenews.com.br\\\/?p=15731\"},\"author\":{\"name\":\"inclusivenews2024\",\"@id\":\"https:\\\/\\\/inclusivenews.com.br\\\/#\\\/schema\\\/person\\\/ae4ec7087559b8692fb33b6fffd2273b\"},\"headline\":\"Secretaria de Direitos Humanos e Caixa Econ\u00f4mica Federal discutem acessibilidade no &quot;Minha Casa, Min ha Vida&quot;\",\"datePublished\":\"2010-06-02T15:49:26+00:00\",\"mainEntityOfPage\":{\"@id\":\"https:\\\/\\\/inclusivenews.com.br\\\/?p=15731\"},\"wordCount\":464,\"commentCount\":0,\"publisher\":{\"@id\":\"https:\\\/\\\/inclusivenews.com.br\\\/#organization\"},\"image\":{\"@id\":\"https:\\\/\\\/inclusivenews.com.br\\\/?p=15731#primaryimage\"},\"thumbnailUrl\":\"http:\\\/\\\/inclusivenews.com.br\\\/wp-content\\\/uploads\\\/2009\\\/11\\\/6dadf6c0dd20091123101804.jpg\",\"articleSection\":[\"NOT\u00cdCIAS\"],\"inLanguage\":\"pt-PT\",\"potentialAction\":[{\"@type\":\"CommentAction\",\"name\":\"Comment\",\"target\":[\"https:\\\/\\\/inclusivenews.com.br\\\/?p=15731#respond\"]}]},{\"@type\":\"WebPage\",\"@id\":\"https:\\\/\\\/inclusivenews.com.br\\\/?p=15731\",\"url\":\"https:\\\/\\\/inclusivenews.com.br\\\/?p=15731\",\"name\":\"Secretaria de Direitos Humanos e Caixa Econ\u00f4mica Federal discutem acessibilidade no &quot;Minha Casa, Min ha Vida&quot; -\",\"isPartOf\":{\"@id\":\"https:\\\/\\\/inclusivenews.com.br\\\/#website\"},\"primaryImageOfPage\":{\"@id\":\"https:\\\/\\\/inclusivenews.com.br\\\/?p=15731#primaryimage\"},\"image\":{\"@id\":\"https:\\\/\\\/inclusivenews.com.br\\\/?p=15731#primaryimage\"},\"thumbnailUrl\":\"http:\\\/\\\/inclusivenews.com.br\\\/wp-content\\\/uploads\\\/2009\\\/11\\\/6dadf6c0dd20091123101804.jpg\",\"datePublished\":\"2010-06-02T15:49:26+00:00\",\"breadcrumb\":{\"@id\":\"https:\\\/\\\/inclusivenews.com.br\\\/?p=15731#breadcrumb\"},\"inLanguage\":\"pt-PT\",\"potentialAction\":[{\"@type\":\"ReadAction\",\"target\":[\"https:\\\/\\\/inclusivenews.com.br\\\/?p=15731\"]}]},{\"@type\":\"ImageObject\",\"inLanguage\":\"pt-PT\",\"@id\":\"https:\\\/\\\/inclusivenews.com.br\\\/?p=15731#primaryimage\",\"url\":\"https:\\\/\\\/inclusivenews.com.br\\\/wp-content\\\/uploads\\\/2009\\\/11\\\/6dadf6c0dd20091123101804.jpg\",\"contentUrl\":\"https:\\\/\\\/inclusivenews.com.br\\\/wp-content\\\/uploads\\\/2009\\\/11\\\/6dadf6c0dd20091123101804.jpg\",\"width\":200,\"height\":201},{\"@type\":\"BreadcrumbList\",\"@id\":\"https:\\\/\\\/inclusivenews.com.br\\\/?p=15731#breadcrumb\",\"itemListElement\":[{\"@type\":\"ListItem\",\"position\":1,\"name\":\"In\u00edcio\",\"item\":\"https:\\\/\\\/inclusivenews.com.br\\\/\"},{\"@type\":\"ListItem\",\"position\":2,\"name\":\"Secretaria de Direitos Humanos e Caixa Econ\u00f4mica Federal discutem acessibilidade no &quot;Minha Casa, Min ha Vida&quot;\"}]},{\"@type\":\"WebSite\",\"@id\":\"https:\\\/\\\/inclusivenews.com.br\\\/#website\",\"url\":\"https:\\\/\\\/inclusivenews.com.br\\\/\",\"name\":\"Inclusive News\",\"description\":\"Inclusive News\",\"publisher\":{\"@id\":\"https:\\\/\\\/inclusivenews.com.br\\\/#organization\"},\"potentialAction\":[{\"@type\":\"SearchAction\",\"target\":{\"@type\":\"EntryPoint\",\"urlTemplate\":\"https:\\\/\\\/inclusivenews.com.br\\\/?s={search_term_string}\"},\"query-input\":{\"@type\":\"PropertyValueSpecification\",\"valueRequired\":true,\"valueName\":\"search_term_string\"}}],\"inLanguage\":\"pt-PT\"},{\"@type\":\"Organization\",\"@id\":\"https:\\\/\\\/inclusivenews.com.br\\\/#organization\",\"name\":\"Inclusive - inclus\u00e3o e cidadania\",\"url\":\"https:\\\/\\\/inclusivenews.com.br\\\/\",\"logo\":{\"@type\":\"ImageObject\",\"inLanguage\":\"pt-PT\",\"@id\":\"https:\\\/\\\/inclusivenews.com.br\\\/#\\\/schema\\\/logo\\\/image\\\/\",\"url\":\"https:\\\/\\\/inclusivenews.com.br\\\/wp-content\\\/uploads\\\/2024\\\/03\\\/@grandesite.png\",\"contentUrl\":\"https:\\\/\\\/inclusivenews.com.br\\\/wp-content\\\/uploads\\\/2024\\\/03\\\/@grandesite.png\",\"width\":1080,\"height\":1080,\"caption\":\"Inclusive - inclus\u00e3o e cidadania\"},\"image\":{\"@id\":\"https:\\\/\\\/inclusivenews.com.br\\\/#\\\/schema\\\/logo\\\/image\\\/\"},\"sameAs\":[\"https:\\\/\\\/www.facebook.com\\\/agenciainclusive\\\/\",\"https:\\\/\\\/www.instagram.com\\\/newsinclusive\\\/\"]},{\"@type\":\"Person\",\"@id\":\"https:\\\/\\\/inclusivenews.com.br\\\/#\\\/schema\\\/person\\\/ae4ec7087559b8692fb33b6fffd2273b\",\"name\":\"inclusivenews2024\",\"image\":{\"@type\":\"ImageObject\",\"inLanguage\":\"pt-PT\",\"@id\":\"https:\\\/\\\/secure.gravatar.com\\\/avatar\\\/c5a7ef84c66fa914f55bc4f7ce26cfa275a3b9a1c5568b907bd184fb4dde7b40?s=96&d=mm&r=g\",\"url\":\"https:\\\/\\\/secure.gravatar.com\\\/avatar\\\/c5a7ef84c66fa914f55bc4f7ce26cfa275a3b9a1c5568b907bd184fb4dde7b40?s=96&d=mm&r=g\",\"contentUrl\":\"https:\\\/\\\/secure.gravatar.com\\\/avatar\\\/c5a7ef84c66fa914f55bc4f7ce26cfa275a3b9a1c5568b907bd184fb4dde7b40?s=96&d=mm&r=g\",\"caption\":\"inclusivenews2024\"},\"sameAs\":[\"https:\\\/\\\/inclusivenews.com.br\"],\"url\":\"https:\\\/\\\/inclusivenews.com.br\\\/?author=1\"}]}<\/script>\n<!-- \/ Yoast SEO plugin. -->","yoast_head_json":{"title":"Secretaria de Direitos Humanos e Caixa Econ\u00f4mica Federal discutem acessibilidade no &quot;Minha Casa, Min ha Vida&quot; -","robots":{"index":"index","follow":"follow","max-snippet":"max-snippet:-1","max-image-preview":"max-image-preview:large","max-video-preview":"max-video-preview:-1"},"canonical":"https:\/\/inclusivenews.com.br\/?p=15731","og_locale":"pt_PT","og_type":"article","og_title":"Secretaria de Direitos Humanos e Caixa Econ\u00f4mica Federal discutem acessibilidade no &quot;Minha Casa, Min ha Vida&quot; -","og_description":"A expectativa da subsecrat\u00e1ria Izabel Maior \u00e9 avan\u00e7ar na implementa\u00e7\u00e3o do desenho universal no Programa Minha Casa, Minha Vida, garantindo a todos o direito humano \u00e0 moradia.","og_url":"https:\/\/inclusivenews.com.br\/?p=15731","article_publisher":"https:\/\/www.facebook.com\/agenciainclusive\/","article_published_time":"2010-06-02T15:49:26+00:00","og_image":[{"url":"http:\/\/inclusivenews.com.br\/wp-content\/uploads\/2009\/11\/6dadf6c0dd20091123101804.jpg","type":"","width":"","height":""}],"author":"inclusivenews2024","twitter_card":"summary_large_image","twitter_misc":{"Escrito por":"inclusivenews2024","Tempo estimado de leitura":"2 minutos"},"schema":{"@context":"https:\/\/schema.org","@graph":[{"@type":"Article","@id":"https:\/\/inclusivenews.com.br\/?p=15731#article","isPartOf":{"@id":"https:\/\/inclusivenews.com.br\/?p=15731"},"author":{"name":"inclusivenews2024","@id":"https:\/\/inclusivenews.com.br\/#\/schema\/person\/ae4ec7087559b8692fb33b6fffd2273b"},"headline":"Secretaria de Direitos Humanos e Caixa Econ\u00f4mica Federal discutem acessibilidade no &quot;Minha Casa, Min ha Vida&quot;","datePublished":"2010-06-02T15:49:26+00:00","mainEntityOfPage":{"@id":"https:\/\/inclusivenews.com.br\/?p=15731"},"wordCount":464,"commentCount":0,"publisher":{"@id":"https:\/\/inclusivenews.com.br\/#organization"},"image":{"@id":"https:\/\/inclusivenews.com.br\/?p=15731#primaryimage"},"thumbnailUrl":"http:\/\/inclusivenews.com.br\/wp-content\/uploads\/2009\/11\/6dadf6c0dd20091123101804.jpg","articleSection":["NOT\u00cdCIAS"],"inLanguage":"pt-PT","potentialAction":[{"@type":"CommentAction","name":"Comment","target":["https:\/\/inclusivenews.com.br\/?p=15731#respond"]}]},{"@type":"WebPage","@id":"https:\/\/inclusivenews.com.br\/?p=15731","url":"https:\/\/inclusivenews.com.br\/?p=15731","name":"Secretaria de Direitos Humanos e Caixa Econ\u00f4mica Federal discutem acessibilidade no &quot;Minha Casa, Min ha Vida&quot; -","isPartOf":{"@id":"https:\/\/inclusivenews.com.br\/#website"},"primaryImageOfPage":{"@id":"https:\/\/inclusivenews.com.br\/?p=15731#primaryimage"},"image":{"@id":"https:\/\/inclusivenews.com.br\/?p=15731#primaryimage"},"thumbnailUrl":"http:\/\/inclusivenews.com.br\/wp-content\/uploads\/2009\/11\/6dadf6c0dd20091123101804.jpg","datePublished":"2010-06-02T15:49:26+00:00","breadcrumb":{"@id":"https:\/\/inclusivenews.com.br\/?p=15731#breadcrumb"},"inLanguage":"pt-PT","potentialAction":[{"@type":"ReadAction","target":["https:\/\/inclusivenews.com.br\/?p=15731"]}]},{"@type":"ImageObject","inLanguage":"pt-PT","@id":"https:\/\/inclusivenews.com.br\/?p=15731#primaryimage","url":"https:\/\/inclusivenews.com.br\/wp-content\/uploads\/2009\/11\/6dadf6c0dd20091123101804.jpg","contentUrl":"https:\/\/inclusivenews.com.br\/wp-content\/uploads\/2009\/11\/6dadf6c0dd20091123101804.jpg","width":200,"height":201},{"@type":"BreadcrumbList","@id":"https:\/\/inclusivenews.com.br\/?p=15731#breadcrumb","itemListElement":[{"@type":"ListItem","position":1,"name":"In\u00edcio","item":"https:\/\/inclusivenews.com.br\/"},{"@type":"ListItem","position":2,"name":"Secretaria de Direitos Humanos e Caixa Econ\u00f4mica Federal discutem acessibilidade no &quot;Minha Casa, Min ha Vida&quot;"}]},{"@type":"WebSite","@id":"https:\/\/inclusivenews.com.br\/#website","url":"https:\/\/inclusivenews.com.br\/","name":"Inclusive News","description":"Inclusive News","publisher":{"@id":"https:\/\/inclusivenews.com.br\/#organization"},"potentialAction":[{"@type":"SearchAction","target":{"@type":"EntryPoint","urlTemplate":"https:\/\/inclusivenews.com.br\/?s={search_term_string}"},"query-input":{"@type":"PropertyValueSpecification","valueRequired":true,"valueName":"search_term_string"}}],"inLanguage":"pt-PT"},{"@type":"Organization","@id":"https:\/\/inclusivenews.com.br\/#organization","name":"Inclusive - inclus\u00e3o e cidadania","url":"https:\/\/inclusivenews.com.br\/","logo":{"@type":"ImageObject","inLanguage":"pt-PT","@id":"https:\/\/inclusivenews.com.br\/#\/schema\/logo\/image\/","url":"https:\/\/inclusivenews.com.br\/wp-content\/uploads\/2024\/03\/@grandesite.png","contentUrl":"https:\/\/inclusivenews.com.br\/wp-content\/uploads\/2024\/03\/@grandesite.png","width":1080,"height":1080,"caption":"Inclusive - inclus\u00e3o e cidadania"},"image":{"@id":"https:\/\/inclusivenews.com.br\/#\/schema\/logo\/image\/"},"sameAs":["https:\/\/www.facebook.com\/agenciainclusive\/","https:\/\/www.instagram.com\/newsinclusive\/"]},{"@type":"Person","@id":"https:\/\/inclusivenews.com.br\/#\/schema\/person\/ae4ec7087559b8692fb33b6fffd2273b","name":"inclusivenews2024","image":{"@type":"ImageObject","inLanguage":"pt-PT","@id":"https:\/\/secure.gravatar.com\/avatar\/c5a7ef84c66fa914f55bc4f7ce26cfa275a3b9a1c5568b907bd184fb4dde7b40?s=96&d=mm&r=g","url":"https:\/\/secure.gravatar.com\/avatar\/c5a7ef84c66fa914f55bc4f7ce26cfa275a3b9a1c5568b907bd184fb4dde7b40?s=96&d=mm&r=g","contentUrl":"https:\/\/secure.gravatar.com\/avatar\/c5a7ef84c66fa914f55bc4f7ce26cfa275a3b9a1c5568b907bd184fb4dde7b40?s=96&d=mm&r=g","caption":"inclusivenews2024"},"sameAs":["https:\/\/inclusivenews.com.br"],"url":"https:\/\/inclusivenews.com.br\/?author=1"}]}},"_links":{"self":[{"href":"https:\/\/inclusivenews.com.br\/index.php?rest_route=\/wp\/v2\/posts\/15731","targetHints":{"allow":["GET"]}}],"collection":[{"href":"https:\/\/inclusivenews.com.br\/index.php?rest_route=\/wp\/v2\/posts"}],"about":[{"href":"https:\/\/inclusivenews.com.br\/index.php?rest_route=\/wp\/v2\/types\/post"}],"author":[{"embeddable":true,"href":"https:\/\/inclusivenews.com.br\/index.php?rest_route=\/wp\/v2\/users\/1"}],"replies":[{"embeddable":true,"href":"https:\/\/inclusivenews.com.br\/index.php?rest_route=%2Fwp%2Fv2%2Fcomments&post=15731"}],"version-history":[{"count":0,"href":"https:\/\/inclusivenews.com.br\/index.php?rest_route=\/wp\/v2\/posts\/15731\/revisions"}],"wp:attachment":[{"href":"https:\/\/inclusivenews.com.br\/index.php?rest_route=%2Fwp%2Fv2%2Fmedia&parent=15731"}],"wp:term":[{"taxonomy":"category","embeddable":true,"href":"https:\/\/inclusivenews.com.br\/index.php?rest_route=%2Fwp%2Fv2%2Fcategories&post=15731"},{"taxonomy":"post_tag","embeddable":true,"href":"https:\/\/inclusivenews.com.br\/index.php?rest_route=%2Fwp%2Fv2%2Ftags&post=15731"}],"curies":[{"name":"wp","href":"https:\/\/api.w.org\/{rel}","templated":true}]}}