{"id":15733,"date":"2010-06-02T09:00:35","date_gmt":"2010-06-02T12:00:35","guid":{"rendered":"http:\/\/www.inclusive.org.br\/?p=15733"},"modified":"2010-06-02T09:00:35","modified_gmt":"2010-06-02T12:00:35","slug":"mpfsp-abre-consulta-publica-sobre-norma-da-ans-que-pode-causar-prejuizo-a-pessoas-surdas","status":"publish","type":"post","link":"https:\/\/inclusivenews.com.br\/?p=15733","title":{"rendered":"MPF\/SP abre consulta p\u00fablica sobre norma da ANS que pode causar preju\u00edzo a pessoas  surdas"},"content":{"rendered":"<figure id=\"attachment_13695\" aria-describedby=\"caption-attachment-13695\" style=\"width: 150px\" class=\"wp-caption alignleft\"><a href=\"http:\/\/www.inclusivenews.com.br\/wp-content\/uploads\/2010\/02\/audiodescricao1.jpg\"><img loading=\"lazy\" decoding=\"async\" class=\"size-thumbnail wp-image-13695\" src=\"http:\/\/inclusivenews.com.br\/wp-content\/uploads\/2010\/02\/audiodescricao1-150x150.jpg\" alt=\"\" width=\"150\" height=\"150\" \/><\/a><figcaption id=\"caption-attachment-13695\" class=\"wp-caption-text\">S\u00edmbolo internacional da surdez<\/figcaption><\/figure>\n<p>Norma da Ag\u00eancia Nacional de Sa\u00fade altera rol de procedimentos e desobriga planos de sa\u00fade a fazerem implantes bilaterais em pessoas surdas e outros casos de surdez.<\/p>\n<p>O Minist\u00e9rio P\u00fablico Federal em S\u00e3o Paulo (MPF\/SP) abriu, por 60 dias, a consulta p\u00fablica Resolu\u00e7\u00e3o Normativa ANS n\u00ba 211\/2010 e Instru\u00e7\u00e3o Normativa n\u00ba 25\/2010 eventuais preju\u00edzos a usu\u00e1rios e candidatos ao implante coclear a todos os interessados que entendam ter considera\u00e7\u00f5es, informa\u00e7\u00f5es para auxiliar o procedimento do MPF sobre o assunto.<\/p>\n<p>A Ag\u00eancia Nacional de Sa\u00fade (ANS) publicou a Resolu\u00e7\u00e3o 211\/2010 em janeiro de 2010 com previs\u00e3o de entrada em vigor em 7 de junho deste ano. A resolu\u00e7\u00e3o excluiu do rol de cobertura m\u00ednima obrigat\u00f3ria, por parte dos planos de sa\u00fade, os casos de implante coclear bilateral, bem como os casos de surdez pr\u00e9-lingual, neurossensorial, profunda ou severa, na faixa et\u00e1ria compreendida entre 6 e 18 anos.<\/p>\n<p>Na resolu\u00e7\u00e3o anterior, o implante coclear bilateral fazia parte do rol de procedimentos, assim como os casos de surdez pr\u00e9-lingual, neurossensorial, profunda ou severa, mas a ANS alterou o dispositivo, e na nova medida apenas o implante coclear unilateral \u00e9 obrigat\u00f3rio, ficando os planos de sa\u00fade desobrigados da cobertura do implante bilateral.<\/p>\n<p>Para o procurador da Rep\u00fablica Marcio Schusterschitz da Silva Ara\u00fajo, respons\u00e1vel pelo procedimento, o objetivo da consulta p\u00fablica \u00e9 que empresas, cidad\u00e3os, entidades de defesa do consumidor e o governo deem suas opini\u00f5es e o MPF tenha um quadro completo dos diversos pontos de vista sobre o impacto da mudan\u00e7a para os consumidores desses procedimentos e sua eventual obrigatoriedade na resolu\u00e7\u00e3o.<\/p>\n<p>Para enviar sua contribui\u00e7\u00e3o, envie um e-mail para: <a class=\"moz-txt-link-abbreviated\" href=\"mailto:consultapublica_mssa@prsp.mpf.gov.br\">consultapublica_mssa@prsp.mpf.gov.br<\/a> ou carta para o endere\u00e7o: rua Peixoto Gomide, 768, S\u00e3o Paulo-SP, CEP 01409-904, com o assunto consulta p\u00fablica procedimento 1.34.001.005345\/2010-96 no envelope.<br \/>\n___________<\/p>\n<p><strong>Fonte:<\/strong> <a href=\"http:\/\/noticias.pgr.mpf.gov.br\/noticias\/noticias-do-site\/copy_of_consumidor-e-ordem-economica\/01-06-10-mpf-abre-consulta-publica-sobre-norma-da-ans-que-pode-causar-prejuizo-a-pessoas-surdas-1\">PFDC<\/a><\/p>\n","protected":false},"excerpt":{"rendered":"<p>Norma da Ag\u00eancia Nacional de Sa\u00fade altera rol de procedimentos e desobriga planos de sa\u00fade a fazerem implantes bilaterais em pessoas surdas e outros casos de surdez. Da PFDC.<\/p>\n","protected":false},"author":1,"featured_media":0,"comment_status":"open","ping_status":"open","sticky":false,"template":"","format":"standard","meta":{"site-container-style":"default","site-container-layout":"default","site-sidebar-layout":"default","disable-article-header":"default","disable-site-header":"default","disable-site-footer":"default","disable-content-area-spacing":"default","footnotes":""},"categories":[4],"tags":[],"class_list":["post-15733","post","type-post","status-publish","format-standard","hentry","category-noticias"],"yoast_head":"<!-- This site is optimized with the Yoast SEO plugin v27.4 - https:\/\/yoast.com\/product\/yoast-seo-wordpress\/ -->\n<title>MPF\/SP abre consulta p\u00fablica sobre norma da ANS que pode causar preju\u00edzo a pessoas surdas -<\/title>\n<meta name=\"robots\" content=\"index, follow, max-snippet:-1, max-image-preview:large, max-video-preview:-1\" \/>\n<link rel=\"canonical\" href=\"https:\/\/inclusivenews.com.br\/?p=15733\" \/>\n<meta property=\"og:locale\" content=\"pt_PT\" \/>\n<meta property=\"og:type\" content=\"article\" \/>\n<meta property=\"og:title\" content=\"MPF\/SP abre consulta p\u00fablica sobre norma da ANS que pode causar preju\u00edzo a pessoas surdas -\" \/>\n<meta property=\"og:description\" content=\"Norma da Ag\u00eancia Nacional de Sa\u00fade altera rol de procedimentos e desobriga planos de sa\u00fade a fazerem implantes bilaterais em pessoas surdas e outros casos de surdez. Da PFDC.\" \/>\n<meta property=\"og:url\" content=\"https:\/\/inclusivenews.com.br\/?p=15733\" \/>\n<meta property=\"article:publisher\" content=\"https:\/\/www.facebook.com\/agenciainclusive\/\" \/>\n<meta property=\"article:published_time\" content=\"2010-06-02T12:00:35+00:00\" \/>\n<meta property=\"og:image\" content=\"http:\/\/inclusivenews.com.br\/wp-content\/uploads\/2010\/02\/audiodescricao1-150x150.jpg\" \/>\n<meta name=\"author\" content=\"inclusivenews2024\" \/>\n<meta name=\"twitter:card\" content=\"summary_large_image\" \/>\n<meta name=\"twitter:label1\" content=\"Escrito por\" \/>\n\t<meta name=\"twitter:data1\" content=\"inclusivenews2024\" \/>\n\t<meta name=\"twitter:label2\" content=\"Tempo estimado de leitura\" \/>\n\t<meta name=\"twitter:data2\" content=\"2 minutos\" \/>\n<script type=\"application\/ld+json\" class=\"yoast-schema-graph\">{\"@context\":\"https:\\\/\\\/schema.org\",\"@graph\":[{\"@type\":\"Article\",\"@id\":\"https:\\\/\\\/inclusivenews.com.br\\\/?p=15733#article\",\"isPartOf\":{\"@id\":\"https:\\\/\\\/inclusivenews.com.br\\\/?p=15733\"},\"author\":{\"name\":\"inclusivenews2024\",\"@id\":\"https:\\\/\\\/inclusivenews.com.br\\\/#\\\/schema\\\/person\\\/ae4ec7087559b8692fb33b6fffd2273b\"},\"headline\":\"MPF\\\/SP abre consulta p\u00fablica sobre norma da ANS que pode causar preju\u00edzo a pessoas surdas\",\"datePublished\":\"2010-06-02T12:00:35+00:00\",\"mainEntityOfPage\":{\"@id\":\"https:\\\/\\\/inclusivenews.com.br\\\/?p=15733\"},\"wordCount\":357,\"commentCount\":0,\"publisher\":{\"@id\":\"https:\\\/\\\/inclusivenews.com.br\\\/#organization\"},\"image\":{\"@id\":\"https:\\\/\\\/inclusivenews.com.br\\\/?p=15733#primaryimage\"},\"thumbnailUrl\":\"http:\\\/\\\/inclusivenews.com.br\\\/wp-content\\\/uploads\\\/2010\\\/02\\\/audiodescricao1-150x150.jpg\",\"articleSection\":[\"NOT\u00cdCIAS\"],\"inLanguage\":\"pt-PT\",\"potentialAction\":[{\"@type\":\"CommentAction\",\"name\":\"Comment\",\"target\":[\"https:\\\/\\\/inclusivenews.com.br\\\/?p=15733#respond\"]}]},{\"@type\":\"WebPage\",\"@id\":\"https:\\\/\\\/inclusivenews.com.br\\\/?p=15733\",\"url\":\"https:\\\/\\\/inclusivenews.com.br\\\/?p=15733\",\"name\":\"MPF\\\/SP abre consulta p\u00fablica sobre norma da ANS que pode causar preju\u00edzo a pessoas surdas -\",\"isPartOf\":{\"@id\":\"https:\\\/\\\/inclusivenews.com.br\\\/#website\"},\"primaryImageOfPage\":{\"@id\":\"https:\\\/\\\/inclusivenews.com.br\\\/?p=15733#primaryimage\"},\"image\":{\"@id\":\"https:\\\/\\\/inclusivenews.com.br\\\/?p=15733#primaryimage\"},\"thumbnailUrl\":\"http:\\\/\\\/inclusivenews.com.br\\\/wp-content\\\/uploads\\\/2010\\\/02\\\/audiodescricao1-150x150.jpg\",\"datePublished\":\"2010-06-02T12:00:35+00:00\",\"breadcrumb\":{\"@id\":\"https:\\\/\\\/inclusivenews.com.br\\\/?p=15733#breadcrumb\"},\"inLanguage\":\"pt-PT\",\"potentialAction\":[{\"@type\":\"ReadAction\",\"target\":[\"https:\\\/\\\/inclusivenews.com.br\\\/?p=15733\"]}]},{\"@type\":\"ImageObject\",\"inLanguage\":\"pt-PT\",\"@id\":\"https:\\\/\\\/inclusivenews.com.br\\\/?p=15733#primaryimage\",\"url\":\"\",\"contentUrl\":\"\"},{\"@type\":\"BreadcrumbList\",\"@id\":\"https:\\\/\\\/inclusivenews.com.br\\\/?p=15733#breadcrumb\",\"itemListElement\":[{\"@type\":\"ListItem\",\"position\":1,\"name\":\"In\u00edcio\",\"item\":\"https:\\\/\\\/inclusivenews.com.br\\\/\"},{\"@type\":\"ListItem\",\"position\":2,\"name\":\"MPF\\\/SP abre consulta p\u00fablica sobre norma da ANS que pode causar preju\u00edzo a pessoas surdas\"}]},{\"@type\":\"WebSite\",\"@id\":\"https:\\\/\\\/inclusivenews.com.br\\\/#website\",\"url\":\"https:\\\/\\\/inclusivenews.com.br\\\/\",\"name\":\"Inclusive News\",\"description\":\"Inclusive News\",\"publisher\":{\"@id\":\"https:\\\/\\\/inclusivenews.com.br\\\/#organization\"},\"potentialAction\":[{\"@type\":\"SearchAction\",\"target\":{\"@type\":\"EntryPoint\",\"urlTemplate\":\"https:\\\/\\\/inclusivenews.com.br\\\/?s={search_term_string}\"},\"query-input\":{\"@type\":\"PropertyValueSpecification\",\"valueRequired\":true,\"valueName\":\"search_term_string\"}}],\"inLanguage\":\"pt-PT\"},{\"@type\":\"Organization\",\"@id\":\"https:\\\/\\\/inclusivenews.com.br\\\/#organization\",\"name\":\"Inclusive - inclus\u00e3o e cidadania\",\"url\":\"https:\\\/\\\/inclusivenews.com.br\\\/\",\"logo\":{\"@type\":\"ImageObject\",\"inLanguage\":\"pt-PT\",\"@id\":\"https:\\\/\\\/inclusivenews.com.br\\\/#\\\/schema\\\/logo\\\/image\\\/\",\"url\":\"https:\\\/\\\/inclusivenews.com.br\\\/wp-content\\\/uploads\\\/2024\\\/03\\\/@grandesite.png\",\"contentUrl\":\"https:\\\/\\\/inclusivenews.com.br\\\/wp-content\\\/uploads\\\/2024\\\/03\\\/@grandesite.png\",\"width\":1080,\"height\":1080,\"caption\":\"Inclusive - inclus\u00e3o e cidadania\"},\"image\":{\"@id\":\"https:\\\/\\\/inclusivenews.com.br\\\/#\\\/schema\\\/logo\\\/image\\\/\"},\"sameAs\":[\"https:\\\/\\\/www.facebook.com\\\/agenciainclusive\\\/\",\"https:\\\/\\\/www.instagram.com\\\/newsinclusive\\\/\"]},{\"@type\":\"Person\",\"@id\":\"https:\\\/\\\/inclusivenews.com.br\\\/#\\\/schema\\\/person\\\/ae4ec7087559b8692fb33b6fffd2273b\",\"name\":\"inclusivenews2024\",\"image\":{\"@type\":\"ImageObject\",\"inLanguage\":\"pt-PT\",\"@id\":\"https:\\\/\\\/secure.gravatar.com\\\/avatar\\\/c5a7ef84c66fa914f55bc4f7ce26cfa275a3b9a1c5568b907bd184fb4dde7b40?s=96&d=mm&r=g\",\"url\":\"https:\\\/\\\/secure.gravatar.com\\\/avatar\\\/c5a7ef84c66fa914f55bc4f7ce26cfa275a3b9a1c5568b907bd184fb4dde7b40?s=96&d=mm&r=g\",\"contentUrl\":\"https:\\\/\\\/secure.gravatar.com\\\/avatar\\\/c5a7ef84c66fa914f55bc4f7ce26cfa275a3b9a1c5568b907bd184fb4dde7b40?s=96&d=mm&r=g\",\"caption\":\"inclusivenews2024\"},\"sameAs\":[\"https:\\\/\\\/inclusivenews.com.br\"],\"url\":\"https:\\\/\\\/inclusivenews.com.br\\\/?author=1\"}]}<\/script>\n<!-- \/ Yoast SEO plugin. -->","yoast_head_json":{"title":"MPF\/SP abre consulta p\u00fablica sobre norma da ANS que pode causar preju\u00edzo a pessoas surdas -","robots":{"index":"index","follow":"follow","max-snippet":"max-snippet:-1","max-image-preview":"max-image-preview:large","max-video-preview":"max-video-preview:-1"},"canonical":"https:\/\/inclusivenews.com.br\/?p=15733","og_locale":"pt_PT","og_type":"article","og_title":"MPF\/SP abre consulta p\u00fablica sobre norma da ANS que pode causar preju\u00edzo a pessoas surdas -","og_description":"Norma da Ag\u00eancia Nacional de Sa\u00fade altera rol de procedimentos e desobriga planos de sa\u00fade a fazerem implantes bilaterais em pessoas surdas e outros casos de surdez. Da PFDC.","og_url":"https:\/\/inclusivenews.com.br\/?p=15733","article_publisher":"https:\/\/www.facebook.com\/agenciainclusive\/","article_published_time":"2010-06-02T12:00:35+00:00","og_image":[{"url":"http:\/\/inclusivenews.com.br\/wp-content\/uploads\/2010\/02\/audiodescricao1-150x150.jpg","type":"","width":"","height":""}],"author":"inclusivenews2024","twitter_card":"summary_large_image","twitter_misc":{"Escrito por":"inclusivenews2024","Tempo estimado de leitura":"2 minutos"},"schema":{"@context":"https:\/\/schema.org","@graph":[{"@type":"Article","@id":"https:\/\/inclusivenews.com.br\/?p=15733#article","isPartOf":{"@id":"https:\/\/inclusivenews.com.br\/?p=15733"},"author":{"name":"inclusivenews2024","@id":"https:\/\/inclusivenews.com.br\/#\/schema\/person\/ae4ec7087559b8692fb33b6fffd2273b"},"headline":"MPF\/SP abre consulta p\u00fablica sobre norma da ANS que pode causar preju\u00edzo a pessoas surdas","datePublished":"2010-06-02T12:00:35+00:00","mainEntityOfPage":{"@id":"https:\/\/inclusivenews.com.br\/?p=15733"},"wordCount":357,"commentCount":0,"publisher":{"@id":"https:\/\/inclusivenews.com.br\/#organization"},"image":{"@id":"https:\/\/inclusivenews.com.br\/?p=15733#primaryimage"},"thumbnailUrl":"http:\/\/inclusivenews.com.br\/wp-content\/uploads\/2010\/02\/audiodescricao1-150x150.jpg","articleSection":["NOT\u00cdCIAS"],"inLanguage":"pt-PT","potentialAction":[{"@type":"CommentAction","name":"Comment","target":["https:\/\/inclusivenews.com.br\/?p=15733#respond"]}]},{"@type":"WebPage","@id":"https:\/\/inclusivenews.com.br\/?p=15733","url":"https:\/\/inclusivenews.com.br\/?p=15733","name":"MPF\/SP abre consulta p\u00fablica sobre norma da ANS que pode causar preju\u00edzo a pessoas surdas -","isPartOf":{"@id":"https:\/\/inclusivenews.com.br\/#website"},"primaryImageOfPage":{"@id":"https:\/\/inclusivenews.com.br\/?p=15733#primaryimage"},"image":{"@id":"https:\/\/inclusivenews.com.br\/?p=15733#primaryimage"},"thumbnailUrl":"http:\/\/inclusivenews.com.br\/wp-content\/uploads\/2010\/02\/audiodescricao1-150x150.jpg","datePublished":"2010-06-02T12:00:35+00:00","breadcrumb":{"@id":"https:\/\/inclusivenews.com.br\/?p=15733#breadcrumb"},"inLanguage":"pt-PT","potentialAction":[{"@type":"ReadAction","target":["https:\/\/inclusivenews.com.br\/?p=15733"]}]},{"@type":"ImageObject","inLanguage":"pt-PT","@id":"https:\/\/inclusivenews.com.br\/?p=15733#primaryimage","url":"","contentUrl":""},{"@type":"BreadcrumbList","@id":"https:\/\/inclusivenews.com.br\/?p=15733#breadcrumb","itemListElement":[{"@type":"ListItem","position":1,"name":"In\u00edcio","item":"https:\/\/inclusivenews.com.br\/"},{"@type":"ListItem","position":2,"name":"MPF\/SP abre consulta p\u00fablica sobre norma da ANS que pode causar preju\u00edzo a pessoas surdas"}]},{"@type":"WebSite","@id":"https:\/\/inclusivenews.com.br\/#website","url":"https:\/\/inclusivenews.com.br\/","name":"Inclusive News","description":"Inclusive News","publisher":{"@id":"https:\/\/inclusivenews.com.br\/#organization"},"potentialAction":[{"@type":"SearchAction","target":{"@type":"EntryPoint","urlTemplate":"https:\/\/inclusivenews.com.br\/?s={search_term_string}"},"query-input":{"@type":"PropertyValueSpecification","valueRequired":true,"valueName":"search_term_string"}}],"inLanguage":"pt-PT"},{"@type":"Organization","@id":"https:\/\/inclusivenews.com.br\/#organization","name":"Inclusive - inclus\u00e3o e cidadania","url":"https:\/\/inclusivenews.com.br\/","logo":{"@type":"ImageObject","inLanguage":"pt-PT","@id":"https:\/\/inclusivenews.com.br\/#\/schema\/logo\/image\/","url":"https:\/\/inclusivenews.com.br\/wp-content\/uploads\/2024\/03\/@grandesite.png","contentUrl":"https:\/\/inclusivenews.com.br\/wp-content\/uploads\/2024\/03\/@grandesite.png","width":1080,"height":1080,"caption":"Inclusive - inclus\u00e3o e cidadania"},"image":{"@id":"https:\/\/inclusivenews.com.br\/#\/schema\/logo\/image\/"},"sameAs":["https:\/\/www.facebook.com\/agenciainclusive\/","https:\/\/www.instagram.com\/newsinclusive\/"]},{"@type":"Person","@id":"https:\/\/inclusivenews.com.br\/#\/schema\/person\/ae4ec7087559b8692fb33b6fffd2273b","name":"inclusivenews2024","image":{"@type":"ImageObject","inLanguage":"pt-PT","@id":"https:\/\/secure.gravatar.com\/avatar\/c5a7ef84c66fa914f55bc4f7ce26cfa275a3b9a1c5568b907bd184fb4dde7b40?s=96&d=mm&r=g","url":"https:\/\/secure.gravatar.com\/avatar\/c5a7ef84c66fa914f55bc4f7ce26cfa275a3b9a1c5568b907bd184fb4dde7b40?s=96&d=mm&r=g","contentUrl":"https:\/\/secure.gravatar.com\/avatar\/c5a7ef84c66fa914f55bc4f7ce26cfa275a3b9a1c5568b907bd184fb4dde7b40?s=96&d=mm&r=g","caption":"inclusivenews2024"},"sameAs":["https:\/\/inclusivenews.com.br"],"url":"https:\/\/inclusivenews.com.br\/?author=1"}]}},"_links":{"self":[{"href":"https:\/\/inclusivenews.com.br\/index.php?rest_route=\/wp\/v2\/posts\/15733","targetHints":{"allow":["GET"]}}],"collection":[{"href":"https:\/\/inclusivenews.com.br\/index.php?rest_route=\/wp\/v2\/posts"}],"about":[{"href":"https:\/\/inclusivenews.com.br\/index.php?rest_route=\/wp\/v2\/types\/post"}],"author":[{"embeddable":true,"href":"https:\/\/inclusivenews.com.br\/index.php?rest_route=\/wp\/v2\/users\/1"}],"replies":[{"embeddable":true,"href":"https:\/\/inclusivenews.com.br\/index.php?rest_route=%2Fwp%2Fv2%2Fcomments&post=15733"}],"version-history":[{"count":0,"href":"https:\/\/inclusivenews.com.br\/index.php?rest_route=\/wp\/v2\/posts\/15733\/revisions"}],"wp:attachment":[{"href":"https:\/\/inclusivenews.com.br\/index.php?rest_route=%2Fwp%2Fv2%2Fmedia&parent=15733"}],"wp:term":[{"taxonomy":"category","embeddable":true,"href":"https:\/\/inclusivenews.com.br\/index.php?rest_route=%2Fwp%2Fv2%2Fcategories&post=15733"},{"taxonomy":"post_tag","embeddable":true,"href":"https:\/\/inclusivenews.com.br\/index.php?rest_route=%2Fwp%2Fv2%2Ftags&post=15733"}],"curies":[{"name":"wp","href":"https:\/\/api.w.org\/{rel}","templated":true}]}}