{"id":15739,"date":"2010-06-02T11:49:02","date_gmt":"2010-06-02T14:49:02","guid":{"rendered":"http:\/\/www.inclusive.org.br\/?p=15739"},"modified":"2010-06-02T11:49:02","modified_gmt":"2010-06-02T14:49:02","slug":"dia-do-orgulho-autista-186-bsb","status":"publish","type":"post","link":"https:\/\/inclusivenews.com.br\/?p=15739","title":{"rendered":"Dia do Orgulho Autista, 18\/6 &#8211; BSB"},"content":{"rendered":"<figure id=\"attachment_14524\" aria-describedby=\"caption-attachment-14524\" style=\"width: 295px\" class=\"wp-caption alignleft\"><a href=\"http:\/\/www.inclusivenews.com.br\/wp-content\/uploads\/2010\/03\/autismo1.jpg\"><img loading=\"lazy\" decoding=\"async\" class=\"size-full wp-image-14524\" title=\"Fita formada por pe\u00e7as de quebra-cabe\u00e7a coloridas \" src=\"http:\/\/inclusivenews.com.br\/wp-content\/uploads\/2010\/03\/autismo1.jpg\" alt=\"\" width=\"295\" height=\"517\" \/><\/a><figcaption id=\"caption-attachment-14524\" class=\"wp-caption-text\">Fita formada por pe\u00e7as de quebra-cabe\u00e7a coloridas <\/figcaption><\/figure>\n<p>DIA DO ORGULHO AUTISTA<\/p>\n<p>6\u00aa EDI\u00c7\u00c3O MUNDIAL<\/p>\n<p>\u00a0Data: 18 de junho (6\u00aa-feira) de 2010.<\/p>\n<p>Hor\u00e1rio: das 8:00 \u00e0s 18:30<\/p>\n<p>Local: Audit\u00f3rio do IESB \u2013 L2 \/ 613-614 SUL<\/p>\n<p>Inscri\u00e7\u00f5es Gratuitas*: das 08:00 \u00e0s 12:00 e das 13:30 \u00e0s 18:30\u00a0pelos telefones:<\/p>\n<p>(61)3905-1390 e (61)3905-1279<\/p>\n<p>*Certificado de participa\u00e7\u00e3o (com carga hor\u00e1ria) somente para os inscritos por telefone, mediante assinatura presencial. Franqueado ao p\u00fablico em geral. Vagas limitadas!<\/p>\n<p><strong>PROMO\u00c7\u00c3O<\/strong><\/p>\n<p><strong>MOVIMENTO ORGULHO AUTISTA BRASIL<\/strong><\/p>\n<p><strong>GOVERNO DO DISTRITO FEDERAL<\/strong><\/p>\n<p><strong>SECRETARIA DE JUSTI\u00c7A, DIREITOS HUMANOS E CIDADANIA<\/strong><\/p>\n<p><strong>SUBSECRETARIA DE CIDADANIA<\/strong><\/p>\n<p><strong>COORDENADORIA PARA INCLUS\u00c3O DA PESSOA COM DEFICI\u00caNCIA DO DISTRITO FEDERAL<\/strong>\u00a0<\/p>\n<p><span style=\"text-decoration: underline;\">\u00a0<\/span><\/p>\n<p><span style=\"text-decoration: underline;\">Objetivos:<\/span><\/p>\n<p>Promover debate de conscientiza\u00e7\u00e3o da sociedade sobre Autismo:<\/p>\n<p><em>*desmistifica\u00e7\u00e3o;<\/em><\/p>\n<p><em>*defini\u00e7\u00f5es;<\/em><\/p>\n<p><em>*dificuldades e preconceitos;<\/em><\/p>\n<p><em>*conviv\u00eancia em sociedade;<\/em><\/p>\n<p><em>*interven\u00e7\u00f5es terap\u00eauticas;<\/em><\/p>\n<p><em>*interven\u00e7\u00f5es medicamentosas;<\/em><\/p>\n<p><em>*o cotidiano do autismo;<\/em><\/p>\n<p><em>*depoimentos de pais, respons\u00e1veis e terapeutas;<\/em><\/p>\n<p><em>*propostas pedag\u00f3gicas;<\/em><\/p>\n<p><em>*lacuna na forma\u00e7\u00e3o acad\u00eamica dos profissionais;<\/em><\/p>\n<p><em>*acessibilidade;<\/em><\/p>\n<p><em>*propostas de pol\u00edticas p\u00fablicas;<\/em><\/p>\n<p><em>*desafios da educa\u00e7\u00e3o inclusiva;<\/em><\/p>\n<p><em>*metas para a divulga\u00e7\u00e3o e conscientiza\u00e7\u00e3o da popula\u00e7\u00e3o.<\/em><\/p>\n","protected":false},"excerpt":{"rendered":"<p>DIA DO ORGULHO AUTISTA 6\u00aa EDI\u00c7\u00c3O MUNDIAL \u00a0Data: 18 de junho (6\u00aa-feira) de 2010. Hor\u00e1rio: das 8:00 \u00e0s 18:30 Local: Audit\u00f3rio do IESB \u2013 L2 \/ 613-614 SUL Inscri\u00e7\u00f5es Gratuitas*: das 08:00 \u00e0s 12:00 e das 13:30 \u00e0s 18:30\u00a0pelos telefones: (61)3905-1390 e (61)3905-1279 *Certificado de participa\u00e7\u00e3o (com carga hor\u00e1ria) somente para os inscritos por telefone, [&hellip;]<\/p>\n","protected":false},"author":1,"featured_media":0,"comment_status":"open","ping_status":"open","sticky":false,"template":"","format":"standard","meta":{"site-container-style":"default","site-container-layout":"default","site-sidebar-layout":"default","disable-article-header":"default","disable-site-header":"default","disable-site-footer":"default","disable-content-area-spacing":"default","footnotes":""},"categories":[3,12,4],"tags":[],"class_list":["post-15739","post","type-post","status-publish","format-standard","hentry","category-campanhas","category-cursos-e-eventos","category-noticias"],"yoast_head":"<!-- This site is optimized with the Yoast SEO plugin v27.4 - https:\/\/yoast.com\/product\/yoast-seo-wordpress\/ -->\n<title>Dia do Orgulho Autista, 18\/6 - BSB -<\/title>\n<meta name=\"robots\" content=\"index, follow, max-snippet:-1, max-image-preview:large, max-video-preview:-1\" \/>\n<link rel=\"canonical\" href=\"https:\/\/inclusivenews.com.br\/?p=15739\" \/>\n<meta property=\"og:locale\" content=\"pt_PT\" \/>\n<meta property=\"og:type\" content=\"article\" \/>\n<meta property=\"og:title\" content=\"Dia do Orgulho Autista, 18\/6 - BSB -\" \/>\n<meta property=\"og:description\" content=\"DIA DO ORGULHO AUTISTA 6\u00aa EDI\u00c7\u00c3O MUNDIAL \u00a0Data: 18 de junho (6\u00aa-feira) de 2010. Hor\u00e1rio: das 8:00 \u00e0s 18:30 Local: Audit\u00f3rio do IESB \u2013 L2 \/ 613-614 SUL Inscri\u00e7\u00f5es Gratuitas*: das 08:00 \u00e0s 12:00 e das 13:30 \u00e0s 18:30\u00a0pelos telefones: (61)3905-1390 e (61)3905-1279 *Certificado de participa\u00e7\u00e3o (com carga hor\u00e1ria) somente para os inscritos por telefone, [&hellip;]\" \/>\n<meta property=\"og:url\" content=\"https:\/\/inclusivenews.com.br\/?p=15739\" \/>\n<meta property=\"article:publisher\" content=\"https:\/\/www.facebook.com\/agenciainclusive\/\" \/>\n<meta property=\"article:published_time\" content=\"2010-06-02T14:49:02+00:00\" \/>\n<meta property=\"og:image\" content=\"http:\/\/inclusivenews.com.br\/wp-content\/uploads\/2010\/03\/autismo1.jpg\" \/>\n<meta name=\"author\" content=\"inclusivenews2024\" \/>\n<meta name=\"twitter:card\" content=\"summary_large_image\" \/>\n<meta name=\"twitter:label1\" content=\"Escrito por\" \/>\n\t<meta name=\"twitter:data1\" content=\"inclusivenews2024\" \/>\n\t<meta name=\"twitter:label2\" content=\"Tempo estimado de leitura\" \/>\n\t<meta name=\"twitter:data2\" content=\"1 minuto\" \/>\n<script type=\"application\/ld+json\" class=\"yoast-schema-graph\">{\"@context\":\"https:\\\/\\\/schema.org\",\"@graph\":[{\"@type\":\"Article\",\"@id\":\"https:\\\/\\\/inclusivenews.com.br\\\/?p=15739#article\",\"isPartOf\":{\"@id\":\"https:\\\/\\\/inclusivenews.com.br\\\/?p=15739\"},\"author\":{\"name\":\"inclusivenews2024\",\"@id\":\"https:\\\/\\\/inclusivenews.com.br\\\/#\\\/schema\\\/person\\\/ae4ec7087559b8692fb33b6fffd2273b\"},\"headline\":\"Dia do Orgulho Autista, 18\\\/6 &#8211; BSB\",\"datePublished\":\"2010-06-02T14:49:02+00:00\",\"mainEntityOfPage\":{\"@id\":\"https:\\\/\\\/inclusivenews.com.br\\\/?p=15739\"},\"wordCount\":191,\"commentCount\":3,\"publisher\":{\"@id\":\"https:\\\/\\\/inclusivenews.com.br\\\/#organization\"},\"image\":{\"@id\":\"https:\\\/\\\/inclusivenews.com.br\\\/?p=15739#primaryimage\"},\"thumbnailUrl\":\"http:\\\/\\\/inclusivenews.com.br\\\/wp-content\\\/uploads\\\/2010\\\/03\\\/autismo1.jpg\",\"articleSection\":[\"CAMPANHAS\",\"Cursos e eventos\",\"NOT\u00cdCIAS\"],\"inLanguage\":\"pt-PT\",\"potentialAction\":[{\"@type\":\"CommentAction\",\"name\":\"Comment\",\"target\":[\"https:\\\/\\\/inclusivenews.com.br\\\/?p=15739#respond\"]}]},{\"@type\":\"WebPage\",\"@id\":\"https:\\\/\\\/inclusivenews.com.br\\\/?p=15739\",\"url\":\"https:\\\/\\\/inclusivenews.com.br\\\/?p=15739\",\"name\":\"Dia do Orgulho Autista, 18\\\/6 - BSB -\",\"isPartOf\":{\"@id\":\"https:\\\/\\\/inclusivenews.com.br\\\/#website\"},\"primaryImageOfPage\":{\"@id\":\"https:\\\/\\\/inclusivenews.com.br\\\/?p=15739#primaryimage\"},\"image\":{\"@id\":\"https:\\\/\\\/inclusivenews.com.br\\\/?p=15739#primaryimage\"},\"thumbnailUrl\":\"http:\\\/\\\/inclusivenews.com.br\\\/wp-content\\\/uploads\\\/2010\\\/03\\\/autismo1.jpg\",\"datePublished\":\"2010-06-02T14:49:02+00:00\",\"breadcrumb\":{\"@id\":\"https:\\\/\\\/inclusivenews.com.br\\\/?p=15739#breadcrumb\"},\"inLanguage\":\"pt-PT\",\"potentialAction\":[{\"@type\":\"ReadAction\",\"target\":[\"https:\\\/\\\/inclusivenews.com.br\\\/?p=15739\"]}]},{\"@type\":\"ImageObject\",\"inLanguage\":\"pt-PT\",\"@id\":\"https:\\\/\\\/inclusivenews.com.br\\\/?p=15739#primaryimage\",\"url\":\"\",\"contentUrl\":\"\"},{\"@type\":\"BreadcrumbList\",\"@id\":\"https:\\\/\\\/inclusivenews.com.br\\\/?p=15739#breadcrumb\",\"itemListElement\":[{\"@type\":\"ListItem\",\"position\":1,\"name\":\"In\u00edcio\",\"item\":\"https:\\\/\\\/inclusivenews.com.br\\\/\"},{\"@type\":\"ListItem\",\"position\":2,\"name\":\"Dia do Orgulho Autista, 18\\\/6 &#8211; BSB\"}]},{\"@type\":\"WebSite\",\"@id\":\"https:\\\/\\\/inclusivenews.com.br\\\/#website\",\"url\":\"https:\\\/\\\/inclusivenews.com.br\\\/\",\"name\":\"Inclusive News\",\"description\":\"Inclusive News\",\"publisher\":{\"@id\":\"https:\\\/\\\/inclusivenews.com.br\\\/#organization\"},\"potentialAction\":[{\"@type\":\"SearchAction\",\"target\":{\"@type\":\"EntryPoint\",\"urlTemplate\":\"https:\\\/\\\/inclusivenews.com.br\\\/?s={search_term_string}\"},\"query-input\":{\"@type\":\"PropertyValueSpecification\",\"valueRequired\":true,\"valueName\":\"search_term_string\"}}],\"inLanguage\":\"pt-PT\"},{\"@type\":\"Organization\",\"@id\":\"https:\\\/\\\/inclusivenews.com.br\\\/#organization\",\"name\":\"Inclusive - inclus\u00e3o e cidadania\",\"url\":\"https:\\\/\\\/inclusivenews.com.br\\\/\",\"logo\":{\"@type\":\"ImageObject\",\"inLanguage\":\"pt-PT\",\"@id\":\"https:\\\/\\\/inclusivenews.com.br\\\/#\\\/schema\\\/logo\\\/image\\\/\",\"url\":\"https:\\\/\\\/inclusivenews.com.br\\\/wp-content\\\/uploads\\\/2024\\\/03\\\/@grandesite.png\",\"contentUrl\":\"https:\\\/\\\/inclusivenews.com.br\\\/wp-content\\\/uploads\\\/2024\\\/03\\\/@grandesite.png\",\"width\":1080,\"height\":1080,\"caption\":\"Inclusive - inclus\u00e3o e cidadania\"},\"image\":{\"@id\":\"https:\\\/\\\/inclusivenews.com.br\\\/#\\\/schema\\\/logo\\\/image\\\/\"},\"sameAs\":[\"https:\\\/\\\/www.facebook.com\\\/agenciainclusive\\\/\",\"https:\\\/\\\/www.instagram.com\\\/newsinclusive\\\/\"]},{\"@type\":\"Person\",\"@id\":\"https:\\\/\\\/inclusivenews.com.br\\\/#\\\/schema\\\/person\\\/ae4ec7087559b8692fb33b6fffd2273b\",\"name\":\"inclusivenews2024\",\"image\":{\"@type\":\"ImageObject\",\"inLanguage\":\"pt-PT\",\"@id\":\"https:\\\/\\\/secure.gravatar.com\\\/avatar\\\/c5a7ef84c66fa914f55bc4f7ce26cfa275a3b9a1c5568b907bd184fb4dde7b40?s=96&d=mm&r=g\",\"url\":\"https:\\\/\\\/secure.gravatar.com\\\/avatar\\\/c5a7ef84c66fa914f55bc4f7ce26cfa275a3b9a1c5568b907bd184fb4dde7b40?s=96&d=mm&r=g\",\"contentUrl\":\"https:\\\/\\\/secure.gravatar.com\\\/avatar\\\/c5a7ef84c66fa914f55bc4f7ce26cfa275a3b9a1c5568b907bd184fb4dde7b40?s=96&d=mm&r=g\",\"caption\":\"inclusivenews2024\"},\"sameAs\":[\"https:\\\/\\\/inclusivenews.com.br\"],\"url\":\"https:\\\/\\\/inclusivenews.com.br\\\/?author=1\"}]}<\/script>\n<!-- \/ Yoast SEO plugin. -->","yoast_head_json":{"title":"Dia do Orgulho Autista, 18\/6 - BSB -","robots":{"index":"index","follow":"follow","max-snippet":"max-snippet:-1","max-image-preview":"max-image-preview:large","max-video-preview":"max-video-preview:-1"},"canonical":"https:\/\/inclusivenews.com.br\/?p=15739","og_locale":"pt_PT","og_type":"article","og_title":"Dia do Orgulho Autista, 18\/6 - BSB -","og_description":"DIA DO ORGULHO AUTISTA 6\u00aa EDI\u00c7\u00c3O MUNDIAL \u00a0Data: 18 de junho (6\u00aa-feira) de 2010. Hor\u00e1rio: das 8:00 \u00e0s 18:30 Local: Audit\u00f3rio do IESB \u2013 L2 \/ 613-614 SUL Inscri\u00e7\u00f5es Gratuitas*: das 08:00 \u00e0s 12:00 e das 13:30 \u00e0s 18:30\u00a0pelos telefones: (61)3905-1390 e (61)3905-1279 *Certificado de participa\u00e7\u00e3o (com carga hor\u00e1ria) somente para os inscritos por telefone, [&hellip;]","og_url":"https:\/\/inclusivenews.com.br\/?p=15739","article_publisher":"https:\/\/www.facebook.com\/agenciainclusive\/","article_published_time":"2010-06-02T14:49:02+00:00","og_image":[{"url":"http:\/\/inclusivenews.com.br\/wp-content\/uploads\/2010\/03\/autismo1.jpg","type":"","width":"","height":""}],"author":"inclusivenews2024","twitter_card":"summary_large_image","twitter_misc":{"Escrito por":"inclusivenews2024","Tempo estimado de leitura":"1 minuto"},"schema":{"@context":"https:\/\/schema.org","@graph":[{"@type":"Article","@id":"https:\/\/inclusivenews.com.br\/?p=15739#article","isPartOf":{"@id":"https:\/\/inclusivenews.com.br\/?p=15739"},"author":{"name":"inclusivenews2024","@id":"https:\/\/inclusivenews.com.br\/#\/schema\/person\/ae4ec7087559b8692fb33b6fffd2273b"},"headline":"Dia do Orgulho Autista, 18\/6 &#8211; BSB","datePublished":"2010-06-02T14:49:02+00:00","mainEntityOfPage":{"@id":"https:\/\/inclusivenews.com.br\/?p=15739"},"wordCount":191,"commentCount":3,"publisher":{"@id":"https:\/\/inclusivenews.com.br\/#organization"},"image":{"@id":"https:\/\/inclusivenews.com.br\/?p=15739#primaryimage"},"thumbnailUrl":"http:\/\/inclusivenews.com.br\/wp-content\/uploads\/2010\/03\/autismo1.jpg","articleSection":["CAMPANHAS","Cursos e eventos","NOT\u00cdCIAS"],"inLanguage":"pt-PT","potentialAction":[{"@type":"CommentAction","name":"Comment","target":["https:\/\/inclusivenews.com.br\/?p=15739#respond"]}]},{"@type":"WebPage","@id":"https:\/\/inclusivenews.com.br\/?p=15739","url":"https:\/\/inclusivenews.com.br\/?p=15739","name":"Dia do Orgulho Autista, 18\/6 - BSB -","isPartOf":{"@id":"https:\/\/inclusivenews.com.br\/#website"},"primaryImageOfPage":{"@id":"https:\/\/inclusivenews.com.br\/?p=15739#primaryimage"},"image":{"@id":"https:\/\/inclusivenews.com.br\/?p=15739#primaryimage"},"thumbnailUrl":"http:\/\/inclusivenews.com.br\/wp-content\/uploads\/2010\/03\/autismo1.jpg","datePublished":"2010-06-02T14:49:02+00:00","breadcrumb":{"@id":"https:\/\/inclusivenews.com.br\/?p=15739#breadcrumb"},"inLanguage":"pt-PT","potentialAction":[{"@type":"ReadAction","target":["https:\/\/inclusivenews.com.br\/?p=15739"]}]},{"@type":"ImageObject","inLanguage":"pt-PT","@id":"https:\/\/inclusivenews.com.br\/?p=15739#primaryimage","url":"","contentUrl":""},{"@type":"BreadcrumbList","@id":"https:\/\/inclusivenews.com.br\/?p=15739#breadcrumb","itemListElement":[{"@type":"ListItem","position":1,"name":"In\u00edcio","item":"https:\/\/inclusivenews.com.br\/"},{"@type":"ListItem","position":2,"name":"Dia do Orgulho Autista, 18\/6 &#8211; BSB"}]},{"@type":"WebSite","@id":"https:\/\/inclusivenews.com.br\/#website","url":"https:\/\/inclusivenews.com.br\/","name":"Inclusive News","description":"Inclusive News","publisher":{"@id":"https:\/\/inclusivenews.com.br\/#organization"},"potentialAction":[{"@type":"SearchAction","target":{"@type":"EntryPoint","urlTemplate":"https:\/\/inclusivenews.com.br\/?s={search_term_string}"},"query-input":{"@type":"PropertyValueSpecification","valueRequired":true,"valueName":"search_term_string"}}],"inLanguage":"pt-PT"},{"@type":"Organization","@id":"https:\/\/inclusivenews.com.br\/#organization","name":"Inclusive - inclus\u00e3o e cidadania","url":"https:\/\/inclusivenews.com.br\/","logo":{"@type":"ImageObject","inLanguage":"pt-PT","@id":"https:\/\/inclusivenews.com.br\/#\/schema\/logo\/image\/","url":"https:\/\/inclusivenews.com.br\/wp-content\/uploads\/2024\/03\/@grandesite.png","contentUrl":"https:\/\/inclusivenews.com.br\/wp-content\/uploads\/2024\/03\/@grandesite.png","width":1080,"height":1080,"caption":"Inclusive - inclus\u00e3o e cidadania"},"image":{"@id":"https:\/\/inclusivenews.com.br\/#\/schema\/logo\/image\/"},"sameAs":["https:\/\/www.facebook.com\/agenciainclusive\/","https:\/\/www.instagram.com\/newsinclusive\/"]},{"@type":"Person","@id":"https:\/\/inclusivenews.com.br\/#\/schema\/person\/ae4ec7087559b8692fb33b6fffd2273b","name":"inclusivenews2024","image":{"@type":"ImageObject","inLanguage":"pt-PT","@id":"https:\/\/secure.gravatar.com\/avatar\/c5a7ef84c66fa914f55bc4f7ce26cfa275a3b9a1c5568b907bd184fb4dde7b40?s=96&d=mm&r=g","url":"https:\/\/secure.gravatar.com\/avatar\/c5a7ef84c66fa914f55bc4f7ce26cfa275a3b9a1c5568b907bd184fb4dde7b40?s=96&d=mm&r=g","contentUrl":"https:\/\/secure.gravatar.com\/avatar\/c5a7ef84c66fa914f55bc4f7ce26cfa275a3b9a1c5568b907bd184fb4dde7b40?s=96&d=mm&r=g","caption":"inclusivenews2024"},"sameAs":["https:\/\/inclusivenews.com.br"],"url":"https:\/\/inclusivenews.com.br\/?author=1"}]}},"_links":{"self":[{"href":"https:\/\/inclusivenews.com.br\/index.php?rest_route=\/wp\/v2\/posts\/15739","targetHints":{"allow":["GET"]}}],"collection":[{"href":"https:\/\/inclusivenews.com.br\/index.php?rest_route=\/wp\/v2\/posts"}],"about":[{"href":"https:\/\/inclusivenews.com.br\/index.php?rest_route=\/wp\/v2\/types\/post"}],"author":[{"embeddable":true,"href":"https:\/\/inclusivenews.com.br\/index.php?rest_route=\/wp\/v2\/users\/1"}],"replies":[{"embeddable":true,"href":"https:\/\/inclusivenews.com.br\/index.php?rest_route=%2Fwp%2Fv2%2Fcomments&post=15739"}],"version-history":[{"count":0,"href":"https:\/\/inclusivenews.com.br\/index.php?rest_route=\/wp\/v2\/posts\/15739\/revisions"}],"wp:attachment":[{"href":"https:\/\/inclusivenews.com.br\/index.php?rest_route=%2Fwp%2Fv2%2Fmedia&parent=15739"}],"wp:term":[{"taxonomy":"category","embeddable":true,"href":"https:\/\/inclusivenews.com.br\/index.php?rest_route=%2Fwp%2Fv2%2Fcategories&post=15739"},{"taxonomy":"post_tag","embeddable":true,"href":"https:\/\/inclusivenews.com.br\/index.php?rest_route=%2Fwp%2Fv2%2Ftags&post=15739"}],"curies":[{"name":"wp","href":"https:\/\/api.w.org\/{rel}","templated":true}]}}