{"id":15745,"date":"2010-06-03T08:52:18","date_gmt":"2010-06-03T11:52:18","guid":{"rendered":"http:\/\/www.inclusive.org.br\/?p=15745"},"modified":"2010-06-03T08:52:18","modified_gmt":"2010-06-03T11:52:18","slug":"brasil-precisara-construir-25-bibliotecas-por-dia-para-cumprir-nova-lei","status":"publish","type":"post","link":"https:\/\/inclusivenews.com.br\/?p=15745","title":{"rendered":"Brasil precisar\u00e1 construir 25 bibliotecas por dia para cumprir nova lei"},"content":{"rendered":"<figure style=\"width: 167px\" class=\"wp-caption alignleft\"><img loading=\"lazy\" decoding=\"async\" title=\"Imagem interna de uma biblioteca.\" src=\"http:\/\/www.envolverde.com.br\/fotos_novas\/75571.jpg\" alt=\"\" width=\"167\" height=\"125\" \/><figcaption class=\"wp-caption-text\"> <\/figcaption><\/figure>\n<p>Munic\u00edpios e estados ter\u00e3o muito trabalho para cumprir a lei sancionada na semana passada que determina que toda a escola deve ter uma biblioteca. O maior desafio est\u00e1 nos estabelecimentos do ensino fundamental: ser\u00e1 necess\u00e1rio construir 25 bibliotecas por dia at\u00e9 2020, prazo limite para adequa\u00e7\u00e3o \u00e0 medida.<\/p>\n<p>Segundo a Ag\u00eancia Brasil, o diagn\u00f3stico \u00e9 de um estudo realizado pelo movimento Todos pela Educa\u00e7\u00e3o, com base em dados do Censo da Educa\u00e7\u00e3o B\u00e1sica de 2008. \u201cEssa dificuldade \u00e9 decorrente da falta de vis\u00e3o do Brasil sobre a import\u00e2ncia da biblioteca. No mundo todo as bibliotecas s\u00e3o doadas por mantenedores que t\u00eam uma alegria imensa de poder doar um acervo\u201d, compara Luis Norberto, do Comit\u00ea Gestor do Todos pela Educa\u00e7\u00e3o.<\/p>\n<p>O d\u00e9ficit de bibliotecas no ensino fundamental \u00e9 de 93 mil. Desse total, 89,7 mil s\u00e3o escolas p\u00fablicas e 3,9 mil, estabelecimentos privados de ensino. Na educa\u00e7\u00e3o infantil, apenas 30% dos col\u00e9gios t\u00eam acervo e ser\u00e1 necess\u00e1rio criar 21 bibliotecas por dia para cumprir o que determina a nova lei. A melhor situa\u00e7\u00e3o \u00e9 a do ensino m\u00e9dio, etapa em que o n\u00famero de escolas sem biblioteca \u00e9 de 3.471.<\/p>\n<p>Norberto defende que, al\u00e9m da a\u00e7\u00e3o dos gestores, ser\u00e1 necess\u00e1rio o envolvimento de toda a sociedade no desafio. \u201cA lei \u00e9 uma dire\u00e7\u00e3o, mas ela n\u00e3o faz nada. N\u00f3s, sociedade, \u00e9 que devemos faz\u00ea-la funcionar. A tarefa n\u00e3o \u00e9 s\u00f3 dos gestores, imagine se cada empres\u00e1rio doasse um acervo para uma escola, em dois anos o problema estava resolvido\u201d, diz.<\/p>\n<p>Na compara\u00e7\u00e3o entre as redes de ensino, a situa\u00e7\u00e3o \u00e9 pior nos col\u00e9gios municipais, que contam com menos bibliotecas do que as escolas estaduais. O estudo do Todos pela Educa\u00e7\u00e3o chama a aten\u00e7\u00e3o para outro fator que pode dificultar o cumprimento da lei: faltar\u00e3o profissionais qualificados para trabalhar nesses espa\u00e7os.<\/p>\n<p>A legisla\u00e7\u00e3o estabelece que as bibliotecas devem ser administradas por especialistas da \u00e1rea \u2013 os bibliotec\u00e1rios. Mas, segundo levantamento da entidade, hoje h\u00e1 um total de 21,6 mil profissionais habilitados, enquanto o pa\u00eds conta com aproximadamente 200 mil escolas de educa\u00e7\u00e3o b\u00e1sica.<\/p>\n<p>Para Norberto, com a entrada obrigat\u00f3ria das crian\u00e7as na educa\u00e7\u00e3o infantil aos 4 anos, estabelecida por lei no ano passado, e a implanta\u00e7\u00e3o das bibliotecas, os alunos v\u00e3o aprender a ler mais cedo. &#8220;\u00c9 uma mudan\u00e7a radical e positiva. Daqui a dez anos, as crian\u00e7as v\u00e3o estar alfabetizadas aos 8 anos, \u00e9 um futuro muito melhor&#8221;, afirma.<br \/>\n______________________<\/p>\n<p><strong>Fonte:<\/strong> <a href=\"http:\/\/www.envolverde.com.br\/materia.php?cod=75571&amp;edt=8\">Envolverde\/Nota 10<\/a><\/p>\n","protected":false},"excerpt":{"rendered":"<p>O d\u00e9ficit de bibliotecas no ensino fundamental \u00e9 de 93 mil. Desse total, 89,7 mil s\u00e3o escolas p\u00fablicas e 3,9 mil, estabelecimentos privados de ensino. Na educa\u00e7\u00e3o infantil, apenas 30% dos col\u00e9gios t\u00eam acervo e ser\u00e1 necess\u00e1rio criar 21 bibliotecas por dia para cumprir o que determina a nova lei. Da Ag\u00eancia Brasil.<\/p>\n","protected":false},"author":1,"featured_media":0,"comment_status":"open","ping_status":"open","sticky":false,"template":"","format":"standard","meta":{"site-container-style":"default","site-container-layout":"default","site-sidebar-layout":"default","disable-article-header":"default","disable-site-header":"default","disable-site-footer":"default","disable-content-area-spacing":"default","footnotes":""},"categories":[6,4],"tags":[],"class_list":["post-15745","post","type-post","status-publish","format-standard","hentry","category-educacao","category-noticias"],"yoast_head":"<!-- This site is optimized with the Yoast SEO plugin v27.4 - https:\/\/yoast.com\/product\/yoast-seo-wordpress\/ -->\n<title>Brasil precisar\u00e1 construir 25 bibliotecas por dia para cumprir nova lei -<\/title>\n<meta name=\"robots\" content=\"index, follow, max-snippet:-1, max-image-preview:large, max-video-preview:-1\" \/>\n<link rel=\"canonical\" href=\"https:\/\/inclusivenews.com.br\/?p=15745\" \/>\n<meta property=\"og:locale\" content=\"pt_PT\" \/>\n<meta property=\"og:type\" content=\"article\" \/>\n<meta property=\"og:title\" content=\"Brasil precisar\u00e1 construir 25 bibliotecas por dia para cumprir nova lei -\" \/>\n<meta property=\"og:description\" content=\"O d\u00e9ficit de bibliotecas no ensino fundamental \u00e9 de 93 mil. Desse total, 89,7 mil s\u00e3o escolas p\u00fablicas e 3,9 mil, estabelecimentos privados de ensino. Na educa\u00e7\u00e3o infantil, apenas 30% dos col\u00e9gios t\u00eam acervo e ser\u00e1 necess\u00e1rio criar 21 bibliotecas por dia para cumprir o que determina a nova lei. Da Ag\u00eancia Brasil.\" \/>\n<meta property=\"og:url\" content=\"https:\/\/inclusivenews.com.br\/?p=15745\" \/>\n<meta property=\"article:publisher\" content=\"https:\/\/www.facebook.com\/agenciainclusive\/\" \/>\n<meta property=\"article:published_time\" content=\"2010-06-03T11:52:18+00:00\" \/>\n<meta property=\"og:image\" content=\"http:\/\/www.envolverde.com.br\/fotos_novas\/75571.jpg\" \/>\n<meta name=\"author\" content=\"inclusivenews2024\" \/>\n<meta name=\"twitter:card\" content=\"summary_large_image\" \/>\n<meta name=\"twitter:label1\" content=\"Escrito por\" \/>\n\t<meta name=\"twitter:data1\" content=\"inclusivenews2024\" \/>\n\t<meta name=\"twitter:label2\" content=\"Tempo estimado de leitura\" \/>\n\t<meta name=\"twitter:data2\" content=\"2 minutos\" \/>\n<script type=\"application\/ld+json\" class=\"yoast-schema-graph\">{\"@context\":\"https:\\\/\\\/schema.org\",\"@graph\":[{\"@type\":\"Article\",\"@id\":\"https:\\\/\\\/inclusivenews.com.br\\\/?p=15745#article\",\"isPartOf\":{\"@id\":\"https:\\\/\\\/inclusivenews.com.br\\\/?p=15745\"},\"author\":{\"name\":\"inclusivenews2024\",\"@id\":\"https:\\\/\\\/inclusivenews.com.br\\\/#\\\/schema\\\/person\\\/ae4ec7087559b8692fb33b6fffd2273b\"},\"headline\":\"Brasil precisar\u00e1 construir 25 bibliotecas por dia para cumprir nova lei\",\"datePublished\":\"2010-06-03T11:52:18+00:00\",\"mainEntityOfPage\":{\"@id\":\"https:\\\/\\\/inclusivenews.com.br\\\/?p=15745\"},\"wordCount\":445,\"commentCount\":0,\"publisher\":{\"@id\":\"https:\\\/\\\/inclusivenews.com.br\\\/#organization\"},\"image\":{\"@id\":\"https:\\\/\\\/inclusivenews.com.br\\\/?p=15745#primaryimage\"},\"thumbnailUrl\":\"http:\\\/\\\/www.envolverde.com.br\\\/fotos_novas\\\/75571.jpg\",\"articleSection\":[\"EDUCA\u00c7\u00c3O\",\"NOT\u00cdCIAS\"],\"inLanguage\":\"pt-PT\",\"potentialAction\":[{\"@type\":\"CommentAction\",\"name\":\"Comment\",\"target\":[\"https:\\\/\\\/inclusivenews.com.br\\\/?p=15745#respond\"]}]},{\"@type\":\"WebPage\",\"@id\":\"https:\\\/\\\/inclusivenews.com.br\\\/?p=15745\",\"url\":\"https:\\\/\\\/inclusivenews.com.br\\\/?p=15745\",\"name\":\"Brasil precisar\u00e1 construir 25 bibliotecas por dia para cumprir nova lei -\",\"isPartOf\":{\"@id\":\"https:\\\/\\\/inclusivenews.com.br\\\/#website\"},\"primaryImageOfPage\":{\"@id\":\"https:\\\/\\\/inclusivenews.com.br\\\/?p=15745#primaryimage\"},\"image\":{\"@id\":\"https:\\\/\\\/inclusivenews.com.br\\\/?p=15745#primaryimage\"},\"thumbnailUrl\":\"http:\\\/\\\/www.envolverde.com.br\\\/fotos_novas\\\/75571.jpg\",\"datePublished\":\"2010-06-03T11:52:18+00:00\",\"breadcrumb\":{\"@id\":\"https:\\\/\\\/inclusivenews.com.br\\\/?p=15745#breadcrumb\"},\"inLanguage\":\"pt-PT\",\"potentialAction\":[{\"@type\":\"ReadAction\",\"target\":[\"https:\\\/\\\/inclusivenews.com.br\\\/?p=15745\"]}]},{\"@type\":\"ImageObject\",\"inLanguage\":\"pt-PT\",\"@id\":\"https:\\\/\\\/inclusivenews.com.br\\\/?p=15745#primaryimage\",\"url\":\"http:\\\/\\\/www.envolverde.com.br\\\/fotos_novas\\\/75571.jpg\",\"contentUrl\":\"http:\\\/\\\/www.envolverde.com.br\\\/fotos_novas\\\/75571.jpg\"},{\"@type\":\"BreadcrumbList\",\"@id\":\"https:\\\/\\\/inclusivenews.com.br\\\/?p=15745#breadcrumb\",\"itemListElement\":[{\"@type\":\"ListItem\",\"position\":1,\"name\":\"In\u00edcio\",\"item\":\"https:\\\/\\\/inclusivenews.com.br\\\/\"},{\"@type\":\"ListItem\",\"position\":2,\"name\":\"Brasil precisar\u00e1 construir 25 bibliotecas por dia para cumprir nova lei\"}]},{\"@type\":\"WebSite\",\"@id\":\"https:\\\/\\\/inclusivenews.com.br\\\/#website\",\"url\":\"https:\\\/\\\/inclusivenews.com.br\\\/\",\"name\":\"Inclusive News\",\"description\":\"Inclusive News\",\"publisher\":{\"@id\":\"https:\\\/\\\/inclusivenews.com.br\\\/#organization\"},\"potentialAction\":[{\"@type\":\"SearchAction\",\"target\":{\"@type\":\"EntryPoint\",\"urlTemplate\":\"https:\\\/\\\/inclusivenews.com.br\\\/?s={search_term_string}\"},\"query-input\":{\"@type\":\"PropertyValueSpecification\",\"valueRequired\":true,\"valueName\":\"search_term_string\"}}],\"inLanguage\":\"pt-PT\"},{\"@type\":\"Organization\",\"@id\":\"https:\\\/\\\/inclusivenews.com.br\\\/#organization\",\"name\":\"Inclusive - inclus\u00e3o e cidadania\",\"url\":\"https:\\\/\\\/inclusivenews.com.br\\\/\",\"logo\":{\"@type\":\"ImageObject\",\"inLanguage\":\"pt-PT\",\"@id\":\"https:\\\/\\\/inclusivenews.com.br\\\/#\\\/schema\\\/logo\\\/image\\\/\",\"url\":\"https:\\\/\\\/inclusivenews.com.br\\\/wp-content\\\/uploads\\\/2024\\\/03\\\/@grandesite.png\",\"contentUrl\":\"https:\\\/\\\/inclusivenews.com.br\\\/wp-content\\\/uploads\\\/2024\\\/03\\\/@grandesite.png\",\"width\":1080,\"height\":1080,\"caption\":\"Inclusive - inclus\u00e3o e cidadania\"},\"image\":{\"@id\":\"https:\\\/\\\/inclusivenews.com.br\\\/#\\\/schema\\\/logo\\\/image\\\/\"},\"sameAs\":[\"https:\\\/\\\/www.facebook.com\\\/agenciainclusive\\\/\",\"https:\\\/\\\/www.instagram.com\\\/newsinclusive\\\/\"]},{\"@type\":\"Person\",\"@id\":\"https:\\\/\\\/inclusivenews.com.br\\\/#\\\/schema\\\/person\\\/ae4ec7087559b8692fb33b6fffd2273b\",\"name\":\"inclusivenews2024\",\"image\":{\"@type\":\"ImageObject\",\"inLanguage\":\"pt-PT\",\"@id\":\"https:\\\/\\\/secure.gravatar.com\\\/avatar\\\/c5a7ef84c66fa914f55bc4f7ce26cfa275a3b9a1c5568b907bd184fb4dde7b40?s=96&d=mm&r=g\",\"url\":\"https:\\\/\\\/secure.gravatar.com\\\/avatar\\\/c5a7ef84c66fa914f55bc4f7ce26cfa275a3b9a1c5568b907bd184fb4dde7b40?s=96&d=mm&r=g\",\"contentUrl\":\"https:\\\/\\\/secure.gravatar.com\\\/avatar\\\/c5a7ef84c66fa914f55bc4f7ce26cfa275a3b9a1c5568b907bd184fb4dde7b40?s=96&d=mm&r=g\",\"caption\":\"inclusivenews2024\"},\"sameAs\":[\"https:\\\/\\\/inclusivenews.com.br\"],\"url\":\"https:\\\/\\\/inclusivenews.com.br\\\/?author=1\"}]}<\/script>\n<!-- \/ Yoast SEO plugin. -->","yoast_head_json":{"title":"Brasil precisar\u00e1 construir 25 bibliotecas por dia para cumprir nova lei -","robots":{"index":"index","follow":"follow","max-snippet":"max-snippet:-1","max-image-preview":"max-image-preview:large","max-video-preview":"max-video-preview:-1"},"canonical":"https:\/\/inclusivenews.com.br\/?p=15745","og_locale":"pt_PT","og_type":"article","og_title":"Brasil precisar\u00e1 construir 25 bibliotecas por dia para cumprir nova lei -","og_description":"O d\u00e9ficit de bibliotecas no ensino fundamental \u00e9 de 93 mil. Desse total, 89,7 mil s\u00e3o escolas p\u00fablicas e 3,9 mil, estabelecimentos privados de ensino. Na educa\u00e7\u00e3o infantil, apenas 30% dos col\u00e9gios t\u00eam acervo e ser\u00e1 necess\u00e1rio criar 21 bibliotecas por dia para cumprir o que determina a nova lei. Da Ag\u00eancia Brasil.","og_url":"https:\/\/inclusivenews.com.br\/?p=15745","article_publisher":"https:\/\/www.facebook.com\/agenciainclusive\/","article_published_time":"2010-06-03T11:52:18+00:00","og_image":[{"url":"http:\/\/www.envolverde.com.br\/fotos_novas\/75571.jpg","type":"","width":"","height":""}],"author":"inclusivenews2024","twitter_card":"summary_large_image","twitter_misc":{"Escrito por":"inclusivenews2024","Tempo estimado de leitura":"2 minutos"},"schema":{"@context":"https:\/\/schema.org","@graph":[{"@type":"Article","@id":"https:\/\/inclusivenews.com.br\/?p=15745#article","isPartOf":{"@id":"https:\/\/inclusivenews.com.br\/?p=15745"},"author":{"name":"inclusivenews2024","@id":"https:\/\/inclusivenews.com.br\/#\/schema\/person\/ae4ec7087559b8692fb33b6fffd2273b"},"headline":"Brasil precisar\u00e1 construir 25 bibliotecas por dia para cumprir nova lei","datePublished":"2010-06-03T11:52:18+00:00","mainEntityOfPage":{"@id":"https:\/\/inclusivenews.com.br\/?p=15745"},"wordCount":445,"commentCount":0,"publisher":{"@id":"https:\/\/inclusivenews.com.br\/#organization"},"image":{"@id":"https:\/\/inclusivenews.com.br\/?p=15745#primaryimage"},"thumbnailUrl":"http:\/\/www.envolverde.com.br\/fotos_novas\/75571.jpg","articleSection":["EDUCA\u00c7\u00c3O","NOT\u00cdCIAS"],"inLanguage":"pt-PT","potentialAction":[{"@type":"CommentAction","name":"Comment","target":["https:\/\/inclusivenews.com.br\/?p=15745#respond"]}]},{"@type":"WebPage","@id":"https:\/\/inclusivenews.com.br\/?p=15745","url":"https:\/\/inclusivenews.com.br\/?p=15745","name":"Brasil precisar\u00e1 construir 25 bibliotecas por dia para cumprir nova lei -","isPartOf":{"@id":"https:\/\/inclusivenews.com.br\/#website"},"primaryImageOfPage":{"@id":"https:\/\/inclusivenews.com.br\/?p=15745#primaryimage"},"image":{"@id":"https:\/\/inclusivenews.com.br\/?p=15745#primaryimage"},"thumbnailUrl":"http:\/\/www.envolverde.com.br\/fotos_novas\/75571.jpg","datePublished":"2010-06-03T11:52:18+00:00","breadcrumb":{"@id":"https:\/\/inclusivenews.com.br\/?p=15745#breadcrumb"},"inLanguage":"pt-PT","potentialAction":[{"@type":"ReadAction","target":["https:\/\/inclusivenews.com.br\/?p=15745"]}]},{"@type":"ImageObject","inLanguage":"pt-PT","@id":"https:\/\/inclusivenews.com.br\/?p=15745#primaryimage","url":"http:\/\/www.envolverde.com.br\/fotos_novas\/75571.jpg","contentUrl":"http:\/\/www.envolverde.com.br\/fotos_novas\/75571.jpg"},{"@type":"BreadcrumbList","@id":"https:\/\/inclusivenews.com.br\/?p=15745#breadcrumb","itemListElement":[{"@type":"ListItem","position":1,"name":"In\u00edcio","item":"https:\/\/inclusivenews.com.br\/"},{"@type":"ListItem","position":2,"name":"Brasil precisar\u00e1 construir 25 bibliotecas por dia para cumprir nova lei"}]},{"@type":"WebSite","@id":"https:\/\/inclusivenews.com.br\/#website","url":"https:\/\/inclusivenews.com.br\/","name":"Inclusive News","description":"Inclusive News","publisher":{"@id":"https:\/\/inclusivenews.com.br\/#organization"},"potentialAction":[{"@type":"SearchAction","target":{"@type":"EntryPoint","urlTemplate":"https:\/\/inclusivenews.com.br\/?s={search_term_string}"},"query-input":{"@type":"PropertyValueSpecification","valueRequired":true,"valueName":"search_term_string"}}],"inLanguage":"pt-PT"},{"@type":"Organization","@id":"https:\/\/inclusivenews.com.br\/#organization","name":"Inclusive - inclus\u00e3o e cidadania","url":"https:\/\/inclusivenews.com.br\/","logo":{"@type":"ImageObject","inLanguage":"pt-PT","@id":"https:\/\/inclusivenews.com.br\/#\/schema\/logo\/image\/","url":"https:\/\/inclusivenews.com.br\/wp-content\/uploads\/2024\/03\/@grandesite.png","contentUrl":"https:\/\/inclusivenews.com.br\/wp-content\/uploads\/2024\/03\/@grandesite.png","width":1080,"height":1080,"caption":"Inclusive - inclus\u00e3o e cidadania"},"image":{"@id":"https:\/\/inclusivenews.com.br\/#\/schema\/logo\/image\/"},"sameAs":["https:\/\/www.facebook.com\/agenciainclusive\/","https:\/\/www.instagram.com\/newsinclusive\/"]},{"@type":"Person","@id":"https:\/\/inclusivenews.com.br\/#\/schema\/person\/ae4ec7087559b8692fb33b6fffd2273b","name":"inclusivenews2024","image":{"@type":"ImageObject","inLanguage":"pt-PT","@id":"https:\/\/secure.gravatar.com\/avatar\/c5a7ef84c66fa914f55bc4f7ce26cfa275a3b9a1c5568b907bd184fb4dde7b40?s=96&d=mm&r=g","url":"https:\/\/secure.gravatar.com\/avatar\/c5a7ef84c66fa914f55bc4f7ce26cfa275a3b9a1c5568b907bd184fb4dde7b40?s=96&d=mm&r=g","contentUrl":"https:\/\/secure.gravatar.com\/avatar\/c5a7ef84c66fa914f55bc4f7ce26cfa275a3b9a1c5568b907bd184fb4dde7b40?s=96&d=mm&r=g","caption":"inclusivenews2024"},"sameAs":["https:\/\/inclusivenews.com.br"],"url":"https:\/\/inclusivenews.com.br\/?author=1"}]}},"_links":{"self":[{"href":"https:\/\/inclusivenews.com.br\/index.php?rest_route=\/wp\/v2\/posts\/15745","targetHints":{"allow":["GET"]}}],"collection":[{"href":"https:\/\/inclusivenews.com.br\/index.php?rest_route=\/wp\/v2\/posts"}],"about":[{"href":"https:\/\/inclusivenews.com.br\/index.php?rest_route=\/wp\/v2\/types\/post"}],"author":[{"embeddable":true,"href":"https:\/\/inclusivenews.com.br\/index.php?rest_route=\/wp\/v2\/users\/1"}],"replies":[{"embeddable":true,"href":"https:\/\/inclusivenews.com.br\/index.php?rest_route=%2Fwp%2Fv2%2Fcomments&post=15745"}],"version-history":[{"count":0,"href":"https:\/\/inclusivenews.com.br\/index.php?rest_route=\/wp\/v2\/posts\/15745\/revisions"}],"wp:attachment":[{"href":"https:\/\/inclusivenews.com.br\/index.php?rest_route=%2Fwp%2Fv2%2Fmedia&parent=15745"}],"wp:term":[{"taxonomy":"category","embeddable":true,"href":"https:\/\/inclusivenews.com.br\/index.php?rest_route=%2Fwp%2Fv2%2Fcategories&post=15745"},{"taxonomy":"post_tag","embeddable":true,"href":"https:\/\/inclusivenews.com.br\/index.php?rest_route=%2Fwp%2Fv2%2Ftags&post=15745"}],"curies":[{"name":"wp","href":"https:\/\/api.w.org\/{rel}","templated":true}]}}