{"id":15769,"date":"2010-06-04T06:01:33","date_gmt":"2010-06-04T09:01:33","guid":{"rendered":"http:\/\/www.inclusive.org.br\/?p=15769"},"modified":"2010-06-04T06:01:33","modified_gmt":"2010-06-04T09:01:33","slug":"entre-a-realidade-e-a-esperanca-informe-alternativo-sobre-direitos-humanos","status":"publish","type":"post","link":"https:\/\/inclusivenews.com.br\/?p=15769","title":{"rendered":"Entre a realidade e a esperan\u00e7a, informe alternativo sobre direitos humanos"},"content":{"rendered":"<p><a href=\"http:\/\/www.inclusivenews.com.br\/wp-content\/uploads\/2010\/06\/entrelarealidad.jpg\"><img loading=\"lazy\" decoding=\"async\" class=\"alignleft size-full wp-image-15770\" title=\"entre la realidad y la esperanza\" src=\"http:\/\/inclusivenews.com.br\/wp-content\/uploads\/2010\/06\/entrelarealidad.jpg\" alt=\"\" width=\"256\" height=\"140\" \/><\/a>Este relat\u00f3rio \u00e9 fruto de um desafiante projeto desenvolvido por meio do trabalho em rede, por pessoas que acreditam que \u00e9 preciso trabalhar em coopera\u00e7\u00e3o para construir um mundo mais justo em que os direitos humanos sejam efetivamente protegidos e promovidos, fortalecendo a voz de cada ator nesta empreitada.<\/p>\n<p>O presente projeto de se fazer um relat\u00f3rio alternativo sobre as os Objetivos do Mil\u00eanio surgiu dos participantes do IV Col\u00f3quio Internacional de Direitos Humanos, ocorrido em 2004, em S\u00e3o Paulo, Brasil, cujo tema foi A Declara\u00e7\u00e3o e as Metas de Desenvolvimento do Mil\u00eanio da ONU: desafios para os direitos humanos.<\/p>\n<p>Trata-se de um enorme desafio realizar uma pesquisa sobre direitos humanos e os Objetivos do Mil\u00eanio \u00e0 dist\u00e2ncia e em duas l\u00ednguas. Este projeto n\u00e3o teria sido poss\u00edvel sem a persist\u00eancia, dedica\u00e7\u00e3o e paci\u00eancia de Mar\u00eda Esther Mogoll\u00f3n e a contribui\u00e7\u00e3o dos autores dos relat\u00f3rios. Os informes contidos nesta publica\u00e7\u00e3o s\u00e3o de ativistas de direitos humanos do Brasil, Col\u00f4mbia, El Salvador, Mo\u00e7ambique, Paraguai, Peru, Rep\u00fablica Dominicana e Uruguai que integram a Rede Di\u00e1logoDH &#8211; Rede de Ativistas de Direitos Humanos do Hemisf\u00e9rio Sul.<\/p>\n<p>A id\u00e9ia de se criar uma rede para troca de informa\u00e7\u00f5es e a\u00e7\u00e3o conjunta entre ativistas da \u00c1frica, \u00c1sia e Am\u00e9rica Latina, hoje chamada de Rede Di\u00e1logoDH, surgiu durante o I Col\u00f3quio Internacional de Direitos Humanos, realizado em S\u00e3o Paulo em 2001. O Col\u00f3quio tinha como objetivo a constitui\u00e7\u00e3o de um f\u00f3rum para discuss\u00e3o de a\u00e7\u00f5es comuns que garantissem a efetiva\u00e7\u00e3o dos direitos humanos nos pa\u00edses em desenvolvimento. Os participantes chegaram \u00e0 conclus\u00e3o de que aquela experi\u00eancia de troca de informa\u00e7\u00f5es e conhecimento entre organiza\u00e7\u00f5es de direitos humanos do sul tinha sido t\u00e3o proveitosa que n\u00e3o poderia se limitar a t\u00e3o poucos dias. Surgiu ent\u00e3o a proposta de se criar uma rede que fizesse daquele di\u00e1logo algo permanente, superando barreiras geogr\u00e1ficas e ling\u00fc\u00edsticas. A proposta de cria\u00e7\u00e3o da rede foi ent\u00e3o transformada em um projeto que recebeu, inicialmente, o apoio da Funda\u00e7\u00e3o das Na\u00e7\u00f5es Unidas e da Funda\u00e7\u00e3o Ford e Conectas Direitos<\/p>\n<p>Humanos, organiza\u00e7\u00e3o brasileira que co-fundou o Col\u00f3quio, atua como facilitadora da Rede Di\u00e1logoDH.<\/p>\n<p>A id\u00e9ia de uma rede \u00e9 t\u00e3o sedutora como dif\u00edcil de se implementar. A concretiza\u00e7\u00e3o do presente Relat\u00f3rio nos leva a renovar nossa certeza de que \u00e9 poss\u00edvel vencer os obst\u00e1culos da dist\u00e2ncia e da l\u00edngua para agir em rede em prol da promo\u00e7\u00e3o dos direitos humanos no sul.<\/p>\n<p>Hoje, gra\u00e7as aos autores deste Relat\u00f3rio, a Rede Di\u00e1logoDH \u00e9 uma realidade!<\/p>\n<p><a href=\"http:\/\/www.ciudadaniasexual.org\/publicaciones\/Entre_la_realidad_y_la_esperanza__Informe_alternativo.pdf\">Link para download.<\/a><\/p>\n<p>Julia Mello Neiva<br \/>\nFacilitadora<br \/>\nRede Di\u00e1logoDH<\/p>\n","protected":false},"excerpt":{"rendered":"<p>Os informes contidos nesta publica\u00e7\u00e3o s\u00e3o de ativistas de direitos humanos que integram a Rede Di\u00e1logoDH. Divulgado na Inclusive pela Leandra Migotto Certeza.<\/p>\n","protected":false},"author":1,"featured_media":0,"comment_status":"open","ping_status":"open","sticky":false,"template":"","format":"standard","meta":{"site-container-style":"default","site-container-layout":"default","site-sidebar-layout":"default","disable-article-header":"default","disable-site-header":"default","disable-site-footer":"default","disable-content-area-spacing":"default","footnotes":""},"categories":[11,52,4,10,117],"tags":[],"class_list":["post-15769","post","type-post","status-publish","format-standard","hentry","category-direitos-humanos","category-downloadables","category-noticias","category-publicacoes","category-relatorios"],"yoast_head":"<!-- This site is optimized with the Yoast SEO plugin v27.4 - https:\/\/yoast.com\/product\/yoast-seo-wordpress\/ -->\n<title>Entre a realidade e a esperan\u00e7a, informe alternativo sobre direitos humanos -<\/title>\n<meta name=\"robots\" content=\"index, follow, max-snippet:-1, max-image-preview:large, max-video-preview:-1\" \/>\n<link rel=\"canonical\" href=\"https:\/\/inclusivenews.com.br\/?p=15769\" \/>\n<meta property=\"og:locale\" content=\"pt_PT\" \/>\n<meta property=\"og:type\" content=\"article\" \/>\n<meta property=\"og:title\" content=\"Entre a realidade e a esperan\u00e7a, informe alternativo sobre direitos humanos -\" \/>\n<meta property=\"og:description\" content=\"Os informes contidos nesta publica\u00e7\u00e3o s\u00e3o de ativistas de direitos humanos que integram a Rede Di\u00e1logoDH. Divulgado na Inclusive pela Leandra Migotto Certeza.\" \/>\n<meta property=\"og:url\" content=\"https:\/\/inclusivenews.com.br\/?p=15769\" \/>\n<meta property=\"article:publisher\" content=\"https:\/\/www.facebook.com\/agenciainclusive\/\" \/>\n<meta property=\"article:published_time\" content=\"2010-06-04T09:01:33+00:00\" \/>\n<meta property=\"og:image\" content=\"http:\/\/inclusivenews.com.br\/wp-content\/uploads\/2010\/06\/entrelarealidad.jpg\" \/>\n<meta name=\"author\" content=\"inclusivenews2024\" \/>\n<meta name=\"twitter:card\" content=\"summary_large_image\" \/>\n<meta name=\"twitter:label1\" content=\"Escrito por\" \/>\n\t<meta name=\"twitter:data1\" content=\"inclusivenews2024\" \/>\n\t<meta name=\"twitter:label2\" content=\"Tempo estimado de leitura\" \/>\n\t<meta name=\"twitter:data2\" content=\"2 minutos\" \/>\n<script type=\"application\/ld+json\" class=\"yoast-schema-graph\">{\"@context\":\"https:\\\/\\\/schema.org\",\"@graph\":[{\"@type\":\"Article\",\"@id\":\"https:\\\/\\\/inclusivenews.com.br\\\/?p=15769#article\",\"isPartOf\":{\"@id\":\"https:\\\/\\\/inclusivenews.com.br\\\/?p=15769\"},\"author\":{\"name\":\"inclusivenews2024\",\"@id\":\"https:\\\/\\\/inclusivenews.com.br\\\/#\\\/schema\\\/person\\\/ae4ec7087559b8692fb33b6fffd2273b\"},\"headline\":\"Entre a realidade e a esperan\u00e7a, informe alternativo sobre direitos humanos\",\"datePublished\":\"2010-06-04T09:01:33+00:00\",\"mainEntityOfPage\":{\"@id\":\"https:\\\/\\\/inclusivenews.com.br\\\/?p=15769\"},\"wordCount\":495,\"commentCount\":0,\"publisher\":{\"@id\":\"https:\\\/\\\/inclusivenews.com.br\\\/#organization\"},\"image\":{\"@id\":\"https:\\\/\\\/inclusivenews.com.br\\\/?p=15769#primaryimage\"},\"thumbnailUrl\":\"http:\\\/\\\/inclusivenews.com.br\\\/wp-content\\\/uploads\\\/2010\\\/06\\\/entrelarealidad.jpg\",\"articleSection\":[\"DIREITOS HUMANOS\",\"Downloadables\",\"NOT\u00cdCIAS\",\"PUBLICA\u00c7\u00d5ES\",\"Relat\u00f3rios\"],\"inLanguage\":\"pt-PT\",\"potentialAction\":[{\"@type\":\"CommentAction\",\"name\":\"Comment\",\"target\":[\"https:\\\/\\\/inclusivenews.com.br\\\/?p=15769#respond\"]}]},{\"@type\":\"WebPage\",\"@id\":\"https:\\\/\\\/inclusivenews.com.br\\\/?p=15769\",\"url\":\"https:\\\/\\\/inclusivenews.com.br\\\/?p=15769\",\"name\":\"Entre a realidade e a esperan\u00e7a, informe alternativo sobre direitos humanos -\",\"isPartOf\":{\"@id\":\"https:\\\/\\\/inclusivenews.com.br\\\/#website\"},\"primaryImageOfPage\":{\"@id\":\"https:\\\/\\\/inclusivenews.com.br\\\/?p=15769#primaryimage\"},\"image\":{\"@id\":\"https:\\\/\\\/inclusivenews.com.br\\\/?p=15769#primaryimage\"},\"thumbnailUrl\":\"http:\\\/\\\/inclusivenews.com.br\\\/wp-content\\\/uploads\\\/2010\\\/06\\\/entrelarealidad.jpg\",\"datePublished\":\"2010-06-04T09:01:33+00:00\",\"breadcrumb\":{\"@id\":\"https:\\\/\\\/inclusivenews.com.br\\\/?p=15769#breadcrumb\"},\"inLanguage\":\"pt-PT\",\"potentialAction\":[{\"@type\":\"ReadAction\",\"target\":[\"https:\\\/\\\/inclusivenews.com.br\\\/?p=15769\"]}]},{\"@type\":\"ImageObject\",\"inLanguage\":\"pt-PT\",\"@id\":\"https:\\\/\\\/inclusivenews.com.br\\\/?p=15769#primaryimage\",\"url\":\"\",\"contentUrl\":\"\"},{\"@type\":\"BreadcrumbList\",\"@id\":\"https:\\\/\\\/inclusivenews.com.br\\\/?p=15769#breadcrumb\",\"itemListElement\":[{\"@type\":\"ListItem\",\"position\":1,\"name\":\"In\u00edcio\",\"item\":\"https:\\\/\\\/inclusivenews.com.br\\\/\"},{\"@type\":\"ListItem\",\"position\":2,\"name\":\"Entre a realidade e a esperan\u00e7a, informe alternativo sobre direitos humanos\"}]},{\"@type\":\"WebSite\",\"@id\":\"https:\\\/\\\/inclusivenews.com.br\\\/#website\",\"url\":\"https:\\\/\\\/inclusivenews.com.br\\\/\",\"name\":\"Inclusive News\",\"description\":\"Inclusive News\",\"publisher\":{\"@id\":\"https:\\\/\\\/inclusivenews.com.br\\\/#organization\"},\"potentialAction\":[{\"@type\":\"SearchAction\",\"target\":{\"@type\":\"EntryPoint\",\"urlTemplate\":\"https:\\\/\\\/inclusivenews.com.br\\\/?s={search_term_string}\"},\"query-input\":{\"@type\":\"PropertyValueSpecification\",\"valueRequired\":true,\"valueName\":\"search_term_string\"}}],\"inLanguage\":\"pt-PT\"},{\"@type\":\"Organization\",\"@id\":\"https:\\\/\\\/inclusivenews.com.br\\\/#organization\",\"name\":\"Inclusive - inclus\u00e3o e cidadania\",\"url\":\"https:\\\/\\\/inclusivenews.com.br\\\/\",\"logo\":{\"@type\":\"ImageObject\",\"inLanguage\":\"pt-PT\",\"@id\":\"https:\\\/\\\/inclusivenews.com.br\\\/#\\\/schema\\\/logo\\\/image\\\/\",\"url\":\"https:\\\/\\\/inclusivenews.com.br\\\/wp-content\\\/uploads\\\/2024\\\/03\\\/@grandesite.png\",\"contentUrl\":\"https:\\\/\\\/inclusivenews.com.br\\\/wp-content\\\/uploads\\\/2024\\\/03\\\/@grandesite.png\",\"width\":1080,\"height\":1080,\"caption\":\"Inclusive - inclus\u00e3o e cidadania\"},\"image\":{\"@id\":\"https:\\\/\\\/inclusivenews.com.br\\\/#\\\/schema\\\/logo\\\/image\\\/\"},\"sameAs\":[\"https:\\\/\\\/www.facebook.com\\\/agenciainclusive\\\/\",\"https:\\\/\\\/www.instagram.com\\\/newsinclusive\\\/\"]},{\"@type\":\"Person\",\"@id\":\"https:\\\/\\\/inclusivenews.com.br\\\/#\\\/schema\\\/person\\\/ae4ec7087559b8692fb33b6fffd2273b\",\"name\":\"inclusivenews2024\",\"image\":{\"@type\":\"ImageObject\",\"inLanguage\":\"pt-PT\",\"@id\":\"https:\\\/\\\/secure.gravatar.com\\\/avatar\\\/c5a7ef84c66fa914f55bc4f7ce26cfa275a3b9a1c5568b907bd184fb4dde7b40?s=96&d=mm&r=g\",\"url\":\"https:\\\/\\\/secure.gravatar.com\\\/avatar\\\/c5a7ef84c66fa914f55bc4f7ce26cfa275a3b9a1c5568b907bd184fb4dde7b40?s=96&d=mm&r=g\",\"contentUrl\":\"https:\\\/\\\/secure.gravatar.com\\\/avatar\\\/c5a7ef84c66fa914f55bc4f7ce26cfa275a3b9a1c5568b907bd184fb4dde7b40?s=96&d=mm&r=g\",\"caption\":\"inclusivenews2024\"},\"sameAs\":[\"https:\\\/\\\/inclusivenews.com.br\"],\"url\":\"https:\\\/\\\/inclusivenews.com.br\\\/?author=1\"}]}<\/script>\n<!-- \/ Yoast SEO plugin. -->","yoast_head_json":{"title":"Entre a realidade e a esperan\u00e7a, informe alternativo sobre direitos humanos -","robots":{"index":"index","follow":"follow","max-snippet":"max-snippet:-1","max-image-preview":"max-image-preview:large","max-video-preview":"max-video-preview:-1"},"canonical":"https:\/\/inclusivenews.com.br\/?p=15769","og_locale":"pt_PT","og_type":"article","og_title":"Entre a realidade e a esperan\u00e7a, informe alternativo sobre direitos humanos -","og_description":"Os informes contidos nesta publica\u00e7\u00e3o s\u00e3o de ativistas de direitos humanos que integram a Rede Di\u00e1logoDH. Divulgado na Inclusive pela Leandra Migotto Certeza.","og_url":"https:\/\/inclusivenews.com.br\/?p=15769","article_publisher":"https:\/\/www.facebook.com\/agenciainclusive\/","article_published_time":"2010-06-04T09:01:33+00:00","og_image":[{"url":"http:\/\/inclusivenews.com.br\/wp-content\/uploads\/2010\/06\/entrelarealidad.jpg","type":"","width":"","height":""}],"author":"inclusivenews2024","twitter_card":"summary_large_image","twitter_misc":{"Escrito por":"inclusivenews2024","Tempo estimado de leitura":"2 minutos"},"schema":{"@context":"https:\/\/schema.org","@graph":[{"@type":"Article","@id":"https:\/\/inclusivenews.com.br\/?p=15769#article","isPartOf":{"@id":"https:\/\/inclusivenews.com.br\/?p=15769"},"author":{"name":"inclusivenews2024","@id":"https:\/\/inclusivenews.com.br\/#\/schema\/person\/ae4ec7087559b8692fb33b6fffd2273b"},"headline":"Entre a realidade e a esperan\u00e7a, informe alternativo sobre direitos humanos","datePublished":"2010-06-04T09:01:33+00:00","mainEntityOfPage":{"@id":"https:\/\/inclusivenews.com.br\/?p=15769"},"wordCount":495,"commentCount":0,"publisher":{"@id":"https:\/\/inclusivenews.com.br\/#organization"},"image":{"@id":"https:\/\/inclusivenews.com.br\/?p=15769#primaryimage"},"thumbnailUrl":"http:\/\/inclusivenews.com.br\/wp-content\/uploads\/2010\/06\/entrelarealidad.jpg","articleSection":["DIREITOS HUMANOS","Downloadables","NOT\u00cdCIAS","PUBLICA\u00c7\u00d5ES","Relat\u00f3rios"],"inLanguage":"pt-PT","potentialAction":[{"@type":"CommentAction","name":"Comment","target":["https:\/\/inclusivenews.com.br\/?p=15769#respond"]}]},{"@type":"WebPage","@id":"https:\/\/inclusivenews.com.br\/?p=15769","url":"https:\/\/inclusivenews.com.br\/?p=15769","name":"Entre a realidade e a esperan\u00e7a, informe alternativo sobre direitos humanos -","isPartOf":{"@id":"https:\/\/inclusivenews.com.br\/#website"},"primaryImageOfPage":{"@id":"https:\/\/inclusivenews.com.br\/?p=15769#primaryimage"},"image":{"@id":"https:\/\/inclusivenews.com.br\/?p=15769#primaryimage"},"thumbnailUrl":"http:\/\/inclusivenews.com.br\/wp-content\/uploads\/2010\/06\/entrelarealidad.jpg","datePublished":"2010-06-04T09:01:33+00:00","breadcrumb":{"@id":"https:\/\/inclusivenews.com.br\/?p=15769#breadcrumb"},"inLanguage":"pt-PT","potentialAction":[{"@type":"ReadAction","target":["https:\/\/inclusivenews.com.br\/?p=15769"]}]},{"@type":"ImageObject","inLanguage":"pt-PT","@id":"https:\/\/inclusivenews.com.br\/?p=15769#primaryimage","url":"","contentUrl":""},{"@type":"BreadcrumbList","@id":"https:\/\/inclusivenews.com.br\/?p=15769#breadcrumb","itemListElement":[{"@type":"ListItem","position":1,"name":"In\u00edcio","item":"https:\/\/inclusivenews.com.br\/"},{"@type":"ListItem","position":2,"name":"Entre a realidade e a esperan\u00e7a, informe alternativo sobre direitos humanos"}]},{"@type":"WebSite","@id":"https:\/\/inclusivenews.com.br\/#website","url":"https:\/\/inclusivenews.com.br\/","name":"Inclusive News","description":"Inclusive News","publisher":{"@id":"https:\/\/inclusivenews.com.br\/#organization"},"potentialAction":[{"@type":"SearchAction","target":{"@type":"EntryPoint","urlTemplate":"https:\/\/inclusivenews.com.br\/?s={search_term_string}"},"query-input":{"@type":"PropertyValueSpecification","valueRequired":true,"valueName":"search_term_string"}}],"inLanguage":"pt-PT"},{"@type":"Organization","@id":"https:\/\/inclusivenews.com.br\/#organization","name":"Inclusive - inclus\u00e3o e cidadania","url":"https:\/\/inclusivenews.com.br\/","logo":{"@type":"ImageObject","inLanguage":"pt-PT","@id":"https:\/\/inclusivenews.com.br\/#\/schema\/logo\/image\/","url":"https:\/\/inclusivenews.com.br\/wp-content\/uploads\/2024\/03\/@grandesite.png","contentUrl":"https:\/\/inclusivenews.com.br\/wp-content\/uploads\/2024\/03\/@grandesite.png","width":1080,"height":1080,"caption":"Inclusive - inclus\u00e3o e cidadania"},"image":{"@id":"https:\/\/inclusivenews.com.br\/#\/schema\/logo\/image\/"},"sameAs":["https:\/\/www.facebook.com\/agenciainclusive\/","https:\/\/www.instagram.com\/newsinclusive\/"]},{"@type":"Person","@id":"https:\/\/inclusivenews.com.br\/#\/schema\/person\/ae4ec7087559b8692fb33b6fffd2273b","name":"inclusivenews2024","image":{"@type":"ImageObject","inLanguage":"pt-PT","@id":"https:\/\/secure.gravatar.com\/avatar\/c5a7ef84c66fa914f55bc4f7ce26cfa275a3b9a1c5568b907bd184fb4dde7b40?s=96&d=mm&r=g","url":"https:\/\/secure.gravatar.com\/avatar\/c5a7ef84c66fa914f55bc4f7ce26cfa275a3b9a1c5568b907bd184fb4dde7b40?s=96&d=mm&r=g","contentUrl":"https:\/\/secure.gravatar.com\/avatar\/c5a7ef84c66fa914f55bc4f7ce26cfa275a3b9a1c5568b907bd184fb4dde7b40?s=96&d=mm&r=g","caption":"inclusivenews2024"},"sameAs":["https:\/\/inclusivenews.com.br"],"url":"https:\/\/inclusivenews.com.br\/?author=1"}]}},"_links":{"self":[{"href":"https:\/\/inclusivenews.com.br\/index.php?rest_route=\/wp\/v2\/posts\/15769","targetHints":{"allow":["GET"]}}],"collection":[{"href":"https:\/\/inclusivenews.com.br\/index.php?rest_route=\/wp\/v2\/posts"}],"about":[{"href":"https:\/\/inclusivenews.com.br\/index.php?rest_route=\/wp\/v2\/types\/post"}],"author":[{"embeddable":true,"href":"https:\/\/inclusivenews.com.br\/index.php?rest_route=\/wp\/v2\/users\/1"}],"replies":[{"embeddable":true,"href":"https:\/\/inclusivenews.com.br\/index.php?rest_route=%2Fwp%2Fv2%2Fcomments&post=15769"}],"version-history":[{"count":0,"href":"https:\/\/inclusivenews.com.br\/index.php?rest_route=\/wp\/v2\/posts\/15769\/revisions"}],"wp:attachment":[{"href":"https:\/\/inclusivenews.com.br\/index.php?rest_route=%2Fwp%2Fv2%2Fmedia&parent=15769"}],"wp:term":[{"taxonomy":"category","embeddable":true,"href":"https:\/\/inclusivenews.com.br\/index.php?rest_route=%2Fwp%2Fv2%2Fcategories&post=15769"},{"taxonomy":"post_tag","embeddable":true,"href":"https:\/\/inclusivenews.com.br\/index.php?rest_route=%2Fwp%2Fv2%2Ftags&post=15769"}],"curies":[{"name":"wp","href":"https:\/\/api.w.org\/{rel}","templated":true}]}}