{"id":15786,"date":"2010-06-06T18:59:44","date_gmt":"2010-06-06T21:59:44","guid":{"rendered":"http:\/\/www.inclusive.org.br\/?p=15786"},"modified":"2010-06-06T18:59:44","modified_gmt":"2010-06-06T21:59:44","slug":"parada-lgbt-pede-voto-contra-homofobia-na-parada-2010","status":"publish","type":"post","link":"https:\/\/inclusivenews.com.br\/?p=15786","title":{"rendered":"Parada LGBT pede voto contra homofobia na Parada 2010"},"content":{"rendered":"<figure style=\"width: 280px\" class=\"wp-caption alignleft\"><a class=\"moz-txt-link-freetext\" href=\"http:\/\/www.redebrasilatual.com.br\/temas\/cidadania\/parada-lgbt-pede-voto-contra-homofobia-na-parada-2010\/image_preview\"><img loading=\"lazy\" decoding=\"async\" title=\"Colorido de edi\u00e7\u00f5es anteriores, como 2009, deve ter menos espa\u00e7o, segundo os organizadores (Foto: Gerardo Lazzari)\" src=\"http:\/\/www.redebrasilatual.com.br\/temas\/cidadania\/parada-lgbt-pede-voto-contra-homofobia-na-parada-2010\/image_preview\" alt=\"\" width=\"280\" height=\"186\" \/><\/a><figcaption class=\"wp-caption-text\">Colorido de edi\u00e7\u00f5es anteriores, como 2009, deve ter menos espa\u00e7o, segundo os organizadores (Foto: Gerardo Lazzari)<\/figcaption><\/figure>\n<p><a class=\"moz-txt-link-freetext\" href=\"http:\/\/www.redebrasilatual.com.br\/temas\/cidadania\/parada-lgbt-pede-voto-contra-homofobia-na-parada-2010\/image_preview\"><\/a>Na 14\u00aa edi\u00e7\u00e3o, a Parada do Orgulho LGBT \u2013 L\u00e9sbicas, Gays, Bissexuais e Transexuais \u2013 volta-se ainda mais a temas pol\u00edticos e eleitorais. O tema da mobiliza\u00e7\u00e3o \u00e9 &#8220;Vote Contra a Homofobia: Defenda a Cidadania!&#8221; S\u00e3o esperadas 3 milh\u00f5es de pessoas para a manifesta\u00e7\u00e3o deste domingo (6) na avenida Paulista, programada das 12h \u00e0s 19h30.<\/p>\n<p>A organiza\u00e7\u00e3o promete substituir as cores do arco-\u00edris por preto e branco nos 18 trios el\u00e9tricos. Segundo Manuel Zanini, um dos coordenadores das atividades, explica que a op\u00e7\u00e3o corresponde a uma mudan\u00e7a de estrat\u00e9gia. &#8220;N\u00f3s j\u00e1 passamos a fase de buscar visibilidade e as cores do arco-\u00edris s\u00e3o, neste ano, nesta fase, um detalhe. N\u00f3s queremos agir direto. Ir para Bras\u00edlia e pressionar os governantes&#8221;, explicou.<\/p>\n<p>&#8220;O voto deve ser dado aos que assumidamente defendem a causa LGBT&#8221;, sugere Alexandre Santos, presidente da Associa\u00e7\u00e3o da Parada do Orgulho LGBT<em> <\/em>. &#8220;Isso n\u00e3o \u00e9 um recado s\u00f3 para n\u00f3s. Mas para todos que querem eleger um pa\u00eds mais democr\u00e1tico. Voc\u00ea se lembra em quem votou? Quais declara\u00e7\u00f5es p\u00fablicas que ele ou ela tem feito sobre n\u00f3s? O que fez para a popula\u00e7\u00e3o LGBT? Implementou pol\u00edticas p\u00fablicas para n\u00f3s?&#8221;, questiona.<\/p>\n<p>Os ativistas lembram que a op\u00e7\u00e3o por quest\u00f5es pol\u00edticas sempre esteve presente na Parada. A decis\u00e3o de assumir uma posi\u00e7\u00e3o de a\u00e7\u00e3o direta pol\u00edtica, explica Zanini, foi tomada ap\u00f3s o movimento perceber que a popula\u00e7\u00e3o LGBT continuava, apesar das in\u00fameras campanhas, a sofrer preconceito e viol\u00eancia. De acordo com os organizadores, em 2009, 198 pessoas foram mortas no pa\u00eds em raz\u00e3o da op\u00e7\u00e3o sexual. A inten\u00e7\u00e3o agora \u00e9 mostrar a for\u00e7a do grupo na escolha dos pr\u00f3ximos governantes.<\/p>\n<p>Al\u00e9m da Parada, uma s\u00e9rie de eventos ocorrem desde ter\u00e7a-feira (1\u00ba) at\u00e9 o fim do m\u00eas do orgulho LGBT. Um ciclo de debates est\u00e1 programado a partir da pr\u00f3xima semana, al\u00e9m de uma feira cultural e tamb\u00e9m festa. Nesta sexta-feira (5), o Playcenter, na zona norte, abriga o 10\u00ba Gay Day.<\/p>\n<p><span class=\"link-external\"><a class=\"external-link\" href=\"http:\/\/www.paradasp.org.br\/programacao.php\" target=\"_blank\" rel=\"noopener\">Clique aqui<\/a><\/span> para acessar a programa\u00e7\u00e3o.<\/p>\n<p class=\"discreet\">Com informa\u00e7\u00f5es da Ag\u00eancia Brasil<br \/>\n____________________<\/p>\n<p class=\"discreet\"><strong>Fonte:<\/strong> <a href=\"http:\/\/www.redebrasilatual.com.br\/temas\/cidadania\/parada-lgbt-pede-voto-contra-homofobia-na-parada-2010\">Rede Brasil Atual<\/a><\/p>\n","protected":false},"excerpt":{"rendered":"<p>Na 14\u00aa edi\u00e7\u00e3o, a Parada do Orgulho LGBT \u2013 L\u00e9sbicas, Gays, Bissexuais e Transexuais \u2013 volta-se ainda mais a temas pol\u00edticos e eleitorais. O tema da mobiliza\u00e7\u00e3o \u00e9 &#8220;Vote Contra a Homofobia: Defenda a Cidadania!&#8221; S\u00e3o esperadas 3 milh\u00f5es de pessoas para a manifesta\u00e7\u00e3o deste domingo (6) na avenida Paulista, programada das 12h \u00e0s 19h30.<\/p>\n","protected":false},"author":1,"featured_media":0,"comment_status":"open","ping_status":"open","sticky":false,"template":"","format":"standard","meta":{"site-container-style":"default","site-container-layout":"default","site-sidebar-layout":"default","disable-article-header":"default","disable-site-header":"default","disable-site-footer":"default","disable-content-area-spacing":"default","footnotes":""},"categories":[3,40,4,41],"tags":[],"class_list":["post-15786","post","type-post","status-publish","format-standard","hentry","category-campanhas","category-diversidade","category-noticias","category-preconceito"],"yoast_head":"<!-- This site is optimized with the Yoast SEO plugin v27.4 - https:\/\/yoast.com\/product\/yoast-seo-wordpress\/ -->\n<title>Parada LGBT pede voto contra homofobia na Parada 2010 -<\/title>\n<meta name=\"robots\" content=\"index, follow, max-snippet:-1, max-image-preview:large, max-video-preview:-1\" \/>\n<link rel=\"canonical\" href=\"https:\/\/inclusivenews.com.br\/?p=15786\" \/>\n<meta property=\"og:locale\" content=\"pt_PT\" \/>\n<meta property=\"og:type\" content=\"article\" \/>\n<meta property=\"og:title\" content=\"Parada LGBT pede voto contra homofobia na Parada 2010 -\" \/>\n<meta property=\"og:description\" content=\"Na 14\u00aa edi\u00e7\u00e3o, a Parada do Orgulho LGBT \u2013 L\u00e9sbicas, Gays, Bissexuais e Transexuais \u2013 volta-se ainda mais a temas pol\u00edticos e eleitorais. O tema da mobiliza\u00e7\u00e3o \u00e9 &quot;Vote Contra a Homofobia: Defenda a Cidadania!&quot; S\u00e3o esperadas 3 milh\u00f5es de pessoas para a manifesta\u00e7\u00e3o deste domingo (6) na avenida Paulista, programada das 12h \u00e0s 19h30.\" \/>\n<meta property=\"og:url\" content=\"https:\/\/inclusivenews.com.br\/?p=15786\" \/>\n<meta property=\"article:publisher\" content=\"https:\/\/www.facebook.com\/agenciainclusive\/\" \/>\n<meta property=\"article:published_time\" content=\"2010-06-06T21:59:44+00:00\" \/>\n<meta property=\"og:image\" content=\"http:\/\/www.redebrasilatual.com.br\/temas\/cidadania\/parada-lgbt-pede-voto-contra-homofobia-na-parada-2010\/image_preview\" \/>\n<meta name=\"author\" content=\"inclusivenews2024\" \/>\n<meta name=\"twitter:card\" content=\"summary_large_image\" \/>\n<meta name=\"twitter:label1\" content=\"Escrito por\" \/>\n\t<meta name=\"twitter:data1\" content=\"inclusivenews2024\" \/>\n\t<meta name=\"twitter:label2\" content=\"Tempo estimado de leitura\" \/>\n\t<meta name=\"twitter:data2\" content=\"2 minutos\" \/>\n<script type=\"application\/ld+json\" class=\"yoast-schema-graph\">{\"@context\":\"https:\\\/\\\/schema.org\",\"@graph\":[{\"@type\":\"Article\",\"@id\":\"https:\\\/\\\/inclusivenews.com.br\\\/?p=15786#article\",\"isPartOf\":{\"@id\":\"https:\\\/\\\/inclusivenews.com.br\\\/?p=15786\"},\"author\":{\"name\":\"inclusivenews2024\",\"@id\":\"https:\\\/\\\/inclusivenews.com.br\\\/#\\\/schema\\\/person\\\/ae4ec7087559b8692fb33b6fffd2273b\"},\"headline\":\"Parada LGBT pede voto contra homofobia na Parada 2010\",\"datePublished\":\"2010-06-06T21:59:44+00:00\",\"mainEntityOfPage\":{\"@id\":\"https:\\\/\\\/inclusivenews.com.br\\\/?p=15786\"},\"wordCount\":411,\"commentCount\":0,\"publisher\":{\"@id\":\"https:\\\/\\\/inclusivenews.com.br\\\/#organization\"},\"image\":{\"@id\":\"https:\\\/\\\/inclusivenews.com.br\\\/?p=15786#primaryimage\"},\"thumbnailUrl\":\"http:\\\/\\\/www.redebrasilatual.com.br\\\/temas\\\/cidadania\\\/parada-lgbt-pede-voto-contra-homofobia-na-parada-2010\\\/image_preview\",\"articleSection\":[\"CAMPANHAS\",\"Diversidade\",\"NOT\u00cdCIAS\",\"Preconceito\"],\"inLanguage\":\"pt-PT\",\"potentialAction\":[{\"@type\":\"CommentAction\",\"name\":\"Comment\",\"target\":[\"https:\\\/\\\/inclusivenews.com.br\\\/?p=15786#respond\"]}]},{\"@type\":\"WebPage\",\"@id\":\"https:\\\/\\\/inclusivenews.com.br\\\/?p=15786\",\"url\":\"https:\\\/\\\/inclusivenews.com.br\\\/?p=15786\",\"name\":\"Parada LGBT pede voto contra homofobia na Parada 2010 -\",\"isPartOf\":{\"@id\":\"https:\\\/\\\/inclusivenews.com.br\\\/#website\"},\"primaryImageOfPage\":{\"@id\":\"https:\\\/\\\/inclusivenews.com.br\\\/?p=15786#primaryimage\"},\"image\":{\"@id\":\"https:\\\/\\\/inclusivenews.com.br\\\/?p=15786#primaryimage\"},\"thumbnailUrl\":\"http:\\\/\\\/www.redebrasilatual.com.br\\\/temas\\\/cidadania\\\/parada-lgbt-pede-voto-contra-homofobia-na-parada-2010\\\/image_preview\",\"datePublished\":\"2010-06-06T21:59:44+00:00\",\"breadcrumb\":{\"@id\":\"https:\\\/\\\/inclusivenews.com.br\\\/?p=15786#breadcrumb\"},\"inLanguage\":\"pt-PT\",\"potentialAction\":[{\"@type\":\"ReadAction\",\"target\":[\"https:\\\/\\\/inclusivenews.com.br\\\/?p=15786\"]}]},{\"@type\":\"ImageObject\",\"inLanguage\":\"pt-PT\",\"@id\":\"https:\\\/\\\/inclusivenews.com.br\\\/?p=15786#primaryimage\",\"url\":\"http:\\\/\\\/www.redebrasilatual.com.br\\\/temas\\\/cidadania\\\/parada-lgbt-pede-voto-contra-homofobia-na-parada-2010\\\/image_preview\",\"contentUrl\":\"http:\\\/\\\/www.redebrasilatual.com.br\\\/temas\\\/cidadania\\\/parada-lgbt-pede-voto-contra-homofobia-na-parada-2010\\\/image_preview\"},{\"@type\":\"BreadcrumbList\",\"@id\":\"https:\\\/\\\/inclusivenews.com.br\\\/?p=15786#breadcrumb\",\"itemListElement\":[{\"@type\":\"ListItem\",\"position\":1,\"name\":\"In\u00edcio\",\"item\":\"https:\\\/\\\/inclusivenews.com.br\\\/\"},{\"@type\":\"ListItem\",\"position\":2,\"name\":\"Parada LGBT pede voto contra homofobia na Parada 2010\"}]},{\"@type\":\"WebSite\",\"@id\":\"https:\\\/\\\/inclusivenews.com.br\\\/#website\",\"url\":\"https:\\\/\\\/inclusivenews.com.br\\\/\",\"name\":\"Inclusive News\",\"description\":\"Inclusive News\",\"publisher\":{\"@id\":\"https:\\\/\\\/inclusivenews.com.br\\\/#organization\"},\"potentialAction\":[{\"@type\":\"SearchAction\",\"target\":{\"@type\":\"EntryPoint\",\"urlTemplate\":\"https:\\\/\\\/inclusivenews.com.br\\\/?s={search_term_string}\"},\"query-input\":{\"@type\":\"PropertyValueSpecification\",\"valueRequired\":true,\"valueName\":\"search_term_string\"}}],\"inLanguage\":\"pt-PT\"},{\"@type\":\"Organization\",\"@id\":\"https:\\\/\\\/inclusivenews.com.br\\\/#organization\",\"name\":\"Inclusive - inclus\u00e3o e cidadania\",\"url\":\"https:\\\/\\\/inclusivenews.com.br\\\/\",\"logo\":{\"@type\":\"ImageObject\",\"inLanguage\":\"pt-PT\",\"@id\":\"https:\\\/\\\/inclusivenews.com.br\\\/#\\\/schema\\\/logo\\\/image\\\/\",\"url\":\"https:\\\/\\\/inclusivenews.com.br\\\/wp-content\\\/uploads\\\/2024\\\/03\\\/@grandesite.png\",\"contentUrl\":\"https:\\\/\\\/inclusivenews.com.br\\\/wp-content\\\/uploads\\\/2024\\\/03\\\/@grandesite.png\",\"width\":1080,\"height\":1080,\"caption\":\"Inclusive - inclus\u00e3o e cidadania\"},\"image\":{\"@id\":\"https:\\\/\\\/inclusivenews.com.br\\\/#\\\/schema\\\/logo\\\/image\\\/\"},\"sameAs\":[\"https:\\\/\\\/www.facebook.com\\\/agenciainclusive\\\/\",\"https:\\\/\\\/www.instagram.com\\\/newsinclusive\\\/\"]},{\"@type\":\"Person\",\"@id\":\"https:\\\/\\\/inclusivenews.com.br\\\/#\\\/schema\\\/person\\\/ae4ec7087559b8692fb33b6fffd2273b\",\"name\":\"inclusivenews2024\",\"image\":{\"@type\":\"ImageObject\",\"inLanguage\":\"pt-PT\",\"@id\":\"https:\\\/\\\/secure.gravatar.com\\\/avatar\\\/c5a7ef84c66fa914f55bc4f7ce26cfa275a3b9a1c5568b907bd184fb4dde7b40?s=96&d=mm&r=g\",\"url\":\"https:\\\/\\\/secure.gravatar.com\\\/avatar\\\/c5a7ef84c66fa914f55bc4f7ce26cfa275a3b9a1c5568b907bd184fb4dde7b40?s=96&d=mm&r=g\",\"contentUrl\":\"https:\\\/\\\/secure.gravatar.com\\\/avatar\\\/c5a7ef84c66fa914f55bc4f7ce26cfa275a3b9a1c5568b907bd184fb4dde7b40?s=96&d=mm&r=g\",\"caption\":\"inclusivenews2024\"},\"sameAs\":[\"https:\\\/\\\/inclusivenews.com.br\"],\"url\":\"https:\\\/\\\/inclusivenews.com.br\\\/?author=1\"}]}<\/script>\n<!-- \/ Yoast SEO plugin. -->","yoast_head_json":{"title":"Parada LGBT pede voto contra homofobia na Parada 2010 -","robots":{"index":"index","follow":"follow","max-snippet":"max-snippet:-1","max-image-preview":"max-image-preview:large","max-video-preview":"max-video-preview:-1"},"canonical":"https:\/\/inclusivenews.com.br\/?p=15786","og_locale":"pt_PT","og_type":"article","og_title":"Parada LGBT pede voto contra homofobia na Parada 2010 -","og_description":"Na 14\u00aa edi\u00e7\u00e3o, a Parada do Orgulho LGBT \u2013 L\u00e9sbicas, Gays, Bissexuais e Transexuais \u2013 volta-se ainda mais a temas pol\u00edticos e eleitorais. O tema da mobiliza\u00e7\u00e3o \u00e9 \"Vote Contra a Homofobia: Defenda a Cidadania!\" S\u00e3o esperadas 3 milh\u00f5es de pessoas para a manifesta\u00e7\u00e3o deste domingo (6) na avenida Paulista, programada das 12h \u00e0s 19h30.","og_url":"https:\/\/inclusivenews.com.br\/?p=15786","article_publisher":"https:\/\/www.facebook.com\/agenciainclusive\/","article_published_time":"2010-06-06T21:59:44+00:00","og_image":[{"url":"http:\/\/www.redebrasilatual.com.br\/temas\/cidadania\/parada-lgbt-pede-voto-contra-homofobia-na-parada-2010\/image_preview","type":"","width":"","height":""}],"author":"inclusivenews2024","twitter_card":"summary_large_image","twitter_misc":{"Escrito por":"inclusivenews2024","Tempo estimado de leitura":"2 minutos"},"schema":{"@context":"https:\/\/schema.org","@graph":[{"@type":"Article","@id":"https:\/\/inclusivenews.com.br\/?p=15786#article","isPartOf":{"@id":"https:\/\/inclusivenews.com.br\/?p=15786"},"author":{"name":"inclusivenews2024","@id":"https:\/\/inclusivenews.com.br\/#\/schema\/person\/ae4ec7087559b8692fb33b6fffd2273b"},"headline":"Parada LGBT pede voto contra homofobia na Parada 2010","datePublished":"2010-06-06T21:59:44+00:00","mainEntityOfPage":{"@id":"https:\/\/inclusivenews.com.br\/?p=15786"},"wordCount":411,"commentCount":0,"publisher":{"@id":"https:\/\/inclusivenews.com.br\/#organization"},"image":{"@id":"https:\/\/inclusivenews.com.br\/?p=15786#primaryimage"},"thumbnailUrl":"http:\/\/www.redebrasilatual.com.br\/temas\/cidadania\/parada-lgbt-pede-voto-contra-homofobia-na-parada-2010\/image_preview","articleSection":["CAMPANHAS","Diversidade","NOT\u00cdCIAS","Preconceito"],"inLanguage":"pt-PT","potentialAction":[{"@type":"CommentAction","name":"Comment","target":["https:\/\/inclusivenews.com.br\/?p=15786#respond"]}]},{"@type":"WebPage","@id":"https:\/\/inclusivenews.com.br\/?p=15786","url":"https:\/\/inclusivenews.com.br\/?p=15786","name":"Parada LGBT pede voto contra homofobia na Parada 2010 -","isPartOf":{"@id":"https:\/\/inclusivenews.com.br\/#website"},"primaryImageOfPage":{"@id":"https:\/\/inclusivenews.com.br\/?p=15786#primaryimage"},"image":{"@id":"https:\/\/inclusivenews.com.br\/?p=15786#primaryimage"},"thumbnailUrl":"http:\/\/www.redebrasilatual.com.br\/temas\/cidadania\/parada-lgbt-pede-voto-contra-homofobia-na-parada-2010\/image_preview","datePublished":"2010-06-06T21:59:44+00:00","breadcrumb":{"@id":"https:\/\/inclusivenews.com.br\/?p=15786#breadcrumb"},"inLanguage":"pt-PT","potentialAction":[{"@type":"ReadAction","target":["https:\/\/inclusivenews.com.br\/?p=15786"]}]},{"@type":"ImageObject","inLanguage":"pt-PT","@id":"https:\/\/inclusivenews.com.br\/?p=15786#primaryimage","url":"http:\/\/www.redebrasilatual.com.br\/temas\/cidadania\/parada-lgbt-pede-voto-contra-homofobia-na-parada-2010\/image_preview","contentUrl":"http:\/\/www.redebrasilatual.com.br\/temas\/cidadania\/parada-lgbt-pede-voto-contra-homofobia-na-parada-2010\/image_preview"},{"@type":"BreadcrumbList","@id":"https:\/\/inclusivenews.com.br\/?p=15786#breadcrumb","itemListElement":[{"@type":"ListItem","position":1,"name":"In\u00edcio","item":"https:\/\/inclusivenews.com.br\/"},{"@type":"ListItem","position":2,"name":"Parada LGBT pede voto contra homofobia na Parada 2010"}]},{"@type":"WebSite","@id":"https:\/\/inclusivenews.com.br\/#website","url":"https:\/\/inclusivenews.com.br\/","name":"Inclusive News","description":"Inclusive News","publisher":{"@id":"https:\/\/inclusivenews.com.br\/#organization"},"potentialAction":[{"@type":"SearchAction","target":{"@type":"EntryPoint","urlTemplate":"https:\/\/inclusivenews.com.br\/?s={search_term_string}"},"query-input":{"@type":"PropertyValueSpecification","valueRequired":true,"valueName":"search_term_string"}}],"inLanguage":"pt-PT"},{"@type":"Organization","@id":"https:\/\/inclusivenews.com.br\/#organization","name":"Inclusive - inclus\u00e3o e cidadania","url":"https:\/\/inclusivenews.com.br\/","logo":{"@type":"ImageObject","inLanguage":"pt-PT","@id":"https:\/\/inclusivenews.com.br\/#\/schema\/logo\/image\/","url":"https:\/\/inclusivenews.com.br\/wp-content\/uploads\/2024\/03\/@grandesite.png","contentUrl":"https:\/\/inclusivenews.com.br\/wp-content\/uploads\/2024\/03\/@grandesite.png","width":1080,"height":1080,"caption":"Inclusive - inclus\u00e3o e cidadania"},"image":{"@id":"https:\/\/inclusivenews.com.br\/#\/schema\/logo\/image\/"},"sameAs":["https:\/\/www.facebook.com\/agenciainclusive\/","https:\/\/www.instagram.com\/newsinclusive\/"]},{"@type":"Person","@id":"https:\/\/inclusivenews.com.br\/#\/schema\/person\/ae4ec7087559b8692fb33b6fffd2273b","name":"inclusivenews2024","image":{"@type":"ImageObject","inLanguage":"pt-PT","@id":"https:\/\/secure.gravatar.com\/avatar\/c5a7ef84c66fa914f55bc4f7ce26cfa275a3b9a1c5568b907bd184fb4dde7b40?s=96&d=mm&r=g","url":"https:\/\/secure.gravatar.com\/avatar\/c5a7ef84c66fa914f55bc4f7ce26cfa275a3b9a1c5568b907bd184fb4dde7b40?s=96&d=mm&r=g","contentUrl":"https:\/\/secure.gravatar.com\/avatar\/c5a7ef84c66fa914f55bc4f7ce26cfa275a3b9a1c5568b907bd184fb4dde7b40?s=96&d=mm&r=g","caption":"inclusivenews2024"},"sameAs":["https:\/\/inclusivenews.com.br"],"url":"https:\/\/inclusivenews.com.br\/?author=1"}]}},"_links":{"self":[{"href":"https:\/\/inclusivenews.com.br\/index.php?rest_route=\/wp\/v2\/posts\/15786","targetHints":{"allow":["GET"]}}],"collection":[{"href":"https:\/\/inclusivenews.com.br\/index.php?rest_route=\/wp\/v2\/posts"}],"about":[{"href":"https:\/\/inclusivenews.com.br\/index.php?rest_route=\/wp\/v2\/types\/post"}],"author":[{"embeddable":true,"href":"https:\/\/inclusivenews.com.br\/index.php?rest_route=\/wp\/v2\/users\/1"}],"replies":[{"embeddable":true,"href":"https:\/\/inclusivenews.com.br\/index.php?rest_route=%2Fwp%2Fv2%2Fcomments&post=15786"}],"version-history":[{"count":0,"href":"https:\/\/inclusivenews.com.br\/index.php?rest_route=\/wp\/v2\/posts\/15786\/revisions"}],"wp:attachment":[{"href":"https:\/\/inclusivenews.com.br\/index.php?rest_route=%2Fwp%2Fv2%2Fmedia&parent=15786"}],"wp:term":[{"taxonomy":"category","embeddable":true,"href":"https:\/\/inclusivenews.com.br\/index.php?rest_route=%2Fwp%2Fv2%2Fcategories&post=15786"},{"taxonomy":"post_tag","embeddable":true,"href":"https:\/\/inclusivenews.com.br\/index.php?rest_route=%2Fwp%2Fv2%2Ftags&post=15786"}],"curies":[{"name":"wp","href":"https:\/\/api.w.org\/{rel}","templated":true}]}}