{"id":15792,"date":"2010-06-06T18:35:25","date_gmt":"2010-06-06T21:35:25","guid":{"rendered":"http:\/\/www.inclusive.org.br\/?p=15792"},"modified":"2010-06-06T18:35:25","modified_gmt":"2010-06-06T21:35:25","slug":"inclusao-reflexoes-e-possibilidades","status":"publish","type":"post","link":"https:\/\/inclusivenews.com.br\/?p=15792","title":{"rendered":"Inclus\u00e3o: reflex\u00f5es e possibilidades"},"content":{"rendered":"<figure id=\"attachment_15253\" aria-describedby=\"caption-attachment-15253\" style=\"width: 168px\" class=\"wp-caption alignleft\"><a href=\"http:\/\/www.inclusivenews.com.br\/wp-content\/uploads\/2010\/05\/maisdiferencas.jpg\"><img loading=\"lazy\" decoding=\"async\" class=\"size-full wp-image-15253\" title=\"Mais diferen\u00e7as - educa\u00e7\u00e3o e inclus\u00e3o social\" src=\"http:\/\/inclusivenews.com.br\/wp-content\/uploads\/2010\/05\/maisdiferencas.jpg\" alt=\"\" width=\"168\" height=\"59\" \/><\/a><figcaption id=\"caption-attachment-15253\" class=\"wp-caption-text\"> <\/figcaption><\/figure>\n<p>O livro trata sobre o tema de uma escola igual para todos, apresentando diversas reflex\u00f5es e possibilidades acerca das dificuldades deste cen\u00e1rio pretendido. Voltado para professores, a obra evidencia que o combate \u00e0 exclus\u00e3o e a constru\u00e7\u00e3o de uma Educa\u00e7\u00e3o Inclusiva s\u00e3o a\u00e7\u00f5es poss\u00edveis.<\/p>\n<p>Segundo as autoras, \u201ca inclus\u00e3o deve ser compreendida como direito \u00e0 diferen\u00e7a na igualdade de direitos\u201d. Tamb\u00e9m assina o livro o professor Herculano Campos, consultor da Mais Diferen\u00e7as que atua em Natal\/RN. Publicado pela Editora Loyola, o livro custa R$ 22 e pode ser adquirido pelo site www.loyola.com.br ou nas livrarias.<\/p>\n<p>Socializar conhecimento<\/p>\n<p>O evento foi mais uma oportunidade da Mais Diferen\u00e7as abrir suas portas para debater o tema da Inclus\u00e3o com a sociedade. Outras atividades como esta s\u00e3o desenvolvidas pela organiza\u00e7\u00e3o no n\u00facleo denominado Espa\u00e7o Desenvolvimento.<\/p>\n<p>Uma das participantes da palestra, Alexandra Gimaque, aprovou o evento e postou, em seu blog, um elogio \u00e0s autoras do livro. \u201cConheci o lugar da Inclus\u00e3o! Em primeiro lugar, agrade\u00e7o por ter sido convidada para esse evento e ter tido o privil\u00e9gio de conhecer Regina e Sirley, dois exemplos de luta e dedica\u00e7\u00e3o \u00e0 Educa\u00e7\u00e3o\u201d, escreveu. \u201cParab\u00e9ns a toda a Equipe, serei uma f\u00e3 e divulgadora da ONG\u201d.<\/p>\n<div class=\"gmail_quote\">\n<div>\n<p>Lan\u00e7amento com<br \/>\nPresen\u00e7a das autoras: Maria Sirley dos Santos e Maria Regina Viana Pannuti<br \/>\n8 de junho, \u00e0s 18h30<br \/>\nLocal: Livraria da Vila<br \/>\nRua Fradique Coutinho, 915<br \/>\nVila Madalena &#8211; S\u00e3o Paulo\/SP<\/p>\n<p>Informa\u00e7\u00f5es: <a href=\"http:\/\/www.loyola.com.br\/\" target=\"_blank\" rel=\"noopener\">www.loyola.com.br\/<\/a> (11) 3385-8500<\/p>\n<p>Este livro, voltado para professores, pretende evidenciar que o combate \u00e0 exclus\u00e3o e a constru\u00e7\u00e3o de uma Educa\u00e7\u00e3o Inclusiva s\u00e3o a\u00e7\u00f5es poss\u00edveis. A tese dos autores \u00e9 de que a inclus\u00e3o deve ser compreendida como direito\u00a0\u00e0 diferen\u00e7a na igualdade de direitos.<\/p>\n<p>C\u00f3d. 13019 &#8211; 14 x 21 cm &#8211; 144 pp.<\/p>\n<p>Edi\u00e7\u00f5es Loyola<br \/>\n\u00c0 venda nas melhores livrarias<br \/>\n<a href=\"http:\/\/www.loyola.com.br\" target=\"_blank\" rel=\"noopener\">www.loyola.com.br<\/a><br \/>\nRedes Sociais Twitter &#8211; Orkut &#8211; Facebook<\/p>\n<p>[T\u00e9rmino do Texto Similar Acess\u00edvel]<\/p>\n<\/div>\n<p>[In\u00edcio do Texto Similar Acess\u00edvel]<\/p>\n<p><img alt=\"cartaz lan\u00e7amento do livro \" width=\"596\" height=\"795\" \/><\/p>\n<\/div>\n","protected":false},"excerpt":{"rendered":"<p>O livro trata sobre o tema de uma escola igual para todos, apresentando diversas reflex\u00f5es e possibilidades acerca das dificuldades deste cen\u00e1rio pretendido. Voltado para professores, a obra evidencia que o combate \u00e0 exclus\u00e3o e a constru\u00e7\u00e3o de uma Educa\u00e7\u00e3o Inclusiva s\u00e3o a\u00e7\u00f5es poss\u00edveis. Segundo as autoras, \u201ca inclus\u00e3o deve ser compreendida como direito \u00e0 [&hellip;]<\/p>\n","protected":false},"author":1,"featured_media":0,"comment_status":"open","ping_status":"open","sticky":false,"template":"","format":"standard","meta":{"site-container-style":"default","site-container-layout":"default","site-sidebar-layout":"default","disable-article-header":"default","disable-site-header":"default","disable-site-footer":"default","disable-content-area-spacing":"default","footnotes":""},"categories":[6,48,50,51,4,10],"tags":[],"class_list":["post-15792","post","type-post","status-publish","format-standard","hentry","category-educacao","category-inclusao","category-lancamentos","category-livros","category-noticias","category-publicacoes"],"yoast_head":"<!-- This site is optimized with the Yoast SEO plugin v27.4 - https:\/\/yoast.com\/product\/yoast-seo-wordpress\/ -->\n<title>Inclus\u00e3o: reflex\u00f5es e possibilidades -<\/title>\n<meta name=\"robots\" content=\"index, follow, max-snippet:-1, max-image-preview:large, max-video-preview:-1\" \/>\n<link rel=\"canonical\" href=\"https:\/\/inclusivenews.com.br\/?p=15792\" \/>\n<meta property=\"og:locale\" content=\"pt_PT\" \/>\n<meta property=\"og:type\" content=\"article\" \/>\n<meta property=\"og:title\" content=\"Inclus\u00e3o: reflex\u00f5es e possibilidades -\" \/>\n<meta property=\"og:description\" content=\"O livro trata sobre o tema de uma escola igual para todos, apresentando diversas reflex\u00f5es e possibilidades acerca das dificuldades deste cen\u00e1rio pretendido. Voltado para professores, a obra evidencia que o combate \u00e0 exclus\u00e3o e a constru\u00e7\u00e3o de uma Educa\u00e7\u00e3o Inclusiva s\u00e3o a\u00e7\u00f5es poss\u00edveis. Segundo as autoras, \u201ca inclus\u00e3o deve ser compreendida como direito \u00e0 [&hellip;]\" \/>\n<meta property=\"og:url\" content=\"https:\/\/inclusivenews.com.br\/?p=15792\" \/>\n<meta property=\"article:publisher\" content=\"https:\/\/www.facebook.com\/agenciainclusive\/\" \/>\n<meta property=\"article:published_time\" content=\"2010-06-06T21:35:25+00:00\" \/>\n<meta property=\"og:image\" content=\"http:\/\/inclusivenews.com.br\/wp-content\/uploads\/2010\/05\/maisdiferencas.jpg\" \/>\n<meta name=\"author\" content=\"inclusivenews2024\" \/>\n<meta name=\"twitter:card\" content=\"summary_large_image\" \/>\n<meta name=\"twitter:label1\" content=\"Escrito por\" \/>\n\t<meta name=\"twitter:data1\" content=\"inclusivenews2024\" \/>\n\t<meta name=\"twitter:label2\" content=\"Tempo estimado de leitura\" \/>\n\t<meta name=\"twitter:data2\" content=\"2 minutos\" \/>\n<script type=\"application\/ld+json\" class=\"yoast-schema-graph\">{\"@context\":\"https:\\\/\\\/schema.org\",\"@graph\":[{\"@type\":\"Article\",\"@id\":\"https:\\\/\\\/inclusivenews.com.br\\\/?p=15792#article\",\"isPartOf\":{\"@id\":\"https:\\\/\\\/inclusivenews.com.br\\\/?p=15792\"},\"author\":{\"name\":\"inclusivenews2024\",\"@id\":\"https:\\\/\\\/inclusivenews.com.br\\\/#\\\/schema\\\/person\\\/ae4ec7087559b8692fb33b6fffd2273b\"},\"headline\":\"Inclus\u00e3o: reflex\u00f5es e possibilidades\",\"datePublished\":\"2010-06-06T21:35:25+00:00\",\"mainEntityOfPage\":{\"@id\":\"https:\\\/\\\/inclusivenews.com.br\\\/?p=15792\"},\"wordCount\":364,\"commentCount\":0,\"publisher\":{\"@id\":\"https:\\\/\\\/inclusivenews.com.br\\\/#organization\"},\"image\":{\"@id\":\"https:\\\/\\\/inclusivenews.com.br\\\/?p=15792#primaryimage\"},\"thumbnailUrl\":\"http:\\\/\\\/inclusivenews.com.br\\\/wp-content\\\/uploads\\\/2010\\\/05\\\/maisdiferencas.jpg\",\"articleSection\":[\"EDUCA\u00c7\u00c3O\",\"INCLUS\u00c3O SOCIAL\",\"Lan\u00e7amentos\",\"Livros\",\"NOT\u00cdCIAS\",\"PUBLICA\u00c7\u00d5ES\"],\"inLanguage\":\"pt-PT\",\"potentialAction\":[{\"@type\":\"CommentAction\",\"name\":\"Comment\",\"target\":[\"https:\\\/\\\/inclusivenews.com.br\\\/?p=15792#respond\"]}]},{\"@type\":\"WebPage\",\"@id\":\"https:\\\/\\\/inclusivenews.com.br\\\/?p=15792\",\"url\":\"https:\\\/\\\/inclusivenews.com.br\\\/?p=15792\",\"name\":\"Inclus\u00e3o: reflex\u00f5es e possibilidades -\",\"isPartOf\":{\"@id\":\"https:\\\/\\\/inclusivenews.com.br\\\/#website\"},\"primaryImageOfPage\":{\"@id\":\"https:\\\/\\\/inclusivenews.com.br\\\/?p=15792#primaryimage\"},\"image\":{\"@id\":\"https:\\\/\\\/inclusivenews.com.br\\\/?p=15792#primaryimage\"},\"thumbnailUrl\":\"http:\\\/\\\/inclusivenews.com.br\\\/wp-content\\\/uploads\\\/2010\\\/05\\\/maisdiferencas.jpg\",\"datePublished\":\"2010-06-06T21:35:25+00:00\",\"breadcrumb\":{\"@id\":\"https:\\\/\\\/inclusivenews.com.br\\\/?p=15792#breadcrumb\"},\"inLanguage\":\"pt-PT\",\"potentialAction\":[{\"@type\":\"ReadAction\",\"target\":[\"https:\\\/\\\/inclusivenews.com.br\\\/?p=15792\"]}]},{\"@type\":\"ImageObject\",\"inLanguage\":\"pt-PT\",\"@id\":\"https:\\\/\\\/inclusivenews.com.br\\\/?p=15792#primaryimage\",\"url\":\"\",\"contentUrl\":\"\"},{\"@type\":\"BreadcrumbList\",\"@id\":\"https:\\\/\\\/inclusivenews.com.br\\\/?p=15792#breadcrumb\",\"itemListElement\":[{\"@type\":\"ListItem\",\"position\":1,\"name\":\"In\u00edcio\",\"item\":\"https:\\\/\\\/inclusivenews.com.br\\\/\"},{\"@type\":\"ListItem\",\"position\":2,\"name\":\"Inclus\u00e3o: reflex\u00f5es e possibilidades\"}]},{\"@type\":\"WebSite\",\"@id\":\"https:\\\/\\\/inclusivenews.com.br\\\/#website\",\"url\":\"https:\\\/\\\/inclusivenews.com.br\\\/\",\"name\":\"Inclusive News\",\"description\":\"Inclusive News\",\"publisher\":{\"@id\":\"https:\\\/\\\/inclusivenews.com.br\\\/#organization\"},\"potentialAction\":[{\"@type\":\"SearchAction\",\"target\":{\"@type\":\"EntryPoint\",\"urlTemplate\":\"https:\\\/\\\/inclusivenews.com.br\\\/?s={search_term_string}\"},\"query-input\":{\"@type\":\"PropertyValueSpecification\",\"valueRequired\":true,\"valueName\":\"search_term_string\"}}],\"inLanguage\":\"pt-PT\"},{\"@type\":\"Organization\",\"@id\":\"https:\\\/\\\/inclusivenews.com.br\\\/#organization\",\"name\":\"Inclusive - inclus\u00e3o e cidadania\",\"url\":\"https:\\\/\\\/inclusivenews.com.br\\\/\",\"logo\":{\"@type\":\"ImageObject\",\"inLanguage\":\"pt-PT\",\"@id\":\"https:\\\/\\\/inclusivenews.com.br\\\/#\\\/schema\\\/logo\\\/image\\\/\",\"url\":\"https:\\\/\\\/inclusivenews.com.br\\\/wp-content\\\/uploads\\\/2024\\\/03\\\/@grandesite.png\",\"contentUrl\":\"https:\\\/\\\/inclusivenews.com.br\\\/wp-content\\\/uploads\\\/2024\\\/03\\\/@grandesite.png\",\"width\":1080,\"height\":1080,\"caption\":\"Inclusive - inclus\u00e3o e cidadania\"},\"image\":{\"@id\":\"https:\\\/\\\/inclusivenews.com.br\\\/#\\\/schema\\\/logo\\\/image\\\/\"},\"sameAs\":[\"https:\\\/\\\/www.facebook.com\\\/agenciainclusive\\\/\",\"https:\\\/\\\/www.instagram.com\\\/newsinclusive\\\/\"]},{\"@type\":\"Person\",\"@id\":\"https:\\\/\\\/inclusivenews.com.br\\\/#\\\/schema\\\/person\\\/ae4ec7087559b8692fb33b6fffd2273b\",\"name\":\"inclusivenews2024\",\"image\":{\"@type\":\"ImageObject\",\"inLanguage\":\"pt-PT\",\"@id\":\"https:\\\/\\\/secure.gravatar.com\\\/avatar\\\/c5a7ef84c66fa914f55bc4f7ce26cfa275a3b9a1c5568b907bd184fb4dde7b40?s=96&d=mm&r=g\",\"url\":\"https:\\\/\\\/secure.gravatar.com\\\/avatar\\\/c5a7ef84c66fa914f55bc4f7ce26cfa275a3b9a1c5568b907bd184fb4dde7b40?s=96&d=mm&r=g\",\"contentUrl\":\"https:\\\/\\\/secure.gravatar.com\\\/avatar\\\/c5a7ef84c66fa914f55bc4f7ce26cfa275a3b9a1c5568b907bd184fb4dde7b40?s=96&d=mm&r=g\",\"caption\":\"inclusivenews2024\"},\"sameAs\":[\"https:\\\/\\\/inclusivenews.com.br\"],\"url\":\"https:\\\/\\\/inclusivenews.com.br\\\/?author=1\"}]}<\/script>\n<!-- \/ Yoast SEO plugin. -->","yoast_head_json":{"title":"Inclus\u00e3o: reflex\u00f5es e possibilidades -","robots":{"index":"index","follow":"follow","max-snippet":"max-snippet:-1","max-image-preview":"max-image-preview:large","max-video-preview":"max-video-preview:-1"},"canonical":"https:\/\/inclusivenews.com.br\/?p=15792","og_locale":"pt_PT","og_type":"article","og_title":"Inclus\u00e3o: reflex\u00f5es e possibilidades -","og_description":"O livro trata sobre o tema de uma escola igual para todos, apresentando diversas reflex\u00f5es e possibilidades acerca das dificuldades deste cen\u00e1rio pretendido. Voltado para professores, a obra evidencia que o combate \u00e0 exclus\u00e3o e a constru\u00e7\u00e3o de uma Educa\u00e7\u00e3o Inclusiva s\u00e3o a\u00e7\u00f5es poss\u00edveis. Segundo as autoras, \u201ca inclus\u00e3o deve ser compreendida como direito \u00e0 [&hellip;]","og_url":"https:\/\/inclusivenews.com.br\/?p=15792","article_publisher":"https:\/\/www.facebook.com\/agenciainclusive\/","article_published_time":"2010-06-06T21:35:25+00:00","og_image":[{"url":"http:\/\/inclusivenews.com.br\/wp-content\/uploads\/2010\/05\/maisdiferencas.jpg","type":"","width":"","height":""}],"author":"inclusivenews2024","twitter_card":"summary_large_image","twitter_misc":{"Escrito por":"inclusivenews2024","Tempo estimado de leitura":"2 minutos"},"schema":{"@context":"https:\/\/schema.org","@graph":[{"@type":"Article","@id":"https:\/\/inclusivenews.com.br\/?p=15792#article","isPartOf":{"@id":"https:\/\/inclusivenews.com.br\/?p=15792"},"author":{"name":"inclusivenews2024","@id":"https:\/\/inclusivenews.com.br\/#\/schema\/person\/ae4ec7087559b8692fb33b6fffd2273b"},"headline":"Inclus\u00e3o: reflex\u00f5es e possibilidades","datePublished":"2010-06-06T21:35:25+00:00","mainEntityOfPage":{"@id":"https:\/\/inclusivenews.com.br\/?p=15792"},"wordCount":364,"commentCount":0,"publisher":{"@id":"https:\/\/inclusivenews.com.br\/#organization"},"image":{"@id":"https:\/\/inclusivenews.com.br\/?p=15792#primaryimage"},"thumbnailUrl":"http:\/\/inclusivenews.com.br\/wp-content\/uploads\/2010\/05\/maisdiferencas.jpg","articleSection":["EDUCA\u00c7\u00c3O","INCLUS\u00c3O SOCIAL","Lan\u00e7amentos","Livros","NOT\u00cdCIAS","PUBLICA\u00c7\u00d5ES"],"inLanguage":"pt-PT","potentialAction":[{"@type":"CommentAction","name":"Comment","target":["https:\/\/inclusivenews.com.br\/?p=15792#respond"]}]},{"@type":"WebPage","@id":"https:\/\/inclusivenews.com.br\/?p=15792","url":"https:\/\/inclusivenews.com.br\/?p=15792","name":"Inclus\u00e3o: reflex\u00f5es e possibilidades -","isPartOf":{"@id":"https:\/\/inclusivenews.com.br\/#website"},"primaryImageOfPage":{"@id":"https:\/\/inclusivenews.com.br\/?p=15792#primaryimage"},"image":{"@id":"https:\/\/inclusivenews.com.br\/?p=15792#primaryimage"},"thumbnailUrl":"http:\/\/inclusivenews.com.br\/wp-content\/uploads\/2010\/05\/maisdiferencas.jpg","datePublished":"2010-06-06T21:35:25+00:00","breadcrumb":{"@id":"https:\/\/inclusivenews.com.br\/?p=15792#breadcrumb"},"inLanguage":"pt-PT","potentialAction":[{"@type":"ReadAction","target":["https:\/\/inclusivenews.com.br\/?p=15792"]}]},{"@type":"ImageObject","inLanguage":"pt-PT","@id":"https:\/\/inclusivenews.com.br\/?p=15792#primaryimage","url":"","contentUrl":""},{"@type":"BreadcrumbList","@id":"https:\/\/inclusivenews.com.br\/?p=15792#breadcrumb","itemListElement":[{"@type":"ListItem","position":1,"name":"In\u00edcio","item":"https:\/\/inclusivenews.com.br\/"},{"@type":"ListItem","position":2,"name":"Inclus\u00e3o: reflex\u00f5es e possibilidades"}]},{"@type":"WebSite","@id":"https:\/\/inclusivenews.com.br\/#website","url":"https:\/\/inclusivenews.com.br\/","name":"Inclusive News","description":"Inclusive News","publisher":{"@id":"https:\/\/inclusivenews.com.br\/#organization"},"potentialAction":[{"@type":"SearchAction","target":{"@type":"EntryPoint","urlTemplate":"https:\/\/inclusivenews.com.br\/?s={search_term_string}"},"query-input":{"@type":"PropertyValueSpecification","valueRequired":true,"valueName":"search_term_string"}}],"inLanguage":"pt-PT"},{"@type":"Organization","@id":"https:\/\/inclusivenews.com.br\/#organization","name":"Inclusive - inclus\u00e3o e cidadania","url":"https:\/\/inclusivenews.com.br\/","logo":{"@type":"ImageObject","inLanguage":"pt-PT","@id":"https:\/\/inclusivenews.com.br\/#\/schema\/logo\/image\/","url":"https:\/\/inclusivenews.com.br\/wp-content\/uploads\/2024\/03\/@grandesite.png","contentUrl":"https:\/\/inclusivenews.com.br\/wp-content\/uploads\/2024\/03\/@grandesite.png","width":1080,"height":1080,"caption":"Inclusive - inclus\u00e3o e cidadania"},"image":{"@id":"https:\/\/inclusivenews.com.br\/#\/schema\/logo\/image\/"},"sameAs":["https:\/\/www.facebook.com\/agenciainclusive\/","https:\/\/www.instagram.com\/newsinclusive\/"]},{"@type":"Person","@id":"https:\/\/inclusivenews.com.br\/#\/schema\/person\/ae4ec7087559b8692fb33b6fffd2273b","name":"inclusivenews2024","image":{"@type":"ImageObject","inLanguage":"pt-PT","@id":"https:\/\/secure.gravatar.com\/avatar\/c5a7ef84c66fa914f55bc4f7ce26cfa275a3b9a1c5568b907bd184fb4dde7b40?s=96&d=mm&r=g","url":"https:\/\/secure.gravatar.com\/avatar\/c5a7ef84c66fa914f55bc4f7ce26cfa275a3b9a1c5568b907bd184fb4dde7b40?s=96&d=mm&r=g","contentUrl":"https:\/\/secure.gravatar.com\/avatar\/c5a7ef84c66fa914f55bc4f7ce26cfa275a3b9a1c5568b907bd184fb4dde7b40?s=96&d=mm&r=g","caption":"inclusivenews2024"},"sameAs":["https:\/\/inclusivenews.com.br"],"url":"https:\/\/inclusivenews.com.br\/?author=1"}]}},"_links":{"self":[{"href":"https:\/\/inclusivenews.com.br\/index.php?rest_route=\/wp\/v2\/posts\/15792","targetHints":{"allow":["GET"]}}],"collection":[{"href":"https:\/\/inclusivenews.com.br\/index.php?rest_route=\/wp\/v2\/posts"}],"about":[{"href":"https:\/\/inclusivenews.com.br\/index.php?rest_route=\/wp\/v2\/types\/post"}],"author":[{"embeddable":true,"href":"https:\/\/inclusivenews.com.br\/index.php?rest_route=\/wp\/v2\/users\/1"}],"replies":[{"embeddable":true,"href":"https:\/\/inclusivenews.com.br\/index.php?rest_route=%2Fwp%2Fv2%2Fcomments&post=15792"}],"version-history":[{"count":0,"href":"https:\/\/inclusivenews.com.br\/index.php?rest_route=\/wp\/v2\/posts\/15792\/revisions"}],"wp:attachment":[{"href":"https:\/\/inclusivenews.com.br\/index.php?rest_route=%2Fwp%2Fv2%2Fmedia&parent=15792"}],"wp:term":[{"taxonomy":"category","embeddable":true,"href":"https:\/\/inclusivenews.com.br\/index.php?rest_route=%2Fwp%2Fv2%2Fcategories&post=15792"},{"taxonomy":"post_tag","embeddable":true,"href":"https:\/\/inclusivenews.com.br\/index.php?rest_route=%2Fwp%2Fv2%2Ftags&post=15792"}],"curies":[{"name":"wp","href":"https:\/\/api.w.org\/{rel}","templated":true}]}}