{"id":15798,"date":"2010-06-07T08:20:16","date_gmt":"2010-06-07T11:20:16","guid":{"rendered":"http:\/\/www.inclusive.org.br\/?p=15798"},"modified":"2010-06-07T08:20:16","modified_gmt":"2010-06-07T11:20:16","slug":"teleconferencia-vai-abordar-os-sistemas-de-acompanhamento-do-programa-de-erradicacao-do-trabalho-infantil-peti","status":"publish","type":"post","link":"https:\/\/inclusivenews.com.br\/?p=15798","title":{"rendered":"Teleconfer\u00eancia vai abordar os sistemas de acompanhamento do Programa de Erradica\u00e7\u00e3o do  Trabalho Infantil (PETI)"},"content":{"rendered":"<figure style=\"width: 175px\" class=\"wp-caption alignleft\"><img loading=\"lazy\" decoding=\"async\" class=\" \" title=\"Ilustra\u00e7\u00e3o de crian\u00e7a trabalhando com uma p\u00e1 em suas m\u00e3os\" src=\"http:\/\/www.portaldacidadania.com.br\/wp-content\/uploads\/2009\/07\/trabalho_infantil.gif\" alt=\"\" width=\"175\" height=\"169\" \/><figcaption class=\"wp-caption-text\"> <\/figcaption><\/figure>\n<p>Teleconfer\u00eancia vai abordar os sistemas de acompanhamento do Programa de Erradica\u00e7\u00e3o do Trabalho Infantil (PETI)<\/p>\n<p>A transmiss\u00e3o ser\u00e1 pela NBR, nesta segunda-feira (07), com a participa\u00e7\u00e3o da ministra M\u00e1rcia Lopes. Realiza\u00e7\u00e3o faz parte das comemora\u00e7\u00f5es do Dia Mundial de Combate ao Trabalho Infantil \u2013 12 de junho<\/p>\n<p>O Minist\u00e9rio do Desenvolvimento Social e Combate \u00e0 Fome promover\u00e1, no dia 7 de junho, teleconfer\u00eancia sobre o Programa de Erradica\u00e7\u00e3o do Trabalho Infantil (PETI). O debate ter\u00e1 a participa\u00e7\u00e3o da ministra M\u00e1rcia Lopes e de representantes da Organiza\u00e7\u00e3o Internacional do Trabalho (OIT), do Colegiado de Gestores Municipais de Assist\u00eancia Social (Congemas) e do F\u00f3rum de Secret\u00e1rios de Estado de Assist\u00eancia Social (Fonseas).<\/p>\n<p>Na teleconfer\u00eancia, t\u00e9cnicos do MDS tamb\u00e9m apresentar\u00e3o as mudan\u00e7as no processo de gest\u00e3o de condicionalidades do PETI em sua integra\u00e7\u00e3o com o Bolsa Fam\u00edlia. Essa a\u00e7\u00e3o faz parte do aprimoramento dos sistemas de controle de frequ\u00eancia as atividades socioeducativas do PETI (SISPETI) e de acompanhamento das condicionalidades do Bolsa Fam\u00edlia (Sicon).<\/p>\n<p>Na segunda parte da teleconfer\u00eancia, t\u00e9cnicos do MDS apresentar\u00e3o as mudan\u00e7as no processo de gest\u00e3o de condicionalidades do PETI e do Bolsa Fam\u00edlia, que envolve a interface entre os sistemas de controle de frequ\u00eancia e gest\u00e3o do primeiro (SISPETI) e do segundo (Sicon).<\/p>\n<p>O programa, transmitido ao vivo a partir do est\u00fadio da NBR, em Bras\u00edlia (DF), poder\u00e1 ser assistido pela TV Brasil entre as 16h e as 17h30 de segunda-feira, com reprises ao longo da semana. Para participar ao vivo, a popula\u00e7\u00e3o, em especial os gestores, deve enviar perguntas pelos telefones (61) 3799-5867\/ 5868\/ 5863 e 5864. Questionamentos por fax tamb\u00e9m ser\u00e3o recebidos \u2013 (61) 3799-5858 \u2013, assim como mensagens por e-mail \u2013 <a href=\"mailto:teleconferencias@mds.gov.br\">teleconferencias@mds.gov.br<\/a>.<\/p>\n<p>O programa poder\u00e1 ser assistido pelo site da Empresa Brasil de Comunica\u00e7\u00e3o (EBC), pela NET \u2013 em cidades que captam o sinal da NBR \u2013, pelo canal 146 da Sky (TV a cabo) e pela OiTV (apenas na cidade do Rio de Janeiro). O canal 54 da EmbratelTV tamb\u00e9m transmitir\u00e1 a confer\u00eancia.<\/p>\n<p>O PETI comp\u00f5e o Sistema \u00danico de Assist\u00eancia Social (SUAS) com duas articula\u00e7\u00f5es: o Servi\u00e7o de Conviv\u00eancia e Fortalecimento de V\u00ednculos (SCFV) ofertado para crian\u00e7as e adolescentes retiradas do trabalho precoce e a oferta de servi\u00e7os socioassistenciais com foco na fam\u00edlia.<\/p>\n<p>Durante a teleconfer\u00eancia, algumas quest\u00f5es ser\u00e3o esclarecidas, como o cadastramento de crian\u00e7as e adolescentes em situa\u00e7\u00e3o de trabalho precoce no Cadastro \u00danico de Programas Sociais do Governo Federal; o acompanhamento familiar; o controle social do Programa Bolsa Fam\u00edlia; e o acompanhamento da retirada de crian\u00e7as e adolescentes do trabalho pelas comiss\u00f5es municipais e pelo Conselho Municipal de Assist\u00eancia Social.<\/p>\n","protected":false},"excerpt":{"rendered":"<p>Teleconfer\u00eancia vai abordar os sistemas de acompanhamento do Programa de Erradica\u00e7\u00e3o do Trabalho Infantil (PETI)<\/p>\n","protected":false},"author":1,"featured_media":0,"comment_status":"open","ping_status":"open","sticky":false,"template":"","format":"standard","meta":{"site-container-style":"default","site-container-layout":"default","site-sidebar-layout":"default","disable-article-header":"default","disable-site-header":"default","disable-site-footer":"default","disable-content-area-spacing":"default","footnotes":""},"categories":[4],"tags":[60],"class_list":["post-15798","post","type-post","status-publish","format-standard","hentry","category-noticias","tag-infancia"],"yoast_head":"<!-- This site is optimized with the Yoast SEO plugin v27.4 - https:\/\/yoast.com\/product\/yoast-seo-wordpress\/ -->\n<title>Teleconfer\u00eancia vai abordar os sistemas de acompanhamento do Programa de Erradica\u00e7\u00e3o do Trabalho Infantil (PETI) -<\/title>\n<meta name=\"robots\" content=\"index, follow, max-snippet:-1, max-image-preview:large, max-video-preview:-1\" \/>\n<link rel=\"canonical\" href=\"https:\/\/inclusivenews.com.br\/?p=15798\" \/>\n<meta property=\"og:locale\" content=\"pt_PT\" \/>\n<meta property=\"og:type\" content=\"article\" \/>\n<meta property=\"og:title\" content=\"Teleconfer\u00eancia vai abordar os sistemas de acompanhamento do Programa de Erradica\u00e7\u00e3o do Trabalho Infantil (PETI) -\" \/>\n<meta property=\"og:description\" content=\"Teleconfer\u00eancia vai abordar os sistemas de acompanhamento do Programa de Erradica\u00e7\u00e3o do Trabalho Infantil (PETI)\" \/>\n<meta property=\"og:url\" content=\"https:\/\/inclusivenews.com.br\/?p=15798\" \/>\n<meta property=\"article:publisher\" content=\"https:\/\/www.facebook.com\/agenciainclusive\/\" \/>\n<meta property=\"article:published_time\" content=\"2010-06-07T11:20:16+00:00\" \/>\n<meta property=\"og:image\" content=\"http:\/\/www.portaldacidadania.com.br\/wp-content\/uploads\/2009\/07\/trabalho_infantil.gif\" \/>\n<meta name=\"author\" content=\"inclusivenews2024\" \/>\n<meta name=\"twitter:card\" content=\"summary_large_image\" \/>\n<meta name=\"twitter:label1\" content=\"Escrito por\" \/>\n\t<meta name=\"twitter:data1\" content=\"inclusivenews2024\" \/>\n\t<meta name=\"twitter:label2\" content=\"Tempo estimado de leitura\" \/>\n\t<meta name=\"twitter:data2\" content=\"2 minutos\" \/>\n<script type=\"application\/ld+json\" class=\"yoast-schema-graph\">{\"@context\":\"https:\\\/\\\/schema.org\",\"@graph\":[{\"@type\":\"Article\",\"@id\":\"https:\\\/\\\/inclusivenews.com.br\\\/?p=15798#article\",\"isPartOf\":{\"@id\":\"https:\\\/\\\/inclusivenews.com.br\\\/?p=15798\"},\"author\":{\"name\":\"inclusivenews2024\",\"@id\":\"https:\\\/\\\/inclusivenews.com.br\\\/#\\\/schema\\\/person\\\/ae4ec7087559b8692fb33b6fffd2273b\"},\"headline\":\"Teleconfer\u00eancia vai abordar os sistemas de acompanhamento do Programa de Erradica\u00e7\u00e3o do Trabalho Infantil (PETI)\",\"datePublished\":\"2010-06-07T11:20:16+00:00\",\"mainEntityOfPage\":{\"@id\":\"https:\\\/\\\/inclusivenews.com.br\\\/?p=15798\"},\"wordCount\":500,\"commentCount\":0,\"publisher\":{\"@id\":\"https:\\\/\\\/inclusivenews.com.br\\\/#organization\"},\"image\":{\"@id\":\"https:\\\/\\\/inclusivenews.com.br\\\/?p=15798#primaryimage\"},\"thumbnailUrl\":\"http:\\\/\\\/www.portaldacidadania.com.br\\\/wp-content\\\/uploads\\\/2009\\\/07\\\/trabalho_infantil.gif\",\"keywords\":[\"Inf\u00e2ncia\"],\"articleSection\":[\"NOT\u00cdCIAS\"],\"inLanguage\":\"pt-PT\",\"potentialAction\":[{\"@type\":\"CommentAction\",\"name\":\"Comment\",\"target\":[\"https:\\\/\\\/inclusivenews.com.br\\\/?p=15798#respond\"]}]},{\"@type\":\"WebPage\",\"@id\":\"https:\\\/\\\/inclusivenews.com.br\\\/?p=15798\",\"url\":\"https:\\\/\\\/inclusivenews.com.br\\\/?p=15798\",\"name\":\"Teleconfer\u00eancia vai abordar os sistemas de acompanhamento do Programa de Erradica\u00e7\u00e3o do Trabalho Infantil (PETI) -\",\"isPartOf\":{\"@id\":\"https:\\\/\\\/inclusivenews.com.br\\\/#website\"},\"primaryImageOfPage\":{\"@id\":\"https:\\\/\\\/inclusivenews.com.br\\\/?p=15798#primaryimage\"},\"image\":{\"@id\":\"https:\\\/\\\/inclusivenews.com.br\\\/?p=15798#primaryimage\"},\"thumbnailUrl\":\"http:\\\/\\\/www.portaldacidadania.com.br\\\/wp-content\\\/uploads\\\/2009\\\/07\\\/trabalho_infantil.gif\",\"datePublished\":\"2010-06-07T11:20:16+00:00\",\"breadcrumb\":{\"@id\":\"https:\\\/\\\/inclusivenews.com.br\\\/?p=15798#breadcrumb\"},\"inLanguage\":\"pt-PT\",\"potentialAction\":[{\"@type\":\"ReadAction\",\"target\":[\"https:\\\/\\\/inclusivenews.com.br\\\/?p=15798\"]}]},{\"@type\":\"ImageObject\",\"inLanguage\":\"pt-PT\",\"@id\":\"https:\\\/\\\/inclusivenews.com.br\\\/?p=15798#primaryimage\",\"url\":\"http:\\\/\\\/www.portaldacidadania.com.br\\\/wp-content\\\/uploads\\\/2009\\\/07\\\/trabalho_infantil.gif\",\"contentUrl\":\"http:\\\/\\\/www.portaldacidadania.com.br\\\/wp-content\\\/uploads\\\/2009\\\/07\\\/trabalho_infantil.gif\"},{\"@type\":\"BreadcrumbList\",\"@id\":\"https:\\\/\\\/inclusivenews.com.br\\\/?p=15798#breadcrumb\",\"itemListElement\":[{\"@type\":\"ListItem\",\"position\":1,\"name\":\"In\u00edcio\",\"item\":\"https:\\\/\\\/inclusivenews.com.br\\\/\"},{\"@type\":\"ListItem\",\"position\":2,\"name\":\"Teleconfer\u00eancia vai abordar os sistemas de acompanhamento do Programa de Erradica\u00e7\u00e3o do Trabalho Infantil (PETI)\"}]},{\"@type\":\"WebSite\",\"@id\":\"https:\\\/\\\/inclusivenews.com.br\\\/#website\",\"url\":\"https:\\\/\\\/inclusivenews.com.br\\\/\",\"name\":\"Inclusive News\",\"description\":\"Inclusive News\",\"publisher\":{\"@id\":\"https:\\\/\\\/inclusivenews.com.br\\\/#organization\"},\"potentialAction\":[{\"@type\":\"SearchAction\",\"target\":{\"@type\":\"EntryPoint\",\"urlTemplate\":\"https:\\\/\\\/inclusivenews.com.br\\\/?s={search_term_string}\"},\"query-input\":{\"@type\":\"PropertyValueSpecification\",\"valueRequired\":true,\"valueName\":\"search_term_string\"}}],\"inLanguage\":\"pt-PT\"},{\"@type\":\"Organization\",\"@id\":\"https:\\\/\\\/inclusivenews.com.br\\\/#organization\",\"name\":\"Inclusive - inclus\u00e3o e cidadania\",\"url\":\"https:\\\/\\\/inclusivenews.com.br\\\/\",\"logo\":{\"@type\":\"ImageObject\",\"inLanguage\":\"pt-PT\",\"@id\":\"https:\\\/\\\/inclusivenews.com.br\\\/#\\\/schema\\\/logo\\\/image\\\/\",\"url\":\"https:\\\/\\\/inclusivenews.com.br\\\/wp-content\\\/uploads\\\/2024\\\/03\\\/@grandesite.png\",\"contentUrl\":\"https:\\\/\\\/inclusivenews.com.br\\\/wp-content\\\/uploads\\\/2024\\\/03\\\/@grandesite.png\",\"width\":1080,\"height\":1080,\"caption\":\"Inclusive - inclus\u00e3o e cidadania\"},\"image\":{\"@id\":\"https:\\\/\\\/inclusivenews.com.br\\\/#\\\/schema\\\/logo\\\/image\\\/\"},\"sameAs\":[\"https:\\\/\\\/www.facebook.com\\\/agenciainclusive\\\/\",\"https:\\\/\\\/www.instagram.com\\\/newsinclusive\\\/\"]},{\"@type\":\"Person\",\"@id\":\"https:\\\/\\\/inclusivenews.com.br\\\/#\\\/schema\\\/person\\\/ae4ec7087559b8692fb33b6fffd2273b\",\"name\":\"inclusivenews2024\",\"image\":{\"@type\":\"ImageObject\",\"inLanguage\":\"pt-PT\",\"@id\":\"https:\\\/\\\/secure.gravatar.com\\\/avatar\\\/c5a7ef84c66fa914f55bc4f7ce26cfa275a3b9a1c5568b907bd184fb4dde7b40?s=96&d=mm&r=g\",\"url\":\"https:\\\/\\\/secure.gravatar.com\\\/avatar\\\/c5a7ef84c66fa914f55bc4f7ce26cfa275a3b9a1c5568b907bd184fb4dde7b40?s=96&d=mm&r=g\",\"contentUrl\":\"https:\\\/\\\/secure.gravatar.com\\\/avatar\\\/c5a7ef84c66fa914f55bc4f7ce26cfa275a3b9a1c5568b907bd184fb4dde7b40?s=96&d=mm&r=g\",\"caption\":\"inclusivenews2024\"},\"sameAs\":[\"https:\\\/\\\/inclusivenews.com.br\"],\"url\":\"https:\\\/\\\/inclusivenews.com.br\\\/?author=1\"}]}<\/script>\n<!-- \/ Yoast SEO plugin. -->","yoast_head_json":{"title":"Teleconfer\u00eancia vai abordar os sistemas de acompanhamento do Programa de Erradica\u00e7\u00e3o do Trabalho Infantil (PETI) -","robots":{"index":"index","follow":"follow","max-snippet":"max-snippet:-1","max-image-preview":"max-image-preview:large","max-video-preview":"max-video-preview:-1"},"canonical":"https:\/\/inclusivenews.com.br\/?p=15798","og_locale":"pt_PT","og_type":"article","og_title":"Teleconfer\u00eancia vai abordar os sistemas de acompanhamento do Programa de Erradica\u00e7\u00e3o do Trabalho Infantil (PETI) -","og_description":"Teleconfer\u00eancia vai abordar os sistemas de acompanhamento do Programa de Erradica\u00e7\u00e3o do Trabalho Infantil (PETI)","og_url":"https:\/\/inclusivenews.com.br\/?p=15798","article_publisher":"https:\/\/www.facebook.com\/agenciainclusive\/","article_published_time":"2010-06-07T11:20:16+00:00","og_image":[{"url":"http:\/\/www.portaldacidadania.com.br\/wp-content\/uploads\/2009\/07\/trabalho_infantil.gif","type":"","width":"","height":""}],"author":"inclusivenews2024","twitter_card":"summary_large_image","twitter_misc":{"Escrito por":"inclusivenews2024","Tempo estimado de leitura":"2 minutos"},"schema":{"@context":"https:\/\/schema.org","@graph":[{"@type":"Article","@id":"https:\/\/inclusivenews.com.br\/?p=15798#article","isPartOf":{"@id":"https:\/\/inclusivenews.com.br\/?p=15798"},"author":{"name":"inclusivenews2024","@id":"https:\/\/inclusivenews.com.br\/#\/schema\/person\/ae4ec7087559b8692fb33b6fffd2273b"},"headline":"Teleconfer\u00eancia vai abordar os sistemas de acompanhamento do Programa de Erradica\u00e7\u00e3o do Trabalho Infantil (PETI)","datePublished":"2010-06-07T11:20:16+00:00","mainEntityOfPage":{"@id":"https:\/\/inclusivenews.com.br\/?p=15798"},"wordCount":500,"commentCount":0,"publisher":{"@id":"https:\/\/inclusivenews.com.br\/#organization"},"image":{"@id":"https:\/\/inclusivenews.com.br\/?p=15798#primaryimage"},"thumbnailUrl":"http:\/\/www.portaldacidadania.com.br\/wp-content\/uploads\/2009\/07\/trabalho_infantil.gif","keywords":["Inf\u00e2ncia"],"articleSection":["NOT\u00cdCIAS"],"inLanguage":"pt-PT","potentialAction":[{"@type":"CommentAction","name":"Comment","target":["https:\/\/inclusivenews.com.br\/?p=15798#respond"]}]},{"@type":"WebPage","@id":"https:\/\/inclusivenews.com.br\/?p=15798","url":"https:\/\/inclusivenews.com.br\/?p=15798","name":"Teleconfer\u00eancia vai abordar os sistemas de acompanhamento do Programa de Erradica\u00e7\u00e3o do Trabalho Infantil (PETI) -","isPartOf":{"@id":"https:\/\/inclusivenews.com.br\/#website"},"primaryImageOfPage":{"@id":"https:\/\/inclusivenews.com.br\/?p=15798#primaryimage"},"image":{"@id":"https:\/\/inclusivenews.com.br\/?p=15798#primaryimage"},"thumbnailUrl":"http:\/\/www.portaldacidadania.com.br\/wp-content\/uploads\/2009\/07\/trabalho_infantil.gif","datePublished":"2010-06-07T11:20:16+00:00","breadcrumb":{"@id":"https:\/\/inclusivenews.com.br\/?p=15798#breadcrumb"},"inLanguage":"pt-PT","potentialAction":[{"@type":"ReadAction","target":["https:\/\/inclusivenews.com.br\/?p=15798"]}]},{"@type":"ImageObject","inLanguage":"pt-PT","@id":"https:\/\/inclusivenews.com.br\/?p=15798#primaryimage","url":"http:\/\/www.portaldacidadania.com.br\/wp-content\/uploads\/2009\/07\/trabalho_infantil.gif","contentUrl":"http:\/\/www.portaldacidadania.com.br\/wp-content\/uploads\/2009\/07\/trabalho_infantil.gif"},{"@type":"BreadcrumbList","@id":"https:\/\/inclusivenews.com.br\/?p=15798#breadcrumb","itemListElement":[{"@type":"ListItem","position":1,"name":"In\u00edcio","item":"https:\/\/inclusivenews.com.br\/"},{"@type":"ListItem","position":2,"name":"Teleconfer\u00eancia vai abordar os sistemas de acompanhamento do Programa de Erradica\u00e7\u00e3o do Trabalho Infantil (PETI)"}]},{"@type":"WebSite","@id":"https:\/\/inclusivenews.com.br\/#website","url":"https:\/\/inclusivenews.com.br\/","name":"Inclusive News","description":"Inclusive News","publisher":{"@id":"https:\/\/inclusivenews.com.br\/#organization"},"potentialAction":[{"@type":"SearchAction","target":{"@type":"EntryPoint","urlTemplate":"https:\/\/inclusivenews.com.br\/?s={search_term_string}"},"query-input":{"@type":"PropertyValueSpecification","valueRequired":true,"valueName":"search_term_string"}}],"inLanguage":"pt-PT"},{"@type":"Organization","@id":"https:\/\/inclusivenews.com.br\/#organization","name":"Inclusive - inclus\u00e3o e cidadania","url":"https:\/\/inclusivenews.com.br\/","logo":{"@type":"ImageObject","inLanguage":"pt-PT","@id":"https:\/\/inclusivenews.com.br\/#\/schema\/logo\/image\/","url":"https:\/\/inclusivenews.com.br\/wp-content\/uploads\/2024\/03\/@grandesite.png","contentUrl":"https:\/\/inclusivenews.com.br\/wp-content\/uploads\/2024\/03\/@grandesite.png","width":1080,"height":1080,"caption":"Inclusive - inclus\u00e3o e cidadania"},"image":{"@id":"https:\/\/inclusivenews.com.br\/#\/schema\/logo\/image\/"},"sameAs":["https:\/\/www.facebook.com\/agenciainclusive\/","https:\/\/www.instagram.com\/newsinclusive\/"]},{"@type":"Person","@id":"https:\/\/inclusivenews.com.br\/#\/schema\/person\/ae4ec7087559b8692fb33b6fffd2273b","name":"inclusivenews2024","image":{"@type":"ImageObject","inLanguage":"pt-PT","@id":"https:\/\/secure.gravatar.com\/avatar\/c5a7ef84c66fa914f55bc4f7ce26cfa275a3b9a1c5568b907bd184fb4dde7b40?s=96&d=mm&r=g","url":"https:\/\/secure.gravatar.com\/avatar\/c5a7ef84c66fa914f55bc4f7ce26cfa275a3b9a1c5568b907bd184fb4dde7b40?s=96&d=mm&r=g","contentUrl":"https:\/\/secure.gravatar.com\/avatar\/c5a7ef84c66fa914f55bc4f7ce26cfa275a3b9a1c5568b907bd184fb4dde7b40?s=96&d=mm&r=g","caption":"inclusivenews2024"},"sameAs":["https:\/\/inclusivenews.com.br"],"url":"https:\/\/inclusivenews.com.br\/?author=1"}]}},"_links":{"self":[{"href":"https:\/\/inclusivenews.com.br\/index.php?rest_route=\/wp\/v2\/posts\/15798","targetHints":{"allow":["GET"]}}],"collection":[{"href":"https:\/\/inclusivenews.com.br\/index.php?rest_route=\/wp\/v2\/posts"}],"about":[{"href":"https:\/\/inclusivenews.com.br\/index.php?rest_route=\/wp\/v2\/types\/post"}],"author":[{"embeddable":true,"href":"https:\/\/inclusivenews.com.br\/index.php?rest_route=\/wp\/v2\/users\/1"}],"replies":[{"embeddable":true,"href":"https:\/\/inclusivenews.com.br\/index.php?rest_route=%2Fwp%2Fv2%2Fcomments&post=15798"}],"version-history":[{"count":0,"href":"https:\/\/inclusivenews.com.br\/index.php?rest_route=\/wp\/v2\/posts\/15798\/revisions"}],"wp:attachment":[{"href":"https:\/\/inclusivenews.com.br\/index.php?rest_route=%2Fwp%2Fv2%2Fmedia&parent=15798"}],"wp:term":[{"taxonomy":"category","embeddable":true,"href":"https:\/\/inclusivenews.com.br\/index.php?rest_route=%2Fwp%2Fv2%2Fcategories&post=15798"},{"taxonomy":"post_tag","embeddable":true,"href":"https:\/\/inclusivenews.com.br\/index.php?rest_route=%2Fwp%2Fv2%2Ftags&post=15798"}],"curies":[{"name":"wp","href":"https:\/\/api.w.org\/{rel}","templated":true}]}}