{"id":15802,"date":"2010-06-10T19:07:59","date_gmt":"2010-06-10T22:07:59","guid":{"rendered":"http:\/\/www.inclusive.org.br\/?p=15802"},"modified":"2010-06-10T19:07:59","modified_gmt":"2010-06-10T22:07:59","slug":"oportunidade-de-inclusao-de-pessoas-com-deficiencia-sesirs","status":"publish","type":"post","link":"https:\/\/inclusivenews.com.br\/?p=15802","title":{"rendered":"Oportunidade de Inclus\u00e3o de Pessoas com Defici\u00eancia &#8211; SESI\/RS"},"content":{"rendered":"<p><a href=\"http:\/\/www.inclusivenews.com.br\/wp-content\/uploads\/2010\/02\/cart-trabalho.jpg\"><img loading=\"lazy\" decoding=\"async\" class=\"alignnone size-thumbnail wp-image-14137\" title=\"cart-trabalho\" src=\"http:\/\/inclusivenews.com.br\/wp-content\/uploads\/2010\/02\/cart-trabalho-150x150.jpg\" alt=\"\" width=\"150\" height=\"150\" \/><\/a>O programa de Inclus\u00e3o de Pessoas com Defici\u00eancia (PcDs) busca identificar no mercado de trabalho PcDs interessados em ingressar no SESI\/RS, para atuar em diferentes regi\u00f5es do Estado no Cargo de Assistente de Centro de Atividades I, atrav\u00e9s do qual exercer\u00e3o as seguintes atividades administrativas:<\/p>\n<p>Atividades desenvolvidas: Digita\u00e7\u00e3o e confer\u00eancia de dados e documentos\/ sele\u00e7\u00e3o e distribui\u00e7\u00e3o e arquivo de documentos \/ \u00a0 atendimento ao p\u00fablico externo e interno\/ compras \/ controle e distribui\u00e7\u00e3o de equipamentos \/ apoio na organiza\u00e7\u00e3o de reuni\u00f5es, materiais, salas de cursos, etc.<\/p>\n<p>Benef\u00edcios: UNIMED, Alimenta\u00e7\u00e3o, Transporte, Plano Previdenci\u00e1rio e Odontol\u00f3gico, etc.<\/p>\n<p>S\u00e3o locais de interesse: * Bag\u00e9 * Bento Gon\u00e7alves * Cachoeirinha * Campo Bom * Canela * Canoas * Caxias do Sul * Charqueadas * Dois irm\u00e3os * Erechim * Esteio * Estrela * Farroupilha * Guapor\u00e9 * Gravata\u00ed * Igrejinha * Iju\u00ed * Lajeado * Montenegro * Novo Hamburgo * Panambi * Parob\u00e9 * Passo Fundo * Pelotas * Porto Alegre * Rio Grande * Santa Cruz do Sul * Santa Maria * Santa Rosa * Sant&#8217;ana do Livramento * Santo \u00c2ngelo * S\u00e3o Leopoldo * Sapiranga * Sapucaia Participe enviando curr\u00edculos para<\/p>\n<p>Jonatas A. F. Passos Gest\u00e3o de Pessoas &#8211; Programa Incluir Sistema FIERGS Telefone: 3347-8787, Ramal <a href=\"mailto:8559curriculo.incluir@fiergs.org.br\">8559curriculo.incluir@fiergs.org.br<\/a>.<\/p>\n<p>D\u00favidas favor ligar para 51-3347-8787. Falar com Jonatas (Ramal: 8031) ou Analisa (Ramal: 8559)<\/p>\n<p>Fonte: FIERGS<\/p>\n","protected":false},"excerpt":{"rendered":"<p>Atividades desenvolvidas: Digita\u00e7\u00e3o e confer\u00eancia de dados e documentos\/ sele\u00e7\u00e3o e distribui\u00e7\u00e3o e arquivo de documentos \/   atendimento ao p\u00fablico externo e interno\/ compras \/ controle e distribui\u00e7\u00e3o de equipamentos \/ apoio na organiza\u00e7\u00e3o de reuni\u00f5es, materiais, salas de cursos, etc.<\/p>\n","protected":false},"author":1,"featured_media":0,"comment_status":"open","ping_status":"open","sticky":false,"template":"","format":"standard","meta":{"site-container-style":"default","site-container-layout":"default","site-sidebar-layout":"default","disable-article-header":"default","disable-site-header":"default","disable-site-footer":"default","disable-content-area-spacing":"default","footnotes":""},"categories":[48,46,4],"tags":[],"class_list":["post-15802","post","type-post","status-publish","format-standard","hentry","category-inclusao","category-mercado-de-trabalho","category-noticias"],"yoast_head":"<!-- This site is optimized with the Yoast SEO plugin v27.4 - https:\/\/yoast.com\/product\/yoast-seo-wordpress\/ -->\n<title>Oportunidade de Inclus\u00e3o de Pessoas com Defici\u00eancia - SESI\/RS -<\/title>\n<meta name=\"robots\" content=\"index, follow, max-snippet:-1, max-image-preview:large, max-video-preview:-1\" \/>\n<link rel=\"canonical\" href=\"https:\/\/inclusivenews.com.br\/?p=15802\" \/>\n<meta property=\"og:locale\" content=\"pt_PT\" \/>\n<meta property=\"og:type\" content=\"article\" \/>\n<meta property=\"og:title\" content=\"Oportunidade de Inclus\u00e3o de Pessoas com Defici\u00eancia - SESI\/RS -\" \/>\n<meta property=\"og:description\" content=\"Atividades desenvolvidas: Digita\u00e7\u00e3o e confer\u00eancia de dados e documentos\/ sele\u00e7\u00e3o e distribui\u00e7\u00e3o e arquivo de documentos \/  atendimento ao p\u00fablico externo e interno\/ compras \/ controle e distribui\u00e7\u00e3o de equipamentos \/ apoio na organiza\u00e7\u00e3o de reuni\u00f5es, materiais, salas de cursos, etc.\" \/>\n<meta property=\"og:url\" content=\"https:\/\/inclusivenews.com.br\/?p=15802\" \/>\n<meta property=\"article:publisher\" content=\"https:\/\/www.facebook.com\/agenciainclusive\/\" \/>\n<meta property=\"article:published_time\" content=\"2010-06-10T22:07:59+00:00\" \/>\n<meta property=\"og:image\" content=\"http:\/\/inclusivenews.com.br\/wp-content\/uploads\/2010\/02\/cart-trabalho-150x150.jpg\" \/>\n<meta name=\"author\" content=\"inclusivenews2024\" \/>\n<meta name=\"twitter:card\" content=\"summary_large_image\" \/>\n<meta name=\"twitter:label1\" content=\"Escrito por\" \/>\n\t<meta name=\"twitter:data1\" content=\"inclusivenews2024\" \/>\n\t<meta name=\"twitter:label2\" content=\"Tempo estimado de leitura\" \/>\n\t<meta name=\"twitter:data2\" content=\"1 minuto\" \/>\n<script type=\"application\/ld+json\" class=\"yoast-schema-graph\">{\"@context\":\"https:\\\/\\\/schema.org\",\"@graph\":[{\"@type\":\"Article\",\"@id\":\"https:\\\/\\\/inclusivenews.com.br\\\/?p=15802#article\",\"isPartOf\":{\"@id\":\"https:\\\/\\\/inclusivenews.com.br\\\/?p=15802\"},\"author\":{\"name\":\"inclusivenews2024\",\"@id\":\"https:\\\/\\\/inclusivenews.com.br\\\/#\\\/schema\\\/person\\\/ae4ec7087559b8692fb33b6fffd2273b\"},\"headline\":\"Oportunidade de Inclus\u00e3o de Pessoas com Defici\u00eancia &#8211; SESI\\\/RS\",\"datePublished\":\"2010-06-10T22:07:59+00:00\",\"mainEntityOfPage\":{\"@id\":\"https:\\\/\\\/inclusivenews.com.br\\\/?p=15802\"},\"wordCount\":225,\"commentCount\":0,\"publisher\":{\"@id\":\"https:\\\/\\\/inclusivenews.com.br\\\/#organization\"},\"image\":{\"@id\":\"https:\\\/\\\/inclusivenews.com.br\\\/?p=15802#primaryimage\"},\"thumbnailUrl\":\"http:\\\/\\\/inclusivenews.com.br\\\/wp-content\\\/uploads\\\/2010\\\/02\\\/cart-trabalho-150x150.jpg\",\"articleSection\":[\"INCLUS\u00c3O SOCIAL\",\"Mercado de Trabalho\",\"NOT\u00cdCIAS\"],\"inLanguage\":\"pt-PT\",\"potentialAction\":[{\"@type\":\"CommentAction\",\"name\":\"Comment\",\"target\":[\"https:\\\/\\\/inclusivenews.com.br\\\/?p=15802#respond\"]}]},{\"@type\":\"WebPage\",\"@id\":\"https:\\\/\\\/inclusivenews.com.br\\\/?p=15802\",\"url\":\"https:\\\/\\\/inclusivenews.com.br\\\/?p=15802\",\"name\":\"Oportunidade de Inclus\u00e3o de Pessoas com Defici\u00eancia - SESI\\\/RS -\",\"isPartOf\":{\"@id\":\"https:\\\/\\\/inclusivenews.com.br\\\/#website\"},\"primaryImageOfPage\":{\"@id\":\"https:\\\/\\\/inclusivenews.com.br\\\/?p=15802#primaryimage\"},\"image\":{\"@id\":\"https:\\\/\\\/inclusivenews.com.br\\\/?p=15802#primaryimage\"},\"thumbnailUrl\":\"http:\\\/\\\/inclusivenews.com.br\\\/wp-content\\\/uploads\\\/2010\\\/02\\\/cart-trabalho-150x150.jpg\",\"datePublished\":\"2010-06-10T22:07:59+00:00\",\"breadcrumb\":{\"@id\":\"https:\\\/\\\/inclusivenews.com.br\\\/?p=15802#breadcrumb\"},\"inLanguage\":\"pt-PT\",\"potentialAction\":[{\"@type\":\"ReadAction\",\"target\":[\"https:\\\/\\\/inclusivenews.com.br\\\/?p=15802\"]}]},{\"@type\":\"ImageObject\",\"inLanguage\":\"pt-PT\",\"@id\":\"https:\\\/\\\/inclusivenews.com.br\\\/?p=15802#primaryimage\",\"url\":\"\",\"contentUrl\":\"\"},{\"@type\":\"BreadcrumbList\",\"@id\":\"https:\\\/\\\/inclusivenews.com.br\\\/?p=15802#breadcrumb\",\"itemListElement\":[{\"@type\":\"ListItem\",\"position\":1,\"name\":\"In\u00edcio\",\"item\":\"https:\\\/\\\/inclusivenews.com.br\\\/\"},{\"@type\":\"ListItem\",\"position\":2,\"name\":\"Oportunidade de Inclus\u00e3o de Pessoas com Defici\u00eancia &#8211; SESI\\\/RS\"}]},{\"@type\":\"WebSite\",\"@id\":\"https:\\\/\\\/inclusivenews.com.br\\\/#website\",\"url\":\"https:\\\/\\\/inclusivenews.com.br\\\/\",\"name\":\"Inclusive News\",\"description\":\"Inclusive News\",\"publisher\":{\"@id\":\"https:\\\/\\\/inclusivenews.com.br\\\/#organization\"},\"potentialAction\":[{\"@type\":\"SearchAction\",\"target\":{\"@type\":\"EntryPoint\",\"urlTemplate\":\"https:\\\/\\\/inclusivenews.com.br\\\/?s={search_term_string}\"},\"query-input\":{\"@type\":\"PropertyValueSpecification\",\"valueRequired\":true,\"valueName\":\"search_term_string\"}}],\"inLanguage\":\"pt-PT\"},{\"@type\":\"Organization\",\"@id\":\"https:\\\/\\\/inclusivenews.com.br\\\/#organization\",\"name\":\"Inclusive - inclus\u00e3o e cidadania\",\"url\":\"https:\\\/\\\/inclusivenews.com.br\\\/\",\"logo\":{\"@type\":\"ImageObject\",\"inLanguage\":\"pt-PT\",\"@id\":\"https:\\\/\\\/inclusivenews.com.br\\\/#\\\/schema\\\/logo\\\/image\\\/\",\"url\":\"https:\\\/\\\/inclusivenews.com.br\\\/wp-content\\\/uploads\\\/2024\\\/03\\\/@grandesite.png\",\"contentUrl\":\"https:\\\/\\\/inclusivenews.com.br\\\/wp-content\\\/uploads\\\/2024\\\/03\\\/@grandesite.png\",\"width\":1080,\"height\":1080,\"caption\":\"Inclusive - inclus\u00e3o e cidadania\"},\"image\":{\"@id\":\"https:\\\/\\\/inclusivenews.com.br\\\/#\\\/schema\\\/logo\\\/image\\\/\"},\"sameAs\":[\"https:\\\/\\\/www.facebook.com\\\/agenciainclusive\\\/\",\"https:\\\/\\\/www.instagram.com\\\/newsinclusive\\\/\"]},{\"@type\":\"Person\",\"@id\":\"https:\\\/\\\/inclusivenews.com.br\\\/#\\\/schema\\\/person\\\/ae4ec7087559b8692fb33b6fffd2273b\",\"name\":\"inclusivenews2024\",\"image\":{\"@type\":\"ImageObject\",\"inLanguage\":\"pt-PT\",\"@id\":\"https:\\\/\\\/secure.gravatar.com\\\/avatar\\\/c5a7ef84c66fa914f55bc4f7ce26cfa275a3b9a1c5568b907bd184fb4dde7b40?s=96&d=mm&r=g\",\"url\":\"https:\\\/\\\/secure.gravatar.com\\\/avatar\\\/c5a7ef84c66fa914f55bc4f7ce26cfa275a3b9a1c5568b907bd184fb4dde7b40?s=96&d=mm&r=g\",\"contentUrl\":\"https:\\\/\\\/secure.gravatar.com\\\/avatar\\\/c5a7ef84c66fa914f55bc4f7ce26cfa275a3b9a1c5568b907bd184fb4dde7b40?s=96&d=mm&r=g\",\"caption\":\"inclusivenews2024\"},\"sameAs\":[\"https:\\\/\\\/inclusivenews.com.br\"],\"url\":\"https:\\\/\\\/inclusivenews.com.br\\\/?author=1\"}]}<\/script>\n<!-- \/ Yoast SEO plugin. -->","yoast_head_json":{"title":"Oportunidade de Inclus\u00e3o de Pessoas com Defici\u00eancia - SESI\/RS -","robots":{"index":"index","follow":"follow","max-snippet":"max-snippet:-1","max-image-preview":"max-image-preview:large","max-video-preview":"max-video-preview:-1"},"canonical":"https:\/\/inclusivenews.com.br\/?p=15802","og_locale":"pt_PT","og_type":"article","og_title":"Oportunidade de Inclus\u00e3o de Pessoas com Defici\u00eancia - SESI\/RS -","og_description":"Atividades desenvolvidas: Digita\u00e7\u00e3o e confer\u00eancia de dados e documentos\/ sele\u00e7\u00e3o e distribui\u00e7\u00e3o e arquivo de documentos \/  atendimento ao p\u00fablico externo e interno\/ compras \/ controle e distribui\u00e7\u00e3o de equipamentos \/ apoio na organiza\u00e7\u00e3o de reuni\u00f5es, materiais, salas de cursos, etc.","og_url":"https:\/\/inclusivenews.com.br\/?p=15802","article_publisher":"https:\/\/www.facebook.com\/agenciainclusive\/","article_published_time":"2010-06-10T22:07:59+00:00","og_image":[{"url":"http:\/\/inclusivenews.com.br\/wp-content\/uploads\/2010\/02\/cart-trabalho-150x150.jpg","type":"","width":"","height":""}],"author":"inclusivenews2024","twitter_card":"summary_large_image","twitter_misc":{"Escrito por":"inclusivenews2024","Tempo estimado de leitura":"1 minuto"},"schema":{"@context":"https:\/\/schema.org","@graph":[{"@type":"Article","@id":"https:\/\/inclusivenews.com.br\/?p=15802#article","isPartOf":{"@id":"https:\/\/inclusivenews.com.br\/?p=15802"},"author":{"name":"inclusivenews2024","@id":"https:\/\/inclusivenews.com.br\/#\/schema\/person\/ae4ec7087559b8692fb33b6fffd2273b"},"headline":"Oportunidade de Inclus\u00e3o de Pessoas com Defici\u00eancia &#8211; SESI\/RS","datePublished":"2010-06-10T22:07:59+00:00","mainEntityOfPage":{"@id":"https:\/\/inclusivenews.com.br\/?p=15802"},"wordCount":225,"commentCount":0,"publisher":{"@id":"https:\/\/inclusivenews.com.br\/#organization"},"image":{"@id":"https:\/\/inclusivenews.com.br\/?p=15802#primaryimage"},"thumbnailUrl":"http:\/\/inclusivenews.com.br\/wp-content\/uploads\/2010\/02\/cart-trabalho-150x150.jpg","articleSection":["INCLUS\u00c3O SOCIAL","Mercado de Trabalho","NOT\u00cdCIAS"],"inLanguage":"pt-PT","potentialAction":[{"@type":"CommentAction","name":"Comment","target":["https:\/\/inclusivenews.com.br\/?p=15802#respond"]}]},{"@type":"WebPage","@id":"https:\/\/inclusivenews.com.br\/?p=15802","url":"https:\/\/inclusivenews.com.br\/?p=15802","name":"Oportunidade de Inclus\u00e3o de Pessoas com Defici\u00eancia - SESI\/RS -","isPartOf":{"@id":"https:\/\/inclusivenews.com.br\/#website"},"primaryImageOfPage":{"@id":"https:\/\/inclusivenews.com.br\/?p=15802#primaryimage"},"image":{"@id":"https:\/\/inclusivenews.com.br\/?p=15802#primaryimage"},"thumbnailUrl":"http:\/\/inclusivenews.com.br\/wp-content\/uploads\/2010\/02\/cart-trabalho-150x150.jpg","datePublished":"2010-06-10T22:07:59+00:00","breadcrumb":{"@id":"https:\/\/inclusivenews.com.br\/?p=15802#breadcrumb"},"inLanguage":"pt-PT","potentialAction":[{"@type":"ReadAction","target":["https:\/\/inclusivenews.com.br\/?p=15802"]}]},{"@type":"ImageObject","inLanguage":"pt-PT","@id":"https:\/\/inclusivenews.com.br\/?p=15802#primaryimage","url":"","contentUrl":""},{"@type":"BreadcrumbList","@id":"https:\/\/inclusivenews.com.br\/?p=15802#breadcrumb","itemListElement":[{"@type":"ListItem","position":1,"name":"In\u00edcio","item":"https:\/\/inclusivenews.com.br\/"},{"@type":"ListItem","position":2,"name":"Oportunidade de Inclus\u00e3o de Pessoas com Defici\u00eancia &#8211; SESI\/RS"}]},{"@type":"WebSite","@id":"https:\/\/inclusivenews.com.br\/#website","url":"https:\/\/inclusivenews.com.br\/","name":"Inclusive News","description":"Inclusive News","publisher":{"@id":"https:\/\/inclusivenews.com.br\/#organization"},"potentialAction":[{"@type":"SearchAction","target":{"@type":"EntryPoint","urlTemplate":"https:\/\/inclusivenews.com.br\/?s={search_term_string}"},"query-input":{"@type":"PropertyValueSpecification","valueRequired":true,"valueName":"search_term_string"}}],"inLanguage":"pt-PT"},{"@type":"Organization","@id":"https:\/\/inclusivenews.com.br\/#organization","name":"Inclusive - inclus\u00e3o e cidadania","url":"https:\/\/inclusivenews.com.br\/","logo":{"@type":"ImageObject","inLanguage":"pt-PT","@id":"https:\/\/inclusivenews.com.br\/#\/schema\/logo\/image\/","url":"https:\/\/inclusivenews.com.br\/wp-content\/uploads\/2024\/03\/@grandesite.png","contentUrl":"https:\/\/inclusivenews.com.br\/wp-content\/uploads\/2024\/03\/@grandesite.png","width":1080,"height":1080,"caption":"Inclusive - inclus\u00e3o e cidadania"},"image":{"@id":"https:\/\/inclusivenews.com.br\/#\/schema\/logo\/image\/"},"sameAs":["https:\/\/www.facebook.com\/agenciainclusive\/","https:\/\/www.instagram.com\/newsinclusive\/"]},{"@type":"Person","@id":"https:\/\/inclusivenews.com.br\/#\/schema\/person\/ae4ec7087559b8692fb33b6fffd2273b","name":"inclusivenews2024","image":{"@type":"ImageObject","inLanguage":"pt-PT","@id":"https:\/\/secure.gravatar.com\/avatar\/c5a7ef84c66fa914f55bc4f7ce26cfa275a3b9a1c5568b907bd184fb4dde7b40?s=96&d=mm&r=g","url":"https:\/\/secure.gravatar.com\/avatar\/c5a7ef84c66fa914f55bc4f7ce26cfa275a3b9a1c5568b907bd184fb4dde7b40?s=96&d=mm&r=g","contentUrl":"https:\/\/secure.gravatar.com\/avatar\/c5a7ef84c66fa914f55bc4f7ce26cfa275a3b9a1c5568b907bd184fb4dde7b40?s=96&d=mm&r=g","caption":"inclusivenews2024"},"sameAs":["https:\/\/inclusivenews.com.br"],"url":"https:\/\/inclusivenews.com.br\/?author=1"}]}},"_links":{"self":[{"href":"https:\/\/inclusivenews.com.br\/index.php?rest_route=\/wp\/v2\/posts\/15802","targetHints":{"allow":["GET"]}}],"collection":[{"href":"https:\/\/inclusivenews.com.br\/index.php?rest_route=\/wp\/v2\/posts"}],"about":[{"href":"https:\/\/inclusivenews.com.br\/index.php?rest_route=\/wp\/v2\/types\/post"}],"author":[{"embeddable":true,"href":"https:\/\/inclusivenews.com.br\/index.php?rest_route=\/wp\/v2\/users\/1"}],"replies":[{"embeddable":true,"href":"https:\/\/inclusivenews.com.br\/index.php?rest_route=%2Fwp%2Fv2%2Fcomments&post=15802"}],"version-history":[{"count":0,"href":"https:\/\/inclusivenews.com.br\/index.php?rest_route=\/wp\/v2\/posts\/15802\/revisions"}],"wp:attachment":[{"href":"https:\/\/inclusivenews.com.br\/index.php?rest_route=%2Fwp%2Fv2%2Fmedia&parent=15802"}],"wp:term":[{"taxonomy":"category","embeddable":true,"href":"https:\/\/inclusivenews.com.br\/index.php?rest_route=%2Fwp%2Fv2%2Fcategories&post=15802"},{"taxonomy":"post_tag","embeddable":true,"href":"https:\/\/inclusivenews.com.br\/index.php?rest_route=%2Fwp%2Fv2%2Ftags&post=15802"}],"curies":[{"name":"wp","href":"https:\/\/api.w.org\/{rel}","templated":true}]}}