{"id":15809,"date":"2010-06-07T08:09:19","date_gmt":"2010-06-07T11:09:19","guid":{"rendered":"http:\/\/www.inclusive.org.br\/?p=15809"},"modified":"2010-06-07T08:09:19","modified_gmt":"2010-06-07T11:09:19","slug":"audiencia-publica-sobre-os-direitos-das-pessoas-com-deficiencia-806","status":"publish","type":"post","link":"https:\/\/inclusivenews.com.br\/?p=15809","title":{"rendered":"Audi\u00eancia p\u00fablica sobre os direitos das pessoas com defici\u00eancia &#8211; 8\/06"},"content":{"rendered":"<p>O evento acontece na pr\u00f3xima ter\u00e7a-feira (08), \u00e0s 18h30min, no audit\u00f3rio Guilherme Schultz Filho, no 2\u00ba andar da sede da entidade.<\/p>\n<p>A OAB\/RS, por meio da Comiss\u00e3o de Direitos Humanos Sobral Pinto (CDH), realiza audi\u00eancia p\u00fablica sobre os diretos de pessoas com defici\u00eancia, na pr\u00f3xima ter\u00e7a-feira (08), \u00e0s 18h30min, no audit\u00f3rio Guilherme Schultz Filho, no 2\u00ba andar da sede da seccional (rua Washington Luiz, 1110).<\/p>\n<p>No evento, que tem entrada franca e vagas limitadas, ser\u00e3o tra\u00e7adas metas em prol dos direitos das pessoas com defici\u00eancia.<\/p>\n<p>A relev\u00e2ncia da audi\u00eancia p\u00fablica \u00e9 justificada pelo organizador e o coordenador-geral da CDH, conselheiro seccional Ricardo Breier, que destacou que no pa\u00eds existem 25 milh\u00f5es de pessoas portadoras de defici\u00eancia, ou seja, 14,5% da popula\u00e7\u00e3o, sendo que destas, 90% est\u00e3o fora do mercado de trabalho.<\/p>\n<p>Por entender que a Ordem ga\u00facha deve estar perto dos reclames da sociedade civil organizada, o coordenador-geral ressaltou: \u201cO evento \u00e9 muito importante por uma quest\u00e3o de aproxima\u00e7\u00e3o dos deficientes f\u00edsicos com a gest\u00e3o de pol\u00edtica p\u00fablica. Assim, a Ordem fica parceira neste cen\u00e1rio, pois uma a\u00e7\u00e3o como esta \u00e9 muito relevante, pois aproxima o reclame ao gestor p\u00fablico\u201d.<\/p>\n<p>Institui\u00e7\u00f5es convidadas para composi\u00e7\u00e3o do painel:<\/p>\n<p>Assembleia Legislativa do Estado<br \/>\nMinist\u00e9rio P\u00fablico do Estado<br \/>\nMinist\u00e9rio P\u00fablico do Trabalho da 4\u00aa Regi\u00e3o<br \/>\nConselho Estadual dos Direitos da Pessoa com Defici\u00eancia<br \/>\nFunda\u00e7\u00e3o de Articula\u00e7\u00e3o e Desenvolvimento de Pol\u00edticas P\u00fablicas para PPDs e PPAHs no RS \u2013 Secretaria da Justi\u00e7a e do Desenvolvimento Social do RS<br \/>\nFedera\u00e7\u00e3o das Associa\u00e7\u00f5es de Munic\u00edpios do RS<\/p>\n<p>As inscri\u00e7\u00f5es devem ser feitas pelo telefone (51) 3284-6426 ou pelo e-mail comissoesespeciaissec2@oabrs.org.br<\/p>\n<figure id=\"attachment_15821\" aria-describedby=\"caption-attachment-15821\" style=\"width: 212px\" class=\"wp-caption alignleft\"><a href=\"http:\/\/www.inclusivenews.com.br\/wp-content\/uploads\/2010\/06\/oabrs.jpg\"><img loading=\"lazy\" decoding=\"async\" class=\"size-medium wp-image-15821\" title=\"Convite OAB\/RS, descri\u00e7\u00e3o acima.\" src=\"http:\/\/inclusivenews.com.br\/wp-content\/uploads\/2010\/06\/oabrs-212x300.jpg\" alt=\"\" width=\"212\" height=\"300\" \/><\/a><figcaption id=\"caption-attachment-15821\" class=\"wp-caption-text\"> <\/figcaption><\/figure>\n","protected":false},"excerpt":{"rendered":"<p>A OAB\/RS, por meio da Comiss\u00e3o de Direitos Humanos Sobral Pinto (CDH), realiza audi\u00eancia p\u00fablica sobre os diretos de pessoas com defici\u00eancia, na pr\u00f3xima ter\u00e7a-feira (08), \u00e0s 18h30min, no audit\u00f3rio Guilherme Schultz Filho, no 2\u00ba andar da sede da seccional (rua Washington Luiz, 1110).<\/p>\n","protected":false},"author":1,"featured_media":0,"comment_status":"open","ping_status":"open","sticky":false,"template":"","format":"standard","meta":{"site-container-style":"default","site-container-layout":"default","site-sidebar-layout":"default","disable-article-header":"default","disable-site-header":"default","disable-site-footer":"default","disable-content-area-spacing":"default","footnotes":""},"categories":[12,4],"tags":[],"class_list":["post-15809","post","type-post","status-publish","format-standard","hentry","category-cursos-e-eventos","category-noticias"],"yoast_head":"<!-- This site is optimized with the Yoast SEO plugin v27.4 - https:\/\/yoast.com\/product\/yoast-seo-wordpress\/ -->\n<title>Audi\u00eancia p\u00fablica sobre os direitos das pessoas com defici\u00eancia - 8\/06 -<\/title>\n<meta name=\"robots\" content=\"index, follow, max-snippet:-1, max-image-preview:large, max-video-preview:-1\" \/>\n<link rel=\"canonical\" href=\"https:\/\/inclusivenews.com.br\/?p=15809\" \/>\n<meta property=\"og:locale\" content=\"pt_PT\" \/>\n<meta property=\"og:type\" content=\"article\" \/>\n<meta property=\"og:title\" content=\"Audi\u00eancia p\u00fablica sobre os direitos das pessoas com defici\u00eancia - 8\/06 -\" \/>\n<meta property=\"og:description\" content=\"A OAB\/RS, por meio da Comiss\u00e3o de Direitos Humanos Sobral Pinto (CDH), realiza audi\u00eancia p\u00fablica sobre os diretos de pessoas com defici\u00eancia, na pr\u00f3xima ter\u00e7a-feira (08), \u00e0s 18h30min, no audit\u00f3rio Guilherme Schultz Filho, no 2\u00ba andar da sede da seccional (rua Washington Luiz, 1110).\" \/>\n<meta property=\"og:url\" content=\"https:\/\/inclusivenews.com.br\/?p=15809\" \/>\n<meta property=\"article:publisher\" content=\"https:\/\/www.facebook.com\/agenciainclusive\/\" \/>\n<meta property=\"article:published_time\" content=\"2010-06-07T11:09:19+00:00\" \/>\n<meta property=\"og:image\" content=\"http:\/\/inclusivenews.com.br\/wp-content\/uploads\/2010\/06\/oabrs-212x300.jpg\" \/>\n<meta name=\"author\" content=\"inclusivenews2024\" \/>\n<meta name=\"twitter:card\" content=\"summary_large_image\" \/>\n<meta name=\"twitter:label1\" content=\"Escrito por\" \/>\n\t<meta name=\"twitter:data1\" content=\"inclusivenews2024\" \/>\n\t<meta name=\"twitter:label2\" content=\"Tempo estimado de leitura\" \/>\n\t<meta name=\"twitter:data2\" content=\"2 minutos\" \/>\n<script type=\"application\/ld+json\" class=\"yoast-schema-graph\">{\"@context\":\"https:\\\/\\\/schema.org\",\"@graph\":[{\"@type\":\"Article\",\"@id\":\"https:\\\/\\\/inclusivenews.com.br\\\/?p=15809#article\",\"isPartOf\":{\"@id\":\"https:\\\/\\\/inclusivenews.com.br\\\/?p=15809\"},\"author\":{\"name\":\"inclusivenews2024\",\"@id\":\"https:\\\/\\\/inclusivenews.com.br\\\/#\\\/schema\\\/person\\\/ae4ec7087559b8692fb33b6fffd2273b\"},\"headline\":\"Audi\u00eancia p\u00fablica sobre os direitos das pessoas com defici\u00eancia &#8211; 8\\\/06\",\"datePublished\":\"2010-06-07T11:09:19+00:00\",\"mainEntityOfPage\":{\"@id\":\"https:\\\/\\\/inclusivenews.com.br\\\/?p=15809\"},\"wordCount\":324,\"commentCount\":0,\"publisher\":{\"@id\":\"https:\\\/\\\/inclusivenews.com.br\\\/#organization\"},\"image\":{\"@id\":\"https:\\\/\\\/inclusivenews.com.br\\\/?p=15809#primaryimage\"},\"thumbnailUrl\":\"http:\\\/\\\/inclusivenews.com.br\\\/wp-content\\\/uploads\\\/2010\\\/06\\\/oabrs-212x300.jpg\",\"articleSection\":[\"Cursos e eventos\",\"NOT\u00cdCIAS\"],\"inLanguage\":\"pt-PT\",\"potentialAction\":[{\"@type\":\"CommentAction\",\"name\":\"Comment\",\"target\":[\"https:\\\/\\\/inclusivenews.com.br\\\/?p=15809#respond\"]}]},{\"@type\":\"WebPage\",\"@id\":\"https:\\\/\\\/inclusivenews.com.br\\\/?p=15809\",\"url\":\"https:\\\/\\\/inclusivenews.com.br\\\/?p=15809\",\"name\":\"Audi\u00eancia p\u00fablica sobre os direitos das pessoas com defici\u00eancia - 8\\\/06 -\",\"isPartOf\":{\"@id\":\"https:\\\/\\\/inclusivenews.com.br\\\/#website\"},\"primaryImageOfPage\":{\"@id\":\"https:\\\/\\\/inclusivenews.com.br\\\/?p=15809#primaryimage\"},\"image\":{\"@id\":\"https:\\\/\\\/inclusivenews.com.br\\\/?p=15809#primaryimage\"},\"thumbnailUrl\":\"http:\\\/\\\/inclusivenews.com.br\\\/wp-content\\\/uploads\\\/2010\\\/06\\\/oabrs-212x300.jpg\",\"datePublished\":\"2010-06-07T11:09:19+00:00\",\"breadcrumb\":{\"@id\":\"https:\\\/\\\/inclusivenews.com.br\\\/?p=15809#breadcrumb\"},\"inLanguage\":\"pt-PT\",\"potentialAction\":[{\"@type\":\"ReadAction\",\"target\":[\"https:\\\/\\\/inclusivenews.com.br\\\/?p=15809\"]}]},{\"@type\":\"ImageObject\",\"inLanguage\":\"pt-PT\",\"@id\":\"https:\\\/\\\/inclusivenews.com.br\\\/?p=15809#primaryimage\",\"url\":\"\",\"contentUrl\":\"\"},{\"@type\":\"BreadcrumbList\",\"@id\":\"https:\\\/\\\/inclusivenews.com.br\\\/?p=15809#breadcrumb\",\"itemListElement\":[{\"@type\":\"ListItem\",\"position\":1,\"name\":\"In\u00edcio\",\"item\":\"https:\\\/\\\/inclusivenews.com.br\\\/\"},{\"@type\":\"ListItem\",\"position\":2,\"name\":\"Audi\u00eancia p\u00fablica sobre os direitos das pessoas com defici\u00eancia &#8211; 8\\\/06\"}]},{\"@type\":\"WebSite\",\"@id\":\"https:\\\/\\\/inclusivenews.com.br\\\/#website\",\"url\":\"https:\\\/\\\/inclusivenews.com.br\\\/\",\"name\":\"Inclusive News\",\"description\":\"Inclusive News\",\"publisher\":{\"@id\":\"https:\\\/\\\/inclusivenews.com.br\\\/#organization\"},\"potentialAction\":[{\"@type\":\"SearchAction\",\"target\":{\"@type\":\"EntryPoint\",\"urlTemplate\":\"https:\\\/\\\/inclusivenews.com.br\\\/?s={search_term_string}\"},\"query-input\":{\"@type\":\"PropertyValueSpecification\",\"valueRequired\":true,\"valueName\":\"search_term_string\"}}],\"inLanguage\":\"pt-PT\"},{\"@type\":\"Organization\",\"@id\":\"https:\\\/\\\/inclusivenews.com.br\\\/#organization\",\"name\":\"Inclusive - inclus\u00e3o e cidadania\",\"url\":\"https:\\\/\\\/inclusivenews.com.br\\\/\",\"logo\":{\"@type\":\"ImageObject\",\"inLanguage\":\"pt-PT\",\"@id\":\"https:\\\/\\\/inclusivenews.com.br\\\/#\\\/schema\\\/logo\\\/image\\\/\",\"url\":\"https:\\\/\\\/inclusivenews.com.br\\\/wp-content\\\/uploads\\\/2024\\\/03\\\/@grandesite.png\",\"contentUrl\":\"https:\\\/\\\/inclusivenews.com.br\\\/wp-content\\\/uploads\\\/2024\\\/03\\\/@grandesite.png\",\"width\":1080,\"height\":1080,\"caption\":\"Inclusive - inclus\u00e3o e cidadania\"},\"image\":{\"@id\":\"https:\\\/\\\/inclusivenews.com.br\\\/#\\\/schema\\\/logo\\\/image\\\/\"},\"sameAs\":[\"https:\\\/\\\/www.facebook.com\\\/agenciainclusive\\\/\",\"https:\\\/\\\/www.instagram.com\\\/newsinclusive\\\/\"]},{\"@type\":\"Person\",\"@id\":\"https:\\\/\\\/inclusivenews.com.br\\\/#\\\/schema\\\/person\\\/ae4ec7087559b8692fb33b6fffd2273b\",\"name\":\"inclusivenews2024\",\"image\":{\"@type\":\"ImageObject\",\"inLanguage\":\"pt-PT\",\"@id\":\"https:\\\/\\\/secure.gravatar.com\\\/avatar\\\/c5a7ef84c66fa914f55bc4f7ce26cfa275a3b9a1c5568b907bd184fb4dde7b40?s=96&d=mm&r=g\",\"url\":\"https:\\\/\\\/secure.gravatar.com\\\/avatar\\\/c5a7ef84c66fa914f55bc4f7ce26cfa275a3b9a1c5568b907bd184fb4dde7b40?s=96&d=mm&r=g\",\"contentUrl\":\"https:\\\/\\\/secure.gravatar.com\\\/avatar\\\/c5a7ef84c66fa914f55bc4f7ce26cfa275a3b9a1c5568b907bd184fb4dde7b40?s=96&d=mm&r=g\",\"caption\":\"inclusivenews2024\"},\"sameAs\":[\"https:\\\/\\\/inclusivenews.com.br\"],\"url\":\"https:\\\/\\\/inclusivenews.com.br\\\/?author=1\"}]}<\/script>\n<!-- \/ Yoast SEO plugin. -->","yoast_head_json":{"title":"Audi\u00eancia p\u00fablica sobre os direitos das pessoas com defici\u00eancia - 8\/06 -","robots":{"index":"index","follow":"follow","max-snippet":"max-snippet:-1","max-image-preview":"max-image-preview:large","max-video-preview":"max-video-preview:-1"},"canonical":"https:\/\/inclusivenews.com.br\/?p=15809","og_locale":"pt_PT","og_type":"article","og_title":"Audi\u00eancia p\u00fablica sobre os direitos das pessoas com defici\u00eancia - 8\/06 -","og_description":"A OAB\/RS, por meio da Comiss\u00e3o de Direitos Humanos Sobral Pinto (CDH), realiza audi\u00eancia p\u00fablica sobre os diretos de pessoas com defici\u00eancia, na pr\u00f3xima ter\u00e7a-feira (08), \u00e0s 18h30min, no audit\u00f3rio Guilherme Schultz Filho, no 2\u00ba andar da sede da seccional (rua Washington Luiz, 1110).","og_url":"https:\/\/inclusivenews.com.br\/?p=15809","article_publisher":"https:\/\/www.facebook.com\/agenciainclusive\/","article_published_time":"2010-06-07T11:09:19+00:00","og_image":[{"url":"http:\/\/inclusivenews.com.br\/wp-content\/uploads\/2010\/06\/oabrs-212x300.jpg","type":"","width":"","height":""}],"author":"inclusivenews2024","twitter_card":"summary_large_image","twitter_misc":{"Escrito por":"inclusivenews2024","Tempo estimado de leitura":"2 minutos"},"schema":{"@context":"https:\/\/schema.org","@graph":[{"@type":"Article","@id":"https:\/\/inclusivenews.com.br\/?p=15809#article","isPartOf":{"@id":"https:\/\/inclusivenews.com.br\/?p=15809"},"author":{"name":"inclusivenews2024","@id":"https:\/\/inclusivenews.com.br\/#\/schema\/person\/ae4ec7087559b8692fb33b6fffd2273b"},"headline":"Audi\u00eancia p\u00fablica sobre os direitos das pessoas com defici\u00eancia &#8211; 8\/06","datePublished":"2010-06-07T11:09:19+00:00","mainEntityOfPage":{"@id":"https:\/\/inclusivenews.com.br\/?p=15809"},"wordCount":324,"commentCount":0,"publisher":{"@id":"https:\/\/inclusivenews.com.br\/#organization"},"image":{"@id":"https:\/\/inclusivenews.com.br\/?p=15809#primaryimage"},"thumbnailUrl":"http:\/\/inclusivenews.com.br\/wp-content\/uploads\/2010\/06\/oabrs-212x300.jpg","articleSection":["Cursos e eventos","NOT\u00cdCIAS"],"inLanguage":"pt-PT","potentialAction":[{"@type":"CommentAction","name":"Comment","target":["https:\/\/inclusivenews.com.br\/?p=15809#respond"]}]},{"@type":"WebPage","@id":"https:\/\/inclusivenews.com.br\/?p=15809","url":"https:\/\/inclusivenews.com.br\/?p=15809","name":"Audi\u00eancia p\u00fablica sobre os direitos das pessoas com defici\u00eancia - 8\/06 -","isPartOf":{"@id":"https:\/\/inclusivenews.com.br\/#website"},"primaryImageOfPage":{"@id":"https:\/\/inclusivenews.com.br\/?p=15809#primaryimage"},"image":{"@id":"https:\/\/inclusivenews.com.br\/?p=15809#primaryimage"},"thumbnailUrl":"http:\/\/inclusivenews.com.br\/wp-content\/uploads\/2010\/06\/oabrs-212x300.jpg","datePublished":"2010-06-07T11:09:19+00:00","breadcrumb":{"@id":"https:\/\/inclusivenews.com.br\/?p=15809#breadcrumb"},"inLanguage":"pt-PT","potentialAction":[{"@type":"ReadAction","target":["https:\/\/inclusivenews.com.br\/?p=15809"]}]},{"@type":"ImageObject","inLanguage":"pt-PT","@id":"https:\/\/inclusivenews.com.br\/?p=15809#primaryimage","url":"","contentUrl":""},{"@type":"BreadcrumbList","@id":"https:\/\/inclusivenews.com.br\/?p=15809#breadcrumb","itemListElement":[{"@type":"ListItem","position":1,"name":"In\u00edcio","item":"https:\/\/inclusivenews.com.br\/"},{"@type":"ListItem","position":2,"name":"Audi\u00eancia p\u00fablica sobre os direitos das pessoas com defici\u00eancia &#8211; 8\/06"}]},{"@type":"WebSite","@id":"https:\/\/inclusivenews.com.br\/#website","url":"https:\/\/inclusivenews.com.br\/","name":"Inclusive News","description":"Inclusive News","publisher":{"@id":"https:\/\/inclusivenews.com.br\/#organization"},"potentialAction":[{"@type":"SearchAction","target":{"@type":"EntryPoint","urlTemplate":"https:\/\/inclusivenews.com.br\/?s={search_term_string}"},"query-input":{"@type":"PropertyValueSpecification","valueRequired":true,"valueName":"search_term_string"}}],"inLanguage":"pt-PT"},{"@type":"Organization","@id":"https:\/\/inclusivenews.com.br\/#organization","name":"Inclusive - inclus\u00e3o e cidadania","url":"https:\/\/inclusivenews.com.br\/","logo":{"@type":"ImageObject","inLanguage":"pt-PT","@id":"https:\/\/inclusivenews.com.br\/#\/schema\/logo\/image\/","url":"https:\/\/inclusivenews.com.br\/wp-content\/uploads\/2024\/03\/@grandesite.png","contentUrl":"https:\/\/inclusivenews.com.br\/wp-content\/uploads\/2024\/03\/@grandesite.png","width":1080,"height":1080,"caption":"Inclusive - inclus\u00e3o e cidadania"},"image":{"@id":"https:\/\/inclusivenews.com.br\/#\/schema\/logo\/image\/"},"sameAs":["https:\/\/www.facebook.com\/agenciainclusive\/","https:\/\/www.instagram.com\/newsinclusive\/"]},{"@type":"Person","@id":"https:\/\/inclusivenews.com.br\/#\/schema\/person\/ae4ec7087559b8692fb33b6fffd2273b","name":"inclusivenews2024","image":{"@type":"ImageObject","inLanguage":"pt-PT","@id":"https:\/\/secure.gravatar.com\/avatar\/c5a7ef84c66fa914f55bc4f7ce26cfa275a3b9a1c5568b907bd184fb4dde7b40?s=96&d=mm&r=g","url":"https:\/\/secure.gravatar.com\/avatar\/c5a7ef84c66fa914f55bc4f7ce26cfa275a3b9a1c5568b907bd184fb4dde7b40?s=96&d=mm&r=g","contentUrl":"https:\/\/secure.gravatar.com\/avatar\/c5a7ef84c66fa914f55bc4f7ce26cfa275a3b9a1c5568b907bd184fb4dde7b40?s=96&d=mm&r=g","caption":"inclusivenews2024"},"sameAs":["https:\/\/inclusivenews.com.br"],"url":"https:\/\/inclusivenews.com.br\/?author=1"}]}},"_links":{"self":[{"href":"https:\/\/inclusivenews.com.br\/index.php?rest_route=\/wp\/v2\/posts\/15809","targetHints":{"allow":["GET"]}}],"collection":[{"href":"https:\/\/inclusivenews.com.br\/index.php?rest_route=\/wp\/v2\/posts"}],"about":[{"href":"https:\/\/inclusivenews.com.br\/index.php?rest_route=\/wp\/v2\/types\/post"}],"author":[{"embeddable":true,"href":"https:\/\/inclusivenews.com.br\/index.php?rest_route=\/wp\/v2\/users\/1"}],"replies":[{"embeddable":true,"href":"https:\/\/inclusivenews.com.br\/index.php?rest_route=%2Fwp%2Fv2%2Fcomments&post=15809"}],"version-history":[{"count":0,"href":"https:\/\/inclusivenews.com.br\/index.php?rest_route=\/wp\/v2\/posts\/15809\/revisions"}],"wp:attachment":[{"href":"https:\/\/inclusivenews.com.br\/index.php?rest_route=%2Fwp%2Fv2%2Fmedia&parent=15809"}],"wp:term":[{"taxonomy":"category","embeddable":true,"href":"https:\/\/inclusivenews.com.br\/index.php?rest_route=%2Fwp%2Fv2%2Fcategories&post=15809"},{"taxonomy":"post_tag","embeddable":true,"href":"https:\/\/inclusivenews.com.br\/index.php?rest_route=%2Fwp%2Fv2%2Ftags&post=15809"}],"curies":[{"name":"wp","href":"https:\/\/api.w.org\/{rel}","templated":true}]}}