{"id":15824,"date":"2010-06-07T08:45:34","date_gmt":"2010-06-07T11:45:34","guid":{"rendered":"http:\/\/www.inclusive.org.br\/?p=15824"},"modified":"2010-06-07T08:45:34","modified_gmt":"2010-06-07T11:45:34","slug":"oliver-stone-e-seu-road-movie-politico","status":"publish","type":"post","link":"https:\/\/inclusivenews.com.br\/?p=15824","title":{"rendered":"Oliver Stone e seu road movie pol\u00edtico"},"content":{"rendered":"<figure style=\"width: 100px\" class=\"wp-caption alignleft\"><img loading=\"lazy\" decoding=\"async\" title=\"Cartaz de Ao Sul da Fronteira\" src=\"http:\/\/cinema10.com.br\/upload\/filmes\/filmes_1097_Ao%20Sul%20da%20Fronteira%20Poster.jpg\" alt=\"\" width=\"100\" height=\"150\" \/><figcaption class=\"wp-caption-text\"> <\/figcaption><\/figure>\n<p>Sem se prestar aten\u00e7\u00e3o ao t\u00edtulo n\u00e3o se entende o filme. Ao Sul da Fronteira \u00e9 um document\u00e1rio dirigido por um norte-americano descrente de que o mundo civilizado come\u00e7a e acaba em seu pa\u00eds. H\u00e1 vida ao Sul e \u00e9 nele que Oliver Stone vai encontrar o que, em sua vis\u00e3o, seria uma s\u00e9rie not\u00e1vel de governos que se recusam a seguir a cartilha de Washington &#8211; a Venezuela de Ch\u00e1vez, a Argentina dos Kirchner, o Brasil de Lula, o Paraguai de Fernando Lugo, o Equador de Rafael Correa e, de maneira um tanto lateral, a Cuba de Ra\u00fal Castro. Governos de centro-esquerda, ou de esquerda. \u00c9 neles que Stone encontra o sal da terra.<\/p>\n<p>\u00c0 sua maneira, Ao Sul da Fronteira \u00e9, tamb\u00e9m, um filme sobre a fabrica\u00e7\u00e3o de estere\u00f3tipos. As primeiras imagens s\u00e3o de uma apresentadora de TV de uma conhecida rede de televis\u00e3o americana, dizendo, histericamente, que aqueles ditadores eram todos viciados em &#8220;cacau&#8221; (sic). Um dos seus colegas sugere que ela estaria confundindo cacau com coca\u00edna. E ela responde que \u00e9 tudo mais ou menos a mesma coisa. O processo de demoniza\u00e7\u00e3o toma um vi\u00e9s caricato. Mas, de qualquer forma, com mais ou menos grosseria, \u00e9 t\u00edpico de um tipo de m\u00eddia provocar rea\u00e7\u00f5es emocionais ao inv\u00e9s de reflex\u00e3o; refor\u00e7ar preconceitos em lugar de discutir ideias. O mundo das comunica\u00e7\u00f5es, tornado hist\u00e9rico por seu casamento com o show biz, \u00e9 esse primeiro alvo de Stone &#8211; e ficar\u00e1 em contraluz quando o diretor construir o seu pr\u00f3prio discurso ideol\u00f3gico.<\/p>\n<p>(&#8230;)<\/p>\n<p><a href=\"http:\/\/www.google.com.br\/url?sa=t&amp;source=web&amp;cd=1&amp;ved=0CBUQFjAA&amp;url=http%3A%2F%2Fwww.estadao.com.br%2Festadaodehoje%2F20100603%2Fnot_imp560901%2C0.php&amp;ei=EdsMTPniEMyOuAeNgvmVCw&amp;usg=AFQjCNEIZx-8vjxuAEIgbqRgScWKiko7FA&amp;sig2=g_ofu2spgZvCW28hlg4B8Q\">Leia \u00edntegra da resenha no Estad\u00e3o. <\/a><\/p>\n","protected":false},"excerpt":{"rendered":"<p>Em Ao Sul da Fronteira, Oliver Stone visita pa\u00edses como Venezuela, Equador, Bol\u00edvia e Brasil como quem deseja desfazer ideias preconceituosas. Publicado no Estado de S\u00e3o Paulo.<\/p>\n","protected":false},"author":1,"featured_media":0,"comment_status":"open","ping_status":"open","sticky":false,"template":"","format":"standard","meta":{"site-container-style":"default","site-container-layout":"default","site-sidebar-layout":"default","disable-article-header":"default","disable-site-header":"default","disable-site-footer":"default","disable-content-area-spacing":"default","footnotes":""},"categories":[57,58],"tags":[],"class_list":["post-15824","post","type-post","status-publish","format-standard","hentry","category-filmes-e-midias","category-resenha-e-critica"],"yoast_head":"<!-- This site is optimized with the Yoast SEO plugin v27.4 - https:\/\/yoast.com\/product\/yoast-seo-wordpress\/ -->\n<title>Oliver Stone e seu road movie pol\u00edtico -<\/title>\n<meta name=\"robots\" content=\"index, follow, max-snippet:-1, max-image-preview:large, max-video-preview:-1\" \/>\n<link rel=\"canonical\" href=\"https:\/\/inclusivenews.com.br\/?p=15824\" \/>\n<meta property=\"og:locale\" content=\"pt_PT\" \/>\n<meta property=\"og:type\" content=\"article\" \/>\n<meta property=\"og:title\" content=\"Oliver Stone e seu road movie pol\u00edtico -\" \/>\n<meta property=\"og:description\" content=\"Em Ao Sul da Fronteira, Oliver Stone visita pa\u00edses como Venezuela, Equador, Bol\u00edvia e Brasil como quem deseja desfazer ideias preconceituosas. Publicado no Estado de S\u00e3o Paulo.\" \/>\n<meta property=\"og:url\" content=\"https:\/\/inclusivenews.com.br\/?p=15824\" \/>\n<meta property=\"article:publisher\" content=\"https:\/\/www.facebook.com\/agenciainclusive\/\" \/>\n<meta property=\"article:published_time\" content=\"2010-06-07T11:45:34+00:00\" \/>\n<meta property=\"og:image\" content=\"http:\/\/cinema10.com.br\/upload\/filmes\/filmes_1097_Ao%20Sul%20da%20Fronteira%20Poster.jpg\" \/>\n<meta name=\"author\" content=\"inclusivenews2024\" \/>\n<meta name=\"twitter:card\" content=\"summary_large_image\" \/>\n<meta name=\"twitter:label1\" content=\"Escrito por\" \/>\n\t<meta name=\"twitter:data1\" content=\"inclusivenews2024\" \/>\n\t<meta name=\"twitter:label2\" content=\"Tempo estimado de leitura\" \/>\n\t<meta name=\"twitter:data2\" content=\"1 minuto\" \/>\n<script type=\"application\/ld+json\" class=\"yoast-schema-graph\">{\"@context\":\"https:\\\/\\\/schema.org\",\"@graph\":[{\"@type\":\"Article\",\"@id\":\"https:\\\/\\\/inclusivenews.com.br\\\/?p=15824#article\",\"isPartOf\":{\"@id\":\"https:\\\/\\\/inclusivenews.com.br\\\/?p=15824\"},\"author\":{\"name\":\"inclusivenews2024\",\"@id\":\"https:\\\/\\\/inclusivenews.com.br\\\/#\\\/schema\\\/person\\\/ae4ec7087559b8692fb33b6fffd2273b\"},\"headline\":\"Oliver Stone e seu road movie pol\u00edtico\",\"datePublished\":\"2010-06-07T11:45:34+00:00\",\"mainEntityOfPage\":{\"@id\":\"https:\\\/\\\/inclusivenews.com.br\\\/?p=15824\"},\"wordCount\":296,\"commentCount\":0,\"publisher\":{\"@id\":\"https:\\\/\\\/inclusivenews.com.br\\\/#organization\"},\"image\":{\"@id\":\"https:\\\/\\\/inclusivenews.com.br\\\/?p=15824#primaryimage\"},\"thumbnailUrl\":\"http:\\\/\\\/cinema10.com.br\\\/upload\\\/filmes\\\/filmes_1097_Ao%20Sul%20da%20Fronteira%20Poster.jpg\",\"articleSection\":[\"Filmes e m\u00eddias\",\"Resenha e Cr\u00edtica\"],\"inLanguage\":\"pt-PT\",\"potentialAction\":[{\"@type\":\"CommentAction\",\"name\":\"Comment\",\"target\":[\"https:\\\/\\\/inclusivenews.com.br\\\/?p=15824#respond\"]}]},{\"@type\":\"WebPage\",\"@id\":\"https:\\\/\\\/inclusivenews.com.br\\\/?p=15824\",\"url\":\"https:\\\/\\\/inclusivenews.com.br\\\/?p=15824\",\"name\":\"Oliver Stone e seu road movie pol\u00edtico -\",\"isPartOf\":{\"@id\":\"https:\\\/\\\/inclusivenews.com.br\\\/#website\"},\"primaryImageOfPage\":{\"@id\":\"https:\\\/\\\/inclusivenews.com.br\\\/?p=15824#primaryimage\"},\"image\":{\"@id\":\"https:\\\/\\\/inclusivenews.com.br\\\/?p=15824#primaryimage\"},\"thumbnailUrl\":\"http:\\\/\\\/cinema10.com.br\\\/upload\\\/filmes\\\/filmes_1097_Ao%20Sul%20da%20Fronteira%20Poster.jpg\",\"datePublished\":\"2010-06-07T11:45:34+00:00\",\"breadcrumb\":{\"@id\":\"https:\\\/\\\/inclusivenews.com.br\\\/?p=15824#breadcrumb\"},\"inLanguage\":\"pt-PT\",\"potentialAction\":[{\"@type\":\"ReadAction\",\"target\":[\"https:\\\/\\\/inclusivenews.com.br\\\/?p=15824\"]}]},{\"@type\":\"ImageObject\",\"inLanguage\":\"pt-PT\",\"@id\":\"https:\\\/\\\/inclusivenews.com.br\\\/?p=15824#primaryimage\",\"url\":\"http:\\\/\\\/cinema10.com.br\\\/upload\\\/filmes\\\/filmes_1097_Ao%20Sul%20da%20Fronteira%20Poster.jpg\",\"contentUrl\":\"http:\\\/\\\/cinema10.com.br\\\/upload\\\/filmes\\\/filmes_1097_Ao%20Sul%20da%20Fronteira%20Poster.jpg\"},{\"@type\":\"BreadcrumbList\",\"@id\":\"https:\\\/\\\/inclusivenews.com.br\\\/?p=15824#breadcrumb\",\"itemListElement\":[{\"@type\":\"ListItem\",\"position\":1,\"name\":\"In\u00edcio\",\"item\":\"https:\\\/\\\/inclusivenews.com.br\\\/\"},{\"@type\":\"ListItem\",\"position\":2,\"name\":\"Oliver Stone e seu road movie pol\u00edtico\"}]},{\"@type\":\"WebSite\",\"@id\":\"https:\\\/\\\/inclusivenews.com.br\\\/#website\",\"url\":\"https:\\\/\\\/inclusivenews.com.br\\\/\",\"name\":\"Inclusive News\",\"description\":\"Inclusive News\",\"publisher\":{\"@id\":\"https:\\\/\\\/inclusivenews.com.br\\\/#organization\"},\"potentialAction\":[{\"@type\":\"SearchAction\",\"target\":{\"@type\":\"EntryPoint\",\"urlTemplate\":\"https:\\\/\\\/inclusivenews.com.br\\\/?s={search_term_string}\"},\"query-input\":{\"@type\":\"PropertyValueSpecification\",\"valueRequired\":true,\"valueName\":\"search_term_string\"}}],\"inLanguage\":\"pt-PT\"},{\"@type\":\"Organization\",\"@id\":\"https:\\\/\\\/inclusivenews.com.br\\\/#organization\",\"name\":\"Inclusive - inclus\u00e3o e cidadania\",\"url\":\"https:\\\/\\\/inclusivenews.com.br\\\/\",\"logo\":{\"@type\":\"ImageObject\",\"inLanguage\":\"pt-PT\",\"@id\":\"https:\\\/\\\/inclusivenews.com.br\\\/#\\\/schema\\\/logo\\\/image\\\/\",\"url\":\"https:\\\/\\\/inclusivenews.com.br\\\/wp-content\\\/uploads\\\/2024\\\/03\\\/@grandesite.png\",\"contentUrl\":\"https:\\\/\\\/inclusivenews.com.br\\\/wp-content\\\/uploads\\\/2024\\\/03\\\/@grandesite.png\",\"width\":1080,\"height\":1080,\"caption\":\"Inclusive - inclus\u00e3o e cidadania\"},\"image\":{\"@id\":\"https:\\\/\\\/inclusivenews.com.br\\\/#\\\/schema\\\/logo\\\/image\\\/\"},\"sameAs\":[\"https:\\\/\\\/www.facebook.com\\\/agenciainclusive\\\/\",\"https:\\\/\\\/www.instagram.com\\\/newsinclusive\\\/\"]},{\"@type\":\"Person\",\"@id\":\"https:\\\/\\\/inclusivenews.com.br\\\/#\\\/schema\\\/person\\\/ae4ec7087559b8692fb33b6fffd2273b\",\"name\":\"inclusivenews2024\",\"image\":{\"@type\":\"ImageObject\",\"inLanguage\":\"pt-PT\",\"@id\":\"https:\\\/\\\/secure.gravatar.com\\\/avatar\\\/c5a7ef84c66fa914f55bc4f7ce26cfa275a3b9a1c5568b907bd184fb4dde7b40?s=96&d=mm&r=g\",\"url\":\"https:\\\/\\\/secure.gravatar.com\\\/avatar\\\/c5a7ef84c66fa914f55bc4f7ce26cfa275a3b9a1c5568b907bd184fb4dde7b40?s=96&d=mm&r=g\",\"contentUrl\":\"https:\\\/\\\/secure.gravatar.com\\\/avatar\\\/c5a7ef84c66fa914f55bc4f7ce26cfa275a3b9a1c5568b907bd184fb4dde7b40?s=96&d=mm&r=g\",\"caption\":\"inclusivenews2024\"},\"sameAs\":[\"https:\\\/\\\/inclusivenews.com.br\"],\"url\":\"https:\\\/\\\/inclusivenews.com.br\\\/?author=1\"}]}<\/script>\n<!-- \/ Yoast SEO plugin. -->","yoast_head_json":{"title":"Oliver Stone e seu road movie pol\u00edtico -","robots":{"index":"index","follow":"follow","max-snippet":"max-snippet:-1","max-image-preview":"max-image-preview:large","max-video-preview":"max-video-preview:-1"},"canonical":"https:\/\/inclusivenews.com.br\/?p=15824","og_locale":"pt_PT","og_type":"article","og_title":"Oliver Stone e seu road movie pol\u00edtico -","og_description":"Em Ao Sul da Fronteira, Oliver Stone visita pa\u00edses como Venezuela, Equador, Bol\u00edvia e Brasil como quem deseja desfazer ideias preconceituosas. Publicado no Estado de S\u00e3o Paulo.","og_url":"https:\/\/inclusivenews.com.br\/?p=15824","article_publisher":"https:\/\/www.facebook.com\/agenciainclusive\/","article_published_time":"2010-06-07T11:45:34+00:00","og_image":[{"url":"http:\/\/cinema10.com.br\/upload\/filmes\/filmes_1097_Ao%20Sul%20da%20Fronteira%20Poster.jpg","type":"","width":"","height":""}],"author":"inclusivenews2024","twitter_card":"summary_large_image","twitter_misc":{"Escrito por":"inclusivenews2024","Tempo estimado de leitura":"1 minuto"},"schema":{"@context":"https:\/\/schema.org","@graph":[{"@type":"Article","@id":"https:\/\/inclusivenews.com.br\/?p=15824#article","isPartOf":{"@id":"https:\/\/inclusivenews.com.br\/?p=15824"},"author":{"name":"inclusivenews2024","@id":"https:\/\/inclusivenews.com.br\/#\/schema\/person\/ae4ec7087559b8692fb33b6fffd2273b"},"headline":"Oliver Stone e seu road movie pol\u00edtico","datePublished":"2010-06-07T11:45:34+00:00","mainEntityOfPage":{"@id":"https:\/\/inclusivenews.com.br\/?p=15824"},"wordCount":296,"commentCount":0,"publisher":{"@id":"https:\/\/inclusivenews.com.br\/#organization"},"image":{"@id":"https:\/\/inclusivenews.com.br\/?p=15824#primaryimage"},"thumbnailUrl":"http:\/\/cinema10.com.br\/upload\/filmes\/filmes_1097_Ao%20Sul%20da%20Fronteira%20Poster.jpg","articleSection":["Filmes e m\u00eddias","Resenha e Cr\u00edtica"],"inLanguage":"pt-PT","potentialAction":[{"@type":"CommentAction","name":"Comment","target":["https:\/\/inclusivenews.com.br\/?p=15824#respond"]}]},{"@type":"WebPage","@id":"https:\/\/inclusivenews.com.br\/?p=15824","url":"https:\/\/inclusivenews.com.br\/?p=15824","name":"Oliver Stone e seu road movie pol\u00edtico -","isPartOf":{"@id":"https:\/\/inclusivenews.com.br\/#website"},"primaryImageOfPage":{"@id":"https:\/\/inclusivenews.com.br\/?p=15824#primaryimage"},"image":{"@id":"https:\/\/inclusivenews.com.br\/?p=15824#primaryimage"},"thumbnailUrl":"http:\/\/cinema10.com.br\/upload\/filmes\/filmes_1097_Ao%20Sul%20da%20Fronteira%20Poster.jpg","datePublished":"2010-06-07T11:45:34+00:00","breadcrumb":{"@id":"https:\/\/inclusivenews.com.br\/?p=15824#breadcrumb"},"inLanguage":"pt-PT","potentialAction":[{"@type":"ReadAction","target":["https:\/\/inclusivenews.com.br\/?p=15824"]}]},{"@type":"ImageObject","inLanguage":"pt-PT","@id":"https:\/\/inclusivenews.com.br\/?p=15824#primaryimage","url":"http:\/\/cinema10.com.br\/upload\/filmes\/filmes_1097_Ao%20Sul%20da%20Fronteira%20Poster.jpg","contentUrl":"http:\/\/cinema10.com.br\/upload\/filmes\/filmes_1097_Ao%20Sul%20da%20Fronteira%20Poster.jpg"},{"@type":"BreadcrumbList","@id":"https:\/\/inclusivenews.com.br\/?p=15824#breadcrumb","itemListElement":[{"@type":"ListItem","position":1,"name":"In\u00edcio","item":"https:\/\/inclusivenews.com.br\/"},{"@type":"ListItem","position":2,"name":"Oliver Stone e seu road movie pol\u00edtico"}]},{"@type":"WebSite","@id":"https:\/\/inclusivenews.com.br\/#website","url":"https:\/\/inclusivenews.com.br\/","name":"Inclusive News","description":"Inclusive News","publisher":{"@id":"https:\/\/inclusivenews.com.br\/#organization"},"potentialAction":[{"@type":"SearchAction","target":{"@type":"EntryPoint","urlTemplate":"https:\/\/inclusivenews.com.br\/?s={search_term_string}"},"query-input":{"@type":"PropertyValueSpecification","valueRequired":true,"valueName":"search_term_string"}}],"inLanguage":"pt-PT"},{"@type":"Organization","@id":"https:\/\/inclusivenews.com.br\/#organization","name":"Inclusive - inclus\u00e3o e cidadania","url":"https:\/\/inclusivenews.com.br\/","logo":{"@type":"ImageObject","inLanguage":"pt-PT","@id":"https:\/\/inclusivenews.com.br\/#\/schema\/logo\/image\/","url":"https:\/\/inclusivenews.com.br\/wp-content\/uploads\/2024\/03\/@grandesite.png","contentUrl":"https:\/\/inclusivenews.com.br\/wp-content\/uploads\/2024\/03\/@grandesite.png","width":1080,"height":1080,"caption":"Inclusive - inclus\u00e3o e cidadania"},"image":{"@id":"https:\/\/inclusivenews.com.br\/#\/schema\/logo\/image\/"},"sameAs":["https:\/\/www.facebook.com\/agenciainclusive\/","https:\/\/www.instagram.com\/newsinclusive\/"]},{"@type":"Person","@id":"https:\/\/inclusivenews.com.br\/#\/schema\/person\/ae4ec7087559b8692fb33b6fffd2273b","name":"inclusivenews2024","image":{"@type":"ImageObject","inLanguage":"pt-PT","@id":"https:\/\/secure.gravatar.com\/avatar\/c5a7ef84c66fa914f55bc4f7ce26cfa275a3b9a1c5568b907bd184fb4dde7b40?s=96&d=mm&r=g","url":"https:\/\/secure.gravatar.com\/avatar\/c5a7ef84c66fa914f55bc4f7ce26cfa275a3b9a1c5568b907bd184fb4dde7b40?s=96&d=mm&r=g","contentUrl":"https:\/\/secure.gravatar.com\/avatar\/c5a7ef84c66fa914f55bc4f7ce26cfa275a3b9a1c5568b907bd184fb4dde7b40?s=96&d=mm&r=g","caption":"inclusivenews2024"},"sameAs":["https:\/\/inclusivenews.com.br"],"url":"https:\/\/inclusivenews.com.br\/?author=1"}]}},"_links":{"self":[{"href":"https:\/\/inclusivenews.com.br\/index.php?rest_route=\/wp\/v2\/posts\/15824","targetHints":{"allow":["GET"]}}],"collection":[{"href":"https:\/\/inclusivenews.com.br\/index.php?rest_route=\/wp\/v2\/posts"}],"about":[{"href":"https:\/\/inclusivenews.com.br\/index.php?rest_route=\/wp\/v2\/types\/post"}],"author":[{"embeddable":true,"href":"https:\/\/inclusivenews.com.br\/index.php?rest_route=\/wp\/v2\/users\/1"}],"replies":[{"embeddable":true,"href":"https:\/\/inclusivenews.com.br\/index.php?rest_route=%2Fwp%2Fv2%2Fcomments&post=15824"}],"version-history":[{"count":0,"href":"https:\/\/inclusivenews.com.br\/index.php?rest_route=\/wp\/v2\/posts\/15824\/revisions"}],"wp:attachment":[{"href":"https:\/\/inclusivenews.com.br\/index.php?rest_route=%2Fwp%2Fv2%2Fmedia&parent=15824"}],"wp:term":[{"taxonomy":"category","embeddable":true,"href":"https:\/\/inclusivenews.com.br\/index.php?rest_route=%2Fwp%2Fv2%2Fcategories&post=15824"},{"taxonomy":"post_tag","embeddable":true,"href":"https:\/\/inclusivenews.com.br\/index.php?rest_route=%2Fwp%2Fv2%2Ftags&post=15824"}],"curies":[{"name":"wp","href":"https:\/\/api.w.org\/{rel}","templated":true}]}}