{"id":15826,"date":"2010-06-07T09:32:28","date_gmt":"2010-06-07T12:32:28","guid":{"rendered":"http:\/\/www.inclusive.org.br\/?p=15826"},"modified":"2010-06-07T09:32:28","modified_gmt":"2010-06-07T12:32:28","slug":"vida-brasil-lanca-roteiro-de-dicas-e-servicos-para-pessoas-com-deficiencia-ou-mobilidade-reduzida","status":"publish","type":"post","link":"https:\/\/inclusivenews.com.br\/?p=15826","title":{"rendered":"Vida Brasil lan\u00e7a roteiro de dicas e servi\u00e7os para  pessoas com defici\u00eancia ou mobilidade reduzida"},"content":{"rendered":"<figure id=\"attachment_15827\" aria-describedby=\"caption-attachment-15827\" style=\"width: 223px\" class=\"wp-caption alignleft\"><a href=\"http:\/\/www.inclusivenews.com.br\/wp-content\/uploads\/2010\/06\/vidabrasil.jpg\"><img loading=\"lazy\" decoding=\"async\" class=\"size-full wp-image-15827\" title=\"Logotipo da ONG Vida Brasil. Um sol nasce dentro da letra V.\" src=\"http:\/\/inclusivenews.com.br\/wp-content\/uploads\/2010\/06\/vidabrasil.jpg\" alt=\"\" width=\"223\" height=\"102\" \/><\/a><figcaption id=\"caption-attachment-15827\" class=\"wp-caption-text\"> <\/figcaption><\/figure>\n<p>Ser\u00e1 lan\u00e7ado no dia 08 de junho de 2010 (ter\u00e7a-feira), das 15h \u00e0s 18h, o Guia de Acessibilidade e Cidadania de Salvador, no audit\u00f3rio da Arquidiocese S\u00e3o Salvador (Av. Leovigildo Filgueiras, 270, Garcia). Iniciativa pioneira da ONG Associa\u00e7\u00e3o Vida Brasil, o Guia \u00e9 um material de consulta que cont\u00e9m informa\u00e7\u00f5es sobre os locais que oferecem condi\u00e7\u00f5es de visita\u00e7\u00e3o para todas as pessoas, em especial para aquelas com defici\u00eancia ou dificuldade de locomo\u00e7\u00e3o. As dicas sugerem desde lugares de passeio como pra\u00e7as, museus, restaurantes a locais p\u00fablicos que prestam servi\u00e7os \u00e0 popula\u00e7\u00e3o da cidade. O evento integra a programa\u00e7\u00e3o de anivers\u00e1rio da Vida Brasil, que completa 14 anos no dia 6 de junho.<\/p>\n<p>Fornecer, prioritariamente, \u00e0s pessoas com defici\u00eancia e mobilidade reduzida e entidades da \u00e1rea op\u00e7\u00f5es variadas de servi\u00e7os e lazer que possuam alguma preocupa\u00e7\u00e3o com a acessibilidade \u00e9 o principal objetivo do Guia de Acessibilidade e Cidadania. Ele, tamb\u00e9m, tem o papel de sensibilizar a iniciativa p\u00fablica, privada e a sociedade civil para a promo\u00e7\u00e3o da acessibilidade em Salvador.<\/p>\n<p>A proposta desta publica\u00e7\u00e3o n\u00e3o \u00e9 afirmar que Salvador \u00e9 acess\u00edvel. No entanto, existem algumas iniciativas na promo\u00e7\u00e3o da acessibilidade que devem ser destacadas, n\u00e3o s\u00f3 como forma de valoriza\u00e7\u00e3o destes espa\u00e7os, mas, principalmente, para apresent\u00e1-las \u00e0s pessoas com defici\u00eancia ou com mobilidade reduzida. S\u00e3o espa\u00e7os que mesmo sem condi\u00e7\u00f5es de acessibilidade total apresentam uma possibilidade de uso (em alguns casos \u00e9 preciso contar com ajuda), sem colocar a dignidade e a seguran\u00e7a do usu\u00e1rio em cheque.<\/p>\n<p>As informa\u00e7\u00f5es do Guia contemplam desde como chegar, se h\u00e1 pontos de \u00f4nibus nas proximidades e vagas adaptadas nos estacionamentos ao hor\u00e1rio de funcionamento e dicas de servi\u00e7os. No trecho \u201cAcessos e Circula\u00e7\u00e3o\u201d s\u00e3o ressaltadas as dificuldades e facilidades que podem ter uma pessoa com diversos tipos de defici\u00eancia. S\u00e3o descritos com aten\u00e7\u00e3o os n\u00edveis, pavimentos, pisos, jardins, refer\u00eancias sonoras que existem no ambiente, distribui\u00e7\u00e3o de mobili\u00e1rios, paisagem, aspectos da cultura e hist\u00f3ria do lugar. Os dois \u00faltimos cap\u00edtulos do Guia (Servi\u00e7os de Utilidade P\u00fablica e Dicas \u00dateis) apresentam informa\u00e7\u00f5es sobre locais que prestam servi\u00e7os \u00e0 popula\u00e7\u00e3o, como hospitais, associa\u00e7\u00f5es, ag\u00eancias banc\u00e1rias e tamb\u00e9m dicas sobre como deixar um estabelecimento acess\u00edvel e informa\u00e7\u00f5es sobre a legisla\u00e7\u00e3o brasileira.<\/p>\n<p>A publica\u00e7\u00e3o \u00e9 uma iniciativa da Organiza\u00e7\u00e3o N\u00e3o Governamental Vida Brasil, em parceria com o Governo do Estado da Bahia (atrav\u00e9s da Secretaria da Justi\u00e7a, Cidadania e Direitos Humanos \u2013 SJCDH), o Conselho Regional de Engenharia, Arquitetura e Agronomia da Bahia &#8211; CREA-BA e a organiza\u00e7\u00e3o francesa Handicap International. Durante o evento, tamb\u00e9m ser\u00e1 apresentado do Blog do Guia (www.guiaacessibilidade.blogspot.com), espa\u00e7o na internet voltado para a divulga\u00e7\u00e3o da publica\u00e7\u00e3o e para estimular a participa\u00e7\u00e3o de todos e todas na atualiza\u00e7\u00e3o do conte\u00fado da publica\u00e7\u00e3o impressa.<\/p>\n<p><strong>Hist\u00f3rico e Metodologia<\/strong><\/p>\n<p>Tudo come\u00e7ou em 1997 com a aplica\u00e7\u00e3o de uma pesquisa in\u00e9dita na cidade chamada \u201cSalvador, uma cidade deficiente?\u201d com o objetivo de medir o n\u00edvel de acessibilidade da cidade de Salvador. Naquela \u00e9poca foram pesquisados 218 locais. A semente foi plantada e no ano de 2007 a pesquisa do Guia foi iniciada. Incentivados pela crescente demanda das pessoas com defici\u00eancia e entidades da \u00e1rea em saber quais lugares da cidade tinham condi\u00e7\u00f5es de acessibilidade, a Vida Brasil decidiu transformar essas demandas em uma publica\u00e7\u00e3o, capaz de reunir diversas informa\u00e7\u00f5es para atender um p\u00fablico cada vez maior.<\/p>\n<p>Para compor o Guia, uma equipe formada por arquitetos, comunicadores, estudantes das duas \u00e1reas e pessoas com defici\u00eancia realizaram pesquisas de conte\u00fado e de campo e selecionaram os locais considerados acess\u00edveis. Os principais crit\u00e9rios adotados na escolha dos lugares foram a indica\u00e7\u00e3o de pessoas com defici\u00eancia e organiza\u00e7\u00f5es da \u00e1rea e a diversidade dos locais, n\u00e3o se concentrando apenas em espa\u00e7os tur\u00edsticos.<\/p>\n<p>Os pesquisadores, divididos em duplas, \u2013 geralmente formadas por uma pessoa com defici\u00eancia e um estudante de urbanismo\/arquitetura &#8211; observaram e identificaram os crit\u00e9rios de acessibilidade baseados na NBR9050\/2004 (Acessibilidade \u00e0 Edifica\u00e7\u00f5es, mobili\u00e1rios, espa\u00e7os e equipamentos urbanos) da Associa\u00e7\u00e3o Brasileira de Normas T\u00e9cnicas (ABNT). Foi levada em considera\u00e7\u00e3o a experi\u00eancia das pessoas com defici\u00eancia que participaram do projeto, al\u00e9m dos detalhes construtivos e a circula\u00e7\u00e3o nos espa\u00e7os analisados. O percurso, o sistema de transporte e o mobili\u00e1rio urbano tamb\u00e9m foram avaliados no estudo. Para que o material pudesse ser publicado, todos os locais analisados em 2007 foram revisitados em 2009.<\/p>\n<p><strong>Saiba mais sobre a Vida Brasil<\/strong><\/p>\n<p>A Associa\u00e7\u00e3o Vida Brasil \u00e9 uma Organiza\u00e7\u00e3o N\u00e3o-Governamental (ONG) com atua\u00e7\u00e3o em Salvador e Fortaleza, duas capitais do Nordeste brasileiro com alto \u00edndice de exclus\u00e3o econ\u00f4mico-social. Fundada em 1996, por profissionais e militantes em Salvador (Bahia) e Fortaleza (Cear\u00e1), a Vida Brasil atua na \u00e1rea de direitos humanos e educa\u00e7\u00e3o para a cidadania junto a crian\u00e7as e adolescentes, mulheres, pessoas com defici\u00eancia e moradores de comunidades populares. O respeito \u00e0 diversidade em quest\u00f5es de ra\u00e7a, g\u00eanero e defici\u00eancia est\u00e1 inserido de forma transversal em todos os projetos e a\u00e7\u00f5es da Vida Brasil, o que a torna uma organiza\u00e7\u00e3o de refer\u00eancia nas duas capitais nordestinas.<\/p>\n<p>Os objetivos da institui\u00e7\u00e3o s\u00e3o a valoriza\u00e7\u00e3o dos indiv\u00edduos e das organiza\u00e7\u00f5es como atores pol\u00edticos e sociais capazes de conquistar sua cidadania e reivindicar seus direitos. Assim, seus programas est\u00e3o voltados para a promo\u00e7\u00e3o do desenvolvimento local sustent\u00e1vel e a implementa\u00e7\u00e3o de pol\u00edticas p\u00fablicas que garantam o fortalecimento da sociedade  na constru\u00e7\u00e3o da democracia.<\/p>\n<p>A miss\u00e3o da Vida Brasil \u00e9 valorizar e fortalecer, por meio da educa\u00e7\u00e3o e da participa\u00e7\u00e3o, indiv\u00edduos e grupos socialmente vulner\u00e1veis e exclu\u00eddos, contribuindo para a constru\u00e7\u00e3o de uma sociedade sustent\u00e1vel, inclusiva e democr\u00e1tica. Os programas da organiza\u00e7\u00e3o atualmente situam-se em quatro \u00e1reas tem\u00e1ticas: acessibilidade, educa\u00e7\u00e3o inclusiva, gera\u00e7\u00e3o de renda e economia solid\u00e1ria e fortalecimento comunit\u00e1rio. Todas voltadas para a promo\u00e7\u00e3o do desenvolvimento local e sustent\u00e1vel, junto a crian\u00e7as e adolescentes, mulheres, pessoas com defici\u00eancia e moradores do meio peri-urbano.<\/p>\n<p><strong>SERVI\u00c7O<\/strong><\/p>\n<p>O Qu\u00ea? Lan\u00e7amento do Guia de Acessibilidade e Cidadania de Salvador<br \/>\nQuando? 08 de junho de 2010 (ter\u00e7a-feira), das 15h \u00e0s 18h<br \/>\nOnde? Audit\u00f3rio da Arquidiocese S\u00e3o Salvador (Av. Leovigildo Filgueiras, 270, Garcia, Salvador-BA)<\/p>\n<p>A PUBLICA\u00c7\u00c3O SER\u00c1 DISTRIBU\u00cdDA GRATUITAMENTE NO DIA DO LAN\u00c7AMENTO \u00c0S PESSOAS\/ENTIDADES PRESENTES NO EVENTO<\/p>\n<p>MAIS INFORMA\u00c7\u00d5ES<br \/>\nAssocia\u00e7\u00e3o Vida Brasil (71 3321-4382\/4688 \/ www.vidabrasil.org.br)<br \/>\nContatos: Bruna Hercog \u2013 Ascom (71 9185-1658 \/ bruna@vidabrasil.org.br) \/ Isl\u00e2ndia Costa (71 9185-1669 \/ islandia@vidabrasil.org.br)<\/p>\n","protected":false},"excerpt":{"rendered":"<p>As dicas sugerem desde lugares de passeio como pra\u00e7as, museus, restaurantes a locais p\u00fablicos que prestam servi\u00e7os \u00e0 popula\u00e7\u00e3o da cidade. O evento integra a programa\u00e7\u00e3o de anivers\u00e1rio da Vida Brasil, que completa 14 anos no dia 6 de junho.<\/p>\n","protected":false},"author":1,"featured_media":0,"comment_status":"open","ping_status":"open","sticky":false,"template":"","format":"standard","meta":{"site-container-style":"default","site-container-layout":"default","site-sidebar-layout":"default","disable-article-header":"default","disable-site-header":"default","disable-site-footer":"default","disable-content-area-spacing":"default","footnotes":""},"categories":[53,12,50,4,10],"tags":[],"class_list":["post-15826","post","type-post","status-publish","format-standard","hentry","category-cartilhas-e-manuais","category-cursos-e-eventos","category-lancamentos","category-noticias","category-publicacoes"],"yoast_head":"<!-- This site is optimized with the Yoast SEO plugin v27.4 - https:\/\/yoast.com\/product\/yoast-seo-wordpress\/ -->\n<title>Vida Brasil lan\u00e7a roteiro de dicas e servi\u00e7os para pessoas com defici\u00eancia ou mobilidade reduzida -<\/title>\n<meta name=\"robots\" content=\"index, follow, max-snippet:-1, max-image-preview:large, max-video-preview:-1\" \/>\n<link rel=\"canonical\" href=\"https:\/\/inclusivenews.com.br\/?p=15826\" \/>\n<meta property=\"og:locale\" content=\"pt_PT\" \/>\n<meta property=\"og:type\" content=\"article\" \/>\n<meta property=\"og:title\" content=\"Vida Brasil lan\u00e7a roteiro de dicas e servi\u00e7os para pessoas com defici\u00eancia ou mobilidade reduzida -\" \/>\n<meta property=\"og:description\" content=\"As dicas sugerem desde lugares de passeio como pra\u00e7as, museus, restaurantes a locais p\u00fablicos que prestam servi\u00e7os \u00e0 popula\u00e7\u00e3o da cidade. O evento integra a programa\u00e7\u00e3o de anivers\u00e1rio da Vida Brasil, que completa 14 anos no dia 6 de junho.\" \/>\n<meta property=\"og:url\" content=\"https:\/\/inclusivenews.com.br\/?p=15826\" \/>\n<meta property=\"article:publisher\" content=\"https:\/\/www.facebook.com\/agenciainclusive\/\" \/>\n<meta property=\"article:published_time\" content=\"2010-06-07T12:32:28+00:00\" \/>\n<meta property=\"og:image\" content=\"http:\/\/inclusivenews.com.br\/wp-content\/uploads\/2010\/06\/vidabrasil.jpg\" \/>\n<meta name=\"author\" content=\"inclusivenews2024\" \/>\n<meta name=\"twitter:card\" content=\"summary_large_image\" \/>\n<meta name=\"twitter:label1\" content=\"Escrito por\" \/>\n\t<meta name=\"twitter:data1\" content=\"inclusivenews2024\" \/>\n\t<meta name=\"twitter:label2\" content=\"Tempo estimado de leitura\" \/>\n\t<meta name=\"twitter:data2\" content=\"6 minutos\" \/>\n<script type=\"application\/ld+json\" class=\"yoast-schema-graph\">{\"@context\":\"https:\\\/\\\/schema.org\",\"@graph\":[{\"@type\":\"Article\",\"@id\":\"https:\\\/\\\/inclusivenews.com.br\\\/?p=15826#article\",\"isPartOf\":{\"@id\":\"https:\\\/\\\/inclusivenews.com.br\\\/?p=15826\"},\"author\":{\"name\":\"inclusivenews2024\",\"@id\":\"https:\\\/\\\/inclusivenews.com.br\\\/#\\\/schema\\\/person\\\/ae4ec7087559b8692fb33b6fffd2273b\"},\"headline\":\"Vida Brasil lan\u00e7a roteiro de dicas e servi\u00e7os para pessoas com defici\u00eancia ou mobilidade reduzida\",\"datePublished\":\"2010-06-07T12:32:28+00:00\",\"mainEntityOfPage\":{\"@id\":\"https:\\\/\\\/inclusivenews.com.br\\\/?p=15826\"},\"wordCount\":1204,\"commentCount\":2,\"publisher\":{\"@id\":\"https:\\\/\\\/inclusivenews.com.br\\\/#organization\"},\"image\":{\"@id\":\"https:\\\/\\\/inclusivenews.com.br\\\/?p=15826#primaryimage\"},\"thumbnailUrl\":\"http:\\\/\\\/inclusivenews.com.br\\\/wp-content\\\/uploads\\\/2010\\\/06\\\/vidabrasil.jpg\",\"articleSection\":[\"Cartilhas e manuais\",\"Cursos e eventos\",\"Lan\u00e7amentos\",\"NOT\u00cdCIAS\",\"PUBLICA\u00c7\u00d5ES\"],\"inLanguage\":\"pt-PT\",\"potentialAction\":[{\"@type\":\"CommentAction\",\"name\":\"Comment\",\"target\":[\"https:\\\/\\\/inclusivenews.com.br\\\/?p=15826#respond\"]}]},{\"@type\":\"WebPage\",\"@id\":\"https:\\\/\\\/inclusivenews.com.br\\\/?p=15826\",\"url\":\"https:\\\/\\\/inclusivenews.com.br\\\/?p=15826\",\"name\":\"Vida Brasil lan\u00e7a roteiro de dicas e servi\u00e7os para pessoas com defici\u00eancia ou mobilidade reduzida -\",\"isPartOf\":{\"@id\":\"https:\\\/\\\/inclusivenews.com.br\\\/#website\"},\"primaryImageOfPage\":{\"@id\":\"https:\\\/\\\/inclusivenews.com.br\\\/?p=15826#primaryimage\"},\"image\":{\"@id\":\"https:\\\/\\\/inclusivenews.com.br\\\/?p=15826#primaryimage\"},\"thumbnailUrl\":\"http:\\\/\\\/inclusivenews.com.br\\\/wp-content\\\/uploads\\\/2010\\\/06\\\/vidabrasil.jpg\",\"datePublished\":\"2010-06-07T12:32:28+00:00\",\"breadcrumb\":{\"@id\":\"https:\\\/\\\/inclusivenews.com.br\\\/?p=15826#breadcrumb\"},\"inLanguage\":\"pt-PT\",\"potentialAction\":[{\"@type\":\"ReadAction\",\"target\":[\"https:\\\/\\\/inclusivenews.com.br\\\/?p=15826\"]}]},{\"@type\":\"ImageObject\",\"inLanguage\":\"pt-PT\",\"@id\":\"https:\\\/\\\/inclusivenews.com.br\\\/?p=15826#primaryimage\",\"url\":\"\",\"contentUrl\":\"\"},{\"@type\":\"BreadcrumbList\",\"@id\":\"https:\\\/\\\/inclusivenews.com.br\\\/?p=15826#breadcrumb\",\"itemListElement\":[{\"@type\":\"ListItem\",\"position\":1,\"name\":\"In\u00edcio\",\"item\":\"https:\\\/\\\/inclusivenews.com.br\\\/\"},{\"@type\":\"ListItem\",\"position\":2,\"name\":\"Vida Brasil lan\u00e7a roteiro de dicas e servi\u00e7os para pessoas com defici\u00eancia ou mobilidade reduzida\"}]},{\"@type\":\"WebSite\",\"@id\":\"https:\\\/\\\/inclusivenews.com.br\\\/#website\",\"url\":\"https:\\\/\\\/inclusivenews.com.br\\\/\",\"name\":\"Inclusive News\",\"description\":\"Inclusive News\",\"publisher\":{\"@id\":\"https:\\\/\\\/inclusivenews.com.br\\\/#organization\"},\"potentialAction\":[{\"@type\":\"SearchAction\",\"target\":{\"@type\":\"EntryPoint\",\"urlTemplate\":\"https:\\\/\\\/inclusivenews.com.br\\\/?s={search_term_string}\"},\"query-input\":{\"@type\":\"PropertyValueSpecification\",\"valueRequired\":true,\"valueName\":\"search_term_string\"}}],\"inLanguage\":\"pt-PT\"},{\"@type\":\"Organization\",\"@id\":\"https:\\\/\\\/inclusivenews.com.br\\\/#organization\",\"name\":\"Inclusive - inclus\u00e3o e cidadania\",\"url\":\"https:\\\/\\\/inclusivenews.com.br\\\/\",\"logo\":{\"@type\":\"ImageObject\",\"inLanguage\":\"pt-PT\",\"@id\":\"https:\\\/\\\/inclusivenews.com.br\\\/#\\\/schema\\\/logo\\\/image\\\/\",\"url\":\"https:\\\/\\\/inclusivenews.com.br\\\/wp-content\\\/uploads\\\/2024\\\/03\\\/@grandesite.png\",\"contentUrl\":\"https:\\\/\\\/inclusivenews.com.br\\\/wp-content\\\/uploads\\\/2024\\\/03\\\/@grandesite.png\",\"width\":1080,\"height\":1080,\"caption\":\"Inclusive - inclus\u00e3o e cidadania\"},\"image\":{\"@id\":\"https:\\\/\\\/inclusivenews.com.br\\\/#\\\/schema\\\/logo\\\/image\\\/\"},\"sameAs\":[\"https:\\\/\\\/www.facebook.com\\\/agenciainclusive\\\/\",\"https:\\\/\\\/www.instagram.com\\\/newsinclusive\\\/\"]},{\"@type\":\"Person\",\"@id\":\"https:\\\/\\\/inclusivenews.com.br\\\/#\\\/schema\\\/person\\\/ae4ec7087559b8692fb33b6fffd2273b\",\"name\":\"inclusivenews2024\",\"image\":{\"@type\":\"ImageObject\",\"inLanguage\":\"pt-PT\",\"@id\":\"https:\\\/\\\/secure.gravatar.com\\\/avatar\\\/c5a7ef84c66fa914f55bc4f7ce26cfa275a3b9a1c5568b907bd184fb4dde7b40?s=96&d=mm&r=g\",\"url\":\"https:\\\/\\\/secure.gravatar.com\\\/avatar\\\/c5a7ef84c66fa914f55bc4f7ce26cfa275a3b9a1c5568b907bd184fb4dde7b40?s=96&d=mm&r=g\",\"contentUrl\":\"https:\\\/\\\/secure.gravatar.com\\\/avatar\\\/c5a7ef84c66fa914f55bc4f7ce26cfa275a3b9a1c5568b907bd184fb4dde7b40?s=96&d=mm&r=g\",\"caption\":\"inclusivenews2024\"},\"sameAs\":[\"https:\\\/\\\/inclusivenews.com.br\"],\"url\":\"https:\\\/\\\/inclusivenews.com.br\\\/?author=1\"}]}<\/script>\n<!-- \/ Yoast SEO plugin. -->","yoast_head_json":{"title":"Vida Brasil lan\u00e7a roteiro de dicas e servi\u00e7os para pessoas com defici\u00eancia ou mobilidade reduzida -","robots":{"index":"index","follow":"follow","max-snippet":"max-snippet:-1","max-image-preview":"max-image-preview:large","max-video-preview":"max-video-preview:-1"},"canonical":"https:\/\/inclusivenews.com.br\/?p=15826","og_locale":"pt_PT","og_type":"article","og_title":"Vida Brasil lan\u00e7a roteiro de dicas e servi\u00e7os para pessoas com defici\u00eancia ou mobilidade reduzida -","og_description":"As dicas sugerem desde lugares de passeio como pra\u00e7as, museus, restaurantes a locais p\u00fablicos que prestam servi\u00e7os \u00e0 popula\u00e7\u00e3o da cidade. O evento integra a programa\u00e7\u00e3o de anivers\u00e1rio da Vida Brasil, que completa 14 anos no dia 6 de junho.","og_url":"https:\/\/inclusivenews.com.br\/?p=15826","article_publisher":"https:\/\/www.facebook.com\/agenciainclusive\/","article_published_time":"2010-06-07T12:32:28+00:00","og_image":[{"url":"http:\/\/inclusivenews.com.br\/wp-content\/uploads\/2010\/06\/vidabrasil.jpg","type":"","width":"","height":""}],"author":"inclusivenews2024","twitter_card":"summary_large_image","twitter_misc":{"Escrito por":"inclusivenews2024","Tempo estimado de leitura":"6 minutos"},"schema":{"@context":"https:\/\/schema.org","@graph":[{"@type":"Article","@id":"https:\/\/inclusivenews.com.br\/?p=15826#article","isPartOf":{"@id":"https:\/\/inclusivenews.com.br\/?p=15826"},"author":{"name":"inclusivenews2024","@id":"https:\/\/inclusivenews.com.br\/#\/schema\/person\/ae4ec7087559b8692fb33b6fffd2273b"},"headline":"Vida Brasil lan\u00e7a roteiro de dicas e servi\u00e7os para pessoas com defici\u00eancia ou mobilidade reduzida","datePublished":"2010-06-07T12:32:28+00:00","mainEntityOfPage":{"@id":"https:\/\/inclusivenews.com.br\/?p=15826"},"wordCount":1204,"commentCount":2,"publisher":{"@id":"https:\/\/inclusivenews.com.br\/#organization"},"image":{"@id":"https:\/\/inclusivenews.com.br\/?p=15826#primaryimage"},"thumbnailUrl":"http:\/\/inclusivenews.com.br\/wp-content\/uploads\/2010\/06\/vidabrasil.jpg","articleSection":["Cartilhas e manuais","Cursos e eventos","Lan\u00e7amentos","NOT\u00cdCIAS","PUBLICA\u00c7\u00d5ES"],"inLanguage":"pt-PT","potentialAction":[{"@type":"CommentAction","name":"Comment","target":["https:\/\/inclusivenews.com.br\/?p=15826#respond"]}]},{"@type":"WebPage","@id":"https:\/\/inclusivenews.com.br\/?p=15826","url":"https:\/\/inclusivenews.com.br\/?p=15826","name":"Vida Brasil lan\u00e7a roteiro de dicas e servi\u00e7os para pessoas com defici\u00eancia ou mobilidade reduzida -","isPartOf":{"@id":"https:\/\/inclusivenews.com.br\/#website"},"primaryImageOfPage":{"@id":"https:\/\/inclusivenews.com.br\/?p=15826#primaryimage"},"image":{"@id":"https:\/\/inclusivenews.com.br\/?p=15826#primaryimage"},"thumbnailUrl":"http:\/\/inclusivenews.com.br\/wp-content\/uploads\/2010\/06\/vidabrasil.jpg","datePublished":"2010-06-07T12:32:28+00:00","breadcrumb":{"@id":"https:\/\/inclusivenews.com.br\/?p=15826#breadcrumb"},"inLanguage":"pt-PT","potentialAction":[{"@type":"ReadAction","target":["https:\/\/inclusivenews.com.br\/?p=15826"]}]},{"@type":"ImageObject","inLanguage":"pt-PT","@id":"https:\/\/inclusivenews.com.br\/?p=15826#primaryimage","url":"","contentUrl":""},{"@type":"BreadcrumbList","@id":"https:\/\/inclusivenews.com.br\/?p=15826#breadcrumb","itemListElement":[{"@type":"ListItem","position":1,"name":"In\u00edcio","item":"https:\/\/inclusivenews.com.br\/"},{"@type":"ListItem","position":2,"name":"Vida Brasil lan\u00e7a roteiro de dicas e servi\u00e7os para pessoas com defici\u00eancia ou mobilidade reduzida"}]},{"@type":"WebSite","@id":"https:\/\/inclusivenews.com.br\/#website","url":"https:\/\/inclusivenews.com.br\/","name":"Inclusive News","description":"Inclusive News","publisher":{"@id":"https:\/\/inclusivenews.com.br\/#organization"},"potentialAction":[{"@type":"SearchAction","target":{"@type":"EntryPoint","urlTemplate":"https:\/\/inclusivenews.com.br\/?s={search_term_string}"},"query-input":{"@type":"PropertyValueSpecification","valueRequired":true,"valueName":"search_term_string"}}],"inLanguage":"pt-PT"},{"@type":"Organization","@id":"https:\/\/inclusivenews.com.br\/#organization","name":"Inclusive - inclus\u00e3o e cidadania","url":"https:\/\/inclusivenews.com.br\/","logo":{"@type":"ImageObject","inLanguage":"pt-PT","@id":"https:\/\/inclusivenews.com.br\/#\/schema\/logo\/image\/","url":"https:\/\/inclusivenews.com.br\/wp-content\/uploads\/2024\/03\/@grandesite.png","contentUrl":"https:\/\/inclusivenews.com.br\/wp-content\/uploads\/2024\/03\/@grandesite.png","width":1080,"height":1080,"caption":"Inclusive - inclus\u00e3o e cidadania"},"image":{"@id":"https:\/\/inclusivenews.com.br\/#\/schema\/logo\/image\/"},"sameAs":["https:\/\/www.facebook.com\/agenciainclusive\/","https:\/\/www.instagram.com\/newsinclusive\/"]},{"@type":"Person","@id":"https:\/\/inclusivenews.com.br\/#\/schema\/person\/ae4ec7087559b8692fb33b6fffd2273b","name":"inclusivenews2024","image":{"@type":"ImageObject","inLanguage":"pt-PT","@id":"https:\/\/secure.gravatar.com\/avatar\/c5a7ef84c66fa914f55bc4f7ce26cfa275a3b9a1c5568b907bd184fb4dde7b40?s=96&d=mm&r=g","url":"https:\/\/secure.gravatar.com\/avatar\/c5a7ef84c66fa914f55bc4f7ce26cfa275a3b9a1c5568b907bd184fb4dde7b40?s=96&d=mm&r=g","contentUrl":"https:\/\/secure.gravatar.com\/avatar\/c5a7ef84c66fa914f55bc4f7ce26cfa275a3b9a1c5568b907bd184fb4dde7b40?s=96&d=mm&r=g","caption":"inclusivenews2024"},"sameAs":["https:\/\/inclusivenews.com.br"],"url":"https:\/\/inclusivenews.com.br\/?author=1"}]}},"_links":{"self":[{"href":"https:\/\/inclusivenews.com.br\/index.php?rest_route=\/wp\/v2\/posts\/15826","targetHints":{"allow":["GET"]}}],"collection":[{"href":"https:\/\/inclusivenews.com.br\/index.php?rest_route=\/wp\/v2\/posts"}],"about":[{"href":"https:\/\/inclusivenews.com.br\/index.php?rest_route=\/wp\/v2\/types\/post"}],"author":[{"embeddable":true,"href":"https:\/\/inclusivenews.com.br\/index.php?rest_route=\/wp\/v2\/users\/1"}],"replies":[{"embeddable":true,"href":"https:\/\/inclusivenews.com.br\/index.php?rest_route=%2Fwp%2Fv2%2Fcomments&post=15826"}],"version-history":[{"count":0,"href":"https:\/\/inclusivenews.com.br\/index.php?rest_route=\/wp\/v2\/posts\/15826\/revisions"}],"wp:attachment":[{"href":"https:\/\/inclusivenews.com.br\/index.php?rest_route=%2Fwp%2Fv2%2Fmedia&parent=15826"}],"wp:term":[{"taxonomy":"category","embeddable":true,"href":"https:\/\/inclusivenews.com.br\/index.php?rest_route=%2Fwp%2Fv2%2Fcategories&post=15826"},{"taxonomy":"post_tag","embeddable":true,"href":"https:\/\/inclusivenews.com.br\/index.php?rest_route=%2Fwp%2Fv2%2Ftags&post=15826"}],"curies":[{"name":"wp","href":"https:\/\/api.w.org\/{rel}","templated":true}]}}