{"id":15836,"date":"2010-07-01T19:10:34","date_gmt":"2010-07-01T22:10:34","guid":{"rendered":"http:\/\/www.inclusive.org.br\/?p=15836"},"modified":"2010-07-01T19:10:34","modified_gmt":"2010-07-01T22:10:34","slug":"i-congresso-nacional-diversidade-etica-e-direitos-humanos-na-uesb-14-a-167-itapetingaba","status":"publish","type":"post","link":"https:\/\/inclusivenews.com.br\/?p=15836","title":{"rendered":"I Congresso Nacional Diversidade, \u00c9tica e Direitos Humanos na UESB &#8211; 14 a 16\/7 &#8211; Itapetinga\/BA"},"content":{"rendered":"<p>\u00a0<\/p>\n<figure id=\"attachment_14676\" aria-describedby=\"caption-attachment-14676\" style=\"width: 150px\" class=\"wp-caption alignnone\"><a href=\"http:\/\/www.inclusivenews.com.br\/wp-content\/uploads\/2010\/03\/direitos-humanos.jpg\"><img loading=\"lazy\" decoding=\"async\" class=\"size-thumbnail wp-image-14676\" title=\"direitos-humanos\" src=\"http:\/\/inclusivenews.com.br\/wp-content\/uploads\/2010\/03\/direitos-humanos.jpg\" alt=\"Pomba, preenchida com o quadro de Picasso Guernica, representando os Direitos Humanos\" width=\"150\" height=\"124\" \/><\/a><figcaption id=\"caption-attachment-14676\" class=\"wp-caption-text\">Pomba, preenchida com o quadro de Picasso Guernica, representando os Direitos Humanos<\/figcaption><\/figure>\n<p>O I Congresso Nacional Diversidade, \u00c9tica e Direitos Humanos na UESB visa suscitar discuss\u00f5es e reflex\u00f5es sobre a tem\u00e1tica diversidade, \u00e9tica e direitos humanos e analisar situa\u00e7\u00f5es-problem\u00e1ticas relacionadas, como manifesta\u00e7\u00f5es de viol\u00eancia na escola e na sociedade brasileira e baiana, manifesta\u00e7\u00f5es da cultura jovem no cotidiano escolar e social; ampliar o conhecimento sobre a complexidade brasileira,socializando conhecimento sobre diversidade, \u00e9tica e direitos humanos, procurando solu\u00e7\u00f5es por meio de trocas de experi\u00eancias e estudos cient\u00edficos, atrav\u00e9s do di\u00e1logo baseado na educa\u00e7\u00e3o em valores, solidariedade, coopera\u00e7\u00e3o e direitos sociais do cidad\u00e3o.<\/p>\n<p>Proporcionar aos pesquisadores, profissionais das diferentes \u00e1reas do saber, alunos da gradua\u00e7\u00e3o e da p\u00f3s-gradua\u00e7\u00e3o, espa\u00e7o para a socializa\u00e7\u00e3o de pesquisas, trocas de saberes e experi\u00eancias sobre diversidade, \u00e9tica e direitos humanos na perspectiva de uma educa\u00e7\u00e3o em valores, respeito \u00e0s diferen\u00e7as sociais e\/ou culturais, justi\u00e7a social e exerc\u00edcio da cidadania; como tamb\u00e9m, criatividade para a constru\u00e7\u00e3o de uma sociedade e mundo mais humano, solid\u00e1rio, capaz de incorporar os avan\u00e7os do desenvolvimento cient\u00edfico e tecnol\u00f3gico, as diferentes linguagens e express\u00f5es culturais, formas de aquisi\u00e7\u00e3o de conhecimento e saberes m\u00faltiplos, valorizando as experi\u00eancias dos diferentes grupos sociais.<\/p>\n<p>14 a 16 de julho 2010 + informa\u00e7\u00f5es: <a href=\"http:\/\/www.uesb.br\/eventos\/direitos_humanos\/\">http:\/\/www.uesb.br\/eventos\/direitos_humanos\/<\/a><\/p>\n<p>Fonte: UESB<\/p>\n","protected":false},"excerpt":{"rendered":"<p>\u00a0 O I Congresso Nacional Diversidade, \u00c9tica e Direitos Humanos na UESB visa suscitar discuss\u00f5es e reflex\u00f5es sobre a tem\u00e1tica diversidade, \u00e9tica e direitos humanos e analisar situa\u00e7\u00f5es-problem\u00e1ticas relacionadas, como manifesta\u00e7\u00f5es de viol\u00eancia na escola e na sociedade brasileira e baiana, manifesta\u00e7\u00f5es da cultura jovem no cotidiano escolar e social; ampliar o conhecimento sobre a [&hellip;]<\/p>\n","protected":false},"author":1,"featured_media":0,"comment_status":"open","ping_status":"open","sticky":false,"template":"","format":"standard","meta":{"site-container-style":"default","site-container-layout":"default","site-sidebar-layout":"default","disable-article-header":"default","disable-site-header":"default","disable-site-footer":"default","disable-content-area-spacing":"default","footnotes":""},"categories":[4],"tags":[],"class_list":["post-15836","post","type-post","status-publish","format-standard","hentry","category-noticias"],"yoast_head":"<!-- This site is optimized with the Yoast SEO plugin v27.4 - https:\/\/yoast.com\/product\/yoast-seo-wordpress\/ -->\n<title>I Congresso Nacional Diversidade, \u00c9tica e Direitos Humanos na UESB - 14 a 16\/7 - Itapetinga\/BA -<\/title>\n<meta name=\"robots\" content=\"index, follow, max-snippet:-1, max-image-preview:large, max-video-preview:-1\" \/>\n<link rel=\"canonical\" href=\"https:\/\/inclusivenews.com.br\/?p=15836\" \/>\n<meta property=\"og:locale\" content=\"pt_PT\" \/>\n<meta property=\"og:type\" content=\"article\" \/>\n<meta property=\"og:title\" content=\"I Congresso Nacional Diversidade, \u00c9tica e Direitos Humanos na UESB - 14 a 16\/7 - Itapetinga\/BA -\" \/>\n<meta property=\"og:description\" content=\"\u00a0 O I Congresso Nacional Diversidade, \u00c9tica e Direitos Humanos na UESB visa suscitar discuss\u00f5es e reflex\u00f5es sobre a tem\u00e1tica diversidade, \u00e9tica e direitos humanos e analisar situa\u00e7\u00f5es-problem\u00e1ticas relacionadas, como manifesta\u00e7\u00f5es de viol\u00eancia na escola e na sociedade brasileira e baiana, manifesta\u00e7\u00f5es da cultura jovem no cotidiano escolar e social; ampliar o conhecimento sobre a [&hellip;]\" \/>\n<meta property=\"og:url\" content=\"https:\/\/inclusivenews.com.br\/?p=15836\" \/>\n<meta property=\"article:publisher\" content=\"https:\/\/www.facebook.com\/agenciainclusive\/\" \/>\n<meta property=\"article:published_time\" content=\"2010-07-01T22:10:34+00:00\" \/>\n<meta property=\"og:image\" content=\"http:\/\/inclusivenews.com.br\/wp-content\/uploads\/2010\/03\/direitos-humanos.jpg\" \/>\n<meta name=\"author\" content=\"inclusivenews2024\" \/>\n<meta name=\"twitter:card\" content=\"summary_large_image\" \/>\n<meta name=\"twitter:label1\" content=\"Escrito por\" \/>\n\t<meta name=\"twitter:data1\" content=\"inclusivenews2024\" \/>\n\t<meta name=\"twitter:label2\" content=\"Tempo estimado de leitura\" \/>\n\t<meta name=\"twitter:data2\" content=\"1 minuto\" \/>\n<script type=\"application\/ld+json\" class=\"yoast-schema-graph\">{\"@context\":\"https:\\\/\\\/schema.org\",\"@graph\":[{\"@type\":\"Article\",\"@id\":\"https:\\\/\\\/inclusivenews.com.br\\\/?p=15836#article\",\"isPartOf\":{\"@id\":\"https:\\\/\\\/inclusivenews.com.br\\\/?p=15836\"},\"author\":{\"name\":\"inclusivenews2024\",\"@id\":\"https:\\\/\\\/inclusivenews.com.br\\\/#\\\/schema\\\/person\\\/ae4ec7087559b8692fb33b6fffd2273b\"},\"headline\":\"I Congresso Nacional Diversidade, \u00c9tica e Direitos Humanos na UESB &#8211; 14 a 16\\\/7 &#8211; Itapetinga\\\/BA\",\"datePublished\":\"2010-07-01T22:10:34+00:00\",\"mainEntityOfPage\":{\"@id\":\"https:\\\/\\\/inclusivenews.com.br\\\/?p=15836\"},\"wordCount\":272,\"commentCount\":0,\"publisher\":{\"@id\":\"https:\\\/\\\/inclusivenews.com.br\\\/#organization\"},\"image\":{\"@id\":\"https:\\\/\\\/inclusivenews.com.br\\\/?p=15836#primaryimage\"},\"thumbnailUrl\":\"http:\\\/\\\/inclusivenews.com.br\\\/wp-content\\\/uploads\\\/2010\\\/03\\\/direitos-humanos.jpg\",\"articleSection\":[\"NOT\u00cdCIAS\"],\"inLanguage\":\"pt-PT\",\"potentialAction\":[{\"@type\":\"CommentAction\",\"name\":\"Comment\",\"target\":[\"https:\\\/\\\/inclusivenews.com.br\\\/?p=15836#respond\"]}]},{\"@type\":\"WebPage\",\"@id\":\"https:\\\/\\\/inclusivenews.com.br\\\/?p=15836\",\"url\":\"https:\\\/\\\/inclusivenews.com.br\\\/?p=15836\",\"name\":\"I Congresso Nacional Diversidade, \u00c9tica e Direitos Humanos na UESB - 14 a 16\\\/7 - Itapetinga\\\/BA -\",\"isPartOf\":{\"@id\":\"https:\\\/\\\/inclusivenews.com.br\\\/#website\"},\"primaryImageOfPage\":{\"@id\":\"https:\\\/\\\/inclusivenews.com.br\\\/?p=15836#primaryimage\"},\"image\":{\"@id\":\"https:\\\/\\\/inclusivenews.com.br\\\/?p=15836#primaryimage\"},\"thumbnailUrl\":\"http:\\\/\\\/inclusivenews.com.br\\\/wp-content\\\/uploads\\\/2010\\\/03\\\/direitos-humanos.jpg\",\"datePublished\":\"2010-07-01T22:10:34+00:00\",\"breadcrumb\":{\"@id\":\"https:\\\/\\\/inclusivenews.com.br\\\/?p=15836#breadcrumb\"},\"inLanguage\":\"pt-PT\",\"potentialAction\":[{\"@type\":\"ReadAction\",\"target\":[\"https:\\\/\\\/inclusivenews.com.br\\\/?p=15836\"]}]},{\"@type\":\"ImageObject\",\"inLanguage\":\"pt-PT\",\"@id\":\"https:\\\/\\\/inclusivenews.com.br\\\/?p=15836#primaryimage\",\"url\":\"\",\"contentUrl\":\"\"},{\"@type\":\"BreadcrumbList\",\"@id\":\"https:\\\/\\\/inclusivenews.com.br\\\/?p=15836#breadcrumb\",\"itemListElement\":[{\"@type\":\"ListItem\",\"position\":1,\"name\":\"In\u00edcio\",\"item\":\"https:\\\/\\\/inclusivenews.com.br\\\/\"},{\"@type\":\"ListItem\",\"position\":2,\"name\":\"I Congresso Nacional Diversidade, \u00c9tica e Direitos Humanos na UESB &#8211; 14 a 16\\\/7 &#8211; Itapetinga\\\/BA\"}]},{\"@type\":\"WebSite\",\"@id\":\"https:\\\/\\\/inclusivenews.com.br\\\/#website\",\"url\":\"https:\\\/\\\/inclusivenews.com.br\\\/\",\"name\":\"Inclusive News\",\"description\":\"Inclusive News\",\"publisher\":{\"@id\":\"https:\\\/\\\/inclusivenews.com.br\\\/#organization\"},\"potentialAction\":[{\"@type\":\"SearchAction\",\"target\":{\"@type\":\"EntryPoint\",\"urlTemplate\":\"https:\\\/\\\/inclusivenews.com.br\\\/?s={search_term_string}\"},\"query-input\":{\"@type\":\"PropertyValueSpecification\",\"valueRequired\":true,\"valueName\":\"search_term_string\"}}],\"inLanguage\":\"pt-PT\"},{\"@type\":\"Organization\",\"@id\":\"https:\\\/\\\/inclusivenews.com.br\\\/#organization\",\"name\":\"Inclusive - inclus\u00e3o e cidadania\",\"url\":\"https:\\\/\\\/inclusivenews.com.br\\\/\",\"logo\":{\"@type\":\"ImageObject\",\"inLanguage\":\"pt-PT\",\"@id\":\"https:\\\/\\\/inclusivenews.com.br\\\/#\\\/schema\\\/logo\\\/image\\\/\",\"url\":\"https:\\\/\\\/inclusivenews.com.br\\\/wp-content\\\/uploads\\\/2024\\\/03\\\/@grandesite.png\",\"contentUrl\":\"https:\\\/\\\/inclusivenews.com.br\\\/wp-content\\\/uploads\\\/2024\\\/03\\\/@grandesite.png\",\"width\":1080,\"height\":1080,\"caption\":\"Inclusive - inclus\u00e3o e cidadania\"},\"image\":{\"@id\":\"https:\\\/\\\/inclusivenews.com.br\\\/#\\\/schema\\\/logo\\\/image\\\/\"},\"sameAs\":[\"https:\\\/\\\/www.facebook.com\\\/agenciainclusive\\\/\",\"https:\\\/\\\/www.instagram.com\\\/newsinclusive\\\/\"]},{\"@type\":\"Person\",\"@id\":\"https:\\\/\\\/inclusivenews.com.br\\\/#\\\/schema\\\/person\\\/ae4ec7087559b8692fb33b6fffd2273b\",\"name\":\"inclusivenews2024\",\"image\":{\"@type\":\"ImageObject\",\"inLanguage\":\"pt-PT\",\"@id\":\"https:\\\/\\\/secure.gravatar.com\\\/avatar\\\/c5a7ef84c66fa914f55bc4f7ce26cfa275a3b9a1c5568b907bd184fb4dde7b40?s=96&d=mm&r=g\",\"url\":\"https:\\\/\\\/secure.gravatar.com\\\/avatar\\\/c5a7ef84c66fa914f55bc4f7ce26cfa275a3b9a1c5568b907bd184fb4dde7b40?s=96&d=mm&r=g\",\"contentUrl\":\"https:\\\/\\\/secure.gravatar.com\\\/avatar\\\/c5a7ef84c66fa914f55bc4f7ce26cfa275a3b9a1c5568b907bd184fb4dde7b40?s=96&d=mm&r=g\",\"caption\":\"inclusivenews2024\"},\"sameAs\":[\"https:\\\/\\\/inclusivenews.com.br\"],\"url\":\"https:\\\/\\\/inclusivenews.com.br\\\/?author=1\"}]}<\/script>\n<!-- \/ Yoast SEO plugin. -->","yoast_head_json":{"title":"I Congresso Nacional Diversidade, \u00c9tica e Direitos Humanos na UESB - 14 a 16\/7 - Itapetinga\/BA -","robots":{"index":"index","follow":"follow","max-snippet":"max-snippet:-1","max-image-preview":"max-image-preview:large","max-video-preview":"max-video-preview:-1"},"canonical":"https:\/\/inclusivenews.com.br\/?p=15836","og_locale":"pt_PT","og_type":"article","og_title":"I Congresso Nacional Diversidade, \u00c9tica e Direitos Humanos na UESB - 14 a 16\/7 - Itapetinga\/BA -","og_description":"\u00a0 O I Congresso Nacional Diversidade, \u00c9tica e Direitos Humanos na UESB visa suscitar discuss\u00f5es e reflex\u00f5es sobre a tem\u00e1tica diversidade, \u00e9tica e direitos humanos e analisar situa\u00e7\u00f5es-problem\u00e1ticas relacionadas, como manifesta\u00e7\u00f5es de viol\u00eancia na escola e na sociedade brasileira e baiana, manifesta\u00e7\u00f5es da cultura jovem no cotidiano escolar e social; ampliar o conhecimento sobre a [&hellip;]","og_url":"https:\/\/inclusivenews.com.br\/?p=15836","article_publisher":"https:\/\/www.facebook.com\/agenciainclusive\/","article_published_time":"2010-07-01T22:10:34+00:00","og_image":[{"url":"http:\/\/inclusivenews.com.br\/wp-content\/uploads\/2010\/03\/direitos-humanos.jpg","type":"","width":"","height":""}],"author":"inclusivenews2024","twitter_card":"summary_large_image","twitter_misc":{"Escrito por":"inclusivenews2024","Tempo estimado de leitura":"1 minuto"},"schema":{"@context":"https:\/\/schema.org","@graph":[{"@type":"Article","@id":"https:\/\/inclusivenews.com.br\/?p=15836#article","isPartOf":{"@id":"https:\/\/inclusivenews.com.br\/?p=15836"},"author":{"name":"inclusivenews2024","@id":"https:\/\/inclusivenews.com.br\/#\/schema\/person\/ae4ec7087559b8692fb33b6fffd2273b"},"headline":"I Congresso Nacional Diversidade, \u00c9tica e Direitos Humanos na UESB &#8211; 14 a 16\/7 &#8211; Itapetinga\/BA","datePublished":"2010-07-01T22:10:34+00:00","mainEntityOfPage":{"@id":"https:\/\/inclusivenews.com.br\/?p=15836"},"wordCount":272,"commentCount":0,"publisher":{"@id":"https:\/\/inclusivenews.com.br\/#organization"},"image":{"@id":"https:\/\/inclusivenews.com.br\/?p=15836#primaryimage"},"thumbnailUrl":"http:\/\/inclusivenews.com.br\/wp-content\/uploads\/2010\/03\/direitos-humanos.jpg","articleSection":["NOT\u00cdCIAS"],"inLanguage":"pt-PT","potentialAction":[{"@type":"CommentAction","name":"Comment","target":["https:\/\/inclusivenews.com.br\/?p=15836#respond"]}]},{"@type":"WebPage","@id":"https:\/\/inclusivenews.com.br\/?p=15836","url":"https:\/\/inclusivenews.com.br\/?p=15836","name":"I Congresso Nacional Diversidade, \u00c9tica e Direitos Humanos na UESB - 14 a 16\/7 - Itapetinga\/BA -","isPartOf":{"@id":"https:\/\/inclusivenews.com.br\/#website"},"primaryImageOfPage":{"@id":"https:\/\/inclusivenews.com.br\/?p=15836#primaryimage"},"image":{"@id":"https:\/\/inclusivenews.com.br\/?p=15836#primaryimage"},"thumbnailUrl":"http:\/\/inclusivenews.com.br\/wp-content\/uploads\/2010\/03\/direitos-humanos.jpg","datePublished":"2010-07-01T22:10:34+00:00","breadcrumb":{"@id":"https:\/\/inclusivenews.com.br\/?p=15836#breadcrumb"},"inLanguage":"pt-PT","potentialAction":[{"@type":"ReadAction","target":["https:\/\/inclusivenews.com.br\/?p=15836"]}]},{"@type":"ImageObject","inLanguage":"pt-PT","@id":"https:\/\/inclusivenews.com.br\/?p=15836#primaryimage","url":"","contentUrl":""},{"@type":"BreadcrumbList","@id":"https:\/\/inclusivenews.com.br\/?p=15836#breadcrumb","itemListElement":[{"@type":"ListItem","position":1,"name":"In\u00edcio","item":"https:\/\/inclusivenews.com.br\/"},{"@type":"ListItem","position":2,"name":"I Congresso Nacional Diversidade, \u00c9tica e Direitos Humanos na UESB &#8211; 14 a 16\/7 &#8211; Itapetinga\/BA"}]},{"@type":"WebSite","@id":"https:\/\/inclusivenews.com.br\/#website","url":"https:\/\/inclusivenews.com.br\/","name":"Inclusive News","description":"Inclusive News","publisher":{"@id":"https:\/\/inclusivenews.com.br\/#organization"},"potentialAction":[{"@type":"SearchAction","target":{"@type":"EntryPoint","urlTemplate":"https:\/\/inclusivenews.com.br\/?s={search_term_string}"},"query-input":{"@type":"PropertyValueSpecification","valueRequired":true,"valueName":"search_term_string"}}],"inLanguage":"pt-PT"},{"@type":"Organization","@id":"https:\/\/inclusivenews.com.br\/#organization","name":"Inclusive - inclus\u00e3o e cidadania","url":"https:\/\/inclusivenews.com.br\/","logo":{"@type":"ImageObject","inLanguage":"pt-PT","@id":"https:\/\/inclusivenews.com.br\/#\/schema\/logo\/image\/","url":"https:\/\/inclusivenews.com.br\/wp-content\/uploads\/2024\/03\/@grandesite.png","contentUrl":"https:\/\/inclusivenews.com.br\/wp-content\/uploads\/2024\/03\/@grandesite.png","width":1080,"height":1080,"caption":"Inclusive - inclus\u00e3o e cidadania"},"image":{"@id":"https:\/\/inclusivenews.com.br\/#\/schema\/logo\/image\/"},"sameAs":["https:\/\/www.facebook.com\/agenciainclusive\/","https:\/\/www.instagram.com\/newsinclusive\/"]},{"@type":"Person","@id":"https:\/\/inclusivenews.com.br\/#\/schema\/person\/ae4ec7087559b8692fb33b6fffd2273b","name":"inclusivenews2024","image":{"@type":"ImageObject","inLanguage":"pt-PT","@id":"https:\/\/secure.gravatar.com\/avatar\/c5a7ef84c66fa914f55bc4f7ce26cfa275a3b9a1c5568b907bd184fb4dde7b40?s=96&d=mm&r=g","url":"https:\/\/secure.gravatar.com\/avatar\/c5a7ef84c66fa914f55bc4f7ce26cfa275a3b9a1c5568b907bd184fb4dde7b40?s=96&d=mm&r=g","contentUrl":"https:\/\/secure.gravatar.com\/avatar\/c5a7ef84c66fa914f55bc4f7ce26cfa275a3b9a1c5568b907bd184fb4dde7b40?s=96&d=mm&r=g","caption":"inclusivenews2024"},"sameAs":["https:\/\/inclusivenews.com.br"],"url":"https:\/\/inclusivenews.com.br\/?author=1"}]}},"_links":{"self":[{"href":"https:\/\/inclusivenews.com.br\/index.php?rest_route=\/wp\/v2\/posts\/15836","targetHints":{"allow":["GET"]}}],"collection":[{"href":"https:\/\/inclusivenews.com.br\/index.php?rest_route=\/wp\/v2\/posts"}],"about":[{"href":"https:\/\/inclusivenews.com.br\/index.php?rest_route=\/wp\/v2\/types\/post"}],"author":[{"embeddable":true,"href":"https:\/\/inclusivenews.com.br\/index.php?rest_route=\/wp\/v2\/users\/1"}],"replies":[{"embeddable":true,"href":"https:\/\/inclusivenews.com.br\/index.php?rest_route=%2Fwp%2Fv2%2Fcomments&post=15836"}],"version-history":[{"count":0,"href":"https:\/\/inclusivenews.com.br\/index.php?rest_route=\/wp\/v2\/posts\/15836\/revisions"}],"wp:attachment":[{"href":"https:\/\/inclusivenews.com.br\/index.php?rest_route=%2Fwp%2Fv2%2Fmedia&parent=15836"}],"wp:term":[{"taxonomy":"category","embeddable":true,"href":"https:\/\/inclusivenews.com.br\/index.php?rest_route=%2Fwp%2Fv2%2Fcategories&post=15836"},{"taxonomy":"post_tag","embeddable":true,"href":"https:\/\/inclusivenews.com.br\/index.php?rest_route=%2Fwp%2Fv2%2Ftags&post=15836"}],"curies":[{"name":"wp","href":"https:\/\/api.w.org\/{rel}","templated":true}]}}