{"id":15865,"date":"2010-06-10T09:58:00","date_gmt":"2010-06-10T12:58:00","guid":{"rendered":"http:\/\/www.inclusive.org.br\/?p=15865"},"modified":"2010-06-10T09:58:00","modified_gmt":"2010-06-10T12:58:00","slug":"jovens-de-distintos-movimentos-expressam-opiniao-sobre-a-luta-juvenil","status":"publish","type":"post","link":"https:\/\/inclusivenews.com.br\/?p=15865","title":{"rendered":"Jovens de distintos movimentos expressam opini\u00e3o sobre a &quot;luta juvenil&quot;"},"content":{"rendered":"<figure id=\"attachment_13106\" aria-describedby=\"caption-attachment-13106\" style=\"width: 240px\" class=\"wp-caption alignleft\"><a href=\"http:\/\/www.inclusivenews.com.br\/wp-content\/uploads\/2009\/12\/1171701005_diversidade.jpg\"><img loading=\"lazy\" decoding=\"async\" class=\"size-medium wp-image-13106\" title=\"Inclusive - diversidade.\" src=\"http:\/\/inclusivenews.com.br\/wp-content\/uploads\/2009\/12\/1171701005_diversidade-300x218.jpg\" alt=\"\" width=\"240\" height=\"174\" \/><\/a><figcaption id=\"caption-attachment-13106\" class=\"wp-caption-text\"> <\/figcaption><\/figure>\n<p><span class=\"noticia_texto\"><em>Jovens de distintos movimentos expressam opini\u00e3o sobre a &#8220;luta juvenil&#8221;<\/em>Ultrapassando as estimativas iniciais de 3.000 inscritos, mais de 4.500 pessoas, representantes de grupos feministas, GLBT, campesinos, culturais e de trabalhadores, participaram de cerca das 140 atividades, entre oficinas, semin\u00e1rios, debates e shows, oferecidas no I Festival das Juventudes de Fortaleza, no Cear\u00e1, que aconteceu entre os dias 3 e 6 deste m\u00eas.<\/p>\n<p>Delega\u00e7\u00f5es de diversos estados brasileiros e pa\u00edses da Am\u00e9rica Latina tiveram a oportunidade de representar e expor as reivindica\u00e7\u00f5es de seus respectivos movimentos sociais, por meio de atividades organizadas e divulgadas pelas pr\u00f3prias entidades e confer\u00eancias gerais.<\/p>\n<p>O tema do Festival, &#8220;Am\u00e9rica Latina e a Luta Juvenil&#8221;, funcionou como eixo principal para nortear as discuss\u00f5es e colocar em pauta a quest\u00e3o do protagonismo juvenil. Durante 4 dias, jovens latino-americanos, engajados socialmente ou n\u00e3o, compartilharam opini\u00f5es e discutiram temas importantes para a constru\u00e7\u00e3o de uma sociedade mais justa.<\/p>\n<p>A ADITAL esteve presente no evento e coletou depoimentos e impress\u00f5es de algumas dessas de vozes que expressam o vasto campo das juventudes. Confira:<\/p>\n<p>&#8220;A import\u00e2ncia da juventude na Am\u00e9rica Latina \u00e9 clara, porque somos n\u00f3s que realizamos os processos mais importantes. N\u00e3o pode haver processos de revolu\u00e7\u00e3o na nossa sociedade se os homens e as mulheres jovens n\u00e3o estiverem na cabe\u00e7a dos processos. N\u00f3s temos for\u00e7a e n\u00f3s temos no\u00e7\u00e3o de que podemos construir nosso pr\u00f3prio caminho. Espa\u00e7os com este, de integra\u00e7\u00e3o, s\u00e3o importantes porque podemos compartilhar experi\u00eancias e a\u00e7\u00f5es que desenvolvemos, e para que possamos desenhar estrat\u00e9gias para avan\u00e7ar nas mudan\u00e7as que queremos em nossos pa\u00edses. Estamos vivendo um momento em que cada vez mais os jovens s\u00e3o ouvidos, e esse espa\u00e7o \u00e9 resultado do nosso trabalho. O que os jovens ainda precisam \u00e9 assumir espa\u00e7os importantes em cargos p\u00fablicos, pois essa representatividade \u00e9 essencial para a realiza\u00e7\u00e3o de nossos desejos.&#8221;<\/p>\n<p>(Rocio Alorda, jornalista e integrante da Marcha Mundial das Mulheres (MMM), Chile)<\/p>\n<p>&#8220;Para o meu movimento, o espa\u00e7o do Festival foi de fundamental import\u00e2ncia, pois permitiu que a gente constru\u00edsse e consolidasse o nosso projeto coletivo de combate \u00e0 homofobia. Tamb\u00e9m serviu para fomentar a consci\u00eancia cr\u00edtica, chamando os jovens para que eles tomem alguma atitude diante de tanta viol\u00eancia em rela\u00e7\u00e3o \u00e0s l\u00e9sbicas, gays, bissexuais, travestis e transexuais. Fora dos espa\u00e7os dos movimentos sociais, os jovens ainda s\u00e3o pouco ouvidos. H\u00e1 uma aus\u00eancia de trabalhos voltados para a emancipa\u00e7\u00e3o pol\u00edtica e humana, e esse \u00e9 um grande sonho dos movimentos sociais e da juventude. Falta uma escuta ativa e qualificada, por parte do poder p\u00fablico e de outras institui\u00e7\u00f5es, dos nossos anseios e reivindica\u00e7\u00f5es.&#8221;<\/p>\n<p>(Luana Marley, integrante do Grupo Liberdade de Amor entre Mulheres no Cear\u00e1 (Lamce) e coordenadora da diversidade sexual da Secretaria de Direitos Humanos de Fortaleza)<\/p>\n<p>&#8220;\u00c9 importante unificar os debates, pois n\u00f3s tivemos um processo de muita degrada\u00e7\u00e3o pol\u00edtica. A juventude, hoje em dia, reflete uma imagem muito marginalizada, e esse \u00e9 um espa\u00e7o para que n\u00f3s estejamos debatendo qual a imagem real dos jovens. N\u00f3s, como integrantes da Regi\u00e3o Norte, historicamente sempre estivemos muito afastados das decis\u00f5es pol\u00edticas, mas a partir de certo momento, n\u00f3s passamos a viver um avan\u00e7o significativo, com encontros municipais e regionais, que aconteceram antes do Festival. O evento foi uma iniciativa excelente, que funciona como uma s\u00edntese de todas as pautas, como uma maneira de unificar os movimentos dos campos, das cidades, das mulheres, e todos os outros. Mesmo assim, ainda falta muita consci\u00eancia pol\u00edtica para os jovens, e fora dos movimentos sociais \u00e9 dif\u00edcil ter espa\u00e7o. N\u00f3s vivemos numa sociedade cuja forma de organiza\u00e7\u00e3o \u00e9 muito complexa, e somente atrav\u00e9s dos movimentos sociais, estudantis, pol\u00edticos, os jovens conseguem falar. \u00c9 um pontap\u00e9 inicial para que a sociedade entre de vez no processo de conscientiza\u00e7\u00e3o pol\u00edtica.&#8221;<\/p>\n<p>(David Alvarez, estudante, integrante do Kizomba, Par\u00e1)<\/p>\n<p>&#8220;A uni\u00e3o da juventude aqui \u00e9 fundamental. Muitas vezes os jovens s\u00e3o levados pelo sentimento individualista e competitivo que a sociedade capitalista estimula nas pessoas, o que acaba criando uma s\u00e9rie de rivalidades. A id\u00e9ia de fazer um encontro desse tipo \u00e9 trabalhar com as no\u00e7\u00f5es de uni\u00e3o, coopera\u00e7\u00e3o, associa\u00e7\u00e3o, de uma alian\u00e7a pautada pela solidariedade, pelo interesse coletivo, voltada para a cria\u00e7\u00e3o de uma sociedade mais justa, mais igualit\u00e1ria e mais respons\u00e1vel socialmente, sem nenhum tipo de preconceito. De qualquer forma, os espa\u00e7os de participa\u00e7\u00e3o pol\u00edtica ainda precisam ser ampliados.&#8221;<\/p>\n<p>(Afonso Tiago, Secret\u00e1rio de Juventude da Prefeitura de Fortaleza)<\/p>\n<p>Aqui n\u00f3s podemos vivenciar v\u00e1rias lutas juvenis e trocar informa\u00e7\u00f5es entre os movimentos. Aqui n\u00f3s sentimos que a juventude \u00e9 a protagonista da hist\u00f3ria, ela \u00e9 capaz de construir e de se mobilizar para construir pol\u00edticas p\u00fablicas a n\u00edvel local e em toda a Am\u00e9rica Latina. E pelo que n\u00f3s pudemos perceber, as lutas dos outros pa\u00edses da Am\u00e9rica Latina n\u00e3o s\u00e3o diferentes das lutas que travamos no Brasil, e \u00e9 importante perceber isso. N\u00f3s queremos construir uma juventude livre, mais participativa, e esses espa\u00e7os podem ajudar. A juventude sempre fala, sempre grita, embora nem sempre seja ouvida. Escutados ou n\u00e3o, n\u00f3s sempre estamos falando, n\u00f3s sempre estamos presentes.<\/p>\n<p>(M\u00e1rcia Alves, estudante, integrante do Aquit\u00e3baquara, Cear\u00e1)<\/p>\n<p>&#8220;\u00c9 essencial construir alian\u00e7as com outras organiza\u00e7\u00f5es e outros movimentos, pois a dimens\u00e3o da nossa luta n\u00e3o abarca s\u00f3 a luta trabalhista, mas sim v\u00e1rios outros elementos, que tamb\u00e9m s\u00e3o fundamentais. Ent\u00e3o, organizar uma unidade de luta entre os movimentos, como o Movimento Hip-Hop, Movimento Estudantil, Movimento das Mulheres, \u00e9 essencial. A classe trabalhadora tem ra\u00e7a, tem sexo, tem opini\u00e3o, e esse espa\u00e7o \u00e9 fundamental para que as diversas propostas sejam ouvidas. N\u00f3s queremos uma sociedade em que o poder seja distribu\u00eddo de forma igualit\u00e1ria, e que a democracia seja o fator organizacional desse novo modelo de desenvolvimento. N\u00f3s n\u00e3o queremos apenas que os movimentos sociais organizados sejam ouvidos, o que n\u00f3s queremos \u00e9 criar mecanismos de democracia participativa nas cidades, nas escolas, para que as pessoas sejam educadas para a democracia, para que cada cidad\u00e3o possa decidir os rumos da sua vida.&#8221;<\/p>\n<p>(Anderson Campos, Assessor da Secretaria Nacional de Juventude da Central \u00danica dos Trabalhadores &#8211; CUT)<br \/>\n___________<\/p>\n<p><strong>Fonte:<\/strong> <a href=\"http:\/\/www.adital.org.br\/site\/noticia.asp?lang=PT&amp;cat=62&amp;cod=48355\">Adital<\/a><\/p>\n<p><\/span><\/p>\n","protected":false},"excerpt":{"rendered":"<p>Jovens de distintos movimentos expressam opini\u00e3o sobre a &#8220;luta juvenil&#8221;. Da Adital.<\/p>\n","protected":false},"author":1,"featured_media":0,"comment_status":"open","ping_status":"open","sticky":false,"template":"","format":"standard","meta":{"site-container-style":"default","site-container-layout":"default","site-sidebar-layout":"default","disable-article-header":"default","disable-site-header":"default","disable-site-footer":"default","disable-content-area-spacing":"default","footnotes":""},"categories":[4],"tags":[],"class_list":["post-15865","post","type-post","status-publish","format-standard","hentry","category-noticias"],"yoast_head":"<!-- This site is optimized with the Yoast SEO plugin v27.4 - https:\/\/yoast.com\/product\/yoast-seo-wordpress\/ -->\n<title>Jovens de distintos movimentos expressam opini\u00e3o sobre a &quot;luta juvenil&quot; -<\/title>\n<meta name=\"robots\" content=\"index, follow, max-snippet:-1, max-image-preview:large, max-video-preview:-1\" \/>\n<link rel=\"canonical\" href=\"https:\/\/inclusivenews.com.br\/?p=15865\" \/>\n<meta property=\"og:locale\" content=\"pt_PT\" \/>\n<meta property=\"og:type\" content=\"article\" \/>\n<meta property=\"og:title\" content=\"Jovens de distintos movimentos expressam opini\u00e3o sobre a &quot;luta juvenil&quot; -\" \/>\n<meta property=\"og:description\" content=\"Jovens de distintos movimentos expressam opini\u00e3o sobre a &quot;luta juvenil&quot;. Da Adital.\" \/>\n<meta property=\"og:url\" content=\"https:\/\/inclusivenews.com.br\/?p=15865\" \/>\n<meta property=\"article:publisher\" content=\"https:\/\/www.facebook.com\/agenciainclusive\/\" \/>\n<meta property=\"article:published_time\" content=\"2010-06-10T12:58:00+00:00\" \/>\n<meta property=\"og:image\" content=\"http:\/\/inclusivenews.com.br\/wp-content\/uploads\/2009\/12\/1171701005_diversidade-300x218.jpg\" \/>\n<meta name=\"author\" content=\"inclusivenews2024\" \/>\n<meta name=\"twitter:card\" content=\"summary_large_image\" \/>\n<meta name=\"twitter:label1\" content=\"Escrito por\" \/>\n\t<meta name=\"twitter:data1\" content=\"inclusivenews2024\" \/>\n\t<meta name=\"twitter:label2\" content=\"Tempo estimado de leitura\" \/>\n\t<meta name=\"twitter:data2\" content=\"6 minutos\" \/>\n<script type=\"application\/ld+json\" class=\"yoast-schema-graph\">{\"@context\":\"https:\\\/\\\/schema.org\",\"@graph\":[{\"@type\":\"Article\",\"@id\":\"https:\\\/\\\/inclusivenews.com.br\\\/?p=15865#article\",\"isPartOf\":{\"@id\":\"https:\\\/\\\/inclusivenews.com.br\\\/?p=15865\"},\"author\":{\"name\":\"inclusivenews2024\",\"@id\":\"https:\\\/\\\/inclusivenews.com.br\\\/#\\\/schema\\\/person\\\/ae4ec7087559b8692fb33b6fffd2273b\"},\"headline\":\"Jovens de distintos movimentos expressam opini\u00e3o sobre a &quot;luta juvenil&quot;\",\"datePublished\":\"2010-06-10T12:58:00+00:00\",\"mainEntityOfPage\":{\"@id\":\"https:\\\/\\\/inclusivenews.com.br\\\/?p=15865\"},\"wordCount\":1134,\"commentCount\":0,\"publisher\":{\"@id\":\"https:\\\/\\\/inclusivenews.com.br\\\/#organization\"},\"image\":{\"@id\":\"https:\\\/\\\/inclusivenews.com.br\\\/?p=15865#primaryimage\"},\"thumbnailUrl\":\"http:\\\/\\\/inclusivenews.com.br\\\/wp-content\\\/uploads\\\/2009\\\/12\\\/1171701005_diversidade-300x218.jpg\",\"articleSection\":[\"NOT\u00cdCIAS\"],\"inLanguage\":\"pt-PT\",\"potentialAction\":[{\"@type\":\"CommentAction\",\"name\":\"Comment\",\"target\":[\"https:\\\/\\\/inclusivenews.com.br\\\/?p=15865#respond\"]}]},{\"@type\":\"WebPage\",\"@id\":\"https:\\\/\\\/inclusivenews.com.br\\\/?p=15865\",\"url\":\"https:\\\/\\\/inclusivenews.com.br\\\/?p=15865\",\"name\":\"Jovens de distintos movimentos expressam opini\u00e3o sobre a &quot;luta juvenil&quot; -\",\"isPartOf\":{\"@id\":\"https:\\\/\\\/inclusivenews.com.br\\\/#website\"},\"primaryImageOfPage\":{\"@id\":\"https:\\\/\\\/inclusivenews.com.br\\\/?p=15865#primaryimage\"},\"image\":{\"@id\":\"https:\\\/\\\/inclusivenews.com.br\\\/?p=15865#primaryimage\"},\"thumbnailUrl\":\"http:\\\/\\\/inclusivenews.com.br\\\/wp-content\\\/uploads\\\/2009\\\/12\\\/1171701005_diversidade-300x218.jpg\",\"datePublished\":\"2010-06-10T12:58:00+00:00\",\"breadcrumb\":{\"@id\":\"https:\\\/\\\/inclusivenews.com.br\\\/?p=15865#breadcrumb\"},\"inLanguage\":\"pt-PT\",\"potentialAction\":[{\"@type\":\"ReadAction\",\"target\":[\"https:\\\/\\\/inclusivenews.com.br\\\/?p=15865\"]}]},{\"@type\":\"ImageObject\",\"inLanguage\":\"pt-PT\",\"@id\":\"https:\\\/\\\/inclusivenews.com.br\\\/?p=15865#primaryimage\",\"url\":\"\",\"contentUrl\":\"\"},{\"@type\":\"BreadcrumbList\",\"@id\":\"https:\\\/\\\/inclusivenews.com.br\\\/?p=15865#breadcrumb\",\"itemListElement\":[{\"@type\":\"ListItem\",\"position\":1,\"name\":\"In\u00edcio\",\"item\":\"https:\\\/\\\/inclusivenews.com.br\\\/\"},{\"@type\":\"ListItem\",\"position\":2,\"name\":\"Jovens de distintos movimentos expressam opini\u00e3o sobre a &quot;luta juvenil&quot;\"}]},{\"@type\":\"WebSite\",\"@id\":\"https:\\\/\\\/inclusivenews.com.br\\\/#website\",\"url\":\"https:\\\/\\\/inclusivenews.com.br\\\/\",\"name\":\"Inclusive News\",\"description\":\"Inclusive News\",\"publisher\":{\"@id\":\"https:\\\/\\\/inclusivenews.com.br\\\/#organization\"},\"potentialAction\":[{\"@type\":\"SearchAction\",\"target\":{\"@type\":\"EntryPoint\",\"urlTemplate\":\"https:\\\/\\\/inclusivenews.com.br\\\/?s={search_term_string}\"},\"query-input\":{\"@type\":\"PropertyValueSpecification\",\"valueRequired\":true,\"valueName\":\"search_term_string\"}}],\"inLanguage\":\"pt-PT\"},{\"@type\":\"Organization\",\"@id\":\"https:\\\/\\\/inclusivenews.com.br\\\/#organization\",\"name\":\"Inclusive - inclus\u00e3o e cidadania\",\"url\":\"https:\\\/\\\/inclusivenews.com.br\\\/\",\"logo\":{\"@type\":\"ImageObject\",\"inLanguage\":\"pt-PT\",\"@id\":\"https:\\\/\\\/inclusivenews.com.br\\\/#\\\/schema\\\/logo\\\/image\\\/\",\"url\":\"https:\\\/\\\/inclusivenews.com.br\\\/wp-content\\\/uploads\\\/2024\\\/03\\\/@grandesite.png\",\"contentUrl\":\"https:\\\/\\\/inclusivenews.com.br\\\/wp-content\\\/uploads\\\/2024\\\/03\\\/@grandesite.png\",\"width\":1080,\"height\":1080,\"caption\":\"Inclusive - inclus\u00e3o e cidadania\"},\"image\":{\"@id\":\"https:\\\/\\\/inclusivenews.com.br\\\/#\\\/schema\\\/logo\\\/image\\\/\"},\"sameAs\":[\"https:\\\/\\\/www.facebook.com\\\/agenciainclusive\\\/\",\"https:\\\/\\\/www.instagram.com\\\/newsinclusive\\\/\"]},{\"@type\":\"Person\",\"@id\":\"https:\\\/\\\/inclusivenews.com.br\\\/#\\\/schema\\\/person\\\/ae4ec7087559b8692fb33b6fffd2273b\",\"name\":\"inclusivenews2024\",\"image\":{\"@type\":\"ImageObject\",\"inLanguage\":\"pt-PT\",\"@id\":\"https:\\\/\\\/secure.gravatar.com\\\/avatar\\\/c5a7ef84c66fa914f55bc4f7ce26cfa275a3b9a1c5568b907bd184fb4dde7b40?s=96&d=mm&r=g\",\"url\":\"https:\\\/\\\/secure.gravatar.com\\\/avatar\\\/c5a7ef84c66fa914f55bc4f7ce26cfa275a3b9a1c5568b907bd184fb4dde7b40?s=96&d=mm&r=g\",\"contentUrl\":\"https:\\\/\\\/secure.gravatar.com\\\/avatar\\\/c5a7ef84c66fa914f55bc4f7ce26cfa275a3b9a1c5568b907bd184fb4dde7b40?s=96&d=mm&r=g\",\"caption\":\"inclusivenews2024\"},\"sameAs\":[\"https:\\\/\\\/inclusivenews.com.br\"],\"url\":\"https:\\\/\\\/inclusivenews.com.br\\\/?author=1\"}]}<\/script>\n<!-- \/ Yoast SEO plugin. -->","yoast_head_json":{"title":"Jovens de distintos movimentos expressam opini\u00e3o sobre a &quot;luta juvenil&quot; -","robots":{"index":"index","follow":"follow","max-snippet":"max-snippet:-1","max-image-preview":"max-image-preview:large","max-video-preview":"max-video-preview:-1"},"canonical":"https:\/\/inclusivenews.com.br\/?p=15865","og_locale":"pt_PT","og_type":"article","og_title":"Jovens de distintos movimentos expressam opini\u00e3o sobre a &quot;luta juvenil&quot; -","og_description":"Jovens de distintos movimentos expressam opini\u00e3o sobre a \"luta juvenil\". Da Adital.","og_url":"https:\/\/inclusivenews.com.br\/?p=15865","article_publisher":"https:\/\/www.facebook.com\/agenciainclusive\/","article_published_time":"2010-06-10T12:58:00+00:00","og_image":[{"url":"http:\/\/inclusivenews.com.br\/wp-content\/uploads\/2009\/12\/1171701005_diversidade-300x218.jpg","type":"","width":"","height":""}],"author":"inclusivenews2024","twitter_card":"summary_large_image","twitter_misc":{"Escrito por":"inclusivenews2024","Tempo estimado de leitura":"6 minutos"},"schema":{"@context":"https:\/\/schema.org","@graph":[{"@type":"Article","@id":"https:\/\/inclusivenews.com.br\/?p=15865#article","isPartOf":{"@id":"https:\/\/inclusivenews.com.br\/?p=15865"},"author":{"name":"inclusivenews2024","@id":"https:\/\/inclusivenews.com.br\/#\/schema\/person\/ae4ec7087559b8692fb33b6fffd2273b"},"headline":"Jovens de distintos movimentos expressam opini\u00e3o sobre a &quot;luta juvenil&quot;","datePublished":"2010-06-10T12:58:00+00:00","mainEntityOfPage":{"@id":"https:\/\/inclusivenews.com.br\/?p=15865"},"wordCount":1134,"commentCount":0,"publisher":{"@id":"https:\/\/inclusivenews.com.br\/#organization"},"image":{"@id":"https:\/\/inclusivenews.com.br\/?p=15865#primaryimage"},"thumbnailUrl":"http:\/\/inclusivenews.com.br\/wp-content\/uploads\/2009\/12\/1171701005_diversidade-300x218.jpg","articleSection":["NOT\u00cdCIAS"],"inLanguage":"pt-PT","potentialAction":[{"@type":"CommentAction","name":"Comment","target":["https:\/\/inclusivenews.com.br\/?p=15865#respond"]}]},{"@type":"WebPage","@id":"https:\/\/inclusivenews.com.br\/?p=15865","url":"https:\/\/inclusivenews.com.br\/?p=15865","name":"Jovens de distintos movimentos expressam opini\u00e3o sobre a &quot;luta juvenil&quot; -","isPartOf":{"@id":"https:\/\/inclusivenews.com.br\/#website"},"primaryImageOfPage":{"@id":"https:\/\/inclusivenews.com.br\/?p=15865#primaryimage"},"image":{"@id":"https:\/\/inclusivenews.com.br\/?p=15865#primaryimage"},"thumbnailUrl":"http:\/\/inclusivenews.com.br\/wp-content\/uploads\/2009\/12\/1171701005_diversidade-300x218.jpg","datePublished":"2010-06-10T12:58:00+00:00","breadcrumb":{"@id":"https:\/\/inclusivenews.com.br\/?p=15865#breadcrumb"},"inLanguage":"pt-PT","potentialAction":[{"@type":"ReadAction","target":["https:\/\/inclusivenews.com.br\/?p=15865"]}]},{"@type":"ImageObject","inLanguage":"pt-PT","@id":"https:\/\/inclusivenews.com.br\/?p=15865#primaryimage","url":"","contentUrl":""},{"@type":"BreadcrumbList","@id":"https:\/\/inclusivenews.com.br\/?p=15865#breadcrumb","itemListElement":[{"@type":"ListItem","position":1,"name":"In\u00edcio","item":"https:\/\/inclusivenews.com.br\/"},{"@type":"ListItem","position":2,"name":"Jovens de distintos movimentos expressam opini\u00e3o sobre a &quot;luta juvenil&quot;"}]},{"@type":"WebSite","@id":"https:\/\/inclusivenews.com.br\/#website","url":"https:\/\/inclusivenews.com.br\/","name":"Inclusive News","description":"Inclusive News","publisher":{"@id":"https:\/\/inclusivenews.com.br\/#organization"},"potentialAction":[{"@type":"SearchAction","target":{"@type":"EntryPoint","urlTemplate":"https:\/\/inclusivenews.com.br\/?s={search_term_string}"},"query-input":{"@type":"PropertyValueSpecification","valueRequired":true,"valueName":"search_term_string"}}],"inLanguage":"pt-PT"},{"@type":"Organization","@id":"https:\/\/inclusivenews.com.br\/#organization","name":"Inclusive - inclus\u00e3o e cidadania","url":"https:\/\/inclusivenews.com.br\/","logo":{"@type":"ImageObject","inLanguage":"pt-PT","@id":"https:\/\/inclusivenews.com.br\/#\/schema\/logo\/image\/","url":"https:\/\/inclusivenews.com.br\/wp-content\/uploads\/2024\/03\/@grandesite.png","contentUrl":"https:\/\/inclusivenews.com.br\/wp-content\/uploads\/2024\/03\/@grandesite.png","width":1080,"height":1080,"caption":"Inclusive - inclus\u00e3o e cidadania"},"image":{"@id":"https:\/\/inclusivenews.com.br\/#\/schema\/logo\/image\/"},"sameAs":["https:\/\/www.facebook.com\/agenciainclusive\/","https:\/\/www.instagram.com\/newsinclusive\/"]},{"@type":"Person","@id":"https:\/\/inclusivenews.com.br\/#\/schema\/person\/ae4ec7087559b8692fb33b6fffd2273b","name":"inclusivenews2024","image":{"@type":"ImageObject","inLanguage":"pt-PT","@id":"https:\/\/secure.gravatar.com\/avatar\/c5a7ef84c66fa914f55bc4f7ce26cfa275a3b9a1c5568b907bd184fb4dde7b40?s=96&d=mm&r=g","url":"https:\/\/secure.gravatar.com\/avatar\/c5a7ef84c66fa914f55bc4f7ce26cfa275a3b9a1c5568b907bd184fb4dde7b40?s=96&d=mm&r=g","contentUrl":"https:\/\/secure.gravatar.com\/avatar\/c5a7ef84c66fa914f55bc4f7ce26cfa275a3b9a1c5568b907bd184fb4dde7b40?s=96&d=mm&r=g","caption":"inclusivenews2024"},"sameAs":["https:\/\/inclusivenews.com.br"],"url":"https:\/\/inclusivenews.com.br\/?author=1"}]}},"_links":{"self":[{"href":"https:\/\/inclusivenews.com.br\/index.php?rest_route=\/wp\/v2\/posts\/15865","targetHints":{"allow":["GET"]}}],"collection":[{"href":"https:\/\/inclusivenews.com.br\/index.php?rest_route=\/wp\/v2\/posts"}],"about":[{"href":"https:\/\/inclusivenews.com.br\/index.php?rest_route=\/wp\/v2\/types\/post"}],"author":[{"embeddable":true,"href":"https:\/\/inclusivenews.com.br\/index.php?rest_route=\/wp\/v2\/users\/1"}],"replies":[{"embeddable":true,"href":"https:\/\/inclusivenews.com.br\/index.php?rest_route=%2Fwp%2Fv2%2Fcomments&post=15865"}],"version-history":[{"count":0,"href":"https:\/\/inclusivenews.com.br\/index.php?rest_route=\/wp\/v2\/posts\/15865\/revisions"}],"wp:attachment":[{"href":"https:\/\/inclusivenews.com.br\/index.php?rest_route=%2Fwp%2Fv2%2Fmedia&parent=15865"}],"wp:term":[{"taxonomy":"category","embeddable":true,"href":"https:\/\/inclusivenews.com.br\/index.php?rest_route=%2Fwp%2Fv2%2Fcategories&post=15865"},{"taxonomy":"post_tag","embeddable":true,"href":"https:\/\/inclusivenews.com.br\/index.php?rest_route=%2Fwp%2Fv2%2Ftags&post=15865"}],"curies":[{"name":"wp","href":"https:\/\/api.w.org\/{rel}","templated":true}]}}