{"id":15871,"date":"2010-06-09T09:05:45","date_gmt":"2010-06-09T12:05:45","guid":{"rendered":"http:\/\/www.inclusive.org.br\/?p=15871"},"modified":"2010-06-09T09:05:45","modified_gmt":"2010-06-09T12:05:45","slug":"em-defesa-da-infancia","status":"publish","type":"post","link":"https:\/\/inclusivenews.com.br\/?p=15871","title":{"rendered":"Em defesa da inf\u00e2ncia"},"content":{"rendered":"<figure style=\"width: 245px\" class=\"wp-caption alignleft\"><a class=\"moz-txt-link-freetext\" href=\"http:\/\/www.cenpec.org.br\/uploads\/img4bfc34319b1eb.jpg\"><img loading=\"lazy\" decoding=\"async\" title=\"Crian\u00e7as brincando no ch\u00e3o. Foto: CENPEC.\" src=\"http:\/\/www.cenpec.org.br\/uploads\/img4bfc34319b1eb.jpg\" alt=\"\" width=\"245\" height=\"184\" \/><\/a><figcaption class=\"wp-caption-text\"> <\/figcaption><\/figure>\n<p>Parece j\u00e1 ter surtido algum efeito a mobiliza\u00e7\u00e3o de educadores e especialistas em desenvolvimento infantil contra o <a href=\"http:\/\/www.camara.gov.br\/sileg\/integras\/732622.pdf\">projeto de lei 6755<\/a>, que propunha a antecipa\u00e7\u00e3o da idade de ingresso no Ensino Fundamental para cinco anos, de autoria do senador Flavio Arns.<\/p>\n<p>O relator do projeto na C\u00e2mara, o deputado Joaquim Beltr\u00e3o (PMDB\/AL), declarou na semana passada que apresentar\u00e1 um substitutivo \u00e0 proposta, estabelecendo a idade de entrada aos seis anos. N\u00e3o mencionou, no entanto, se ser\u00e1 fixada uma data limite para matr\u00edcula. Resolu\u00e7\u00e3o do Conselho Nacional de Educa\u00e7\u00e3o divulgada no in\u00edcio deste ano recomenda que sejam aceitas no 1\u00ba ano apenas as crian\u00e7as que completarem seis anos at\u00e9 31 de mar\u00e7o.<\/p>\n<p>A proposta de determinar o ingresso de crian\u00e7as de cinco anos no Ensino Fundamental causou pol\u00eamica entre educadores e especialistas em desenvolvimento infantil.<\/p>\n<p>Com a sua aprova\u00e7\u00e3o no Senado e seu encaminhamento em regime de prioridade para C\u00e2mara, a Rede Nacional Primeira Inf\u00e2ncia &#8211; composta por 74 organiza\u00e7\u00f5es da sociedade civil e do governo &#8211; organizou a\u00e7\u00f5es de mobiliza\u00e7\u00e3o contra a proposta, incluindo a produ\u00e7\u00e3o de um abaixo-assinado, que contabiliza mais de duas mil assinaturas, e o envio de carta aos deputados federais.<\/p>\n<p>Esta \u00faltima classifica o projeto como &#8220;um atentado contra a inf\u00e2ncia e um desservi\u00e7o \u00e0 educa\u00e7\u00e3o b\u00e1sica brasileira&#8221;.<\/p>\n<p><strong><a href=\"http:\/\/www.cenpec.org.br\/modules\/news\/article.php?storyid=1001\">Leia a \u00edntegra da reportagem no CENPEC.<\/a><\/strong><\/p>\n","protected":false},"excerpt":{"rendered":"<p>A proposta de determinar o ingresso de crian\u00e7as de cinco anos no Ensino Fundamental causou pol\u00eamica entre educadores e especialistas em desenvolvimento infantil. Do CENPEC.<\/p>\n","protected":false},"author":1,"featured_media":0,"comment_status":"open","ping_status":"open","sticky":false,"template":"","format":"standard","meta":{"site-container-style":"default","site-container-layout":"default","site-sidebar-layout":"default","disable-article-header":"default","disable-site-header":"default","disable-site-footer":"default","disable-content-area-spacing":"default","footnotes":""},"categories":[6,4],"tags":[60],"class_list":["post-15871","post","type-post","status-publish","format-standard","hentry","category-educacao","category-noticias","tag-infancia"],"yoast_head":"<!-- This site is optimized with the Yoast SEO plugin v27.4 - https:\/\/yoast.com\/product\/yoast-seo-wordpress\/ -->\n<title>Em defesa da inf\u00e2ncia -<\/title>\n<meta name=\"robots\" content=\"index, follow, max-snippet:-1, max-image-preview:large, max-video-preview:-1\" \/>\n<link rel=\"canonical\" href=\"https:\/\/inclusivenews.com.br\/?p=15871\" \/>\n<meta property=\"og:locale\" content=\"pt_PT\" \/>\n<meta property=\"og:type\" content=\"article\" \/>\n<meta property=\"og:title\" content=\"Em defesa da inf\u00e2ncia -\" \/>\n<meta property=\"og:description\" content=\"A proposta de determinar o ingresso de crian\u00e7as de cinco anos no Ensino Fundamental causou pol\u00eamica entre educadores e especialistas em desenvolvimento infantil. Do CENPEC.\" \/>\n<meta property=\"og:url\" content=\"https:\/\/inclusivenews.com.br\/?p=15871\" \/>\n<meta property=\"article:publisher\" content=\"https:\/\/www.facebook.com\/agenciainclusive\/\" \/>\n<meta property=\"article:published_time\" content=\"2010-06-09T12:05:45+00:00\" \/>\n<meta property=\"og:image\" content=\"http:\/\/www.cenpec.org.br\/uploads\/img4bfc34319b1eb.jpg\" \/>\n<meta name=\"author\" content=\"inclusivenews2024\" \/>\n<meta name=\"twitter:card\" content=\"summary_large_image\" \/>\n<meta name=\"twitter:label1\" content=\"Escrito por\" \/>\n\t<meta name=\"twitter:data1\" content=\"inclusivenews2024\" \/>\n\t<meta name=\"twitter:label2\" content=\"Tempo estimado de leitura\" \/>\n\t<meta name=\"twitter:data2\" content=\"1 minuto\" \/>\n<script type=\"application\/ld+json\" class=\"yoast-schema-graph\">{\"@context\":\"https:\\\/\\\/schema.org\",\"@graph\":[{\"@type\":\"Article\",\"@id\":\"https:\\\/\\\/inclusivenews.com.br\\\/?p=15871#article\",\"isPartOf\":{\"@id\":\"https:\\\/\\\/inclusivenews.com.br\\\/?p=15871\"},\"author\":{\"name\":\"inclusivenews2024\",\"@id\":\"https:\\\/\\\/inclusivenews.com.br\\\/#\\\/schema\\\/person\\\/ae4ec7087559b8692fb33b6fffd2273b\"},\"headline\":\"Em defesa da inf\u00e2ncia\",\"datePublished\":\"2010-06-09T12:05:45+00:00\",\"mainEntityOfPage\":{\"@id\":\"https:\\\/\\\/inclusivenews.com.br\\\/?p=15871\"},\"wordCount\":250,\"commentCount\":0,\"publisher\":{\"@id\":\"https:\\\/\\\/inclusivenews.com.br\\\/#organization\"},\"image\":{\"@id\":\"https:\\\/\\\/inclusivenews.com.br\\\/?p=15871#primaryimage\"},\"thumbnailUrl\":\"http:\\\/\\\/www.cenpec.org.br\\\/uploads\\\/img4bfc34319b1eb.jpg\",\"keywords\":[\"Inf\u00e2ncia\"],\"articleSection\":[\"EDUCA\u00c7\u00c3O\",\"NOT\u00cdCIAS\"],\"inLanguage\":\"pt-PT\",\"potentialAction\":[{\"@type\":\"CommentAction\",\"name\":\"Comment\",\"target\":[\"https:\\\/\\\/inclusivenews.com.br\\\/?p=15871#respond\"]}]},{\"@type\":\"WebPage\",\"@id\":\"https:\\\/\\\/inclusivenews.com.br\\\/?p=15871\",\"url\":\"https:\\\/\\\/inclusivenews.com.br\\\/?p=15871\",\"name\":\"Em defesa da inf\u00e2ncia -\",\"isPartOf\":{\"@id\":\"https:\\\/\\\/inclusivenews.com.br\\\/#website\"},\"primaryImageOfPage\":{\"@id\":\"https:\\\/\\\/inclusivenews.com.br\\\/?p=15871#primaryimage\"},\"image\":{\"@id\":\"https:\\\/\\\/inclusivenews.com.br\\\/?p=15871#primaryimage\"},\"thumbnailUrl\":\"http:\\\/\\\/www.cenpec.org.br\\\/uploads\\\/img4bfc34319b1eb.jpg\",\"datePublished\":\"2010-06-09T12:05:45+00:00\",\"breadcrumb\":{\"@id\":\"https:\\\/\\\/inclusivenews.com.br\\\/?p=15871#breadcrumb\"},\"inLanguage\":\"pt-PT\",\"potentialAction\":[{\"@type\":\"ReadAction\",\"target\":[\"https:\\\/\\\/inclusivenews.com.br\\\/?p=15871\"]}]},{\"@type\":\"ImageObject\",\"inLanguage\":\"pt-PT\",\"@id\":\"https:\\\/\\\/inclusivenews.com.br\\\/?p=15871#primaryimage\",\"url\":\"http:\\\/\\\/www.cenpec.org.br\\\/uploads\\\/img4bfc34319b1eb.jpg\",\"contentUrl\":\"http:\\\/\\\/www.cenpec.org.br\\\/uploads\\\/img4bfc34319b1eb.jpg\"},{\"@type\":\"BreadcrumbList\",\"@id\":\"https:\\\/\\\/inclusivenews.com.br\\\/?p=15871#breadcrumb\",\"itemListElement\":[{\"@type\":\"ListItem\",\"position\":1,\"name\":\"In\u00edcio\",\"item\":\"https:\\\/\\\/inclusivenews.com.br\\\/\"},{\"@type\":\"ListItem\",\"position\":2,\"name\":\"Em defesa da inf\u00e2ncia\"}]},{\"@type\":\"WebSite\",\"@id\":\"https:\\\/\\\/inclusivenews.com.br\\\/#website\",\"url\":\"https:\\\/\\\/inclusivenews.com.br\\\/\",\"name\":\"Inclusive News\",\"description\":\"Inclusive News\",\"publisher\":{\"@id\":\"https:\\\/\\\/inclusivenews.com.br\\\/#organization\"},\"potentialAction\":[{\"@type\":\"SearchAction\",\"target\":{\"@type\":\"EntryPoint\",\"urlTemplate\":\"https:\\\/\\\/inclusivenews.com.br\\\/?s={search_term_string}\"},\"query-input\":{\"@type\":\"PropertyValueSpecification\",\"valueRequired\":true,\"valueName\":\"search_term_string\"}}],\"inLanguage\":\"pt-PT\"},{\"@type\":\"Organization\",\"@id\":\"https:\\\/\\\/inclusivenews.com.br\\\/#organization\",\"name\":\"Inclusive - inclus\u00e3o e cidadania\",\"url\":\"https:\\\/\\\/inclusivenews.com.br\\\/\",\"logo\":{\"@type\":\"ImageObject\",\"inLanguage\":\"pt-PT\",\"@id\":\"https:\\\/\\\/inclusivenews.com.br\\\/#\\\/schema\\\/logo\\\/image\\\/\",\"url\":\"https:\\\/\\\/inclusivenews.com.br\\\/wp-content\\\/uploads\\\/2024\\\/03\\\/@grandesite.png\",\"contentUrl\":\"https:\\\/\\\/inclusivenews.com.br\\\/wp-content\\\/uploads\\\/2024\\\/03\\\/@grandesite.png\",\"width\":1080,\"height\":1080,\"caption\":\"Inclusive - inclus\u00e3o e cidadania\"},\"image\":{\"@id\":\"https:\\\/\\\/inclusivenews.com.br\\\/#\\\/schema\\\/logo\\\/image\\\/\"},\"sameAs\":[\"https:\\\/\\\/www.facebook.com\\\/agenciainclusive\\\/\",\"https:\\\/\\\/www.instagram.com\\\/newsinclusive\\\/\"]},{\"@type\":\"Person\",\"@id\":\"https:\\\/\\\/inclusivenews.com.br\\\/#\\\/schema\\\/person\\\/ae4ec7087559b8692fb33b6fffd2273b\",\"name\":\"inclusivenews2024\",\"image\":{\"@type\":\"ImageObject\",\"inLanguage\":\"pt-PT\",\"@id\":\"https:\\\/\\\/secure.gravatar.com\\\/avatar\\\/c5a7ef84c66fa914f55bc4f7ce26cfa275a3b9a1c5568b907bd184fb4dde7b40?s=96&d=mm&r=g\",\"url\":\"https:\\\/\\\/secure.gravatar.com\\\/avatar\\\/c5a7ef84c66fa914f55bc4f7ce26cfa275a3b9a1c5568b907bd184fb4dde7b40?s=96&d=mm&r=g\",\"contentUrl\":\"https:\\\/\\\/secure.gravatar.com\\\/avatar\\\/c5a7ef84c66fa914f55bc4f7ce26cfa275a3b9a1c5568b907bd184fb4dde7b40?s=96&d=mm&r=g\",\"caption\":\"inclusivenews2024\"},\"sameAs\":[\"https:\\\/\\\/inclusivenews.com.br\"],\"url\":\"https:\\\/\\\/inclusivenews.com.br\\\/?author=1\"}]}<\/script>\n<!-- \/ Yoast SEO plugin. -->","yoast_head_json":{"title":"Em defesa da inf\u00e2ncia -","robots":{"index":"index","follow":"follow","max-snippet":"max-snippet:-1","max-image-preview":"max-image-preview:large","max-video-preview":"max-video-preview:-1"},"canonical":"https:\/\/inclusivenews.com.br\/?p=15871","og_locale":"pt_PT","og_type":"article","og_title":"Em defesa da inf\u00e2ncia -","og_description":"A proposta de determinar o ingresso de crian\u00e7as de cinco anos no Ensino Fundamental causou pol\u00eamica entre educadores e especialistas em desenvolvimento infantil. Do CENPEC.","og_url":"https:\/\/inclusivenews.com.br\/?p=15871","article_publisher":"https:\/\/www.facebook.com\/agenciainclusive\/","article_published_time":"2010-06-09T12:05:45+00:00","og_image":[{"url":"http:\/\/www.cenpec.org.br\/uploads\/img4bfc34319b1eb.jpg","type":"","width":"","height":""}],"author":"inclusivenews2024","twitter_card":"summary_large_image","twitter_misc":{"Escrito por":"inclusivenews2024","Tempo estimado de leitura":"1 minuto"},"schema":{"@context":"https:\/\/schema.org","@graph":[{"@type":"Article","@id":"https:\/\/inclusivenews.com.br\/?p=15871#article","isPartOf":{"@id":"https:\/\/inclusivenews.com.br\/?p=15871"},"author":{"name":"inclusivenews2024","@id":"https:\/\/inclusivenews.com.br\/#\/schema\/person\/ae4ec7087559b8692fb33b6fffd2273b"},"headline":"Em defesa da inf\u00e2ncia","datePublished":"2010-06-09T12:05:45+00:00","mainEntityOfPage":{"@id":"https:\/\/inclusivenews.com.br\/?p=15871"},"wordCount":250,"commentCount":0,"publisher":{"@id":"https:\/\/inclusivenews.com.br\/#organization"},"image":{"@id":"https:\/\/inclusivenews.com.br\/?p=15871#primaryimage"},"thumbnailUrl":"http:\/\/www.cenpec.org.br\/uploads\/img4bfc34319b1eb.jpg","keywords":["Inf\u00e2ncia"],"articleSection":["EDUCA\u00c7\u00c3O","NOT\u00cdCIAS"],"inLanguage":"pt-PT","potentialAction":[{"@type":"CommentAction","name":"Comment","target":["https:\/\/inclusivenews.com.br\/?p=15871#respond"]}]},{"@type":"WebPage","@id":"https:\/\/inclusivenews.com.br\/?p=15871","url":"https:\/\/inclusivenews.com.br\/?p=15871","name":"Em defesa da inf\u00e2ncia -","isPartOf":{"@id":"https:\/\/inclusivenews.com.br\/#website"},"primaryImageOfPage":{"@id":"https:\/\/inclusivenews.com.br\/?p=15871#primaryimage"},"image":{"@id":"https:\/\/inclusivenews.com.br\/?p=15871#primaryimage"},"thumbnailUrl":"http:\/\/www.cenpec.org.br\/uploads\/img4bfc34319b1eb.jpg","datePublished":"2010-06-09T12:05:45+00:00","breadcrumb":{"@id":"https:\/\/inclusivenews.com.br\/?p=15871#breadcrumb"},"inLanguage":"pt-PT","potentialAction":[{"@type":"ReadAction","target":["https:\/\/inclusivenews.com.br\/?p=15871"]}]},{"@type":"ImageObject","inLanguage":"pt-PT","@id":"https:\/\/inclusivenews.com.br\/?p=15871#primaryimage","url":"http:\/\/www.cenpec.org.br\/uploads\/img4bfc34319b1eb.jpg","contentUrl":"http:\/\/www.cenpec.org.br\/uploads\/img4bfc34319b1eb.jpg"},{"@type":"BreadcrumbList","@id":"https:\/\/inclusivenews.com.br\/?p=15871#breadcrumb","itemListElement":[{"@type":"ListItem","position":1,"name":"In\u00edcio","item":"https:\/\/inclusivenews.com.br\/"},{"@type":"ListItem","position":2,"name":"Em defesa da inf\u00e2ncia"}]},{"@type":"WebSite","@id":"https:\/\/inclusivenews.com.br\/#website","url":"https:\/\/inclusivenews.com.br\/","name":"Inclusive News","description":"Inclusive News","publisher":{"@id":"https:\/\/inclusivenews.com.br\/#organization"},"potentialAction":[{"@type":"SearchAction","target":{"@type":"EntryPoint","urlTemplate":"https:\/\/inclusivenews.com.br\/?s={search_term_string}"},"query-input":{"@type":"PropertyValueSpecification","valueRequired":true,"valueName":"search_term_string"}}],"inLanguage":"pt-PT"},{"@type":"Organization","@id":"https:\/\/inclusivenews.com.br\/#organization","name":"Inclusive - inclus\u00e3o e cidadania","url":"https:\/\/inclusivenews.com.br\/","logo":{"@type":"ImageObject","inLanguage":"pt-PT","@id":"https:\/\/inclusivenews.com.br\/#\/schema\/logo\/image\/","url":"https:\/\/inclusivenews.com.br\/wp-content\/uploads\/2024\/03\/@grandesite.png","contentUrl":"https:\/\/inclusivenews.com.br\/wp-content\/uploads\/2024\/03\/@grandesite.png","width":1080,"height":1080,"caption":"Inclusive - inclus\u00e3o e cidadania"},"image":{"@id":"https:\/\/inclusivenews.com.br\/#\/schema\/logo\/image\/"},"sameAs":["https:\/\/www.facebook.com\/agenciainclusive\/","https:\/\/www.instagram.com\/newsinclusive\/"]},{"@type":"Person","@id":"https:\/\/inclusivenews.com.br\/#\/schema\/person\/ae4ec7087559b8692fb33b6fffd2273b","name":"inclusivenews2024","image":{"@type":"ImageObject","inLanguage":"pt-PT","@id":"https:\/\/secure.gravatar.com\/avatar\/c5a7ef84c66fa914f55bc4f7ce26cfa275a3b9a1c5568b907bd184fb4dde7b40?s=96&d=mm&r=g","url":"https:\/\/secure.gravatar.com\/avatar\/c5a7ef84c66fa914f55bc4f7ce26cfa275a3b9a1c5568b907bd184fb4dde7b40?s=96&d=mm&r=g","contentUrl":"https:\/\/secure.gravatar.com\/avatar\/c5a7ef84c66fa914f55bc4f7ce26cfa275a3b9a1c5568b907bd184fb4dde7b40?s=96&d=mm&r=g","caption":"inclusivenews2024"},"sameAs":["https:\/\/inclusivenews.com.br"],"url":"https:\/\/inclusivenews.com.br\/?author=1"}]}},"_links":{"self":[{"href":"https:\/\/inclusivenews.com.br\/index.php?rest_route=\/wp\/v2\/posts\/15871","targetHints":{"allow":["GET"]}}],"collection":[{"href":"https:\/\/inclusivenews.com.br\/index.php?rest_route=\/wp\/v2\/posts"}],"about":[{"href":"https:\/\/inclusivenews.com.br\/index.php?rest_route=\/wp\/v2\/types\/post"}],"author":[{"embeddable":true,"href":"https:\/\/inclusivenews.com.br\/index.php?rest_route=\/wp\/v2\/users\/1"}],"replies":[{"embeddable":true,"href":"https:\/\/inclusivenews.com.br\/index.php?rest_route=%2Fwp%2Fv2%2Fcomments&post=15871"}],"version-history":[{"count":0,"href":"https:\/\/inclusivenews.com.br\/index.php?rest_route=\/wp\/v2\/posts\/15871\/revisions"}],"wp:attachment":[{"href":"https:\/\/inclusivenews.com.br\/index.php?rest_route=%2Fwp%2Fv2%2Fmedia&parent=15871"}],"wp:term":[{"taxonomy":"category","embeddable":true,"href":"https:\/\/inclusivenews.com.br\/index.php?rest_route=%2Fwp%2Fv2%2Fcategories&post=15871"},{"taxonomy":"post_tag","embeddable":true,"href":"https:\/\/inclusivenews.com.br\/index.php?rest_route=%2Fwp%2Fv2%2Ftags&post=15871"}],"curies":[{"name":"wp","href":"https:\/\/api.w.org\/{rel}","templated":true}]}}