{"id":15873,"date":"2010-06-09T09:03:47","date_gmt":"2010-06-09T12:03:47","guid":{"rendered":"http:\/\/www.inclusive.org.br\/?p=15873"},"modified":"2010-06-09T09:03:47","modified_gmt":"2010-06-09T12:03:47","slug":"conselho-nacional-de-educacao-tem-novos-integrantes-e-uma-meta","status":"publish","type":"post","link":"https:\/\/inclusivenews.com.br\/?p=15873","title":{"rendered":"Conselho Nacional de Educa\u00e7\u00e3o tem novos integrantes e uma meta"},"content":{"rendered":"<figure id=\"attachment_13969\" aria-describedby=\"caption-attachment-13969\" style=\"width: 212px\" class=\"wp-caption alignleft\"><a href=\"http:\/\/www.inclusivenews.com.br\/wp-content\/uploads\/2010\/02\/inclusive_educacao.jpg\"><img loading=\"lazy\" decoding=\"async\" class=\"size-full wp-image-13969\" title=\"Inclusive - problemas na educa\u00e7\u00e3o. A palavra educa\u00e7\u00e3o escrita com as letras invertidas e um aluno desolado em frente ao quadro negro.\" src=\"http:\/\/inclusivenews.com.br\/wp-content\/uploads\/2010\/02\/inclusive_educacao.jpg\" alt=\"\" width=\"212\" height=\"160\" \/><\/a><figcaption id=\"caption-attachment-13969\" class=\"wp-caption-text\"> <\/figcaption><\/figure>\n<p><em><span id=\"ctl00_cphMaster_ctl00_lblLead\" class=\"TextoAzul\">A principal meta do colegiado \u00e9 organizar o novo Plano Nacional de Educa\u00e7\u00e3o, que deve ser votado no Congresso Nacional at\u00e9 o fim deste ano<\/span><\/em><br \/>\n<span id=\"ctl00_cphMaster_ctl00_lblDescricao\" class=\"TextoCinza\"><br \/>\nForam empossados hoje (7), em Bras\u00edlia, os novos membros do Conselho Nacional de Educa\u00e7\u00e3o (CNE). A principal meta do colegiado \u00e9 organizar o novo Plano Nacional de Educa\u00e7\u00e3o, que deve ser votado no Congresso Nacional at\u00e9 o fim deste ano. O objetivo \u00e9 que o projeto seja iniciado em 2011 com t\u00e9rmino em 2020.Durante a cerim\u00f4nia de posse, a presidente do Conselho Nacional de Educa\u00e7\u00e3o, Cl\u00e9lia Brand\u00e3o Alvarenga, destacou a import\u00e2ncia do trabalho desenvolvido pela institui\u00e7\u00e3o e os caminhos que devem ser seguidos para o desenvolvimento do novo plano. \u201cO projeto do novo plano dever\u00e1 ter quatro etapas. Vamos promover avan\u00e7os e metas para a educa\u00e7\u00e3o, discutindo com todos os estados, que ser\u00e3o aplicados no seu per\u00edodo de abrang\u00eancia\u201d.<\/p>\n<p>Para o ministro da Educa\u00e7\u00e3o, Fernando Haddad, os investimentos na \u00e1rea nos \u00faltimos anos cresceram consideravelmente e o papel dos conselheiros tem sido importante para o desenvolvimento educacional: \u201cO conselho se colocou em novo patamar e passa e exercer atividades do Estado, deixando de lado o fator administrativo. Esse momento de intera\u00e7\u00e3o e produ\u00e7\u00e3o tende a promover debates e um di\u00e1logo permanente com a sociedade a fim de trazer melhorias na educa\u00e7\u00e3o brasileira.\u201d<\/p>\n<p>O presidente da C\u00e2mara de Educa\u00e7\u00e3o B\u00e1sica, Cesar Callegari, explica que o desafio do novo conselho do setor \u00e9 propor solu\u00e7\u00f5es que melhorem a educa\u00e7\u00e3o brasileira e que estabele\u00e7a o compromisso de retomar aquilo que n\u00e3o p\u00f4de ser implantado no plano que se encerra este ano: \u201c\u00c9 importante que os estados como um todo trabalhem com uma educa\u00e7\u00e3o igualit\u00e1ria, e que as iniciativas que n\u00e3o foram implantadas nesse plano que encerra este ano sejam discutidas no novo, saindo definitivamente do papel.\u201d<\/p>\n<p>Os novos integrantes do CNE t\u00eam mandato de quatro anos, que pode ser estendido por mais dois. Entidades ligadas \u00e0 \u00e1rea educacional indicam at\u00e9 tr\u00eas nomes para cada c\u00e2mara. A partir dessa indica\u00e7\u00e3o, os membros da entidade s\u00e3o escolhidos pelo presidente da Rep\u00fablica e pelo ministro da Educa\u00e7\u00e3o. Um dos objetivos do conselho \u00e9 buscar alternativas e mecanismos que garantam a participa\u00e7\u00e3o da sociedade no desenvolvimento, aprimoramento e consolida\u00e7\u00e3o de processos educacionais no pa\u00eds.<br \/>\n_________________<\/p>\n<p><strong>Fonte:<\/strong> <a href=\"http:\/\/agenciabrasil.ebc.com.br\/educacao?p_p_id=56&amp;p_p_lifecycle=0&amp;p_p_state=maximized&amp;p_p_mode=view&amp;p_p_col_id=column-1&amp;p_p_col_count=1&amp;_56_groupId=19523&amp;_56_articleId=970621\">Ag\u00eancia Brasil<\/a><\/p>\n<p><\/span><\/p>\n","protected":false},"excerpt":{"rendered":"<p>A principal meta do colegiado \u00e9 organizar o novo Plano Nacional de Educa\u00e7\u00e3o, que deve ser votado no Congresso Nacional at\u00e9 o fim deste ano. Da Ag\u00eancia Brasil.<\/p>\n","protected":false},"author":1,"featured_media":0,"comment_status":"open","ping_status":"open","sticky":false,"template":"","format":"standard","meta":{"site-container-style":"default","site-container-layout":"default","site-sidebar-layout":"default","disable-article-header":"default","disable-site-header":"default","disable-site-footer":"default","disable-content-area-spacing":"default","footnotes":""},"categories":[6,4],"tags":[],"class_list":["post-15873","post","type-post","status-publish","format-standard","hentry","category-educacao","category-noticias"],"yoast_head":"<!-- This site is optimized with the Yoast SEO plugin v27.4 - https:\/\/yoast.com\/product\/yoast-seo-wordpress\/ -->\n<title>Conselho Nacional de Educa\u00e7\u00e3o tem novos integrantes e uma meta -<\/title>\n<meta name=\"robots\" content=\"index, follow, max-snippet:-1, max-image-preview:large, max-video-preview:-1\" \/>\n<link rel=\"canonical\" href=\"https:\/\/inclusivenews.com.br\/?p=15873\" \/>\n<meta property=\"og:locale\" content=\"pt_PT\" \/>\n<meta property=\"og:type\" content=\"article\" \/>\n<meta property=\"og:title\" content=\"Conselho Nacional de Educa\u00e7\u00e3o tem novos integrantes e uma meta -\" \/>\n<meta property=\"og:description\" content=\"A principal meta do colegiado \u00e9 organizar o novo Plano Nacional de Educa\u00e7\u00e3o, que deve ser votado no Congresso Nacional at\u00e9 o fim deste ano. Da Ag\u00eancia Brasil.\" \/>\n<meta property=\"og:url\" content=\"https:\/\/inclusivenews.com.br\/?p=15873\" \/>\n<meta property=\"article:publisher\" content=\"https:\/\/www.facebook.com\/agenciainclusive\/\" \/>\n<meta property=\"article:published_time\" content=\"2010-06-09T12:03:47+00:00\" \/>\n<meta property=\"og:image\" content=\"http:\/\/inclusivenews.com.br\/wp-content\/uploads\/2010\/02\/inclusive_educacao.jpg\" \/>\n<meta name=\"author\" content=\"inclusivenews2024\" \/>\n<meta name=\"twitter:card\" content=\"summary_large_image\" \/>\n<meta name=\"twitter:label1\" content=\"Escrito por\" \/>\n\t<meta name=\"twitter:data1\" content=\"inclusivenews2024\" \/>\n\t<meta name=\"twitter:label2\" content=\"Tempo estimado de leitura\" \/>\n\t<meta name=\"twitter:data2\" content=\"2 minutos\" \/>\n<script type=\"application\/ld+json\" class=\"yoast-schema-graph\">{\"@context\":\"https:\\\/\\\/schema.org\",\"@graph\":[{\"@type\":\"Article\",\"@id\":\"https:\\\/\\\/inclusivenews.com.br\\\/?p=15873#article\",\"isPartOf\":{\"@id\":\"https:\\\/\\\/inclusivenews.com.br\\\/?p=15873\"},\"author\":{\"name\":\"inclusivenews2024\",\"@id\":\"https:\\\/\\\/inclusivenews.com.br\\\/#\\\/schema\\\/person\\\/ae4ec7087559b8692fb33b6fffd2273b\"},\"headline\":\"Conselho Nacional de Educa\u00e7\u00e3o tem novos integrantes e uma meta\",\"datePublished\":\"2010-06-09T12:03:47+00:00\",\"mainEntityOfPage\":{\"@id\":\"https:\\\/\\\/inclusivenews.com.br\\\/?p=15873\"},\"wordCount\":428,\"commentCount\":0,\"publisher\":{\"@id\":\"https:\\\/\\\/inclusivenews.com.br\\\/#organization\"},\"image\":{\"@id\":\"https:\\\/\\\/inclusivenews.com.br\\\/?p=15873#primaryimage\"},\"thumbnailUrl\":\"http:\\\/\\\/inclusivenews.com.br\\\/wp-content\\\/uploads\\\/2010\\\/02\\\/inclusive_educacao.jpg\",\"articleSection\":[\"EDUCA\u00c7\u00c3O\",\"NOT\u00cdCIAS\"],\"inLanguage\":\"pt-PT\",\"potentialAction\":[{\"@type\":\"CommentAction\",\"name\":\"Comment\",\"target\":[\"https:\\\/\\\/inclusivenews.com.br\\\/?p=15873#respond\"]}]},{\"@type\":\"WebPage\",\"@id\":\"https:\\\/\\\/inclusivenews.com.br\\\/?p=15873\",\"url\":\"https:\\\/\\\/inclusivenews.com.br\\\/?p=15873\",\"name\":\"Conselho Nacional de Educa\u00e7\u00e3o tem novos integrantes e uma meta -\",\"isPartOf\":{\"@id\":\"https:\\\/\\\/inclusivenews.com.br\\\/#website\"},\"primaryImageOfPage\":{\"@id\":\"https:\\\/\\\/inclusivenews.com.br\\\/?p=15873#primaryimage\"},\"image\":{\"@id\":\"https:\\\/\\\/inclusivenews.com.br\\\/?p=15873#primaryimage\"},\"thumbnailUrl\":\"http:\\\/\\\/inclusivenews.com.br\\\/wp-content\\\/uploads\\\/2010\\\/02\\\/inclusive_educacao.jpg\",\"datePublished\":\"2010-06-09T12:03:47+00:00\",\"breadcrumb\":{\"@id\":\"https:\\\/\\\/inclusivenews.com.br\\\/?p=15873#breadcrumb\"},\"inLanguage\":\"pt-PT\",\"potentialAction\":[{\"@type\":\"ReadAction\",\"target\":[\"https:\\\/\\\/inclusivenews.com.br\\\/?p=15873\"]}]},{\"@type\":\"ImageObject\",\"inLanguage\":\"pt-PT\",\"@id\":\"https:\\\/\\\/inclusivenews.com.br\\\/?p=15873#primaryimage\",\"url\":\"\",\"contentUrl\":\"\"},{\"@type\":\"BreadcrumbList\",\"@id\":\"https:\\\/\\\/inclusivenews.com.br\\\/?p=15873#breadcrumb\",\"itemListElement\":[{\"@type\":\"ListItem\",\"position\":1,\"name\":\"In\u00edcio\",\"item\":\"https:\\\/\\\/inclusivenews.com.br\\\/\"},{\"@type\":\"ListItem\",\"position\":2,\"name\":\"Conselho Nacional de Educa\u00e7\u00e3o tem novos integrantes e uma meta\"}]},{\"@type\":\"WebSite\",\"@id\":\"https:\\\/\\\/inclusivenews.com.br\\\/#website\",\"url\":\"https:\\\/\\\/inclusivenews.com.br\\\/\",\"name\":\"Inclusive News\",\"description\":\"Inclusive News\",\"publisher\":{\"@id\":\"https:\\\/\\\/inclusivenews.com.br\\\/#organization\"},\"potentialAction\":[{\"@type\":\"SearchAction\",\"target\":{\"@type\":\"EntryPoint\",\"urlTemplate\":\"https:\\\/\\\/inclusivenews.com.br\\\/?s={search_term_string}\"},\"query-input\":{\"@type\":\"PropertyValueSpecification\",\"valueRequired\":true,\"valueName\":\"search_term_string\"}}],\"inLanguage\":\"pt-PT\"},{\"@type\":\"Organization\",\"@id\":\"https:\\\/\\\/inclusivenews.com.br\\\/#organization\",\"name\":\"Inclusive - inclus\u00e3o e cidadania\",\"url\":\"https:\\\/\\\/inclusivenews.com.br\\\/\",\"logo\":{\"@type\":\"ImageObject\",\"inLanguage\":\"pt-PT\",\"@id\":\"https:\\\/\\\/inclusivenews.com.br\\\/#\\\/schema\\\/logo\\\/image\\\/\",\"url\":\"https:\\\/\\\/inclusivenews.com.br\\\/wp-content\\\/uploads\\\/2024\\\/03\\\/@grandesite.png\",\"contentUrl\":\"https:\\\/\\\/inclusivenews.com.br\\\/wp-content\\\/uploads\\\/2024\\\/03\\\/@grandesite.png\",\"width\":1080,\"height\":1080,\"caption\":\"Inclusive - inclus\u00e3o e cidadania\"},\"image\":{\"@id\":\"https:\\\/\\\/inclusivenews.com.br\\\/#\\\/schema\\\/logo\\\/image\\\/\"},\"sameAs\":[\"https:\\\/\\\/www.facebook.com\\\/agenciainclusive\\\/\",\"https:\\\/\\\/www.instagram.com\\\/newsinclusive\\\/\"]},{\"@type\":\"Person\",\"@id\":\"https:\\\/\\\/inclusivenews.com.br\\\/#\\\/schema\\\/person\\\/ae4ec7087559b8692fb33b6fffd2273b\",\"name\":\"inclusivenews2024\",\"image\":{\"@type\":\"ImageObject\",\"inLanguage\":\"pt-PT\",\"@id\":\"https:\\\/\\\/secure.gravatar.com\\\/avatar\\\/c5a7ef84c66fa914f55bc4f7ce26cfa275a3b9a1c5568b907bd184fb4dde7b40?s=96&d=mm&r=g\",\"url\":\"https:\\\/\\\/secure.gravatar.com\\\/avatar\\\/c5a7ef84c66fa914f55bc4f7ce26cfa275a3b9a1c5568b907bd184fb4dde7b40?s=96&d=mm&r=g\",\"contentUrl\":\"https:\\\/\\\/secure.gravatar.com\\\/avatar\\\/c5a7ef84c66fa914f55bc4f7ce26cfa275a3b9a1c5568b907bd184fb4dde7b40?s=96&d=mm&r=g\",\"caption\":\"inclusivenews2024\"},\"sameAs\":[\"https:\\\/\\\/inclusivenews.com.br\"],\"url\":\"https:\\\/\\\/inclusivenews.com.br\\\/?author=1\"}]}<\/script>\n<!-- \/ Yoast SEO plugin. -->","yoast_head_json":{"title":"Conselho Nacional de Educa\u00e7\u00e3o tem novos integrantes e uma meta -","robots":{"index":"index","follow":"follow","max-snippet":"max-snippet:-1","max-image-preview":"max-image-preview:large","max-video-preview":"max-video-preview:-1"},"canonical":"https:\/\/inclusivenews.com.br\/?p=15873","og_locale":"pt_PT","og_type":"article","og_title":"Conselho Nacional de Educa\u00e7\u00e3o tem novos integrantes e uma meta -","og_description":"A principal meta do colegiado \u00e9 organizar o novo Plano Nacional de Educa\u00e7\u00e3o, que deve ser votado no Congresso Nacional at\u00e9 o fim deste ano. Da Ag\u00eancia Brasil.","og_url":"https:\/\/inclusivenews.com.br\/?p=15873","article_publisher":"https:\/\/www.facebook.com\/agenciainclusive\/","article_published_time":"2010-06-09T12:03:47+00:00","og_image":[{"url":"http:\/\/inclusivenews.com.br\/wp-content\/uploads\/2010\/02\/inclusive_educacao.jpg","type":"","width":"","height":""}],"author":"inclusivenews2024","twitter_card":"summary_large_image","twitter_misc":{"Escrito por":"inclusivenews2024","Tempo estimado de leitura":"2 minutos"},"schema":{"@context":"https:\/\/schema.org","@graph":[{"@type":"Article","@id":"https:\/\/inclusivenews.com.br\/?p=15873#article","isPartOf":{"@id":"https:\/\/inclusivenews.com.br\/?p=15873"},"author":{"name":"inclusivenews2024","@id":"https:\/\/inclusivenews.com.br\/#\/schema\/person\/ae4ec7087559b8692fb33b6fffd2273b"},"headline":"Conselho Nacional de Educa\u00e7\u00e3o tem novos integrantes e uma meta","datePublished":"2010-06-09T12:03:47+00:00","mainEntityOfPage":{"@id":"https:\/\/inclusivenews.com.br\/?p=15873"},"wordCount":428,"commentCount":0,"publisher":{"@id":"https:\/\/inclusivenews.com.br\/#organization"},"image":{"@id":"https:\/\/inclusivenews.com.br\/?p=15873#primaryimage"},"thumbnailUrl":"http:\/\/inclusivenews.com.br\/wp-content\/uploads\/2010\/02\/inclusive_educacao.jpg","articleSection":["EDUCA\u00c7\u00c3O","NOT\u00cdCIAS"],"inLanguage":"pt-PT","potentialAction":[{"@type":"CommentAction","name":"Comment","target":["https:\/\/inclusivenews.com.br\/?p=15873#respond"]}]},{"@type":"WebPage","@id":"https:\/\/inclusivenews.com.br\/?p=15873","url":"https:\/\/inclusivenews.com.br\/?p=15873","name":"Conselho Nacional de Educa\u00e7\u00e3o tem novos integrantes e uma meta -","isPartOf":{"@id":"https:\/\/inclusivenews.com.br\/#website"},"primaryImageOfPage":{"@id":"https:\/\/inclusivenews.com.br\/?p=15873#primaryimage"},"image":{"@id":"https:\/\/inclusivenews.com.br\/?p=15873#primaryimage"},"thumbnailUrl":"http:\/\/inclusivenews.com.br\/wp-content\/uploads\/2010\/02\/inclusive_educacao.jpg","datePublished":"2010-06-09T12:03:47+00:00","breadcrumb":{"@id":"https:\/\/inclusivenews.com.br\/?p=15873#breadcrumb"},"inLanguage":"pt-PT","potentialAction":[{"@type":"ReadAction","target":["https:\/\/inclusivenews.com.br\/?p=15873"]}]},{"@type":"ImageObject","inLanguage":"pt-PT","@id":"https:\/\/inclusivenews.com.br\/?p=15873#primaryimage","url":"","contentUrl":""},{"@type":"BreadcrumbList","@id":"https:\/\/inclusivenews.com.br\/?p=15873#breadcrumb","itemListElement":[{"@type":"ListItem","position":1,"name":"In\u00edcio","item":"https:\/\/inclusivenews.com.br\/"},{"@type":"ListItem","position":2,"name":"Conselho Nacional de Educa\u00e7\u00e3o tem novos integrantes e uma meta"}]},{"@type":"WebSite","@id":"https:\/\/inclusivenews.com.br\/#website","url":"https:\/\/inclusivenews.com.br\/","name":"Inclusive News","description":"Inclusive News","publisher":{"@id":"https:\/\/inclusivenews.com.br\/#organization"},"potentialAction":[{"@type":"SearchAction","target":{"@type":"EntryPoint","urlTemplate":"https:\/\/inclusivenews.com.br\/?s={search_term_string}"},"query-input":{"@type":"PropertyValueSpecification","valueRequired":true,"valueName":"search_term_string"}}],"inLanguage":"pt-PT"},{"@type":"Organization","@id":"https:\/\/inclusivenews.com.br\/#organization","name":"Inclusive - inclus\u00e3o e cidadania","url":"https:\/\/inclusivenews.com.br\/","logo":{"@type":"ImageObject","inLanguage":"pt-PT","@id":"https:\/\/inclusivenews.com.br\/#\/schema\/logo\/image\/","url":"https:\/\/inclusivenews.com.br\/wp-content\/uploads\/2024\/03\/@grandesite.png","contentUrl":"https:\/\/inclusivenews.com.br\/wp-content\/uploads\/2024\/03\/@grandesite.png","width":1080,"height":1080,"caption":"Inclusive - inclus\u00e3o e cidadania"},"image":{"@id":"https:\/\/inclusivenews.com.br\/#\/schema\/logo\/image\/"},"sameAs":["https:\/\/www.facebook.com\/agenciainclusive\/","https:\/\/www.instagram.com\/newsinclusive\/"]},{"@type":"Person","@id":"https:\/\/inclusivenews.com.br\/#\/schema\/person\/ae4ec7087559b8692fb33b6fffd2273b","name":"inclusivenews2024","image":{"@type":"ImageObject","inLanguage":"pt-PT","@id":"https:\/\/secure.gravatar.com\/avatar\/c5a7ef84c66fa914f55bc4f7ce26cfa275a3b9a1c5568b907bd184fb4dde7b40?s=96&d=mm&r=g","url":"https:\/\/secure.gravatar.com\/avatar\/c5a7ef84c66fa914f55bc4f7ce26cfa275a3b9a1c5568b907bd184fb4dde7b40?s=96&d=mm&r=g","contentUrl":"https:\/\/secure.gravatar.com\/avatar\/c5a7ef84c66fa914f55bc4f7ce26cfa275a3b9a1c5568b907bd184fb4dde7b40?s=96&d=mm&r=g","caption":"inclusivenews2024"},"sameAs":["https:\/\/inclusivenews.com.br"],"url":"https:\/\/inclusivenews.com.br\/?author=1"}]}},"_links":{"self":[{"href":"https:\/\/inclusivenews.com.br\/index.php?rest_route=\/wp\/v2\/posts\/15873","targetHints":{"allow":["GET"]}}],"collection":[{"href":"https:\/\/inclusivenews.com.br\/index.php?rest_route=\/wp\/v2\/posts"}],"about":[{"href":"https:\/\/inclusivenews.com.br\/index.php?rest_route=\/wp\/v2\/types\/post"}],"author":[{"embeddable":true,"href":"https:\/\/inclusivenews.com.br\/index.php?rest_route=\/wp\/v2\/users\/1"}],"replies":[{"embeddable":true,"href":"https:\/\/inclusivenews.com.br\/index.php?rest_route=%2Fwp%2Fv2%2Fcomments&post=15873"}],"version-history":[{"count":0,"href":"https:\/\/inclusivenews.com.br\/index.php?rest_route=\/wp\/v2\/posts\/15873\/revisions"}],"wp:attachment":[{"href":"https:\/\/inclusivenews.com.br\/index.php?rest_route=%2Fwp%2Fv2%2Fmedia&parent=15873"}],"wp:term":[{"taxonomy":"category","embeddable":true,"href":"https:\/\/inclusivenews.com.br\/index.php?rest_route=%2Fwp%2Fv2%2Fcategories&post=15873"},{"taxonomy":"post_tag","embeddable":true,"href":"https:\/\/inclusivenews.com.br\/index.php?rest_route=%2Fwp%2Fv2%2Ftags&post=15873"}],"curies":[{"name":"wp","href":"https:\/\/api.w.org\/{rel}","templated":true}]}}