{"id":15889,"date":"2010-06-10T05:50:56","date_gmt":"2010-06-10T08:50:56","guid":{"rendered":"http:\/\/www.inclusive.org.br\/?p=15889"},"modified":"2010-06-10T05:50:56","modified_gmt":"2010-06-10T08:50:56","slug":"app-promove-oficina-no-i-seminario-de-inclusao-e-diversidade","status":"publish","type":"post","link":"https:\/\/inclusivenews.com.br\/?p=15889","title":{"rendered":"APP promove oficina no I Semin\u00e1rio de Inclus\u00e3o e Diversidade"},"content":{"rendered":"<p><em><a href=\"http:\/\/www.inclusivenews.com.br\/wp-content\/uploads\/2009\/12\/participacao.jpg\"><img loading=\"lazy\" decoding=\"async\" class=\"alignleft size-full wp-image-12981\" title=\"Inclusive - alunos fazendo arte e pinturas no ch\u00e3o.\" src=\"http:\/\/inclusivenews.com.br\/wp-content\/uploads\/2009\/12\/participacao.jpg\" alt=\"\" width=\"198\" height=\"147\" \/><\/a>O evento acontece nos dias 11 e 12 de junho, na C\u00e2mara Municipal de S\u00e3o Jos\u00e9 dos Pinhais e Col\u00e9gio Top Gun<\/em><\/p>\n<p>Neste final de semana, a secret\u00e1ria de G\u00eanero e Igualdade Racial da APP-Sindicato, Lirani Maria Franco, participar\u00e1 do I Semin\u00e1rio de Inclus\u00e3o e Diversidade &#8220;Aprendendo a Conviver com as Diferen\u00e7as&#8221;, promovido pela Secretaria Municipal de Educa\u00e7\u00e3o de S\u00e3o Jos\u00e9 dos Pinhais (Semed\/S.J.P.). A secret\u00e1ria ministrar\u00e1 a oficina de G\u00eanero no s\u00e1bado (12\/06), \u00e0s 8h30, em uma das salas do Col\u00e9gio Top Gun, que fica em frente \u00e0 C\u00e2mara Municipal de S\u00e3o Jos\u00e9 dos Pinhais.<\/p>\n<p>Voltado para professores e funcion\u00e1rios da rede municipal e estadual de educa\u00e7\u00e3o e da Semed, o semin\u00e1rio \u00e9 composto de palestra de abertura e  cinco oficinas tem\u00e1ticas. A abertura ser\u00e1 realizada na sexta-feira (11), \u00e0s 19 horas, na C\u00e2mara Municipal de S\u00e3o Jos\u00e9 dos Pinhais (Rua Ver\u00edssimo Marques, n 699). Na ocasi\u00e3o, haver\u00e1 a participa\u00e7\u00e3o de um representante da Secretaria de Educa\u00e7\u00e3o Continuada, Alfabetiza\u00e7\u00e3o e Diversidade (Secad), org\u00e3o ligado ao Minist\u00e9rio da educa\u00e7\u00e3o (MEC) e apresenta\u00e7\u00e3o da pe\u00e7a de tem\u00e1tica afro denominada &#8220;Randakpal\u00f4baob\u00e1: A busca da Semente&#8221;, do Grupo de Teatro Nuspartus.<\/p>\n<p>No s\u00e1bado, a partir das 8h30, ser\u00e3o realizadas as oficinas de  Igualdade Racial, G\u00eanero, Sexualidade, Educa\u00e7\u00e3o Inclusiva e Religiosidade. Esta \u00faltima, por envolver um tema complexo, abranger\u00e1 o interreligioso e m\u00edstico-filos\u00f3fico para trabalhar a cultura religiosa no universo escolar. Participam do debate o professor de filosofia e p\u00f3s-graduado em Pedagogia para o Ensino Religioso e Antropologia Filos\u00f3fica, Dalton Luiz Gandin e a professora de L\u00edngua Portuguesa das escolas estaduais do Paran\u00e1 e representante da Casa Esp\u00edrita &#8220;Caminho do Evangelho&#8221;, de S\u00e3o Jos\u00e9 dos Pinhais, Isaura Serrato. A pastora da Igreja Luterana do munic\u00edpio, Rosangela Stange, abordar\u00e1 a introdu\u00e7\u00e3o desta religi\u00e3o no Brasil e, por fim, a sacerdotisa do Candombl\u00e9 e p\u00f3s-graduada em Rela\u00e7\u00f5es Internacionais pela Unibrasil, Dalzira Maria Aparecida, que tamb\u00e9m integra o Grupo de Uni\u00e3o e Consci\u00eancia Negra (Grucon), discorrer\u00e1 sobre o hist\u00f3rico do movimento negro no Brasil e as religi\u00f5es de matrizes africanas.<\/p>\n<p>De acordo com a diretora da Educa\u00e7\u00e3o Especial da Semed, Julia Maria Moraes, a atividade tem \u00eanfase no debate sobre temas que fizeram parte da Confer\u00eancia Nacional da Educa\u00e7\u00e3o (Conae), evento realizado em Bras\u00edlia no \u00faltimo abril.  &#8220;A equipe da Semed, tem por objetivo, at\u00e9 2012 implantar o Eixo 6 da Conae no munic\u00edpio que \u00e9 o: &#8220;Justi\u00e7a Social, Educa\u00e7\u00e3o e Trabalho: Inclus\u00e3o, Diversidade e Igualdade&#8221;. J\u00e1 realizamos no ano passado o semin\u00e1rio de inclus\u00e3o e este ano estamos trabalhando concomitantemente com os dois temas porque queremos fazer o debate da inclus\u00e3o, mas tamb\u00e9m queremos fazer avan\u00e7ar a aplica\u00e7\u00e3o das Leis 10639\/03 e 11.465\/08 que tratam da quest\u00e3o racial&#8221;, enfatizou.<\/p>\n<p>As inscri\u00e7\u00f5es para o semin\u00e1rio, uma iniciativa da prefeitura municipal de S\u00e3o Jos\u00e9 dos Pinhais por meio da Semed e do departamento da educa\u00e7\u00e3o especial, podem ser feita nos telefones: (41) 3381 6823, 3381 6651 e 9225 0661.<\/p>\n<p>Programa\u00e7\u00e3o:<\/p>\n<p>Dia 11\/06\/2010<\/p>\n<p>19h: Abertura<\/p>\n<p>20h: Apresenta\u00e7\u00e3o Cultural &#8211; &#8220;Randakpal\u00f4baob\u00e1&#8221;: A busca da Semente<\/p>\n<p>20h30: representante da Secad (MEC)<\/p>\n<p>21h45: Debate<\/p>\n<p>22h15: Encerramento<\/p>\n<p>Dia 12\/06\/2010<\/p>\n<p>8h30: In\u00edcio das Oficinas<\/p>\n<p>Local: Col\u00e9gio Top Gun<\/p>\n<p>  Oficina de Igualdade Racial<\/p>\n<p>N\u00ba de vagas: 30<\/p>\n<p>Lucilene Aparecida Soares, Pedagoga da Rede Estadual e Especialista em Educa\u00e7\u00e3o Inclusiva.<\/p>\n<p>  Oficina de G\u00eanero<\/p>\n<p>N\u00ba de vagas: 30<\/p>\n<p>Lirani M\u00aa F. da Cruz, Secret\u00e1ria de G\u00eanero e Igualdade Racial APP-Sindicato e professora da rede Estadual de Educa\u00e7\u00e3o.<\/p>\n<p>  Oficina de Sexualidade<\/p>\n<p>N\u00ba de vagas: 30<\/p>\n<p>Simone Carina Baroni, T\u00e9cnica Pedag\u00f3gica do N\u00facleo regional de Educa\u00e7\u00e3o (NRE \u00c1rea Metropolitana Sul).<\/p>\n<p>  Oficina de Educa\u00e7\u00e3o Inclusiva<\/p>\n<p>N\u00ba de vagas: 30<\/p>\n<p>Luciana Ribeiro Pinheiro, Mestre em Educa\u00e7\u00e3o e Doutora no Programa de p\u00f3s-gradua\u00e7\u00e3o em Educa\u00e7\u00e3o UFPR, onde atua como orientadora do curso de Pedagogia.<\/p>\n<p>Local: C\u00e2mara Municipal &#8211; Plenarinho Domingos Moletta<\/p>\n<p>  Oficina de Religiosidade &#8211; Mesa Redonda<\/p>\n<p>N\u00ba de vagas: 30<\/p>\n<p>Abranger\u00e1 o interreligioso e m\u00edstico-filos\u00f3fico para trabalhar a cultura religiosa de nossos alunos.<\/p>\n","protected":false},"excerpt":{"rendered":"<p>O evento acontece nos dias 11 e 12 de junho, na C\u00e2mara Municipal de S\u00e3o Jos\u00e9 dos Pinhais e Col\u00e9gio Top Gun.<\/p>\n","protected":false},"author":1,"featured_media":0,"comment_status":"open","ping_status":"open","sticky":false,"template":"","format":"standard","meta":{"site-container-style":"default","site-container-layout":"default","site-sidebar-layout":"default","disable-article-header":"default","disable-site-header":"default","disable-site-footer":"default","disable-content-area-spacing":"default","footnotes":""},"categories":[12,4],"tags":[],"class_list":["post-15889","post","type-post","status-publish","format-standard","hentry","category-cursos-e-eventos","category-noticias"],"yoast_head":"<!-- This site is optimized with the Yoast SEO plugin v27.4 - https:\/\/yoast.com\/product\/yoast-seo-wordpress\/ -->\n<title>APP promove oficina no I Semin\u00e1rio de Inclus\u00e3o e Diversidade -<\/title>\n<meta name=\"robots\" content=\"index, follow, max-snippet:-1, max-image-preview:large, max-video-preview:-1\" \/>\n<link rel=\"canonical\" href=\"https:\/\/inclusivenews.com.br\/?p=15889\" \/>\n<meta property=\"og:locale\" content=\"pt_PT\" \/>\n<meta property=\"og:type\" content=\"article\" \/>\n<meta property=\"og:title\" content=\"APP promove oficina no I Semin\u00e1rio de Inclus\u00e3o e Diversidade -\" \/>\n<meta property=\"og:description\" content=\"O evento acontece nos dias 11 e 12 de junho, na C\u00e2mara Municipal de S\u00e3o Jos\u00e9 dos Pinhais e Col\u00e9gio Top Gun.\" \/>\n<meta property=\"og:url\" content=\"https:\/\/inclusivenews.com.br\/?p=15889\" \/>\n<meta property=\"article:publisher\" content=\"https:\/\/www.facebook.com\/agenciainclusive\/\" \/>\n<meta property=\"article:published_time\" content=\"2010-06-10T08:50:56+00:00\" \/>\n<meta property=\"og:image\" content=\"http:\/\/inclusivenews.com.br\/wp-content\/uploads\/2009\/12\/participacao.jpg\" \/>\n<meta name=\"author\" content=\"inclusivenews2024\" \/>\n<meta name=\"twitter:card\" content=\"summary_large_image\" \/>\n<meta name=\"twitter:label1\" content=\"Escrito por\" \/>\n\t<meta name=\"twitter:data1\" content=\"inclusivenews2024\" \/>\n\t<meta name=\"twitter:label2\" content=\"Tempo estimado de leitura\" \/>\n\t<meta name=\"twitter:data2\" content=\"4 minutos\" \/>\n<script type=\"application\/ld+json\" class=\"yoast-schema-graph\">{\"@context\":\"https:\\\/\\\/schema.org\",\"@graph\":[{\"@type\":\"Article\",\"@id\":\"https:\\\/\\\/inclusivenews.com.br\\\/?p=15889#article\",\"isPartOf\":{\"@id\":\"https:\\\/\\\/inclusivenews.com.br\\\/?p=15889\"},\"author\":{\"name\":\"inclusivenews2024\",\"@id\":\"https:\\\/\\\/inclusivenews.com.br\\\/#\\\/schema\\\/person\\\/ae4ec7087559b8692fb33b6fffd2273b\"},\"headline\":\"APP promove oficina no I Semin\u00e1rio de Inclus\u00e3o e Diversidade\",\"datePublished\":\"2010-06-10T08:50:56+00:00\",\"mainEntityOfPage\":{\"@id\":\"https:\\\/\\\/inclusivenews.com.br\\\/?p=15889\"},\"wordCount\":726,\"commentCount\":0,\"publisher\":{\"@id\":\"https:\\\/\\\/inclusivenews.com.br\\\/#organization\"},\"image\":{\"@id\":\"https:\\\/\\\/inclusivenews.com.br\\\/?p=15889#primaryimage\"},\"thumbnailUrl\":\"http:\\\/\\\/inclusivenews.com.br\\\/wp-content\\\/uploads\\\/2009\\\/12\\\/participacao.jpg\",\"articleSection\":[\"Cursos e eventos\",\"NOT\u00cdCIAS\"],\"inLanguage\":\"pt-PT\",\"potentialAction\":[{\"@type\":\"CommentAction\",\"name\":\"Comment\",\"target\":[\"https:\\\/\\\/inclusivenews.com.br\\\/?p=15889#respond\"]}]},{\"@type\":\"WebPage\",\"@id\":\"https:\\\/\\\/inclusivenews.com.br\\\/?p=15889\",\"url\":\"https:\\\/\\\/inclusivenews.com.br\\\/?p=15889\",\"name\":\"APP promove oficina no I Semin\u00e1rio de Inclus\u00e3o e Diversidade -\",\"isPartOf\":{\"@id\":\"https:\\\/\\\/inclusivenews.com.br\\\/#website\"},\"primaryImageOfPage\":{\"@id\":\"https:\\\/\\\/inclusivenews.com.br\\\/?p=15889#primaryimage\"},\"image\":{\"@id\":\"https:\\\/\\\/inclusivenews.com.br\\\/?p=15889#primaryimage\"},\"thumbnailUrl\":\"http:\\\/\\\/inclusivenews.com.br\\\/wp-content\\\/uploads\\\/2009\\\/12\\\/participacao.jpg\",\"datePublished\":\"2010-06-10T08:50:56+00:00\",\"breadcrumb\":{\"@id\":\"https:\\\/\\\/inclusivenews.com.br\\\/?p=15889#breadcrumb\"},\"inLanguage\":\"pt-PT\",\"potentialAction\":[{\"@type\":\"ReadAction\",\"target\":[\"https:\\\/\\\/inclusivenews.com.br\\\/?p=15889\"]}]},{\"@type\":\"ImageObject\",\"inLanguage\":\"pt-PT\",\"@id\":\"https:\\\/\\\/inclusivenews.com.br\\\/?p=15889#primaryimage\",\"url\":\"\",\"contentUrl\":\"\"},{\"@type\":\"BreadcrumbList\",\"@id\":\"https:\\\/\\\/inclusivenews.com.br\\\/?p=15889#breadcrumb\",\"itemListElement\":[{\"@type\":\"ListItem\",\"position\":1,\"name\":\"In\u00edcio\",\"item\":\"https:\\\/\\\/inclusivenews.com.br\\\/\"},{\"@type\":\"ListItem\",\"position\":2,\"name\":\"APP promove oficina no I Semin\u00e1rio de Inclus\u00e3o e Diversidade\"}]},{\"@type\":\"WebSite\",\"@id\":\"https:\\\/\\\/inclusivenews.com.br\\\/#website\",\"url\":\"https:\\\/\\\/inclusivenews.com.br\\\/\",\"name\":\"Inclusive News\",\"description\":\"Inclusive News\",\"publisher\":{\"@id\":\"https:\\\/\\\/inclusivenews.com.br\\\/#organization\"},\"potentialAction\":[{\"@type\":\"SearchAction\",\"target\":{\"@type\":\"EntryPoint\",\"urlTemplate\":\"https:\\\/\\\/inclusivenews.com.br\\\/?s={search_term_string}\"},\"query-input\":{\"@type\":\"PropertyValueSpecification\",\"valueRequired\":true,\"valueName\":\"search_term_string\"}}],\"inLanguage\":\"pt-PT\"},{\"@type\":\"Organization\",\"@id\":\"https:\\\/\\\/inclusivenews.com.br\\\/#organization\",\"name\":\"Inclusive - inclus\u00e3o e cidadania\",\"url\":\"https:\\\/\\\/inclusivenews.com.br\\\/\",\"logo\":{\"@type\":\"ImageObject\",\"inLanguage\":\"pt-PT\",\"@id\":\"https:\\\/\\\/inclusivenews.com.br\\\/#\\\/schema\\\/logo\\\/image\\\/\",\"url\":\"https:\\\/\\\/inclusivenews.com.br\\\/wp-content\\\/uploads\\\/2024\\\/03\\\/@grandesite.png\",\"contentUrl\":\"https:\\\/\\\/inclusivenews.com.br\\\/wp-content\\\/uploads\\\/2024\\\/03\\\/@grandesite.png\",\"width\":1080,\"height\":1080,\"caption\":\"Inclusive - inclus\u00e3o e cidadania\"},\"image\":{\"@id\":\"https:\\\/\\\/inclusivenews.com.br\\\/#\\\/schema\\\/logo\\\/image\\\/\"},\"sameAs\":[\"https:\\\/\\\/www.facebook.com\\\/agenciainclusive\\\/\",\"https:\\\/\\\/www.instagram.com\\\/newsinclusive\\\/\"]},{\"@type\":\"Person\",\"@id\":\"https:\\\/\\\/inclusivenews.com.br\\\/#\\\/schema\\\/person\\\/ae4ec7087559b8692fb33b6fffd2273b\",\"name\":\"inclusivenews2024\",\"image\":{\"@type\":\"ImageObject\",\"inLanguage\":\"pt-PT\",\"@id\":\"https:\\\/\\\/secure.gravatar.com\\\/avatar\\\/c5a7ef84c66fa914f55bc4f7ce26cfa275a3b9a1c5568b907bd184fb4dde7b40?s=96&d=mm&r=g\",\"url\":\"https:\\\/\\\/secure.gravatar.com\\\/avatar\\\/c5a7ef84c66fa914f55bc4f7ce26cfa275a3b9a1c5568b907bd184fb4dde7b40?s=96&d=mm&r=g\",\"contentUrl\":\"https:\\\/\\\/secure.gravatar.com\\\/avatar\\\/c5a7ef84c66fa914f55bc4f7ce26cfa275a3b9a1c5568b907bd184fb4dde7b40?s=96&d=mm&r=g\",\"caption\":\"inclusivenews2024\"},\"sameAs\":[\"https:\\\/\\\/inclusivenews.com.br\"],\"url\":\"https:\\\/\\\/inclusivenews.com.br\\\/?author=1\"}]}<\/script>\n<!-- \/ Yoast SEO plugin. -->","yoast_head_json":{"title":"APP promove oficina no I Semin\u00e1rio de Inclus\u00e3o e Diversidade -","robots":{"index":"index","follow":"follow","max-snippet":"max-snippet:-1","max-image-preview":"max-image-preview:large","max-video-preview":"max-video-preview:-1"},"canonical":"https:\/\/inclusivenews.com.br\/?p=15889","og_locale":"pt_PT","og_type":"article","og_title":"APP promove oficina no I Semin\u00e1rio de Inclus\u00e3o e Diversidade -","og_description":"O evento acontece nos dias 11 e 12 de junho, na C\u00e2mara Municipal de S\u00e3o Jos\u00e9 dos Pinhais e Col\u00e9gio Top Gun.","og_url":"https:\/\/inclusivenews.com.br\/?p=15889","article_publisher":"https:\/\/www.facebook.com\/agenciainclusive\/","article_published_time":"2010-06-10T08:50:56+00:00","og_image":[{"url":"http:\/\/inclusivenews.com.br\/wp-content\/uploads\/2009\/12\/participacao.jpg","type":"","width":"","height":""}],"author":"inclusivenews2024","twitter_card":"summary_large_image","twitter_misc":{"Escrito por":"inclusivenews2024","Tempo estimado de leitura":"4 minutos"},"schema":{"@context":"https:\/\/schema.org","@graph":[{"@type":"Article","@id":"https:\/\/inclusivenews.com.br\/?p=15889#article","isPartOf":{"@id":"https:\/\/inclusivenews.com.br\/?p=15889"},"author":{"name":"inclusivenews2024","@id":"https:\/\/inclusivenews.com.br\/#\/schema\/person\/ae4ec7087559b8692fb33b6fffd2273b"},"headline":"APP promove oficina no I Semin\u00e1rio de Inclus\u00e3o e Diversidade","datePublished":"2010-06-10T08:50:56+00:00","mainEntityOfPage":{"@id":"https:\/\/inclusivenews.com.br\/?p=15889"},"wordCount":726,"commentCount":0,"publisher":{"@id":"https:\/\/inclusivenews.com.br\/#organization"},"image":{"@id":"https:\/\/inclusivenews.com.br\/?p=15889#primaryimage"},"thumbnailUrl":"http:\/\/inclusivenews.com.br\/wp-content\/uploads\/2009\/12\/participacao.jpg","articleSection":["Cursos e eventos","NOT\u00cdCIAS"],"inLanguage":"pt-PT","potentialAction":[{"@type":"CommentAction","name":"Comment","target":["https:\/\/inclusivenews.com.br\/?p=15889#respond"]}]},{"@type":"WebPage","@id":"https:\/\/inclusivenews.com.br\/?p=15889","url":"https:\/\/inclusivenews.com.br\/?p=15889","name":"APP promove oficina no I Semin\u00e1rio de Inclus\u00e3o e Diversidade -","isPartOf":{"@id":"https:\/\/inclusivenews.com.br\/#website"},"primaryImageOfPage":{"@id":"https:\/\/inclusivenews.com.br\/?p=15889#primaryimage"},"image":{"@id":"https:\/\/inclusivenews.com.br\/?p=15889#primaryimage"},"thumbnailUrl":"http:\/\/inclusivenews.com.br\/wp-content\/uploads\/2009\/12\/participacao.jpg","datePublished":"2010-06-10T08:50:56+00:00","breadcrumb":{"@id":"https:\/\/inclusivenews.com.br\/?p=15889#breadcrumb"},"inLanguage":"pt-PT","potentialAction":[{"@type":"ReadAction","target":["https:\/\/inclusivenews.com.br\/?p=15889"]}]},{"@type":"ImageObject","inLanguage":"pt-PT","@id":"https:\/\/inclusivenews.com.br\/?p=15889#primaryimage","url":"","contentUrl":""},{"@type":"BreadcrumbList","@id":"https:\/\/inclusivenews.com.br\/?p=15889#breadcrumb","itemListElement":[{"@type":"ListItem","position":1,"name":"In\u00edcio","item":"https:\/\/inclusivenews.com.br\/"},{"@type":"ListItem","position":2,"name":"APP promove oficina no I Semin\u00e1rio de Inclus\u00e3o e Diversidade"}]},{"@type":"WebSite","@id":"https:\/\/inclusivenews.com.br\/#website","url":"https:\/\/inclusivenews.com.br\/","name":"Inclusive News","description":"Inclusive News","publisher":{"@id":"https:\/\/inclusivenews.com.br\/#organization"},"potentialAction":[{"@type":"SearchAction","target":{"@type":"EntryPoint","urlTemplate":"https:\/\/inclusivenews.com.br\/?s={search_term_string}"},"query-input":{"@type":"PropertyValueSpecification","valueRequired":true,"valueName":"search_term_string"}}],"inLanguage":"pt-PT"},{"@type":"Organization","@id":"https:\/\/inclusivenews.com.br\/#organization","name":"Inclusive - inclus\u00e3o e cidadania","url":"https:\/\/inclusivenews.com.br\/","logo":{"@type":"ImageObject","inLanguage":"pt-PT","@id":"https:\/\/inclusivenews.com.br\/#\/schema\/logo\/image\/","url":"https:\/\/inclusivenews.com.br\/wp-content\/uploads\/2024\/03\/@grandesite.png","contentUrl":"https:\/\/inclusivenews.com.br\/wp-content\/uploads\/2024\/03\/@grandesite.png","width":1080,"height":1080,"caption":"Inclusive - inclus\u00e3o e cidadania"},"image":{"@id":"https:\/\/inclusivenews.com.br\/#\/schema\/logo\/image\/"},"sameAs":["https:\/\/www.facebook.com\/agenciainclusive\/","https:\/\/www.instagram.com\/newsinclusive\/"]},{"@type":"Person","@id":"https:\/\/inclusivenews.com.br\/#\/schema\/person\/ae4ec7087559b8692fb33b6fffd2273b","name":"inclusivenews2024","image":{"@type":"ImageObject","inLanguage":"pt-PT","@id":"https:\/\/secure.gravatar.com\/avatar\/c5a7ef84c66fa914f55bc4f7ce26cfa275a3b9a1c5568b907bd184fb4dde7b40?s=96&d=mm&r=g","url":"https:\/\/secure.gravatar.com\/avatar\/c5a7ef84c66fa914f55bc4f7ce26cfa275a3b9a1c5568b907bd184fb4dde7b40?s=96&d=mm&r=g","contentUrl":"https:\/\/secure.gravatar.com\/avatar\/c5a7ef84c66fa914f55bc4f7ce26cfa275a3b9a1c5568b907bd184fb4dde7b40?s=96&d=mm&r=g","caption":"inclusivenews2024"},"sameAs":["https:\/\/inclusivenews.com.br"],"url":"https:\/\/inclusivenews.com.br\/?author=1"}]}},"_links":{"self":[{"href":"https:\/\/inclusivenews.com.br\/index.php?rest_route=\/wp\/v2\/posts\/15889","targetHints":{"allow":["GET"]}}],"collection":[{"href":"https:\/\/inclusivenews.com.br\/index.php?rest_route=\/wp\/v2\/posts"}],"about":[{"href":"https:\/\/inclusivenews.com.br\/index.php?rest_route=\/wp\/v2\/types\/post"}],"author":[{"embeddable":true,"href":"https:\/\/inclusivenews.com.br\/index.php?rest_route=\/wp\/v2\/users\/1"}],"replies":[{"embeddable":true,"href":"https:\/\/inclusivenews.com.br\/index.php?rest_route=%2Fwp%2Fv2%2Fcomments&post=15889"}],"version-history":[{"count":0,"href":"https:\/\/inclusivenews.com.br\/index.php?rest_route=\/wp\/v2\/posts\/15889\/revisions"}],"wp:attachment":[{"href":"https:\/\/inclusivenews.com.br\/index.php?rest_route=%2Fwp%2Fv2%2Fmedia&parent=15889"}],"wp:term":[{"taxonomy":"category","embeddable":true,"href":"https:\/\/inclusivenews.com.br\/index.php?rest_route=%2Fwp%2Fv2%2Fcategories&post=15889"},{"taxonomy":"post_tag","embeddable":true,"href":"https:\/\/inclusivenews.com.br\/index.php?rest_route=%2Fwp%2Fv2%2Ftags&post=15889"}],"curies":[{"name":"wp","href":"https:\/\/api.w.org\/{rel}","templated":true}]}}