{"id":15926,"date":"2010-06-15T07:21:53","date_gmt":"2010-06-15T10:21:53","guid":{"rendered":"http:\/\/www.inclusive.org.br\/?p=15926"},"modified":"2010-06-15T07:21:53","modified_gmt":"2010-06-15T10:21:53","slug":"o-audiovisual-na-america-latina","status":"publish","type":"post","link":"https:\/\/inclusivenews.com.br\/?p=15926","title":{"rendered":"O audiovisual na Am\u00e9rica Latina"},"content":{"rendered":"<figure id=\"attachment_15931\" aria-describedby=\"caption-attachment-15931\" style=\"width: 150px\" class=\"wp-caption alignnone\"><a href=\"http:\/\/www.inclusivenews.com.br\/wp-content\/uploads\/2010\/06\/visionarios.jpg\"><img loading=\"lazy\" decoding=\"async\" class=\"size-thumbnail wp-image-15931\" title=\"visionarios\" src=\"http:\/\/inclusivenews.com.br\/wp-content\/uploads\/2010\/06\/visionarios-150x150.jpg\" alt=\"Cartaz da Mostra Audiovisual na America Latina - Itau Cultural\" width=\"150\" height=\"150\" \/><\/a><figcaption id=\"caption-attachment-15931\" class=\"wp-caption-text\">Cartaz da Mostra Audiovisual na America Latina - Itau Cultural<\/figcaption><\/figure>\n<p>ITA\u00da CULTURAL TRAZ \u00c0 PORTO ALEGRE:<\/p>\n<p>VISION\u00c1RIOS: O AUDIOVISUAL NA AM\u00c9RICA LATINA<\/p>\n<p>Com exibi\u00e7\u00f5es de 21 a 30 de junho, no audit\u00f3rio da Famecos\/ PUCRS, a mostra Vision\u00e1rios &#8211; Audiovisual na Am\u00e9rica Latina apresenta a produ\u00e7\u00e3o de cinema e v\u00eddeo experimentais dos pa\u00edses da Am\u00e9rica Central, do M\u00e9xico, do Caribe e da Am\u00e9rica do Sul. Quest\u00f5es sociopol\u00edticas pr\u00f3prias aos pa\u00edses latino-americanos e a experi\u00eancia com imagem digital s\u00e3o alguns dos pontos presentes nos trabalhos, muitos deles, in\u00e9ditos ao p\u00fablico brasileiro. As 73 obras da mostra foram selecionadas por Arlindo Machado, que pesquisou trabalhos de realizadores pioneiros, Elias Levin Rojo, Jorge La Ferla, Marta Luc\u00eda V\u00e9lez e Roberto Moreira S. Cruz &#8211; estes \u00faltimos respons\u00e1veis por mapear filmes e v\u00eddeos contempor\u00e2neos de determinados pa\u00edses. Segundo Arlindo Machado, Vision\u00e1rios \u00e9 &#8220;uma das poucas tentativas de buscar, mapear e sistematizar informa\u00e7\u00f5es sobre essa produ\u00e7\u00e3o invis\u00edvel, mas vigorosa&#8221;. A abertura da mostra ser\u00e1 dia 21 de junho, \u00e0s 19:30 e contar\u00e1 com\u00a0a presen\u00e7a de Roberto Moreira Cruz, curador da sele\u00e7\u00e3o dos trabalhos brasileiros e gerente do n\u00facleo de Audiovisual do Instituto Ita\u00fa Cultural.<\/p>\n<p>Todas as sess\u00f5es s\u00e3o gratuitas, sendo que col\u00e9gios e institui\u00e7\u00f5es educacionais podem solicitar hor\u00e1rios especiais de exibi\u00e7\u00e3o.<\/p>\n<p>SERVI\u00c7O: Mostra vison\u00e1rios: audiovisual na Am\u00e9rica Latina\/ Ita\u00fa Cultural. 21 a 30 de junho, em tr\u00eas hor\u00e1rios: 11:30, 19:30 e 20:30. Audit\u00f3rio da FAMECOS\/Pr\u00e9dio 7\/PUCRS &#8211; Av. Ipiranga, 6687. Maiores informa\u00e7\u00f5es pelo site: <a href=\"http:\/\/www.itaucultural.org.br\/index.cfm?cd_pagina=2827\">http:\/\/www.itaucultural.org.br\/index.cfm?cd_pagina=2827<\/a> ou com Maria Henriqueta Satt: <a href=\"mailto:maria.satt@pucrs.br\">maria.satt@pucrs.br<\/a> ou 98069797.<\/p>\n<p><a href=\"http:\/\/www.pucrs.br\/diplomados\">www.pucrs.br\/diplomados<\/a> twitter.com\/diplomadospucrs <a href=\"mailto:diplomadospucrs@pucrs.br\">diplomadospucrs@pucrs.br<\/a><\/p>\n<p>________________<\/p>\n<p><strong>Fonte:<\/strong> Itau Cultural<\/p>\n","protected":false},"excerpt":{"rendered":"<p>Com exibi\u00e7\u00f5es de 21 a 30 de junho, no audit\u00f3rio da Famecos\/ PUCRS, a mostra Vision\u00e1rios &#8211; Audiovisual na Am\u00e9rica Latina apresenta a produ\u00e7\u00e3o de cinema e v\u00eddeo experimentais dos pa\u00edses da Am\u00e9rica Central, do M\u00e9xico, do Caribe e da Am\u00e9rica do Sul.<\/p>\n","protected":false},"author":1,"featured_media":0,"comment_status":"open","ping_status":"open","sticky":false,"template":"","format":"standard","meta":{"site-container-style":"default","site-container-layout":"default","site-sidebar-layout":"default","disable-article-header":"default","disable-site-header":"default","disable-site-footer":"default","disable-content-area-spacing":"default","footnotes":""},"categories":[29,12,57,48,4,16],"tags":[],"class_list":["post-15926","post","type-post","status-publish","format-standard","hentry","category-cultura","category-cursos-e-eventos","category-filmes-e-midias","category-inclusao","category-noticias","category-video"],"yoast_head":"<!-- This site is optimized with the Yoast SEO plugin v27.4 - https:\/\/yoast.com\/product\/yoast-seo-wordpress\/ -->\n<title>O audiovisual na Am\u00e9rica Latina -<\/title>\n<meta name=\"robots\" content=\"index, follow, max-snippet:-1, max-image-preview:large, max-video-preview:-1\" \/>\n<link rel=\"canonical\" href=\"https:\/\/inclusivenews.com.br\/?p=15926\" \/>\n<meta property=\"og:locale\" content=\"pt_PT\" \/>\n<meta property=\"og:type\" content=\"article\" \/>\n<meta property=\"og:title\" content=\"O audiovisual na Am\u00e9rica Latina -\" \/>\n<meta property=\"og:description\" content=\"Com exibi\u00e7\u00f5es de 21 a 30 de junho, no audit\u00f3rio da Famecos\/ PUCRS, a mostra Vision\u00e1rios - Audiovisual na Am\u00e9rica Latina apresenta a produ\u00e7\u00e3o de cinema e v\u00eddeo experimentais dos pa\u00edses da Am\u00e9rica Central, do M\u00e9xico, do Caribe e da Am\u00e9rica do Sul.\" \/>\n<meta property=\"og:url\" content=\"https:\/\/inclusivenews.com.br\/?p=15926\" \/>\n<meta property=\"article:publisher\" content=\"https:\/\/www.facebook.com\/agenciainclusive\/\" \/>\n<meta property=\"article:published_time\" content=\"2010-06-15T10:21:53+00:00\" \/>\n<meta property=\"og:image\" content=\"http:\/\/inclusivenews.com.br\/wp-content\/uploads\/2010\/06\/visionarios-150x150.jpg\" \/>\n<meta name=\"author\" content=\"inclusivenews2024\" \/>\n<meta name=\"twitter:card\" content=\"summary_large_image\" \/>\n<meta name=\"twitter:label1\" content=\"Escrito por\" \/>\n\t<meta name=\"twitter:data1\" content=\"inclusivenews2024\" \/>\n\t<meta name=\"twitter:label2\" content=\"Tempo estimado de leitura\" \/>\n\t<meta name=\"twitter:data2\" content=\"2 minutos\" \/>\n<script type=\"application\/ld+json\" class=\"yoast-schema-graph\">{\"@context\":\"https:\\\/\\\/schema.org\",\"@graph\":[{\"@type\":\"Article\",\"@id\":\"https:\\\/\\\/inclusivenews.com.br\\\/?p=15926#article\",\"isPartOf\":{\"@id\":\"https:\\\/\\\/inclusivenews.com.br\\\/?p=15926\"},\"author\":{\"name\":\"inclusivenews2024\",\"@id\":\"https:\\\/\\\/inclusivenews.com.br\\\/#\\\/schema\\\/person\\\/ae4ec7087559b8692fb33b6fffd2273b\"},\"headline\":\"O audiovisual na Am\u00e9rica Latina\",\"datePublished\":\"2010-06-15T10:21:53+00:00\",\"mainEntityOfPage\":{\"@id\":\"https:\\\/\\\/inclusivenews.com.br\\\/?p=15926\"},\"wordCount\":321,\"commentCount\":0,\"publisher\":{\"@id\":\"https:\\\/\\\/inclusivenews.com.br\\\/#organization\"},\"image\":{\"@id\":\"https:\\\/\\\/inclusivenews.com.br\\\/?p=15926#primaryimage\"},\"thumbnailUrl\":\"http:\\\/\\\/inclusivenews.com.br\\\/wp-content\\\/uploads\\\/2010\\\/06\\\/visionarios-150x150.jpg\",\"articleSection\":[\"Cultura\",\"Cursos e eventos\",\"Filmes e m\u00eddias\",\"INCLUS\u00c3O SOCIAL\",\"NOT\u00cdCIAS\",\"V\u00eddeo\"],\"inLanguage\":\"pt-PT\",\"potentialAction\":[{\"@type\":\"CommentAction\",\"name\":\"Comment\",\"target\":[\"https:\\\/\\\/inclusivenews.com.br\\\/?p=15926#respond\"]}]},{\"@type\":\"WebPage\",\"@id\":\"https:\\\/\\\/inclusivenews.com.br\\\/?p=15926\",\"url\":\"https:\\\/\\\/inclusivenews.com.br\\\/?p=15926\",\"name\":\"O audiovisual na Am\u00e9rica Latina -\",\"isPartOf\":{\"@id\":\"https:\\\/\\\/inclusivenews.com.br\\\/#website\"},\"primaryImageOfPage\":{\"@id\":\"https:\\\/\\\/inclusivenews.com.br\\\/?p=15926#primaryimage\"},\"image\":{\"@id\":\"https:\\\/\\\/inclusivenews.com.br\\\/?p=15926#primaryimage\"},\"thumbnailUrl\":\"http:\\\/\\\/inclusivenews.com.br\\\/wp-content\\\/uploads\\\/2010\\\/06\\\/visionarios-150x150.jpg\",\"datePublished\":\"2010-06-15T10:21:53+00:00\",\"breadcrumb\":{\"@id\":\"https:\\\/\\\/inclusivenews.com.br\\\/?p=15926#breadcrumb\"},\"inLanguage\":\"pt-PT\",\"potentialAction\":[{\"@type\":\"ReadAction\",\"target\":[\"https:\\\/\\\/inclusivenews.com.br\\\/?p=15926\"]}]},{\"@type\":\"ImageObject\",\"inLanguage\":\"pt-PT\",\"@id\":\"https:\\\/\\\/inclusivenews.com.br\\\/?p=15926#primaryimage\",\"url\":\"\",\"contentUrl\":\"\"},{\"@type\":\"BreadcrumbList\",\"@id\":\"https:\\\/\\\/inclusivenews.com.br\\\/?p=15926#breadcrumb\",\"itemListElement\":[{\"@type\":\"ListItem\",\"position\":1,\"name\":\"In\u00edcio\",\"item\":\"https:\\\/\\\/inclusivenews.com.br\\\/\"},{\"@type\":\"ListItem\",\"position\":2,\"name\":\"O audiovisual na Am\u00e9rica Latina\"}]},{\"@type\":\"WebSite\",\"@id\":\"https:\\\/\\\/inclusivenews.com.br\\\/#website\",\"url\":\"https:\\\/\\\/inclusivenews.com.br\\\/\",\"name\":\"Inclusive News\",\"description\":\"Inclusive News\",\"publisher\":{\"@id\":\"https:\\\/\\\/inclusivenews.com.br\\\/#organization\"},\"potentialAction\":[{\"@type\":\"SearchAction\",\"target\":{\"@type\":\"EntryPoint\",\"urlTemplate\":\"https:\\\/\\\/inclusivenews.com.br\\\/?s={search_term_string}\"},\"query-input\":{\"@type\":\"PropertyValueSpecification\",\"valueRequired\":true,\"valueName\":\"search_term_string\"}}],\"inLanguage\":\"pt-PT\"},{\"@type\":\"Organization\",\"@id\":\"https:\\\/\\\/inclusivenews.com.br\\\/#organization\",\"name\":\"Inclusive - inclus\u00e3o e cidadania\",\"url\":\"https:\\\/\\\/inclusivenews.com.br\\\/\",\"logo\":{\"@type\":\"ImageObject\",\"inLanguage\":\"pt-PT\",\"@id\":\"https:\\\/\\\/inclusivenews.com.br\\\/#\\\/schema\\\/logo\\\/image\\\/\",\"url\":\"https:\\\/\\\/inclusivenews.com.br\\\/wp-content\\\/uploads\\\/2024\\\/03\\\/@grandesite.png\",\"contentUrl\":\"https:\\\/\\\/inclusivenews.com.br\\\/wp-content\\\/uploads\\\/2024\\\/03\\\/@grandesite.png\",\"width\":1080,\"height\":1080,\"caption\":\"Inclusive - inclus\u00e3o e cidadania\"},\"image\":{\"@id\":\"https:\\\/\\\/inclusivenews.com.br\\\/#\\\/schema\\\/logo\\\/image\\\/\"},\"sameAs\":[\"https:\\\/\\\/www.facebook.com\\\/agenciainclusive\\\/\",\"https:\\\/\\\/www.instagram.com\\\/newsinclusive\\\/\"]},{\"@type\":\"Person\",\"@id\":\"https:\\\/\\\/inclusivenews.com.br\\\/#\\\/schema\\\/person\\\/ae4ec7087559b8692fb33b6fffd2273b\",\"name\":\"inclusivenews2024\",\"image\":{\"@type\":\"ImageObject\",\"inLanguage\":\"pt-PT\",\"@id\":\"https:\\\/\\\/secure.gravatar.com\\\/avatar\\\/c5a7ef84c66fa914f55bc4f7ce26cfa275a3b9a1c5568b907bd184fb4dde7b40?s=96&d=mm&r=g\",\"url\":\"https:\\\/\\\/secure.gravatar.com\\\/avatar\\\/c5a7ef84c66fa914f55bc4f7ce26cfa275a3b9a1c5568b907bd184fb4dde7b40?s=96&d=mm&r=g\",\"contentUrl\":\"https:\\\/\\\/secure.gravatar.com\\\/avatar\\\/c5a7ef84c66fa914f55bc4f7ce26cfa275a3b9a1c5568b907bd184fb4dde7b40?s=96&d=mm&r=g\",\"caption\":\"inclusivenews2024\"},\"sameAs\":[\"https:\\\/\\\/inclusivenews.com.br\"],\"url\":\"https:\\\/\\\/inclusivenews.com.br\\\/?author=1\"}]}<\/script>\n<!-- \/ Yoast SEO plugin. -->","yoast_head_json":{"title":"O audiovisual na Am\u00e9rica Latina -","robots":{"index":"index","follow":"follow","max-snippet":"max-snippet:-1","max-image-preview":"max-image-preview:large","max-video-preview":"max-video-preview:-1"},"canonical":"https:\/\/inclusivenews.com.br\/?p=15926","og_locale":"pt_PT","og_type":"article","og_title":"O audiovisual na Am\u00e9rica Latina -","og_description":"Com exibi\u00e7\u00f5es de 21 a 30 de junho, no audit\u00f3rio da Famecos\/ PUCRS, a mostra Vision\u00e1rios - Audiovisual na Am\u00e9rica Latina apresenta a produ\u00e7\u00e3o de cinema e v\u00eddeo experimentais dos pa\u00edses da Am\u00e9rica Central, do M\u00e9xico, do Caribe e da Am\u00e9rica do Sul.","og_url":"https:\/\/inclusivenews.com.br\/?p=15926","article_publisher":"https:\/\/www.facebook.com\/agenciainclusive\/","article_published_time":"2010-06-15T10:21:53+00:00","og_image":[{"url":"http:\/\/inclusivenews.com.br\/wp-content\/uploads\/2010\/06\/visionarios-150x150.jpg","type":"","width":"","height":""}],"author":"inclusivenews2024","twitter_card":"summary_large_image","twitter_misc":{"Escrito por":"inclusivenews2024","Tempo estimado de leitura":"2 minutos"},"schema":{"@context":"https:\/\/schema.org","@graph":[{"@type":"Article","@id":"https:\/\/inclusivenews.com.br\/?p=15926#article","isPartOf":{"@id":"https:\/\/inclusivenews.com.br\/?p=15926"},"author":{"name":"inclusivenews2024","@id":"https:\/\/inclusivenews.com.br\/#\/schema\/person\/ae4ec7087559b8692fb33b6fffd2273b"},"headline":"O audiovisual na Am\u00e9rica Latina","datePublished":"2010-06-15T10:21:53+00:00","mainEntityOfPage":{"@id":"https:\/\/inclusivenews.com.br\/?p=15926"},"wordCount":321,"commentCount":0,"publisher":{"@id":"https:\/\/inclusivenews.com.br\/#organization"},"image":{"@id":"https:\/\/inclusivenews.com.br\/?p=15926#primaryimage"},"thumbnailUrl":"http:\/\/inclusivenews.com.br\/wp-content\/uploads\/2010\/06\/visionarios-150x150.jpg","articleSection":["Cultura","Cursos e eventos","Filmes e m\u00eddias","INCLUS\u00c3O SOCIAL","NOT\u00cdCIAS","V\u00eddeo"],"inLanguage":"pt-PT","potentialAction":[{"@type":"CommentAction","name":"Comment","target":["https:\/\/inclusivenews.com.br\/?p=15926#respond"]}]},{"@type":"WebPage","@id":"https:\/\/inclusivenews.com.br\/?p=15926","url":"https:\/\/inclusivenews.com.br\/?p=15926","name":"O audiovisual na Am\u00e9rica Latina -","isPartOf":{"@id":"https:\/\/inclusivenews.com.br\/#website"},"primaryImageOfPage":{"@id":"https:\/\/inclusivenews.com.br\/?p=15926#primaryimage"},"image":{"@id":"https:\/\/inclusivenews.com.br\/?p=15926#primaryimage"},"thumbnailUrl":"http:\/\/inclusivenews.com.br\/wp-content\/uploads\/2010\/06\/visionarios-150x150.jpg","datePublished":"2010-06-15T10:21:53+00:00","breadcrumb":{"@id":"https:\/\/inclusivenews.com.br\/?p=15926#breadcrumb"},"inLanguage":"pt-PT","potentialAction":[{"@type":"ReadAction","target":["https:\/\/inclusivenews.com.br\/?p=15926"]}]},{"@type":"ImageObject","inLanguage":"pt-PT","@id":"https:\/\/inclusivenews.com.br\/?p=15926#primaryimage","url":"","contentUrl":""},{"@type":"BreadcrumbList","@id":"https:\/\/inclusivenews.com.br\/?p=15926#breadcrumb","itemListElement":[{"@type":"ListItem","position":1,"name":"In\u00edcio","item":"https:\/\/inclusivenews.com.br\/"},{"@type":"ListItem","position":2,"name":"O audiovisual na Am\u00e9rica Latina"}]},{"@type":"WebSite","@id":"https:\/\/inclusivenews.com.br\/#website","url":"https:\/\/inclusivenews.com.br\/","name":"Inclusive News","description":"Inclusive News","publisher":{"@id":"https:\/\/inclusivenews.com.br\/#organization"},"potentialAction":[{"@type":"SearchAction","target":{"@type":"EntryPoint","urlTemplate":"https:\/\/inclusivenews.com.br\/?s={search_term_string}"},"query-input":{"@type":"PropertyValueSpecification","valueRequired":true,"valueName":"search_term_string"}}],"inLanguage":"pt-PT"},{"@type":"Organization","@id":"https:\/\/inclusivenews.com.br\/#organization","name":"Inclusive - inclus\u00e3o e cidadania","url":"https:\/\/inclusivenews.com.br\/","logo":{"@type":"ImageObject","inLanguage":"pt-PT","@id":"https:\/\/inclusivenews.com.br\/#\/schema\/logo\/image\/","url":"https:\/\/inclusivenews.com.br\/wp-content\/uploads\/2024\/03\/@grandesite.png","contentUrl":"https:\/\/inclusivenews.com.br\/wp-content\/uploads\/2024\/03\/@grandesite.png","width":1080,"height":1080,"caption":"Inclusive - inclus\u00e3o e cidadania"},"image":{"@id":"https:\/\/inclusivenews.com.br\/#\/schema\/logo\/image\/"},"sameAs":["https:\/\/www.facebook.com\/agenciainclusive\/","https:\/\/www.instagram.com\/newsinclusive\/"]},{"@type":"Person","@id":"https:\/\/inclusivenews.com.br\/#\/schema\/person\/ae4ec7087559b8692fb33b6fffd2273b","name":"inclusivenews2024","image":{"@type":"ImageObject","inLanguage":"pt-PT","@id":"https:\/\/secure.gravatar.com\/avatar\/c5a7ef84c66fa914f55bc4f7ce26cfa275a3b9a1c5568b907bd184fb4dde7b40?s=96&d=mm&r=g","url":"https:\/\/secure.gravatar.com\/avatar\/c5a7ef84c66fa914f55bc4f7ce26cfa275a3b9a1c5568b907bd184fb4dde7b40?s=96&d=mm&r=g","contentUrl":"https:\/\/secure.gravatar.com\/avatar\/c5a7ef84c66fa914f55bc4f7ce26cfa275a3b9a1c5568b907bd184fb4dde7b40?s=96&d=mm&r=g","caption":"inclusivenews2024"},"sameAs":["https:\/\/inclusivenews.com.br"],"url":"https:\/\/inclusivenews.com.br\/?author=1"}]}},"_links":{"self":[{"href":"https:\/\/inclusivenews.com.br\/index.php?rest_route=\/wp\/v2\/posts\/15926","targetHints":{"allow":["GET"]}}],"collection":[{"href":"https:\/\/inclusivenews.com.br\/index.php?rest_route=\/wp\/v2\/posts"}],"about":[{"href":"https:\/\/inclusivenews.com.br\/index.php?rest_route=\/wp\/v2\/types\/post"}],"author":[{"embeddable":true,"href":"https:\/\/inclusivenews.com.br\/index.php?rest_route=\/wp\/v2\/users\/1"}],"replies":[{"embeddable":true,"href":"https:\/\/inclusivenews.com.br\/index.php?rest_route=%2Fwp%2Fv2%2Fcomments&post=15926"}],"version-history":[{"count":0,"href":"https:\/\/inclusivenews.com.br\/index.php?rest_route=\/wp\/v2\/posts\/15926\/revisions"}],"wp:attachment":[{"href":"https:\/\/inclusivenews.com.br\/index.php?rest_route=%2Fwp%2Fv2%2Fmedia&parent=15926"}],"wp:term":[{"taxonomy":"category","embeddable":true,"href":"https:\/\/inclusivenews.com.br\/index.php?rest_route=%2Fwp%2Fv2%2Fcategories&post=15926"},{"taxonomy":"post_tag","embeddable":true,"href":"https:\/\/inclusivenews.com.br\/index.php?rest_route=%2Fwp%2Fv2%2Ftags&post=15926"}],"curies":[{"name":"wp","href":"https:\/\/api.w.org\/{rel}","templated":true}]}}