{"id":15951,"date":"2010-06-11T05:59:28","date_gmt":"2010-06-11T08:59:28","guid":{"rendered":"http:\/\/www.inclusive.org.br\/?p=15951"},"modified":"2010-06-11T05:59:28","modified_gmt":"2010-06-11T08:59:28","slug":"maos-acessam","status":"publish","type":"post","link":"https:\/\/inclusivenews.com.br\/?p=15951","title":{"rendered":"M\u00e3os acessam"},"content":{"rendered":"<p><img loading=\"lazy\" decoding=\"async\" class=\"alignnone\" title=\"Logotipo: o texto m\u00e3os acessam e marca de tinta de duas m\u00e3os sob a express\u00e3o.\" src=\"http:\/\/2.bp.blogspot.com\/_F3Oxz4zINXA\/TAARGItvwLI\/AAAAAAAAAAk\/2hEIV92JWmo\/S1600-R\/logo4_fundobranco500.png\" alt=\"\" width=\"300\" height=\"96\" \/><\/p>\n<p>\u201cM\u00e3os acessam\u201d teve origem em um grupo de universit\u00e1rios, de um modo ou de outro envolvidos com a causa da pessoa com defici\u00eancia. Mais especificamente, a causa da pessoa com limita\u00e7\u00e3o ou perda visual e\/ou auditiva. Pr\u00f3ximos como eram da realidade dessas pessoas \u2013 fosse por experi\u00eancia pessoal, fosse por estudos na \u00e1rea \u2013 esses jovens viram-se na urg\u00eancia de criar um espa\u00e7o de intera\u00e7\u00e3o e discuss\u00e3o das mais diversas ocorr\u00eancias que perpassam a hist\u00f3ria do sujeito cego, surdo e outros com limita\u00e7\u00f5es menos agravantes nesse sentido.<\/p>\n<p>Assim \u2013 baseado em valores como solidariedade, inclus\u00e3o, respeito, cidadania e democracia \u2013 o \u201cM\u00e3os acessam\u201d consolidou-se como um grupo de pesquisa e a\u00e7\u00e3o solid\u00e1ria, que tem como prop\u00f3sito o desenvolvimento de atividades educacionais e culturais voltadas para toda a sociedade, promovendo inter-rela\u00e7\u00f5es comunit\u00e1rias.<\/p>\n<p>Coordenadores:<\/p>\n<p>Edgardo Emilio Isensee<br \/>\nFrancismar Nascimento de Castro<br \/>\nLinda Almeida Rodrigues<br \/>\nMichele Cristina Gomes Isensee<br \/>\nOficineiros:<\/p>\n<p>Alex Gabriel da Silva<br \/>\nCamila Samara<br \/>\nReginaldo dos Santos<br \/>\nRodrigo de Paula Teixeira<br \/>\nRomerito Costa Nascimento<br \/>\nTales Douglas Moreira<br \/>\nEm suma, o \u201cM\u00e3os acessam\u201d tem como miss\u00e3o levar o mundo da cultura e do conhecimento ao alcance das m\u00e3os de pessoas, por alguma raz\u00e3o, privadas de dois dos cinco sentidos do ser humano: o ver e o ouvir. Nossa proposta por\u00e9m, \u00e9 de atender toda a sociedade, tornando inclusivas todas as culturas em todos os n\u00edveis, sem ater-se somente ao surdo e cego.<br \/>\n.<br \/>\nAs atividades tiveram in\u00edcio em 01 de Junho de 2010.<br \/>\nVisitem nosso blog: <a href=\"http:\/\/www.maosacessam.blogspot.com\">www.maosacessam.blogspot.com<\/a><br \/>\nConhe\u00e7am tamb\u00e9m o Projeto dos alunos de Comunica\u00e7\u00e3o Assistiva da PUC\/Minas<br \/>\n<a href=\"http:\/\/www.projetoculturaldoismundos.blogspot.com\">www.projetoculturaldoismundos.blogspot.com<\/a><\/p>\n","protected":false},"excerpt":{"rendered":"<p>O \u201cM\u00e3os acessam\u201d consolidou-se como um grupo de pesquisa e a\u00e7\u00e3o solid\u00e1ria, que tem como prop\u00f3sito o desenvolvimento de atividades educacionais e culturais voltadas para toda a sociedade, promovendo inter-rela\u00e7\u00f5es comunit\u00e1rias.<\/p>\n","protected":false},"author":1,"featured_media":0,"comment_status":"open","ping_status":"open","sticky":false,"template":"","format":"standard","meta":{"site-container-style":"default","site-container-layout":"default","site-sidebar-layout":"default","disable-article-header":"default","disable-site-header":"default","disable-site-footer":"default","disable-content-area-spacing":"default","footnotes":""},"categories":[54,38,4],"tags":[],"class_list":["post-15951","post","type-post","status-publish","format-standard","hentry","category-blogs-e-webs","category-deficiencia","category-noticias"],"yoast_head":"<!-- This site is optimized with the Yoast SEO plugin v27.4 - https:\/\/yoast.com\/product\/yoast-seo-wordpress\/ -->\n<title>M\u00e3os acessam -<\/title>\n<meta name=\"robots\" content=\"index, follow, max-snippet:-1, max-image-preview:large, max-video-preview:-1\" \/>\n<link rel=\"canonical\" href=\"https:\/\/inclusivenews.com.br\/?p=15951\" \/>\n<meta property=\"og:locale\" content=\"pt_PT\" \/>\n<meta property=\"og:type\" content=\"article\" \/>\n<meta property=\"og:title\" content=\"M\u00e3os acessam -\" \/>\n<meta property=\"og:description\" content=\"O \u201cM\u00e3os acessam\u201d consolidou-se como um grupo de pesquisa e a\u00e7\u00e3o solid\u00e1ria, que tem como prop\u00f3sito o desenvolvimento de atividades educacionais e culturais voltadas para toda a sociedade, promovendo inter-rela\u00e7\u00f5es comunit\u00e1rias.\" \/>\n<meta property=\"og:url\" content=\"https:\/\/inclusivenews.com.br\/?p=15951\" \/>\n<meta property=\"article:publisher\" content=\"https:\/\/www.facebook.com\/agenciainclusive\/\" \/>\n<meta property=\"article:published_time\" content=\"2010-06-11T08:59:28+00:00\" \/>\n<meta property=\"og:image\" content=\"http:\/\/2.bp.blogspot.com\/_F3Oxz4zINXA\/TAARGItvwLI\/AAAAAAAAAAk\/2hEIV92JWmo\/S1600-R\/logo4_fundobranco500.png\" \/>\n<meta name=\"author\" content=\"inclusivenews2024\" \/>\n<meta name=\"twitter:card\" content=\"summary_large_image\" \/>\n<meta name=\"twitter:label1\" content=\"Escrito por\" \/>\n\t<meta name=\"twitter:data1\" content=\"inclusivenews2024\" \/>\n\t<meta name=\"twitter:label2\" content=\"Tempo estimado de leitura\" \/>\n\t<meta name=\"twitter:data2\" content=\"1 minuto\" \/>\n<script type=\"application\/ld+json\" class=\"yoast-schema-graph\">{\"@context\":\"https:\\\/\\\/schema.org\",\"@graph\":[{\"@type\":\"Article\",\"@id\":\"https:\\\/\\\/inclusivenews.com.br\\\/?p=15951#article\",\"isPartOf\":{\"@id\":\"https:\\\/\\\/inclusivenews.com.br\\\/?p=15951\"},\"author\":{\"name\":\"inclusivenews2024\",\"@id\":\"https:\\\/\\\/inclusivenews.com.br\\\/#\\\/schema\\\/person\\\/ae4ec7087559b8692fb33b6fffd2273b\"},\"headline\":\"M\u00e3os acessam\",\"datePublished\":\"2010-06-11T08:59:28+00:00\",\"mainEntityOfPage\":{\"@id\":\"https:\\\/\\\/inclusivenews.com.br\\\/?p=15951\"},\"wordCount\":290,\"commentCount\":0,\"publisher\":{\"@id\":\"https:\\\/\\\/inclusivenews.com.br\\\/#organization\"},\"image\":{\"@id\":\"https:\\\/\\\/inclusivenews.com.br\\\/?p=15951#primaryimage\"},\"thumbnailUrl\":\"http:\\\/\\\/2.bp.blogspot.com\\\/_F3Oxz4zINXA\\\/TAARGItvwLI\\\/AAAAAAAAAAk\\\/2hEIV92JWmo\\\/S1600-R\\\/logo4_fundobranco500.png\",\"articleSection\":[\"Blogs e Webs\",\"Defici\u00eancia\",\"NOT\u00cdCIAS\"],\"inLanguage\":\"pt-PT\",\"potentialAction\":[{\"@type\":\"CommentAction\",\"name\":\"Comment\",\"target\":[\"https:\\\/\\\/inclusivenews.com.br\\\/?p=15951#respond\"]}]},{\"@type\":\"WebPage\",\"@id\":\"https:\\\/\\\/inclusivenews.com.br\\\/?p=15951\",\"url\":\"https:\\\/\\\/inclusivenews.com.br\\\/?p=15951\",\"name\":\"M\u00e3os acessam -\",\"isPartOf\":{\"@id\":\"https:\\\/\\\/inclusivenews.com.br\\\/#website\"},\"primaryImageOfPage\":{\"@id\":\"https:\\\/\\\/inclusivenews.com.br\\\/?p=15951#primaryimage\"},\"image\":{\"@id\":\"https:\\\/\\\/inclusivenews.com.br\\\/?p=15951#primaryimage\"},\"thumbnailUrl\":\"http:\\\/\\\/2.bp.blogspot.com\\\/_F3Oxz4zINXA\\\/TAARGItvwLI\\\/AAAAAAAAAAk\\\/2hEIV92JWmo\\\/S1600-R\\\/logo4_fundobranco500.png\",\"datePublished\":\"2010-06-11T08:59:28+00:00\",\"breadcrumb\":{\"@id\":\"https:\\\/\\\/inclusivenews.com.br\\\/?p=15951#breadcrumb\"},\"inLanguage\":\"pt-PT\",\"potentialAction\":[{\"@type\":\"ReadAction\",\"target\":[\"https:\\\/\\\/inclusivenews.com.br\\\/?p=15951\"]}]},{\"@type\":\"ImageObject\",\"inLanguage\":\"pt-PT\",\"@id\":\"https:\\\/\\\/inclusivenews.com.br\\\/?p=15951#primaryimage\",\"url\":\"http:\\\/\\\/2.bp.blogspot.com\\\/_F3Oxz4zINXA\\\/TAARGItvwLI\\\/AAAAAAAAAAk\\\/2hEIV92JWmo\\\/S1600-R\\\/logo4_fundobranco500.png\",\"contentUrl\":\"http:\\\/\\\/2.bp.blogspot.com\\\/_F3Oxz4zINXA\\\/TAARGItvwLI\\\/AAAAAAAAAAk\\\/2hEIV92JWmo\\\/S1600-R\\\/logo4_fundobranco500.png\"},{\"@type\":\"BreadcrumbList\",\"@id\":\"https:\\\/\\\/inclusivenews.com.br\\\/?p=15951#breadcrumb\",\"itemListElement\":[{\"@type\":\"ListItem\",\"position\":1,\"name\":\"In\u00edcio\",\"item\":\"https:\\\/\\\/inclusivenews.com.br\\\/\"},{\"@type\":\"ListItem\",\"position\":2,\"name\":\"M\u00e3os acessam\"}]},{\"@type\":\"WebSite\",\"@id\":\"https:\\\/\\\/inclusivenews.com.br\\\/#website\",\"url\":\"https:\\\/\\\/inclusivenews.com.br\\\/\",\"name\":\"Inclusive News\",\"description\":\"Inclusive News\",\"publisher\":{\"@id\":\"https:\\\/\\\/inclusivenews.com.br\\\/#organization\"},\"potentialAction\":[{\"@type\":\"SearchAction\",\"target\":{\"@type\":\"EntryPoint\",\"urlTemplate\":\"https:\\\/\\\/inclusivenews.com.br\\\/?s={search_term_string}\"},\"query-input\":{\"@type\":\"PropertyValueSpecification\",\"valueRequired\":true,\"valueName\":\"search_term_string\"}}],\"inLanguage\":\"pt-PT\"},{\"@type\":\"Organization\",\"@id\":\"https:\\\/\\\/inclusivenews.com.br\\\/#organization\",\"name\":\"Inclusive - inclus\u00e3o e cidadania\",\"url\":\"https:\\\/\\\/inclusivenews.com.br\\\/\",\"logo\":{\"@type\":\"ImageObject\",\"inLanguage\":\"pt-PT\",\"@id\":\"https:\\\/\\\/inclusivenews.com.br\\\/#\\\/schema\\\/logo\\\/image\\\/\",\"url\":\"https:\\\/\\\/inclusivenews.com.br\\\/wp-content\\\/uploads\\\/2024\\\/03\\\/@grandesite.png\",\"contentUrl\":\"https:\\\/\\\/inclusivenews.com.br\\\/wp-content\\\/uploads\\\/2024\\\/03\\\/@grandesite.png\",\"width\":1080,\"height\":1080,\"caption\":\"Inclusive - inclus\u00e3o e cidadania\"},\"image\":{\"@id\":\"https:\\\/\\\/inclusivenews.com.br\\\/#\\\/schema\\\/logo\\\/image\\\/\"},\"sameAs\":[\"https:\\\/\\\/www.facebook.com\\\/agenciainclusive\\\/\",\"https:\\\/\\\/www.instagram.com\\\/newsinclusive\\\/\"]},{\"@type\":\"Person\",\"@id\":\"https:\\\/\\\/inclusivenews.com.br\\\/#\\\/schema\\\/person\\\/ae4ec7087559b8692fb33b6fffd2273b\",\"name\":\"inclusivenews2024\",\"image\":{\"@type\":\"ImageObject\",\"inLanguage\":\"pt-PT\",\"@id\":\"https:\\\/\\\/secure.gravatar.com\\\/avatar\\\/c5a7ef84c66fa914f55bc4f7ce26cfa275a3b9a1c5568b907bd184fb4dde7b40?s=96&d=mm&r=g\",\"url\":\"https:\\\/\\\/secure.gravatar.com\\\/avatar\\\/c5a7ef84c66fa914f55bc4f7ce26cfa275a3b9a1c5568b907bd184fb4dde7b40?s=96&d=mm&r=g\",\"contentUrl\":\"https:\\\/\\\/secure.gravatar.com\\\/avatar\\\/c5a7ef84c66fa914f55bc4f7ce26cfa275a3b9a1c5568b907bd184fb4dde7b40?s=96&d=mm&r=g\",\"caption\":\"inclusivenews2024\"},\"sameAs\":[\"https:\\\/\\\/inclusivenews.com.br\"],\"url\":\"https:\\\/\\\/inclusivenews.com.br\\\/?author=1\"}]}<\/script>\n<!-- \/ Yoast SEO plugin. -->","yoast_head_json":{"title":"M\u00e3os acessam -","robots":{"index":"index","follow":"follow","max-snippet":"max-snippet:-1","max-image-preview":"max-image-preview:large","max-video-preview":"max-video-preview:-1"},"canonical":"https:\/\/inclusivenews.com.br\/?p=15951","og_locale":"pt_PT","og_type":"article","og_title":"M\u00e3os acessam -","og_description":"O \u201cM\u00e3os acessam\u201d consolidou-se como um grupo de pesquisa e a\u00e7\u00e3o solid\u00e1ria, que tem como prop\u00f3sito o desenvolvimento de atividades educacionais e culturais voltadas para toda a sociedade, promovendo inter-rela\u00e7\u00f5es comunit\u00e1rias.","og_url":"https:\/\/inclusivenews.com.br\/?p=15951","article_publisher":"https:\/\/www.facebook.com\/agenciainclusive\/","article_published_time":"2010-06-11T08:59:28+00:00","og_image":[{"url":"http:\/\/2.bp.blogspot.com\/_F3Oxz4zINXA\/TAARGItvwLI\/AAAAAAAAAAk\/2hEIV92JWmo\/S1600-R\/logo4_fundobranco500.png","type":"","width":"","height":""}],"author":"inclusivenews2024","twitter_card":"summary_large_image","twitter_misc":{"Escrito por":"inclusivenews2024","Tempo estimado de leitura":"1 minuto"},"schema":{"@context":"https:\/\/schema.org","@graph":[{"@type":"Article","@id":"https:\/\/inclusivenews.com.br\/?p=15951#article","isPartOf":{"@id":"https:\/\/inclusivenews.com.br\/?p=15951"},"author":{"name":"inclusivenews2024","@id":"https:\/\/inclusivenews.com.br\/#\/schema\/person\/ae4ec7087559b8692fb33b6fffd2273b"},"headline":"M\u00e3os acessam","datePublished":"2010-06-11T08:59:28+00:00","mainEntityOfPage":{"@id":"https:\/\/inclusivenews.com.br\/?p=15951"},"wordCount":290,"commentCount":0,"publisher":{"@id":"https:\/\/inclusivenews.com.br\/#organization"},"image":{"@id":"https:\/\/inclusivenews.com.br\/?p=15951#primaryimage"},"thumbnailUrl":"http:\/\/2.bp.blogspot.com\/_F3Oxz4zINXA\/TAARGItvwLI\/AAAAAAAAAAk\/2hEIV92JWmo\/S1600-R\/logo4_fundobranco500.png","articleSection":["Blogs e Webs","Defici\u00eancia","NOT\u00cdCIAS"],"inLanguage":"pt-PT","potentialAction":[{"@type":"CommentAction","name":"Comment","target":["https:\/\/inclusivenews.com.br\/?p=15951#respond"]}]},{"@type":"WebPage","@id":"https:\/\/inclusivenews.com.br\/?p=15951","url":"https:\/\/inclusivenews.com.br\/?p=15951","name":"M\u00e3os acessam -","isPartOf":{"@id":"https:\/\/inclusivenews.com.br\/#website"},"primaryImageOfPage":{"@id":"https:\/\/inclusivenews.com.br\/?p=15951#primaryimage"},"image":{"@id":"https:\/\/inclusivenews.com.br\/?p=15951#primaryimage"},"thumbnailUrl":"http:\/\/2.bp.blogspot.com\/_F3Oxz4zINXA\/TAARGItvwLI\/AAAAAAAAAAk\/2hEIV92JWmo\/S1600-R\/logo4_fundobranco500.png","datePublished":"2010-06-11T08:59:28+00:00","breadcrumb":{"@id":"https:\/\/inclusivenews.com.br\/?p=15951#breadcrumb"},"inLanguage":"pt-PT","potentialAction":[{"@type":"ReadAction","target":["https:\/\/inclusivenews.com.br\/?p=15951"]}]},{"@type":"ImageObject","inLanguage":"pt-PT","@id":"https:\/\/inclusivenews.com.br\/?p=15951#primaryimage","url":"http:\/\/2.bp.blogspot.com\/_F3Oxz4zINXA\/TAARGItvwLI\/AAAAAAAAAAk\/2hEIV92JWmo\/S1600-R\/logo4_fundobranco500.png","contentUrl":"http:\/\/2.bp.blogspot.com\/_F3Oxz4zINXA\/TAARGItvwLI\/AAAAAAAAAAk\/2hEIV92JWmo\/S1600-R\/logo4_fundobranco500.png"},{"@type":"BreadcrumbList","@id":"https:\/\/inclusivenews.com.br\/?p=15951#breadcrumb","itemListElement":[{"@type":"ListItem","position":1,"name":"In\u00edcio","item":"https:\/\/inclusivenews.com.br\/"},{"@type":"ListItem","position":2,"name":"M\u00e3os acessam"}]},{"@type":"WebSite","@id":"https:\/\/inclusivenews.com.br\/#website","url":"https:\/\/inclusivenews.com.br\/","name":"Inclusive News","description":"Inclusive News","publisher":{"@id":"https:\/\/inclusivenews.com.br\/#organization"},"potentialAction":[{"@type":"SearchAction","target":{"@type":"EntryPoint","urlTemplate":"https:\/\/inclusivenews.com.br\/?s={search_term_string}"},"query-input":{"@type":"PropertyValueSpecification","valueRequired":true,"valueName":"search_term_string"}}],"inLanguage":"pt-PT"},{"@type":"Organization","@id":"https:\/\/inclusivenews.com.br\/#organization","name":"Inclusive - inclus\u00e3o e cidadania","url":"https:\/\/inclusivenews.com.br\/","logo":{"@type":"ImageObject","inLanguage":"pt-PT","@id":"https:\/\/inclusivenews.com.br\/#\/schema\/logo\/image\/","url":"https:\/\/inclusivenews.com.br\/wp-content\/uploads\/2024\/03\/@grandesite.png","contentUrl":"https:\/\/inclusivenews.com.br\/wp-content\/uploads\/2024\/03\/@grandesite.png","width":1080,"height":1080,"caption":"Inclusive - inclus\u00e3o e cidadania"},"image":{"@id":"https:\/\/inclusivenews.com.br\/#\/schema\/logo\/image\/"},"sameAs":["https:\/\/www.facebook.com\/agenciainclusive\/","https:\/\/www.instagram.com\/newsinclusive\/"]},{"@type":"Person","@id":"https:\/\/inclusivenews.com.br\/#\/schema\/person\/ae4ec7087559b8692fb33b6fffd2273b","name":"inclusivenews2024","image":{"@type":"ImageObject","inLanguage":"pt-PT","@id":"https:\/\/secure.gravatar.com\/avatar\/c5a7ef84c66fa914f55bc4f7ce26cfa275a3b9a1c5568b907bd184fb4dde7b40?s=96&d=mm&r=g","url":"https:\/\/secure.gravatar.com\/avatar\/c5a7ef84c66fa914f55bc4f7ce26cfa275a3b9a1c5568b907bd184fb4dde7b40?s=96&d=mm&r=g","contentUrl":"https:\/\/secure.gravatar.com\/avatar\/c5a7ef84c66fa914f55bc4f7ce26cfa275a3b9a1c5568b907bd184fb4dde7b40?s=96&d=mm&r=g","caption":"inclusivenews2024"},"sameAs":["https:\/\/inclusivenews.com.br"],"url":"https:\/\/inclusivenews.com.br\/?author=1"}]}},"_links":{"self":[{"href":"https:\/\/inclusivenews.com.br\/index.php?rest_route=\/wp\/v2\/posts\/15951","targetHints":{"allow":["GET"]}}],"collection":[{"href":"https:\/\/inclusivenews.com.br\/index.php?rest_route=\/wp\/v2\/posts"}],"about":[{"href":"https:\/\/inclusivenews.com.br\/index.php?rest_route=\/wp\/v2\/types\/post"}],"author":[{"embeddable":true,"href":"https:\/\/inclusivenews.com.br\/index.php?rest_route=\/wp\/v2\/users\/1"}],"replies":[{"embeddable":true,"href":"https:\/\/inclusivenews.com.br\/index.php?rest_route=%2Fwp%2Fv2%2Fcomments&post=15951"}],"version-history":[{"count":0,"href":"https:\/\/inclusivenews.com.br\/index.php?rest_route=\/wp\/v2\/posts\/15951\/revisions"}],"wp:attachment":[{"href":"https:\/\/inclusivenews.com.br\/index.php?rest_route=%2Fwp%2Fv2%2Fmedia&parent=15951"}],"wp:term":[{"taxonomy":"category","embeddable":true,"href":"https:\/\/inclusivenews.com.br\/index.php?rest_route=%2Fwp%2Fv2%2Fcategories&post=15951"},{"taxonomy":"post_tag","embeddable":true,"href":"https:\/\/inclusivenews.com.br\/index.php?rest_route=%2Fwp%2Fv2%2Ftags&post=15951"}],"curies":[{"name":"wp","href":"https:\/\/api.w.org\/{rel}","templated":true}]}}