{"id":15982,"date":"2010-06-17T08:00:16","date_gmt":"2010-06-17T11:00:16","guid":{"rendered":"http:\/\/www.inclusive.org.br\/?p=15982"},"modified":"2010-06-17T08:00:16","modified_gmt":"2010-06-17T11:00:16","slug":"grafite-arte-de-rua","status":"publish","type":"post","link":"https:\/\/inclusivenews.com.br\/?p=15982","title":{"rendered":"Grafite: arte de rua"},"content":{"rendered":"<figure style=\"width: 270px\" class=\"wp-caption alignleft\"><img loading=\"lazy\" decoding=\"async\" title=\"Grafiti em um muro de uma cidade.\" src=\"http:\/\/fc08.deviantart.net\/fs7\/i\/2006\/165\/4\/c\/Grafiti_by_xthrownawayx.jpg\" alt=\"\" width=\"270\" height=\"203\" \/><figcaption class=\"wp-caption-text\"> <\/figcaption><\/figure>\n<p><strong>Por P\u00e2mela Trindade *<\/strong><\/p>\n<p>A arte \u00e9 algo que nos acompanha h\u00e1 muitos s\u00e9culos, est\u00e1 presente h\u00e1 v\u00e1rias gera\u00e7\u00f5es. A vontade que o ser humano tem de se expressar \u00e9 t\u00e3o grande que ele foi capaz de transformar coisas inimagin\u00e1veis em algo \u201creal\u201d, atrav\u00e9s de hist\u00f3rias, poemas, esculturas, pinturas e tantas outras. Hoje, existe uma arte em especial, diferente, que causa admira\u00e7\u00e3o e pol\u00eamica na sociedade: o grafite.<\/p>\n<p>Se voc\u00ea, alguma vez, andou distra\u00eddo e por alguns instantes se deu conta de que estava observando uma parede e de repente notou que aquela n\u00e3o era apenas uma \u201csimples parede\u201d, e sim, um quadro, usado para desenhar, pintar, ilustrar, dar vida \u00e0 imagina\u00e7\u00e3o, ent\u00e3o, com certeza, j\u00e1 presenciou o feito de um grande artista: o grafiteiro!<\/p>\n<p>Alguns anos atr\u00e1s, essa arte era vista como um ato de vandalismo. Achavam que era apenas mais uma forma para jovens \u201csem cultura\u201d mostrarem sua revolta ao mundo! At\u00e9 hoje, algumas pessoas pensam assim! Particularmente discordo dessa opini\u00e3o!<br \/>\nO grafite vem ganhando espa\u00e7o na sociedade. Hoje ele \u00e9 culturalmente reconhecido, venceu barreiras, derrubou o preconceito, ajudou jovens a sa\u00edrem das ruas, provou que a criatividade e a imagina\u00e7\u00e3o n\u00e3o t\u00eam limites.<\/p>\n<p>Grafiteiros do mundo inteiro t\u00eam um dom mais do que admir\u00e1vel, afinal, poucas pessoas conseguem olhar um espa\u00e7o vazio e transform\u00e1-lo em um mundo de cores e tons diferentes, formando figuras e formas extraordin\u00e1rias.<\/p>\n<p>Algumas pessoas se confundem e insistem em dizer que \u201cgrafite \u00e9 picha\u00e7\u00e3o\u201d. Est\u00e3o enganadas! A picha\u00e7\u00e3o \u00e9 um ato \u201cimpensado\u201d de v\u00e1rios jovens, que por motivos incompreens\u00edveis, \u00e0s vezes, n\u00e3o cansam de \u201crabiscar\u201d coisas sem sentido nas paredes das nossas cidades, seja para \u201cmarcar territ\u00f3rio\u201d ou simplesmente conseguir popularidade entre os amigos adolescentes, que acham por algum motivo que pichar \u00e9 \u201clegal\u201d.<br \/>\nAcredito que estes s\u00e3o jovens que n\u00e3o t\u00eam uma estrutura familiar sadia, educa\u00e7\u00e3o e que, de certo modo, n\u00e3o conseguiram seu espa\u00e7o na sociedade como merecem.<\/p>\n<p>Ent\u00e3o, para melhores esclarecimentos: \u201cgrafite \u00e9 arte, picha\u00e7\u00e3o \u00e9 vandalismo\u201d. Al\u00e9m disso, existe tamb\u00e9m a quest\u00e3o do preconceito, afinal, o grafite surgiu na cultura hip hop, um estilo musical de origem nas periferias americanas e que, infelizmente, n\u00e3o \u00e9 bem visto e at\u00e9 hoje sofre com a exclus\u00e3o. Mas nada disso abalou os grafiteiros, que ainda levam sua arte pelas ruas das cidades, sem se importar com opini\u00f5es contr\u00e1rias.<br \/>\nO que mais se admira \u00e9 a capacidade que o grafite possui em unir pessoas de todas as idades, etnias, culturas e at\u00e9 classes sociais. Este \u00e9 o grafite, a arte de rua levada pelas comunidades, que cresce cada dia mais.<br \/>\n* Aluna da 2\u00aa s\u00e9rie do ensino m\u00e9dio da Escola T\u00e9cnica Estadual Monteiro Lobato \u2013 Cimol de Taquara<\/p>\n<p>________________<\/p>\n<p><strong>Fonte:<\/strong> <a href=\"http:\/\/www.jornalpanorama.com.br\/?p=19263\">Panorama 35<\/a><\/p>\n","protected":false},"excerpt":{"rendered":"<p>Se voc\u00ea, alguma vez, andou distra\u00eddo e por alguns instantes se deu conta de que estava observando uma parede e de repente notou que aquela n\u00e3o era apenas uma \u201csimples parede\u201d, e sim, um quadro, usado para desenhar, pintar, ilustrar, dar vida \u00e0 imagina\u00e7\u00e3o, ent\u00e3o, com certeza, j\u00e1 presenciou o feito de um grande artista: o grafiteiro!<\/p>\n","protected":false},"author":1,"featured_media":0,"comment_status":"open","ping_status":"open","sticky":false,"template":"","format":"standard","meta":{"site-container-style":"default","site-container-layout":"default","site-sidebar-layout":"default","disable-article-header":"default","disable-site-header":"default","disable-site-footer":"default","disable-content-area-spacing":"default","footnotes":""},"categories":[29,48,8],"tags":[],"class_list":["post-15982","post","type-post","status-publish","format-standard","hentry","category-cultura","category-inclusao","category-textos-e-artigos"],"yoast_head":"<!-- This site is optimized with the Yoast SEO plugin v27.4 - https:\/\/yoast.com\/product\/yoast-seo-wordpress\/ -->\n<title>Grafite: arte de rua -<\/title>\n<meta name=\"robots\" content=\"index, follow, max-snippet:-1, max-image-preview:large, max-video-preview:-1\" \/>\n<link rel=\"canonical\" href=\"https:\/\/inclusivenews.com.br\/?p=15982\" \/>\n<meta property=\"og:locale\" content=\"pt_PT\" \/>\n<meta property=\"og:type\" content=\"article\" \/>\n<meta property=\"og:title\" content=\"Grafite: arte de rua -\" \/>\n<meta property=\"og:description\" content=\"Se voc\u00ea, alguma vez, andou distra\u00eddo e por alguns instantes se deu conta de que estava observando uma parede e de repente notou que aquela n\u00e3o era apenas uma \u201csimples parede\u201d, e sim, um quadro, usado para desenhar, pintar, ilustrar, dar vida \u00e0 imagina\u00e7\u00e3o, ent\u00e3o, com certeza, j\u00e1 presenciou o feito de um grande artista: o grafiteiro!\" \/>\n<meta property=\"og:url\" content=\"https:\/\/inclusivenews.com.br\/?p=15982\" \/>\n<meta property=\"article:publisher\" content=\"https:\/\/www.facebook.com\/agenciainclusive\/\" \/>\n<meta property=\"article:published_time\" content=\"2010-06-17T11:00:16+00:00\" \/>\n<meta property=\"og:image\" content=\"http:\/\/fc08.deviantart.net\/fs7\/i\/2006\/165\/4\/c\/Grafiti_by_xthrownawayx.jpg\" \/>\n<meta name=\"author\" content=\"inclusivenews2024\" \/>\n<meta name=\"twitter:card\" content=\"summary_large_image\" \/>\n<meta name=\"twitter:label1\" content=\"Escrito por\" \/>\n\t<meta name=\"twitter:data1\" content=\"inclusivenews2024\" \/>\n\t<meta name=\"twitter:label2\" content=\"Tempo estimado de leitura\" \/>\n\t<meta name=\"twitter:data2\" content=\"2 minutos\" \/>\n<script type=\"application\/ld+json\" class=\"yoast-schema-graph\">{\"@context\":\"https:\\\/\\\/schema.org\",\"@graph\":[{\"@type\":\"Article\",\"@id\":\"https:\\\/\\\/inclusivenews.com.br\\\/?p=15982#article\",\"isPartOf\":{\"@id\":\"https:\\\/\\\/inclusivenews.com.br\\\/?p=15982\"},\"author\":{\"name\":\"inclusivenews2024\",\"@id\":\"https:\\\/\\\/inclusivenews.com.br\\\/#\\\/schema\\\/person\\\/ae4ec7087559b8692fb33b6fffd2273b\"},\"headline\":\"Grafite: arte de rua\",\"datePublished\":\"2010-06-17T11:00:16+00:00\",\"mainEntityOfPage\":{\"@id\":\"https:\\\/\\\/inclusivenews.com.br\\\/?p=15982\"},\"wordCount\":494,\"commentCount\":2,\"publisher\":{\"@id\":\"https:\\\/\\\/inclusivenews.com.br\\\/#organization\"},\"image\":{\"@id\":\"https:\\\/\\\/inclusivenews.com.br\\\/?p=15982#primaryimage\"},\"thumbnailUrl\":\"http:\\\/\\\/fc08.deviantart.net\\\/fs7\\\/i\\\/2006\\\/165\\\/4\\\/c\\\/Grafiti_by_xthrownawayx.jpg\",\"articleSection\":[\"Cultura\",\"INCLUS\u00c3O SOCIAL\",\"OPINI\u00c3O\"],\"inLanguage\":\"pt-PT\",\"potentialAction\":[{\"@type\":\"CommentAction\",\"name\":\"Comment\",\"target\":[\"https:\\\/\\\/inclusivenews.com.br\\\/?p=15982#respond\"]}]},{\"@type\":\"WebPage\",\"@id\":\"https:\\\/\\\/inclusivenews.com.br\\\/?p=15982\",\"url\":\"https:\\\/\\\/inclusivenews.com.br\\\/?p=15982\",\"name\":\"Grafite: arte de rua -\",\"isPartOf\":{\"@id\":\"https:\\\/\\\/inclusivenews.com.br\\\/#website\"},\"primaryImageOfPage\":{\"@id\":\"https:\\\/\\\/inclusivenews.com.br\\\/?p=15982#primaryimage\"},\"image\":{\"@id\":\"https:\\\/\\\/inclusivenews.com.br\\\/?p=15982#primaryimage\"},\"thumbnailUrl\":\"http:\\\/\\\/fc08.deviantart.net\\\/fs7\\\/i\\\/2006\\\/165\\\/4\\\/c\\\/Grafiti_by_xthrownawayx.jpg\",\"datePublished\":\"2010-06-17T11:00:16+00:00\",\"breadcrumb\":{\"@id\":\"https:\\\/\\\/inclusivenews.com.br\\\/?p=15982#breadcrumb\"},\"inLanguage\":\"pt-PT\",\"potentialAction\":[{\"@type\":\"ReadAction\",\"target\":[\"https:\\\/\\\/inclusivenews.com.br\\\/?p=15982\"]}]},{\"@type\":\"ImageObject\",\"inLanguage\":\"pt-PT\",\"@id\":\"https:\\\/\\\/inclusivenews.com.br\\\/?p=15982#primaryimage\",\"url\":\"http:\\\/\\\/fc08.deviantart.net\\\/fs7\\\/i\\\/2006\\\/165\\\/4\\\/c\\\/Grafiti_by_xthrownawayx.jpg\",\"contentUrl\":\"http:\\\/\\\/fc08.deviantart.net\\\/fs7\\\/i\\\/2006\\\/165\\\/4\\\/c\\\/Grafiti_by_xthrownawayx.jpg\"},{\"@type\":\"BreadcrumbList\",\"@id\":\"https:\\\/\\\/inclusivenews.com.br\\\/?p=15982#breadcrumb\",\"itemListElement\":[{\"@type\":\"ListItem\",\"position\":1,\"name\":\"In\u00edcio\",\"item\":\"https:\\\/\\\/inclusivenews.com.br\\\/\"},{\"@type\":\"ListItem\",\"position\":2,\"name\":\"Grafite: arte de rua\"}]},{\"@type\":\"WebSite\",\"@id\":\"https:\\\/\\\/inclusivenews.com.br\\\/#website\",\"url\":\"https:\\\/\\\/inclusivenews.com.br\\\/\",\"name\":\"Inclusive News\",\"description\":\"Inclusive News\",\"publisher\":{\"@id\":\"https:\\\/\\\/inclusivenews.com.br\\\/#organization\"},\"potentialAction\":[{\"@type\":\"SearchAction\",\"target\":{\"@type\":\"EntryPoint\",\"urlTemplate\":\"https:\\\/\\\/inclusivenews.com.br\\\/?s={search_term_string}\"},\"query-input\":{\"@type\":\"PropertyValueSpecification\",\"valueRequired\":true,\"valueName\":\"search_term_string\"}}],\"inLanguage\":\"pt-PT\"},{\"@type\":\"Organization\",\"@id\":\"https:\\\/\\\/inclusivenews.com.br\\\/#organization\",\"name\":\"Inclusive - inclus\u00e3o e cidadania\",\"url\":\"https:\\\/\\\/inclusivenews.com.br\\\/\",\"logo\":{\"@type\":\"ImageObject\",\"inLanguage\":\"pt-PT\",\"@id\":\"https:\\\/\\\/inclusivenews.com.br\\\/#\\\/schema\\\/logo\\\/image\\\/\",\"url\":\"https:\\\/\\\/inclusivenews.com.br\\\/wp-content\\\/uploads\\\/2024\\\/03\\\/@grandesite.png\",\"contentUrl\":\"https:\\\/\\\/inclusivenews.com.br\\\/wp-content\\\/uploads\\\/2024\\\/03\\\/@grandesite.png\",\"width\":1080,\"height\":1080,\"caption\":\"Inclusive - inclus\u00e3o e cidadania\"},\"image\":{\"@id\":\"https:\\\/\\\/inclusivenews.com.br\\\/#\\\/schema\\\/logo\\\/image\\\/\"},\"sameAs\":[\"https:\\\/\\\/www.facebook.com\\\/agenciainclusive\\\/\",\"https:\\\/\\\/www.instagram.com\\\/newsinclusive\\\/\"]},{\"@type\":\"Person\",\"@id\":\"https:\\\/\\\/inclusivenews.com.br\\\/#\\\/schema\\\/person\\\/ae4ec7087559b8692fb33b6fffd2273b\",\"name\":\"inclusivenews2024\",\"image\":{\"@type\":\"ImageObject\",\"inLanguage\":\"pt-PT\",\"@id\":\"https:\\\/\\\/secure.gravatar.com\\\/avatar\\\/c5a7ef84c66fa914f55bc4f7ce26cfa275a3b9a1c5568b907bd184fb4dde7b40?s=96&d=mm&r=g\",\"url\":\"https:\\\/\\\/secure.gravatar.com\\\/avatar\\\/c5a7ef84c66fa914f55bc4f7ce26cfa275a3b9a1c5568b907bd184fb4dde7b40?s=96&d=mm&r=g\",\"contentUrl\":\"https:\\\/\\\/secure.gravatar.com\\\/avatar\\\/c5a7ef84c66fa914f55bc4f7ce26cfa275a3b9a1c5568b907bd184fb4dde7b40?s=96&d=mm&r=g\",\"caption\":\"inclusivenews2024\"},\"sameAs\":[\"https:\\\/\\\/inclusivenews.com.br\"],\"url\":\"https:\\\/\\\/inclusivenews.com.br\\\/?author=1\"}]}<\/script>\n<!-- \/ Yoast SEO plugin. -->","yoast_head_json":{"title":"Grafite: arte de rua -","robots":{"index":"index","follow":"follow","max-snippet":"max-snippet:-1","max-image-preview":"max-image-preview:large","max-video-preview":"max-video-preview:-1"},"canonical":"https:\/\/inclusivenews.com.br\/?p=15982","og_locale":"pt_PT","og_type":"article","og_title":"Grafite: arte de rua -","og_description":"Se voc\u00ea, alguma vez, andou distra\u00eddo e por alguns instantes se deu conta de que estava observando uma parede e de repente notou que aquela n\u00e3o era apenas uma \u201csimples parede\u201d, e sim, um quadro, usado para desenhar, pintar, ilustrar, dar vida \u00e0 imagina\u00e7\u00e3o, ent\u00e3o, com certeza, j\u00e1 presenciou o feito de um grande artista: o grafiteiro!","og_url":"https:\/\/inclusivenews.com.br\/?p=15982","article_publisher":"https:\/\/www.facebook.com\/agenciainclusive\/","article_published_time":"2010-06-17T11:00:16+00:00","og_image":[{"url":"http:\/\/fc08.deviantart.net\/fs7\/i\/2006\/165\/4\/c\/Grafiti_by_xthrownawayx.jpg","type":"","width":"","height":""}],"author":"inclusivenews2024","twitter_card":"summary_large_image","twitter_misc":{"Escrito por":"inclusivenews2024","Tempo estimado de leitura":"2 minutos"},"schema":{"@context":"https:\/\/schema.org","@graph":[{"@type":"Article","@id":"https:\/\/inclusivenews.com.br\/?p=15982#article","isPartOf":{"@id":"https:\/\/inclusivenews.com.br\/?p=15982"},"author":{"name":"inclusivenews2024","@id":"https:\/\/inclusivenews.com.br\/#\/schema\/person\/ae4ec7087559b8692fb33b6fffd2273b"},"headline":"Grafite: arte de rua","datePublished":"2010-06-17T11:00:16+00:00","mainEntityOfPage":{"@id":"https:\/\/inclusivenews.com.br\/?p=15982"},"wordCount":494,"commentCount":2,"publisher":{"@id":"https:\/\/inclusivenews.com.br\/#organization"},"image":{"@id":"https:\/\/inclusivenews.com.br\/?p=15982#primaryimage"},"thumbnailUrl":"http:\/\/fc08.deviantart.net\/fs7\/i\/2006\/165\/4\/c\/Grafiti_by_xthrownawayx.jpg","articleSection":["Cultura","INCLUS\u00c3O SOCIAL","OPINI\u00c3O"],"inLanguage":"pt-PT","potentialAction":[{"@type":"CommentAction","name":"Comment","target":["https:\/\/inclusivenews.com.br\/?p=15982#respond"]}]},{"@type":"WebPage","@id":"https:\/\/inclusivenews.com.br\/?p=15982","url":"https:\/\/inclusivenews.com.br\/?p=15982","name":"Grafite: arte de rua -","isPartOf":{"@id":"https:\/\/inclusivenews.com.br\/#website"},"primaryImageOfPage":{"@id":"https:\/\/inclusivenews.com.br\/?p=15982#primaryimage"},"image":{"@id":"https:\/\/inclusivenews.com.br\/?p=15982#primaryimage"},"thumbnailUrl":"http:\/\/fc08.deviantart.net\/fs7\/i\/2006\/165\/4\/c\/Grafiti_by_xthrownawayx.jpg","datePublished":"2010-06-17T11:00:16+00:00","breadcrumb":{"@id":"https:\/\/inclusivenews.com.br\/?p=15982#breadcrumb"},"inLanguage":"pt-PT","potentialAction":[{"@type":"ReadAction","target":["https:\/\/inclusivenews.com.br\/?p=15982"]}]},{"@type":"ImageObject","inLanguage":"pt-PT","@id":"https:\/\/inclusivenews.com.br\/?p=15982#primaryimage","url":"http:\/\/fc08.deviantart.net\/fs7\/i\/2006\/165\/4\/c\/Grafiti_by_xthrownawayx.jpg","contentUrl":"http:\/\/fc08.deviantart.net\/fs7\/i\/2006\/165\/4\/c\/Grafiti_by_xthrownawayx.jpg"},{"@type":"BreadcrumbList","@id":"https:\/\/inclusivenews.com.br\/?p=15982#breadcrumb","itemListElement":[{"@type":"ListItem","position":1,"name":"In\u00edcio","item":"https:\/\/inclusivenews.com.br\/"},{"@type":"ListItem","position":2,"name":"Grafite: arte de rua"}]},{"@type":"WebSite","@id":"https:\/\/inclusivenews.com.br\/#website","url":"https:\/\/inclusivenews.com.br\/","name":"Inclusive News","description":"Inclusive News","publisher":{"@id":"https:\/\/inclusivenews.com.br\/#organization"},"potentialAction":[{"@type":"SearchAction","target":{"@type":"EntryPoint","urlTemplate":"https:\/\/inclusivenews.com.br\/?s={search_term_string}"},"query-input":{"@type":"PropertyValueSpecification","valueRequired":true,"valueName":"search_term_string"}}],"inLanguage":"pt-PT"},{"@type":"Organization","@id":"https:\/\/inclusivenews.com.br\/#organization","name":"Inclusive - inclus\u00e3o e cidadania","url":"https:\/\/inclusivenews.com.br\/","logo":{"@type":"ImageObject","inLanguage":"pt-PT","@id":"https:\/\/inclusivenews.com.br\/#\/schema\/logo\/image\/","url":"https:\/\/inclusivenews.com.br\/wp-content\/uploads\/2024\/03\/@grandesite.png","contentUrl":"https:\/\/inclusivenews.com.br\/wp-content\/uploads\/2024\/03\/@grandesite.png","width":1080,"height":1080,"caption":"Inclusive - inclus\u00e3o e cidadania"},"image":{"@id":"https:\/\/inclusivenews.com.br\/#\/schema\/logo\/image\/"},"sameAs":["https:\/\/www.facebook.com\/agenciainclusive\/","https:\/\/www.instagram.com\/newsinclusive\/"]},{"@type":"Person","@id":"https:\/\/inclusivenews.com.br\/#\/schema\/person\/ae4ec7087559b8692fb33b6fffd2273b","name":"inclusivenews2024","image":{"@type":"ImageObject","inLanguage":"pt-PT","@id":"https:\/\/secure.gravatar.com\/avatar\/c5a7ef84c66fa914f55bc4f7ce26cfa275a3b9a1c5568b907bd184fb4dde7b40?s=96&d=mm&r=g","url":"https:\/\/secure.gravatar.com\/avatar\/c5a7ef84c66fa914f55bc4f7ce26cfa275a3b9a1c5568b907bd184fb4dde7b40?s=96&d=mm&r=g","contentUrl":"https:\/\/secure.gravatar.com\/avatar\/c5a7ef84c66fa914f55bc4f7ce26cfa275a3b9a1c5568b907bd184fb4dde7b40?s=96&d=mm&r=g","caption":"inclusivenews2024"},"sameAs":["https:\/\/inclusivenews.com.br"],"url":"https:\/\/inclusivenews.com.br\/?author=1"}]}},"_links":{"self":[{"href":"https:\/\/inclusivenews.com.br\/index.php?rest_route=\/wp\/v2\/posts\/15982","targetHints":{"allow":["GET"]}}],"collection":[{"href":"https:\/\/inclusivenews.com.br\/index.php?rest_route=\/wp\/v2\/posts"}],"about":[{"href":"https:\/\/inclusivenews.com.br\/index.php?rest_route=\/wp\/v2\/types\/post"}],"author":[{"embeddable":true,"href":"https:\/\/inclusivenews.com.br\/index.php?rest_route=\/wp\/v2\/users\/1"}],"replies":[{"embeddable":true,"href":"https:\/\/inclusivenews.com.br\/index.php?rest_route=%2Fwp%2Fv2%2Fcomments&post=15982"}],"version-history":[{"count":0,"href":"https:\/\/inclusivenews.com.br\/index.php?rest_route=\/wp\/v2\/posts\/15982\/revisions"}],"wp:attachment":[{"href":"https:\/\/inclusivenews.com.br\/index.php?rest_route=%2Fwp%2Fv2%2Fmedia&parent=15982"}],"wp:term":[{"taxonomy":"category","embeddable":true,"href":"https:\/\/inclusivenews.com.br\/index.php?rest_route=%2Fwp%2Fv2%2Fcategories&post=15982"},{"taxonomy":"post_tag","embeddable":true,"href":"https:\/\/inclusivenews.com.br\/index.php?rest_route=%2Fwp%2Fv2%2Ftags&post=15982"}],"curies":[{"name":"wp","href":"https:\/\/api.w.org\/{rel}","templated":true}]}}