{"id":16006,"date":"2010-06-17T05:59:30","date_gmt":"2010-06-17T08:59:30","guid":{"rendered":"http:\/\/www.inclusive.org.br\/?p=16006"},"modified":"2010-06-17T05:59:30","modified_gmt":"2010-06-17T08:59:30","slug":"a-discriminacao-como-causa","status":"publish","type":"post","link":"https:\/\/inclusivenews.com.br\/?p=16006","title":{"rendered":"A discrimina\u00e7\u00e3o como causa"},"content":{"rendered":"<figure style=\"width: 300px\" class=\"wp-caption alignleft\"><img loading=\"lazy\" decoding=\"async\" title=\"Parada l\u00e9sbica\" src=\"http:\/\/paradalesbica.com.br\/wp-content\/uploads\/2010\/05\/titlepl.jpg\" alt=\"\" width=\"300\" height=\"36\" \/><figcaption class=\"wp-caption-text\"> <\/figcaption><\/figure>\n<p><strong>Por Silvia Kiss em Universo Butch<\/strong><\/p>\n<p>Mudando a ordem dos fatores.<\/p>\n<p>Entre tantas declara\u00e7\u00f5es homof\u00f3bicas de bispos, padres, pastores, devemos mostrar que, nesse caso, a ordem dos fatores altera significamente o seu produto: a discrimina\u00e7\u00e3o como geradora dos males que a igreja teima em atribuir \u00e0 homossexualidade em si.<\/p>\n<p>\u00c9 f\u00e1cil n\u00e3o dar direito algum, for\u00e7ar a reprimir sentimentos em p\u00fablico, nos tratar como aberra\u00e7\u00f5es e depois dizer que somos problem\u00e1ticos. Muitos gays e l\u00e9sbicas acabam por adquirir v\u00e1rios problemas psicol\u00f3gicos e sociais por n\u00e3o terem apoio nem dentro da pr\u00f3pria fam\u00edlia. Transexuais e travestis n\u00e3o conseguem emprego em lugar algum e muitas vezes caem na marginalidade por pura falta de op\u00e7\u00e3o.<\/p>\n<p>Agora querem proibir gays de serem padres, e o argumento deles \u00e9 a incapacidade dos gays cumprirem o celibato, entre outras coisas. N\u00e3o vou entrar no m\u00e9rito da repress\u00e3o \u00e0 sexualidade humana nas igrejas cat\u00f3licas, mas discuto aqui o fato de que v\u00e1rios homossexuais temerosos das consequ\u00eancias por serem o que s\u00e3o, acabam por fazer parte de uma religi\u00e3o que obrigue-os a reprimir tudo de uma vez, para quem sabe cur\u00e1-los de algo que \u00e9 vergonhoso para eles. \u00d3bvio que n\u00e3o \u00e9 isso o que acontece. \u00c9 mais f\u00e1cil arrancar uma perna, um olho, um bra\u00e7o, do que arrancar um sentimento de dentro da gente. E quanto mais reprimido for, com mais for\u00e7a costuma aparecer depois e dos piores jeitos poss\u00edveis.<\/p>\n<p>\u00c9 no m\u00ednimo bizarro pensar que tudo poderia ser t\u00e3o mais simples e belo, se as pessoas n\u00e3o inventassem tantas regras, tantos paradigmas, tantas melecas conscienciais e afins.<\/p>\n<p>As religi\u00f5es deveriam mostrar a liga\u00e7\u00e3o com Deus, atrav\u00e9s do amor maior que a tudo gera. \u00c9 esse o elo. Por\u00e9m, o que vejo por a\u00ed \u00e9 o contr\u00e1rio. Muito discurso e pouca a\u00e7\u00e3o, muito julgamento e pouco amor. Muito teatro nos cultos e missas e pouca sintonia entre o que \u00e9 dito e o que se faz (sem querer generalizar, j\u00e1 que h\u00e1 padres, pastores, e outros religiosos maravilhosos que s\u00e3o muito verdadeiros e bons no que fazem).<\/p>\n<p>N\u00e3o \u00e9 somente na ora\u00e7\u00e3o, na missa, nos cultos, na frente do Papa ou do guru que mostramos o que h\u00e1 em nosso cora\u00e7\u00e3o. \u00c9 nas ruas, no trabalho, em casa, com seus filhos, marido, esposa, pai, m\u00e3e, irm\u00e3os, colegas, amigos e desconhecidos \u00e9 que vamos mostrar o nosso real \u201cEU\u201d. Ao orar, estamos canalizando nossas melhores inten\u00e7\u00f5es, seja a uma causa, a um ente querido, a uma na\u00e7\u00e3o inteira ou a n\u00f3s mesmos. \u00c9 importante ter esse momento de f\u00e9, de medita\u00e7\u00e3o, de agradecimento e de encontro com nossos objetivos e cren\u00e7as, mas n\u00e3o ser\u00e1 somente por esses momentos que seremos \u201cjulgados\u201d aos olhos do Criador.<\/p>\n<p>O nosso corpo f\u00edsico esconde muitas coisas, como sentimentos, pensamentos, sensa\u00e7\u00f5es, mas o nosso corpo astral, n\u00e3o. Ele \u00e9 transl\u00facido e reflete tudo o que somos no \u00edntimo. N\u00e3o cabe a mim provar se isso tudo \u00e9 real, cada um saber\u00e1 por si s\u00f3. N\u00e3o tenho a verdade absoluta e nem pretendo ter. A vida tem me provado que nada do que acontece \u00e9 por acaso e que mais cedo ou mais tarde, tudo o que plantamos ser\u00e1 colhido. Ent\u00e3o, depois de tantas provas e experi\u00eancias pessoais, tenho a dizer que s\u00f3 tem preconceitos quem tem MUITO a aprender.<\/p>\n<p>Fa\u00e7a um exerc\u00edcio: reflita sobre todos os seus preconceitos, todos os julgamentos que fazem voc\u00ea se sentir superior em rela\u00e7\u00e3o a algu\u00e9m, todos os pensamentos ruins sobre algum tipo de pessoa e veja de que lado est\u00e1 toda a sujeira, se em voc\u00ea ou nos outros. Sinta de onde est\u00e1 surgindo todas aquelas sensa\u00e7\u00f5es ruins, se vem do outro ou de voc\u00ea mesma em rela\u00e7\u00e3o \u00e0 outra pessoa. Perceba que cada pensamento ruim que houver no mundo, s\u00f3 aumentar\u00e1 a enorme egr\u00e9gora de medo, inseguran\u00e7a, viol\u00eancia e que ningu\u00e9m est\u00e1 livre de ser receptor disso tudo. N\u00e3o \u00e9 atrav\u00e9s da discrimina\u00e7\u00e3o, da viol\u00eancia e do descaso que vamos nos livrar daquilo que nos incomoda. \u00c9 s\u00f3 atrav\u00e9s do amor que poderemos compreender tudo aquilo que nos \u00e9 il\u00f3gico. S\u00f3 o amor une e faz desaparecer tantas barreiras.<br \/>\n__________________<\/p>\n<p><strong>Fonte:<\/strong> <a href=\"http:\/\/paradalesbica.com.br\/2010\/06\/a-discriminacao-como-causa\/\">Parada L\u00e9sbica<\/a><\/p>\n","protected":false},"excerpt":{"rendered":"<p>N\u00e3o \u00e9 atrav\u00e9s da discrimina\u00e7\u00e3o, da viol\u00eancia e do descaso que vamos nos livrar daquilo que nos incomoda. \u00c9 s\u00f3 atrav\u00e9s do amor que poderemos compreender tudo aquilo que nos \u00e9 il\u00f3gico. Por Silvia Kiss.<\/p>\n","protected":false},"author":1,"featured_media":0,"comment_status":"open","ping_status":"open","sticky":false,"template":"","format":"standard","meta":{"site-container-style":"default","site-container-layout":"default","site-sidebar-layout":"default","disable-article-header":"default","disable-site-header":"default","disable-site-footer":"default","disable-content-area-spacing":"default","footnotes":""},"categories":[40,8],"tags":[],"class_list":["post-16006","post","type-post","status-publish","format-standard","hentry","category-diversidade","category-textos-e-artigos"],"yoast_head":"<!-- This site is optimized with the Yoast SEO plugin v27.4 - https:\/\/yoast.com\/product\/yoast-seo-wordpress\/ -->\n<title>A discrimina\u00e7\u00e3o como causa -<\/title>\n<meta name=\"robots\" content=\"index, follow, max-snippet:-1, max-image-preview:large, max-video-preview:-1\" \/>\n<link rel=\"canonical\" href=\"https:\/\/inclusivenews.com.br\/?p=16006\" \/>\n<meta property=\"og:locale\" content=\"pt_PT\" \/>\n<meta property=\"og:type\" content=\"article\" \/>\n<meta property=\"og:title\" content=\"A discrimina\u00e7\u00e3o como causa -\" \/>\n<meta property=\"og:description\" content=\"N\u00e3o \u00e9 atrav\u00e9s da discrimina\u00e7\u00e3o, da viol\u00eancia e do descaso que vamos nos livrar daquilo que nos incomoda. \u00c9 s\u00f3 atrav\u00e9s do amor que poderemos compreender tudo aquilo que nos \u00e9 il\u00f3gico. Por Silvia Kiss.\" \/>\n<meta property=\"og:url\" content=\"https:\/\/inclusivenews.com.br\/?p=16006\" \/>\n<meta property=\"article:publisher\" content=\"https:\/\/www.facebook.com\/agenciainclusive\/\" \/>\n<meta property=\"article:published_time\" content=\"2010-06-17T08:59:30+00:00\" \/>\n<meta property=\"og:image\" content=\"http:\/\/paradalesbica.com.br\/wp-content\/uploads\/2010\/05\/titlepl.jpg\" \/>\n<meta name=\"author\" content=\"inclusivenews2024\" \/>\n<meta name=\"twitter:card\" content=\"summary_large_image\" \/>\n<meta name=\"twitter:label1\" content=\"Escrito por\" \/>\n\t<meta name=\"twitter:data1\" content=\"inclusivenews2024\" \/>\n\t<meta name=\"twitter:label2\" content=\"Tempo estimado de leitura\" \/>\n\t<meta name=\"twitter:data2\" content=\"4 minutos\" \/>\n<script type=\"application\/ld+json\" class=\"yoast-schema-graph\">{\"@context\":\"https:\\\/\\\/schema.org\",\"@graph\":[{\"@type\":\"Article\",\"@id\":\"https:\\\/\\\/inclusivenews.com.br\\\/?p=16006#article\",\"isPartOf\":{\"@id\":\"https:\\\/\\\/inclusivenews.com.br\\\/?p=16006\"},\"author\":{\"name\":\"inclusivenews2024\",\"@id\":\"https:\\\/\\\/inclusivenews.com.br\\\/#\\\/schema\\\/person\\\/ae4ec7087559b8692fb33b6fffd2273b\"},\"headline\":\"A discrimina\u00e7\u00e3o como causa\",\"datePublished\":\"2010-06-17T08:59:30+00:00\",\"mainEntityOfPage\":{\"@id\":\"https:\\\/\\\/inclusivenews.com.br\\\/?p=16006\"},\"wordCount\":753,\"commentCount\":0,\"publisher\":{\"@id\":\"https:\\\/\\\/inclusivenews.com.br\\\/#organization\"},\"image\":{\"@id\":\"https:\\\/\\\/inclusivenews.com.br\\\/?p=16006#primaryimage\"},\"thumbnailUrl\":\"http:\\\/\\\/paradalesbica.com.br\\\/wp-content\\\/uploads\\\/2010\\\/05\\\/titlepl.jpg\",\"articleSection\":[\"Diversidade\",\"OPINI\u00c3O\"],\"inLanguage\":\"pt-PT\",\"potentialAction\":[{\"@type\":\"CommentAction\",\"name\":\"Comment\",\"target\":[\"https:\\\/\\\/inclusivenews.com.br\\\/?p=16006#respond\"]}]},{\"@type\":\"WebPage\",\"@id\":\"https:\\\/\\\/inclusivenews.com.br\\\/?p=16006\",\"url\":\"https:\\\/\\\/inclusivenews.com.br\\\/?p=16006\",\"name\":\"A discrimina\u00e7\u00e3o como causa -\",\"isPartOf\":{\"@id\":\"https:\\\/\\\/inclusivenews.com.br\\\/#website\"},\"primaryImageOfPage\":{\"@id\":\"https:\\\/\\\/inclusivenews.com.br\\\/?p=16006#primaryimage\"},\"image\":{\"@id\":\"https:\\\/\\\/inclusivenews.com.br\\\/?p=16006#primaryimage\"},\"thumbnailUrl\":\"http:\\\/\\\/paradalesbica.com.br\\\/wp-content\\\/uploads\\\/2010\\\/05\\\/titlepl.jpg\",\"datePublished\":\"2010-06-17T08:59:30+00:00\",\"breadcrumb\":{\"@id\":\"https:\\\/\\\/inclusivenews.com.br\\\/?p=16006#breadcrumb\"},\"inLanguage\":\"pt-PT\",\"potentialAction\":[{\"@type\":\"ReadAction\",\"target\":[\"https:\\\/\\\/inclusivenews.com.br\\\/?p=16006\"]}]},{\"@type\":\"ImageObject\",\"inLanguage\":\"pt-PT\",\"@id\":\"https:\\\/\\\/inclusivenews.com.br\\\/?p=16006#primaryimage\",\"url\":\"http:\\\/\\\/paradalesbica.com.br\\\/wp-content\\\/uploads\\\/2010\\\/05\\\/titlepl.jpg\",\"contentUrl\":\"http:\\\/\\\/paradalesbica.com.br\\\/wp-content\\\/uploads\\\/2010\\\/05\\\/titlepl.jpg\"},{\"@type\":\"BreadcrumbList\",\"@id\":\"https:\\\/\\\/inclusivenews.com.br\\\/?p=16006#breadcrumb\",\"itemListElement\":[{\"@type\":\"ListItem\",\"position\":1,\"name\":\"In\u00edcio\",\"item\":\"https:\\\/\\\/inclusivenews.com.br\\\/\"},{\"@type\":\"ListItem\",\"position\":2,\"name\":\"A discrimina\u00e7\u00e3o como causa\"}]},{\"@type\":\"WebSite\",\"@id\":\"https:\\\/\\\/inclusivenews.com.br\\\/#website\",\"url\":\"https:\\\/\\\/inclusivenews.com.br\\\/\",\"name\":\"Inclusive News\",\"description\":\"Inclusive News\",\"publisher\":{\"@id\":\"https:\\\/\\\/inclusivenews.com.br\\\/#organization\"},\"potentialAction\":[{\"@type\":\"SearchAction\",\"target\":{\"@type\":\"EntryPoint\",\"urlTemplate\":\"https:\\\/\\\/inclusivenews.com.br\\\/?s={search_term_string}\"},\"query-input\":{\"@type\":\"PropertyValueSpecification\",\"valueRequired\":true,\"valueName\":\"search_term_string\"}}],\"inLanguage\":\"pt-PT\"},{\"@type\":\"Organization\",\"@id\":\"https:\\\/\\\/inclusivenews.com.br\\\/#organization\",\"name\":\"Inclusive - inclus\u00e3o e cidadania\",\"url\":\"https:\\\/\\\/inclusivenews.com.br\\\/\",\"logo\":{\"@type\":\"ImageObject\",\"inLanguage\":\"pt-PT\",\"@id\":\"https:\\\/\\\/inclusivenews.com.br\\\/#\\\/schema\\\/logo\\\/image\\\/\",\"url\":\"https:\\\/\\\/inclusivenews.com.br\\\/wp-content\\\/uploads\\\/2024\\\/03\\\/@grandesite.png\",\"contentUrl\":\"https:\\\/\\\/inclusivenews.com.br\\\/wp-content\\\/uploads\\\/2024\\\/03\\\/@grandesite.png\",\"width\":1080,\"height\":1080,\"caption\":\"Inclusive - inclus\u00e3o e cidadania\"},\"image\":{\"@id\":\"https:\\\/\\\/inclusivenews.com.br\\\/#\\\/schema\\\/logo\\\/image\\\/\"},\"sameAs\":[\"https:\\\/\\\/www.facebook.com\\\/agenciainclusive\\\/\",\"https:\\\/\\\/www.instagram.com\\\/newsinclusive\\\/\"]},{\"@type\":\"Person\",\"@id\":\"https:\\\/\\\/inclusivenews.com.br\\\/#\\\/schema\\\/person\\\/ae4ec7087559b8692fb33b6fffd2273b\",\"name\":\"inclusivenews2024\",\"image\":{\"@type\":\"ImageObject\",\"inLanguage\":\"pt-PT\",\"@id\":\"https:\\\/\\\/secure.gravatar.com\\\/avatar\\\/c5a7ef84c66fa914f55bc4f7ce26cfa275a3b9a1c5568b907bd184fb4dde7b40?s=96&d=mm&r=g\",\"url\":\"https:\\\/\\\/secure.gravatar.com\\\/avatar\\\/c5a7ef84c66fa914f55bc4f7ce26cfa275a3b9a1c5568b907bd184fb4dde7b40?s=96&d=mm&r=g\",\"contentUrl\":\"https:\\\/\\\/secure.gravatar.com\\\/avatar\\\/c5a7ef84c66fa914f55bc4f7ce26cfa275a3b9a1c5568b907bd184fb4dde7b40?s=96&d=mm&r=g\",\"caption\":\"inclusivenews2024\"},\"sameAs\":[\"https:\\\/\\\/inclusivenews.com.br\"],\"url\":\"https:\\\/\\\/inclusivenews.com.br\\\/?author=1\"}]}<\/script>\n<!-- \/ Yoast SEO plugin. -->","yoast_head_json":{"title":"A discrimina\u00e7\u00e3o como causa -","robots":{"index":"index","follow":"follow","max-snippet":"max-snippet:-1","max-image-preview":"max-image-preview:large","max-video-preview":"max-video-preview:-1"},"canonical":"https:\/\/inclusivenews.com.br\/?p=16006","og_locale":"pt_PT","og_type":"article","og_title":"A discrimina\u00e7\u00e3o como causa -","og_description":"N\u00e3o \u00e9 atrav\u00e9s da discrimina\u00e7\u00e3o, da viol\u00eancia e do descaso que vamos nos livrar daquilo que nos incomoda. \u00c9 s\u00f3 atrav\u00e9s do amor que poderemos compreender tudo aquilo que nos \u00e9 il\u00f3gico. Por Silvia Kiss.","og_url":"https:\/\/inclusivenews.com.br\/?p=16006","article_publisher":"https:\/\/www.facebook.com\/agenciainclusive\/","article_published_time":"2010-06-17T08:59:30+00:00","og_image":[{"url":"http:\/\/paradalesbica.com.br\/wp-content\/uploads\/2010\/05\/titlepl.jpg","type":"","width":"","height":""}],"author":"inclusivenews2024","twitter_card":"summary_large_image","twitter_misc":{"Escrito por":"inclusivenews2024","Tempo estimado de leitura":"4 minutos"},"schema":{"@context":"https:\/\/schema.org","@graph":[{"@type":"Article","@id":"https:\/\/inclusivenews.com.br\/?p=16006#article","isPartOf":{"@id":"https:\/\/inclusivenews.com.br\/?p=16006"},"author":{"name":"inclusivenews2024","@id":"https:\/\/inclusivenews.com.br\/#\/schema\/person\/ae4ec7087559b8692fb33b6fffd2273b"},"headline":"A discrimina\u00e7\u00e3o como causa","datePublished":"2010-06-17T08:59:30+00:00","mainEntityOfPage":{"@id":"https:\/\/inclusivenews.com.br\/?p=16006"},"wordCount":753,"commentCount":0,"publisher":{"@id":"https:\/\/inclusivenews.com.br\/#organization"},"image":{"@id":"https:\/\/inclusivenews.com.br\/?p=16006#primaryimage"},"thumbnailUrl":"http:\/\/paradalesbica.com.br\/wp-content\/uploads\/2010\/05\/titlepl.jpg","articleSection":["Diversidade","OPINI\u00c3O"],"inLanguage":"pt-PT","potentialAction":[{"@type":"CommentAction","name":"Comment","target":["https:\/\/inclusivenews.com.br\/?p=16006#respond"]}]},{"@type":"WebPage","@id":"https:\/\/inclusivenews.com.br\/?p=16006","url":"https:\/\/inclusivenews.com.br\/?p=16006","name":"A discrimina\u00e7\u00e3o como causa -","isPartOf":{"@id":"https:\/\/inclusivenews.com.br\/#website"},"primaryImageOfPage":{"@id":"https:\/\/inclusivenews.com.br\/?p=16006#primaryimage"},"image":{"@id":"https:\/\/inclusivenews.com.br\/?p=16006#primaryimage"},"thumbnailUrl":"http:\/\/paradalesbica.com.br\/wp-content\/uploads\/2010\/05\/titlepl.jpg","datePublished":"2010-06-17T08:59:30+00:00","breadcrumb":{"@id":"https:\/\/inclusivenews.com.br\/?p=16006#breadcrumb"},"inLanguage":"pt-PT","potentialAction":[{"@type":"ReadAction","target":["https:\/\/inclusivenews.com.br\/?p=16006"]}]},{"@type":"ImageObject","inLanguage":"pt-PT","@id":"https:\/\/inclusivenews.com.br\/?p=16006#primaryimage","url":"http:\/\/paradalesbica.com.br\/wp-content\/uploads\/2010\/05\/titlepl.jpg","contentUrl":"http:\/\/paradalesbica.com.br\/wp-content\/uploads\/2010\/05\/titlepl.jpg"},{"@type":"BreadcrumbList","@id":"https:\/\/inclusivenews.com.br\/?p=16006#breadcrumb","itemListElement":[{"@type":"ListItem","position":1,"name":"In\u00edcio","item":"https:\/\/inclusivenews.com.br\/"},{"@type":"ListItem","position":2,"name":"A discrimina\u00e7\u00e3o como causa"}]},{"@type":"WebSite","@id":"https:\/\/inclusivenews.com.br\/#website","url":"https:\/\/inclusivenews.com.br\/","name":"Inclusive News","description":"Inclusive News","publisher":{"@id":"https:\/\/inclusivenews.com.br\/#organization"},"potentialAction":[{"@type":"SearchAction","target":{"@type":"EntryPoint","urlTemplate":"https:\/\/inclusivenews.com.br\/?s={search_term_string}"},"query-input":{"@type":"PropertyValueSpecification","valueRequired":true,"valueName":"search_term_string"}}],"inLanguage":"pt-PT"},{"@type":"Organization","@id":"https:\/\/inclusivenews.com.br\/#organization","name":"Inclusive - inclus\u00e3o e cidadania","url":"https:\/\/inclusivenews.com.br\/","logo":{"@type":"ImageObject","inLanguage":"pt-PT","@id":"https:\/\/inclusivenews.com.br\/#\/schema\/logo\/image\/","url":"https:\/\/inclusivenews.com.br\/wp-content\/uploads\/2024\/03\/@grandesite.png","contentUrl":"https:\/\/inclusivenews.com.br\/wp-content\/uploads\/2024\/03\/@grandesite.png","width":1080,"height":1080,"caption":"Inclusive - inclus\u00e3o e cidadania"},"image":{"@id":"https:\/\/inclusivenews.com.br\/#\/schema\/logo\/image\/"},"sameAs":["https:\/\/www.facebook.com\/agenciainclusive\/","https:\/\/www.instagram.com\/newsinclusive\/"]},{"@type":"Person","@id":"https:\/\/inclusivenews.com.br\/#\/schema\/person\/ae4ec7087559b8692fb33b6fffd2273b","name":"inclusivenews2024","image":{"@type":"ImageObject","inLanguage":"pt-PT","@id":"https:\/\/secure.gravatar.com\/avatar\/c5a7ef84c66fa914f55bc4f7ce26cfa275a3b9a1c5568b907bd184fb4dde7b40?s=96&d=mm&r=g","url":"https:\/\/secure.gravatar.com\/avatar\/c5a7ef84c66fa914f55bc4f7ce26cfa275a3b9a1c5568b907bd184fb4dde7b40?s=96&d=mm&r=g","contentUrl":"https:\/\/secure.gravatar.com\/avatar\/c5a7ef84c66fa914f55bc4f7ce26cfa275a3b9a1c5568b907bd184fb4dde7b40?s=96&d=mm&r=g","caption":"inclusivenews2024"},"sameAs":["https:\/\/inclusivenews.com.br"],"url":"https:\/\/inclusivenews.com.br\/?author=1"}]}},"_links":{"self":[{"href":"https:\/\/inclusivenews.com.br\/index.php?rest_route=\/wp\/v2\/posts\/16006","targetHints":{"allow":["GET"]}}],"collection":[{"href":"https:\/\/inclusivenews.com.br\/index.php?rest_route=\/wp\/v2\/posts"}],"about":[{"href":"https:\/\/inclusivenews.com.br\/index.php?rest_route=\/wp\/v2\/types\/post"}],"author":[{"embeddable":true,"href":"https:\/\/inclusivenews.com.br\/index.php?rest_route=\/wp\/v2\/users\/1"}],"replies":[{"embeddable":true,"href":"https:\/\/inclusivenews.com.br\/index.php?rest_route=%2Fwp%2Fv2%2Fcomments&post=16006"}],"version-history":[{"count":0,"href":"https:\/\/inclusivenews.com.br\/index.php?rest_route=\/wp\/v2\/posts\/16006\/revisions"}],"wp:attachment":[{"href":"https:\/\/inclusivenews.com.br\/index.php?rest_route=%2Fwp%2Fv2%2Fmedia&parent=16006"}],"wp:term":[{"taxonomy":"category","embeddable":true,"href":"https:\/\/inclusivenews.com.br\/index.php?rest_route=%2Fwp%2Fv2%2Fcategories&post=16006"},{"taxonomy":"post_tag","embeddable":true,"href":"https:\/\/inclusivenews.com.br\/index.php?rest_route=%2Fwp%2Fv2%2Ftags&post=16006"}],"curies":[{"name":"wp","href":"https:\/\/api.w.org\/{rel}","templated":true}]}}