{"id":16008,"date":"2010-06-16T05:50:13","date_gmt":"2010-06-16T08:50:13","guid":{"rendered":"http:\/\/www.inclusive.org.br\/?p=16008"},"modified":"2010-06-16T05:50:13","modified_gmt":"2010-06-16T08:50:13","slug":"educacao-holocausto-e-direitos-humanos-e-tema-de-simposio-no-sesc-pompeia","status":"publish","type":"post","link":"https:\/\/inclusivenews.com.br\/?p=16008","title":{"rendered":"Educa\u00e7\u00e3o, Holocausto e Direitos Humanos \u00e9 tema de simposio no Sesc Pompeia"},"content":{"rendered":"<figure style=\"width: 360px\" class=\"wp-caption alignleft\"><a class=\"moz-txt-link-freetext\" href=\"http:\/\/www.pletz.com\/blog\/wp-content\/uploads\/2010\/06\/shoa1306.jpg\"><img loading=\"lazy\" decoding=\"async\" title=\"Sho\u00e1 - reflex\u00f5es por um mundo mais tolerante\" src=\"http:\/\/www.pletz.com\/blog\/wp-content\/uploads\/2010\/06\/shoa1306.jpg\" alt=\"\" width=\"360\" height=\"480\" \/><\/a><figcaption class=\"wp-caption-text\"> <\/figcaption><\/figure>\n<p>Na pr\u00f3xima quarta-feira (16.06), no Sesc Pomp\u00e9ia, \u00e0s 20 hs, a historiadora e professora do Depto de Hist\u00f3ria da USP Maria Luiza Tucci Carneiro, com Denise Hasbani (cientista pol\u00edtica e professora) e o jornalista e escritor Nelson Ascher se re\u00fanem para debater o tema: Educa\u00e7\u00e3o, o Holocausto e Direitos Humanos com p\u00fablico presente. Maria Luiza \u00e9 tamb\u00e9m Coordenadora do LEER- Laborat\u00f3rio de Estudos sobre Etnicidade, Racismo e Discrimina\u00e7\u00e3o junto ao qual \u00e9 respons\u00e1vel pelo ARQSHAH- Arquivo Virtual sobre Holocausto e Anti-semitismo. Denise Hasbani \u00e9 Bacharel em Ci\u00eancias Pol\u00edticas pela Universidade Hebraica de Jerusalem e Professora de Historia e Cultura Judaica no Col\u00e9gio I.L.Peretz. Algumas obras do jornalista e escritor Nelson Ascher foram: Parte Alguma, Poesia Alheia e Pomos da Disc\u00f3rdia \u2013 Ensaio. O evento acontece no dia 16 de junho, quarta-feira, \u00e0s 20h no Sesc Pompeia e os ingressos ser\u00e3o gratuitos.<\/p>\n<p><strong>SOBRE A MOSTRA SHO\u00c1 \u2013 REFLEX\u00d5ES POR UM MUNDO MAIS TOLERANTE<\/strong><\/p>\n<p>Ocupando os 600 m\u00b2 do Galp\u00e3o do Sesc Pompeia, a exposi\u00e7\u00e3o apresenta at\u00e9 o dia 04 de julho os diversos \u201cGenoc\u00eddios\u201d que ocorreram e ainda ocorrem na hist\u00f3ria da humanidade. O idealizador da itiner\u00e2ncia do projeto no Brasil, e um dos seus organizadores, \u00e9 o empres\u00e1rio William Rozenbaum Trosman, que ao visitar a exposi\u00e7\u00e3o \u201cSho\u00e1, Mem\u00f3ria e Legado do Holocausto\u201d, ocorrida em Montevid\u00e9u durante o ano de 2008, resolveu traz\u00ea-la para o Brasil.<\/p>\n<p>Projetada e concebida por tr\u00eas jovens uruguaios, Patricia Catz, Samuel Dresel e Uri Lichtenstein, a mostra teve seu ponto de partida em Montevid\u00e9u para a implanta\u00e7\u00e3o deste projeto no Brasil. No Uruguai a exposi\u00e7\u00e3o levou dois anos para ser preparada e envolveu mais de 150 pessoas, em sua maioria volunt\u00e1rios. Desde a sua concep\u00e7\u00e3o, a ideia era viajar com a mostra. De acordo com Miriam Vasserman, organizadora e coordenadora da mostra, \u201ca educa\u00e7\u00e3o \u00e9 o melhor caminho para o combate \u00e0 intoler\u00e2ncia e discrimina\u00e7\u00e3o. Sho\u00e1, o holocausto judaico, maior mancha negra na hist\u00f3ria da humanidade, deve ser contada e recontada para evitar que novos genoc\u00eddios de qualquer tipo aconte\u00e7am. Essa exposi\u00e7\u00e3o tem o intuito de educar atrav\u00e9s da reflex\u00e3o\u201d.<\/p>\n<p>No Brasil a mostra conta com a produ\u00e7\u00e3o cultural de Ana Helena Curti, curadoria do Prof. Fabio Magalh\u00e3es e organiza\u00e7\u00e3o e coordena\u00e7\u00e3o de Miriam Vasserman. A mostra est\u00e1 estruturada em tr\u00eas pilares: MEM\u00d3RIA \u2013 vis\u00e3o global, EDUCA\u00c7\u00c3O \u2013 Sho\u00e1 (Holocausto em hebraico) e LEGADO \u2013 reflex\u00e3o para os dias de hoje. Ben Abraham, sobrevivente, jornalista, coordenador-geral da Sherit Hapleit\u00e1 e vice-presidente da Associa\u00e7\u00e3o Mundial dos Sobreviventes do Nazismo, ser\u00e1 homenageado e representar\u00e1 todos os sobreviventes que moram no Brasil.<\/p>\n<p>Ainda na vers\u00e3o brasileira, a exposi\u00e7\u00e3o conta com obras de importantes artistas brasileiros contempor\u00e2neos, como Alex Flemming, Cl\u00e1udio Mubarac, Nazareth Pacheco, Renata Barros e Rosana Paulino, selecionadas por F\u00e1bio Magalh\u00e3es. Al\u00e9m disso, o projeto contar\u00e1 ainda com uma programa\u00e7\u00e3o paralela, reunindo palestras, simp\u00f3sios e exibi\u00e7\u00e3o de filmes com o tema.<\/p>\n<p>O SESC Pompeia foi considerado pela organiza\u00e7\u00e3o como ideal para a realiza\u00e7\u00e3o da exposi\u00e7\u00e3o, pois circulam diariamente cerca de 5000 pessoas, al\u00e9m de proporcionar programas de visitas escolares guiadas. No Uruguai a exposi\u00e7\u00e3o teve mais de 35 mil visitantes em dois meses, entre elas 10 mil alunos do ensino fundamental.<\/p>\n<p><strong>PROGRAMA\u00c7\u00c3O PARALELA<\/strong><\/p>\n<p>No \u00faltimo dia 9 Efraim Zuroff fez palestra com o tema \u201cO combate aos herdeiros do nazismo no s\u00e9culo 21\u201d. Zuroff tem se dedicado a rastrear os foragidos criminosos da guerra e contou sobre a experi\u00eancia de ca\u00e7a aos nazistas. Zuroff \u00e9 historiador e professor da organiza\u00e7\u00e3o de Israel e um dos mais importantes pesquisadores dos crimes de guerra nazistas. \u00c9 PhD em estudos do Holocausto pela Universidade Hebraica de Jerusal\u00e9m e autor de v\u00e1rios livros.<\/p>\n<p>Dia 16 de junho<br \/>\nSimp\u00f3sio: Educa\u00e7\u00e3o, o Holocausto e Direitos Humanos<br \/>\nParticipantes: Prof. Maria Luiza Tucci Carneiro; Prof. Denise Hasbany; Nelson Asches<\/p>\n<p>Dia 23 de junho<br \/>\nApresenta\u00e7\u00e3o do filme \u201cOlga\u201d, do diretor Jayme Monjardim, acompanhado de debate com Marcos Napolitano, Professor do Departamento de Hist\u00f3ria da USP<\/p>\n<p>Dia 30 de junho<br \/>\nApresenta\u00e7\u00e3o do filme \u201cNoite e Neblina\u201d de Alain Resnais. Discuss\u00e3o com Prof. Celso Zylbovicius, Diretor Educacional do projeto Marcha da Vida Universit\u00e1rios<\/p>\n<p><strong>SERVI\u00c7O<\/strong><\/p>\n<p>SESC POMPEIA apresenta a exposi\u00e7\u00e3o \u201cSho\u00e1 \u2013 Reflex\u00f5es por um mundo mais tolerante\u201d<br \/>\nRua Cl\u00e9lia, 93<br \/>\nSite: <a href=\"http:\/\/www.mostrashoa.com.br\">www.mostrashoa.com.br<\/a><br \/>\nVisita\u00e7\u00e3o: a partir de 28 de maio de 2010<br \/>\nTemporada: at\u00e9 4 de julho. Ter\u00e7a a s\u00e1bado, das 10h \u00e0s 21h30. Domingo e feriado, das 10h \u00e0s 19h.<br \/>\nLocal: Galp\u00e3o. Gr\u00e1tis<br \/>\nClassifica\u00e7\u00e3o indicativa: 12 anos<br \/>\nTelefone para informa\u00e7\u00f5es: (11) 3871-7700<br \/>\nA Unidade Pompeia n\u00e3o disp\u00f5e de estacionamento. Para informa\u00e7\u00f5es sobre outras programa\u00e7\u00f5es, ligue 0800-118220 ou acesse o portal <a href=\"http:\/\/www.sescsp.org.br\">www.sescsp.org.br<\/a><\/p>\n","protected":false},"excerpt":{"rendered":"<p>Na pr\u00f3xima quarta-feira (16.06), no Sesc Pomp\u00e9ia, \u00e0s 20 hs, a historiadora e professora do Depto de Hist\u00f3ria da USP Maria Luiza Tucci Carneiro, com Denise Hasbani (cientista pol\u00edtica e professora) e o jornalista e escritor Nelson Ascher se re\u00fanem para debater o tema: Educa\u00e7\u00e3o, o Holocausto e Direitos Humanos com p\u00fablico presente. <\/p>\n","protected":false},"author":1,"featured_media":0,"comment_status":"open","ping_status":"open","sticky":false,"template":"","format":"standard","meta":{"site-container-style":"default","site-container-layout":"default","site-sidebar-layout":"default","disable-article-header":"default","disable-site-header":"default","disable-site-footer":"default","disable-content-area-spacing":"default","footnotes":""},"categories":[12,4],"tags":[],"class_list":["post-16008","post","type-post","status-publish","format-standard","hentry","category-cursos-e-eventos","category-noticias"],"yoast_head":"<!-- This site is optimized with the Yoast SEO plugin v27.4 - https:\/\/yoast.com\/product\/yoast-seo-wordpress\/ -->\n<title>Educa\u00e7\u00e3o, Holocausto e Direitos Humanos \u00e9 tema de simposio no Sesc Pompeia -<\/title>\n<meta name=\"robots\" content=\"index, follow, max-snippet:-1, max-image-preview:large, max-video-preview:-1\" \/>\n<link rel=\"canonical\" href=\"https:\/\/inclusivenews.com.br\/?p=16008\" \/>\n<meta property=\"og:locale\" content=\"pt_PT\" \/>\n<meta property=\"og:type\" content=\"article\" \/>\n<meta property=\"og:title\" content=\"Educa\u00e7\u00e3o, Holocausto e Direitos Humanos \u00e9 tema de simposio no Sesc Pompeia -\" \/>\n<meta property=\"og:description\" content=\"Na pr\u00f3xima quarta-feira (16.06), no Sesc Pomp\u00e9ia, \u00e0s 20 hs, a historiadora e professora do Depto de Hist\u00f3ria da USP Maria Luiza Tucci Carneiro, com Denise Hasbani (cientista pol\u00edtica e professora) e o jornalista e escritor Nelson Ascher se re\u00fanem para debater o tema: Educa\u00e7\u00e3o, o Holocausto e Direitos Humanos com p\u00fablico presente.\" \/>\n<meta property=\"og:url\" content=\"https:\/\/inclusivenews.com.br\/?p=16008\" \/>\n<meta property=\"article:publisher\" content=\"https:\/\/www.facebook.com\/agenciainclusive\/\" \/>\n<meta property=\"article:published_time\" content=\"2010-06-16T08:50:13+00:00\" \/>\n<meta property=\"og:image\" content=\"http:\/\/www.pletz.com\/blog\/wp-content\/uploads\/2010\/06\/shoa1306.jpg\" \/>\n<meta name=\"author\" content=\"inclusivenews2024\" \/>\n<meta name=\"twitter:card\" content=\"summary_large_image\" \/>\n<meta name=\"twitter:label1\" content=\"Escrito por\" \/>\n\t<meta name=\"twitter:data1\" content=\"inclusivenews2024\" \/>\n\t<meta name=\"twitter:label2\" content=\"Tempo estimado de leitura\" \/>\n\t<meta name=\"twitter:data2\" content=\"4 minutos\" \/>\n<script type=\"application\/ld+json\" class=\"yoast-schema-graph\">{\"@context\":\"https:\\\/\\\/schema.org\",\"@graph\":[{\"@type\":\"Article\",\"@id\":\"https:\\\/\\\/inclusivenews.com.br\\\/?p=16008#article\",\"isPartOf\":{\"@id\":\"https:\\\/\\\/inclusivenews.com.br\\\/?p=16008\"},\"author\":{\"name\":\"inclusivenews2024\",\"@id\":\"https:\\\/\\\/inclusivenews.com.br\\\/#\\\/schema\\\/person\\\/ae4ec7087559b8692fb33b6fffd2273b\"},\"headline\":\"Educa\u00e7\u00e3o, Holocausto e Direitos Humanos \u00e9 tema de simposio no Sesc Pompeia\",\"datePublished\":\"2010-06-16T08:50:13+00:00\",\"mainEntityOfPage\":{\"@id\":\"https:\\\/\\\/inclusivenews.com.br\\\/?p=16008\"},\"wordCount\":840,\"commentCount\":0,\"publisher\":{\"@id\":\"https:\\\/\\\/inclusivenews.com.br\\\/#organization\"},\"image\":{\"@id\":\"https:\\\/\\\/inclusivenews.com.br\\\/?p=16008#primaryimage\"},\"thumbnailUrl\":\"http:\\\/\\\/www.pletz.com\\\/blog\\\/wp-content\\\/uploads\\\/2010\\\/06\\\/shoa1306.jpg\",\"articleSection\":[\"Cursos e eventos\",\"NOT\u00cdCIAS\"],\"inLanguage\":\"pt-PT\",\"potentialAction\":[{\"@type\":\"CommentAction\",\"name\":\"Comment\",\"target\":[\"https:\\\/\\\/inclusivenews.com.br\\\/?p=16008#respond\"]}]},{\"@type\":\"WebPage\",\"@id\":\"https:\\\/\\\/inclusivenews.com.br\\\/?p=16008\",\"url\":\"https:\\\/\\\/inclusivenews.com.br\\\/?p=16008\",\"name\":\"Educa\u00e7\u00e3o, Holocausto e Direitos Humanos \u00e9 tema de simposio no Sesc Pompeia -\",\"isPartOf\":{\"@id\":\"https:\\\/\\\/inclusivenews.com.br\\\/#website\"},\"primaryImageOfPage\":{\"@id\":\"https:\\\/\\\/inclusivenews.com.br\\\/?p=16008#primaryimage\"},\"image\":{\"@id\":\"https:\\\/\\\/inclusivenews.com.br\\\/?p=16008#primaryimage\"},\"thumbnailUrl\":\"http:\\\/\\\/www.pletz.com\\\/blog\\\/wp-content\\\/uploads\\\/2010\\\/06\\\/shoa1306.jpg\",\"datePublished\":\"2010-06-16T08:50:13+00:00\",\"breadcrumb\":{\"@id\":\"https:\\\/\\\/inclusivenews.com.br\\\/?p=16008#breadcrumb\"},\"inLanguage\":\"pt-PT\",\"potentialAction\":[{\"@type\":\"ReadAction\",\"target\":[\"https:\\\/\\\/inclusivenews.com.br\\\/?p=16008\"]}]},{\"@type\":\"ImageObject\",\"inLanguage\":\"pt-PT\",\"@id\":\"https:\\\/\\\/inclusivenews.com.br\\\/?p=16008#primaryimage\",\"url\":\"http:\\\/\\\/www.pletz.com\\\/blog\\\/wp-content\\\/uploads\\\/2010\\\/06\\\/shoa1306.jpg\",\"contentUrl\":\"http:\\\/\\\/www.pletz.com\\\/blog\\\/wp-content\\\/uploads\\\/2010\\\/06\\\/shoa1306.jpg\"},{\"@type\":\"BreadcrumbList\",\"@id\":\"https:\\\/\\\/inclusivenews.com.br\\\/?p=16008#breadcrumb\",\"itemListElement\":[{\"@type\":\"ListItem\",\"position\":1,\"name\":\"In\u00edcio\",\"item\":\"https:\\\/\\\/inclusivenews.com.br\\\/\"},{\"@type\":\"ListItem\",\"position\":2,\"name\":\"Educa\u00e7\u00e3o, Holocausto e Direitos Humanos \u00e9 tema de simposio no Sesc Pompeia\"}]},{\"@type\":\"WebSite\",\"@id\":\"https:\\\/\\\/inclusivenews.com.br\\\/#website\",\"url\":\"https:\\\/\\\/inclusivenews.com.br\\\/\",\"name\":\"Inclusive News\",\"description\":\"Inclusive News\",\"publisher\":{\"@id\":\"https:\\\/\\\/inclusivenews.com.br\\\/#organization\"},\"potentialAction\":[{\"@type\":\"SearchAction\",\"target\":{\"@type\":\"EntryPoint\",\"urlTemplate\":\"https:\\\/\\\/inclusivenews.com.br\\\/?s={search_term_string}\"},\"query-input\":{\"@type\":\"PropertyValueSpecification\",\"valueRequired\":true,\"valueName\":\"search_term_string\"}}],\"inLanguage\":\"pt-PT\"},{\"@type\":\"Organization\",\"@id\":\"https:\\\/\\\/inclusivenews.com.br\\\/#organization\",\"name\":\"Inclusive - inclus\u00e3o e cidadania\",\"url\":\"https:\\\/\\\/inclusivenews.com.br\\\/\",\"logo\":{\"@type\":\"ImageObject\",\"inLanguage\":\"pt-PT\",\"@id\":\"https:\\\/\\\/inclusivenews.com.br\\\/#\\\/schema\\\/logo\\\/image\\\/\",\"url\":\"https:\\\/\\\/inclusivenews.com.br\\\/wp-content\\\/uploads\\\/2024\\\/03\\\/@grandesite.png\",\"contentUrl\":\"https:\\\/\\\/inclusivenews.com.br\\\/wp-content\\\/uploads\\\/2024\\\/03\\\/@grandesite.png\",\"width\":1080,\"height\":1080,\"caption\":\"Inclusive - inclus\u00e3o e cidadania\"},\"image\":{\"@id\":\"https:\\\/\\\/inclusivenews.com.br\\\/#\\\/schema\\\/logo\\\/image\\\/\"},\"sameAs\":[\"https:\\\/\\\/www.facebook.com\\\/agenciainclusive\\\/\",\"https:\\\/\\\/www.instagram.com\\\/newsinclusive\\\/\"]},{\"@type\":\"Person\",\"@id\":\"https:\\\/\\\/inclusivenews.com.br\\\/#\\\/schema\\\/person\\\/ae4ec7087559b8692fb33b6fffd2273b\",\"name\":\"inclusivenews2024\",\"image\":{\"@type\":\"ImageObject\",\"inLanguage\":\"pt-PT\",\"@id\":\"https:\\\/\\\/secure.gravatar.com\\\/avatar\\\/c5a7ef84c66fa914f55bc4f7ce26cfa275a3b9a1c5568b907bd184fb4dde7b40?s=96&d=mm&r=g\",\"url\":\"https:\\\/\\\/secure.gravatar.com\\\/avatar\\\/c5a7ef84c66fa914f55bc4f7ce26cfa275a3b9a1c5568b907bd184fb4dde7b40?s=96&d=mm&r=g\",\"contentUrl\":\"https:\\\/\\\/secure.gravatar.com\\\/avatar\\\/c5a7ef84c66fa914f55bc4f7ce26cfa275a3b9a1c5568b907bd184fb4dde7b40?s=96&d=mm&r=g\",\"caption\":\"inclusivenews2024\"},\"sameAs\":[\"https:\\\/\\\/inclusivenews.com.br\"],\"url\":\"https:\\\/\\\/inclusivenews.com.br\\\/?author=1\"}]}<\/script>\n<!-- \/ Yoast SEO plugin. -->","yoast_head_json":{"title":"Educa\u00e7\u00e3o, Holocausto e Direitos Humanos \u00e9 tema de simposio no Sesc Pompeia -","robots":{"index":"index","follow":"follow","max-snippet":"max-snippet:-1","max-image-preview":"max-image-preview:large","max-video-preview":"max-video-preview:-1"},"canonical":"https:\/\/inclusivenews.com.br\/?p=16008","og_locale":"pt_PT","og_type":"article","og_title":"Educa\u00e7\u00e3o, Holocausto e Direitos Humanos \u00e9 tema de simposio no Sesc Pompeia -","og_description":"Na pr\u00f3xima quarta-feira (16.06), no Sesc Pomp\u00e9ia, \u00e0s 20 hs, a historiadora e professora do Depto de Hist\u00f3ria da USP Maria Luiza Tucci Carneiro, com Denise Hasbani (cientista pol\u00edtica e professora) e o jornalista e escritor Nelson Ascher se re\u00fanem para debater o tema: Educa\u00e7\u00e3o, o Holocausto e Direitos Humanos com p\u00fablico presente.","og_url":"https:\/\/inclusivenews.com.br\/?p=16008","article_publisher":"https:\/\/www.facebook.com\/agenciainclusive\/","article_published_time":"2010-06-16T08:50:13+00:00","og_image":[{"url":"http:\/\/www.pletz.com\/blog\/wp-content\/uploads\/2010\/06\/shoa1306.jpg","type":"","width":"","height":""}],"author":"inclusivenews2024","twitter_card":"summary_large_image","twitter_misc":{"Escrito por":"inclusivenews2024","Tempo estimado de leitura":"4 minutos"},"schema":{"@context":"https:\/\/schema.org","@graph":[{"@type":"Article","@id":"https:\/\/inclusivenews.com.br\/?p=16008#article","isPartOf":{"@id":"https:\/\/inclusivenews.com.br\/?p=16008"},"author":{"name":"inclusivenews2024","@id":"https:\/\/inclusivenews.com.br\/#\/schema\/person\/ae4ec7087559b8692fb33b6fffd2273b"},"headline":"Educa\u00e7\u00e3o, Holocausto e Direitos Humanos \u00e9 tema de simposio no Sesc Pompeia","datePublished":"2010-06-16T08:50:13+00:00","mainEntityOfPage":{"@id":"https:\/\/inclusivenews.com.br\/?p=16008"},"wordCount":840,"commentCount":0,"publisher":{"@id":"https:\/\/inclusivenews.com.br\/#organization"},"image":{"@id":"https:\/\/inclusivenews.com.br\/?p=16008#primaryimage"},"thumbnailUrl":"http:\/\/www.pletz.com\/blog\/wp-content\/uploads\/2010\/06\/shoa1306.jpg","articleSection":["Cursos e eventos","NOT\u00cdCIAS"],"inLanguage":"pt-PT","potentialAction":[{"@type":"CommentAction","name":"Comment","target":["https:\/\/inclusivenews.com.br\/?p=16008#respond"]}]},{"@type":"WebPage","@id":"https:\/\/inclusivenews.com.br\/?p=16008","url":"https:\/\/inclusivenews.com.br\/?p=16008","name":"Educa\u00e7\u00e3o, Holocausto e Direitos Humanos \u00e9 tema de simposio no Sesc Pompeia -","isPartOf":{"@id":"https:\/\/inclusivenews.com.br\/#website"},"primaryImageOfPage":{"@id":"https:\/\/inclusivenews.com.br\/?p=16008#primaryimage"},"image":{"@id":"https:\/\/inclusivenews.com.br\/?p=16008#primaryimage"},"thumbnailUrl":"http:\/\/www.pletz.com\/blog\/wp-content\/uploads\/2010\/06\/shoa1306.jpg","datePublished":"2010-06-16T08:50:13+00:00","breadcrumb":{"@id":"https:\/\/inclusivenews.com.br\/?p=16008#breadcrumb"},"inLanguage":"pt-PT","potentialAction":[{"@type":"ReadAction","target":["https:\/\/inclusivenews.com.br\/?p=16008"]}]},{"@type":"ImageObject","inLanguage":"pt-PT","@id":"https:\/\/inclusivenews.com.br\/?p=16008#primaryimage","url":"http:\/\/www.pletz.com\/blog\/wp-content\/uploads\/2010\/06\/shoa1306.jpg","contentUrl":"http:\/\/www.pletz.com\/blog\/wp-content\/uploads\/2010\/06\/shoa1306.jpg"},{"@type":"BreadcrumbList","@id":"https:\/\/inclusivenews.com.br\/?p=16008#breadcrumb","itemListElement":[{"@type":"ListItem","position":1,"name":"In\u00edcio","item":"https:\/\/inclusivenews.com.br\/"},{"@type":"ListItem","position":2,"name":"Educa\u00e7\u00e3o, Holocausto e Direitos Humanos \u00e9 tema de simposio no Sesc Pompeia"}]},{"@type":"WebSite","@id":"https:\/\/inclusivenews.com.br\/#website","url":"https:\/\/inclusivenews.com.br\/","name":"Inclusive News","description":"Inclusive News","publisher":{"@id":"https:\/\/inclusivenews.com.br\/#organization"},"potentialAction":[{"@type":"SearchAction","target":{"@type":"EntryPoint","urlTemplate":"https:\/\/inclusivenews.com.br\/?s={search_term_string}"},"query-input":{"@type":"PropertyValueSpecification","valueRequired":true,"valueName":"search_term_string"}}],"inLanguage":"pt-PT"},{"@type":"Organization","@id":"https:\/\/inclusivenews.com.br\/#organization","name":"Inclusive - inclus\u00e3o e cidadania","url":"https:\/\/inclusivenews.com.br\/","logo":{"@type":"ImageObject","inLanguage":"pt-PT","@id":"https:\/\/inclusivenews.com.br\/#\/schema\/logo\/image\/","url":"https:\/\/inclusivenews.com.br\/wp-content\/uploads\/2024\/03\/@grandesite.png","contentUrl":"https:\/\/inclusivenews.com.br\/wp-content\/uploads\/2024\/03\/@grandesite.png","width":1080,"height":1080,"caption":"Inclusive - inclus\u00e3o e cidadania"},"image":{"@id":"https:\/\/inclusivenews.com.br\/#\/schema\/logo\/image\/"},"sameAs":["https:\/\/www.facebook.com\/agenciainclusive\/","https:\/\/www.instagram.com\/newsinclusive\/"]},{"@type":"Person","@id":"https:\/\/inclusivenews.com.br\/#\/schema\/person\/ae4ec7087559b8692fb33b6fffd2273b","name":"inclusivenews2024","image":{"@type":"ImageObject","inLanguage":"pt-PT","@id":"https:\/\/secure.gravatar.com\/avatar\/c5a7ef84c66fa914f55bc4f7ce26cfa275a3b9a1c5568b907bd184fb4dde7b40?s=96&d=mm&r=g","url":"https:\/\/secure.gravatar.com\/avatar\/c5a7ef84c66fa914f55bc4f7ce26cfa275a3b9a1c5568b907bd184fb4dde7b40?s=96&d=mm&r=g","contentUrl":"https:\/\/secure.gravatar.com\/avatar\/c5a7ef84c66fa914f55bc4f7ce26cfa275a3b9a1c5568b907bd184fb4dde7b40?s=96&d=mm&r=g","caption":"inclusivenews2024"},"sameAs":["https:\/\/inclusivenews.com.br"],"url":"https:\/\/inclusivenews.com.br\/?author=1"}]}},"_links":{"self":[{"href":"https:\/\/inclusivenews.com.br\/index.php?rest_route=\/wp\/v2\/posts\/16008","targetHints":{"allow":["GET"]}}],"collection":[{"href":"https:\/\/inclusivenews.com.br\/index.php?rest_route=\/wp\/v2\/posts"}],"about":[{"href":"https:\/\/inclusivenews.com.br\/index.php?rest_route=\/wp\/v2\/types\/post"}],"author":[{"embeddable":true,"href":"https:\/\/inclusivenews.com.br\/index.php?rest_route=\/wp\/v2\/users\/1"}],"replies":[{"embeddable":true,"href":"https:\/\/inclusivenews.com.br\/index.php?rest_route=%2Fwp%2Fv2%2Fcomments&post=16008"}],"version-history":[{"count":0,"href":"https:\/\/inclusivenews.com.br\/index.php?rest_route=\/wp\/v2\/posts\/16008\/revisions"}],"wp:attachment":[{"href":"https:\/\/inclusivenews.com.br\/index.php?rest_route=%2Fwp%2Fv2%2Fmedia&parent=16008"}],"wp:term":[{"taxonomy":"category","embeddable":true,"href":"https:\/\/inclusivenews.com.br\/index.php?rest_route=%2Fwp%2Fv2%2Fcategories&post=16008"},{"taxonomy":"post_tag","embeddable":true,"href":"https:\/\/inclusivenews.com.br\/index.php?rest_route=%2Fwp%2Fv2%2Ftags&post=16008"}],"curies":[{"name":"wp","href":"https:\/\/api.w.org\/{rel}","templated":true}]}}