{"id":16012,"date":"2010-06-18T06:15:16","date_gmt":"2010-06-18T09:15:16","guid":{"rendered":"http:\/\/www.inclusive.org.br\/?p=16012"},"modified":"2010-06-18T06:15:16","modified_gmt":"2010-06-18T09:15:16","slug":"milk-a-voz-da-igualdade","status":"publish","type":"post","link":"https:\/\/inclusivenews.com.br\/?p=16012","title":{"rendered":"Milk &#8211; A Voz da Igualdade"},"content":{"rendered":"<figure style=\"width: 209px\" class=\"wp-caption alignleft\"><img loading=\"lazy\" decoding=\"async\" class=\" \" title=\"Cartaz de &quot;Milk&quot;.\" src=\"http:\/\/www.portalcultura.com.br\/banco_imagem\/milk-cartaz_7817342cd34.jpg\" alt=\"\" width=\"209\" height=\"306\" \/><figcaption class=\"wp-caption-text\"> <\/figcaption><\/figure>\n<p>&#8220;\u00c9 preciso eleger gays para que uma crian\u00e7a e outras milhares tenham a esperan\u00e7a de uma vida melhor.<br \/>\nA esperan\u00e7a de um futuro melhor.<br \/>\nEu pergunto isso: se houver um assassinato espero que cinco, dez, cem, aumentando para mil.<br \/>\nE se uma bala entrasse em meu c\u00e9rebro destruindo cada porta fechada.<br \/>\nEu pe\u00e7o para que o movimento continue.<br \/>\nPorque n\u00e3o \u00e9 um jogo pessoal.<br \/>\nN\u00e3o \u00e9 sobre o ego.<br \/>\nN\u00e3o \u00e9 sobre o poder.<br \/>\n\u00c9 sobre os que s\u00e3o como &#8220;n\u00f3s&#8221; a\u00ed fora.<br \/>\nN\u00e3o s\u00f3 gays.<br \/>\nMas os negros, os asi\u00e1ticos, os idosos, os deficientes, os &#8220;n\u00f3s&#8221;.<br \/>\nSem esperan\u00e7a,<br \/>\nos &#8220;n\u00f3s&#8221; desistem.<br \/>\nSei que voc\u00ea n\u00e3o pode viver na esperan\u00e7a sozinho, mas sem esperan\u00e7a a vida n\u00e3o \u00e9 digna de viver.<br \/>\nEnt\u00e3o voc\u00ea&#8230; e voc\u00ea e voc\u00ea.<br \/>\nTem que dar esperan\u00e7a.<br \/>\nTem que dar esperan\u00e7a.&#8221;<\/p>\n<p>Assim termina o filme Milk &#8211; A Voz da Igualdade, dica de filme da semana da Inclusive.<\/p>\n<p><a href=\"http:\/\/socializando2009.blogspot.com\/2010\/06\/milk-voz-da-igualdade.html\">Resenha no blog Socializando..<\/a><\/p>\n<p>Voc\u00ea j\u00e1 parou para pensar de onde se originou a Parada Gay que conhecemos? Como foi a luta pela toler\u00e2ncia \u00e0 diversidade sexual? Como foi que algu\u00e9m conseguiu plantar a sementinha que cresceu, se desenvolveu e gerou os frutos da inclus\u00e3o social que desfrutamos hoje?<\/p>\n<p>Milk consta em sua sinopse como um drama quando na verdade nada mais \u00e9 do que um document\u00e1rio de um l\u00edder do ativismo pela causa LGBTT (Gays, l\u00e9sbicas, Bissexuais, Transexuais e Travestis) em S\u00e3o Francisco.<\/p>\n<p>Harvey Milk foi \u00e0 S\u00e3o Francisco com seu companheiro e percebeu no bairro comercial &#8220;Castro&#8221; um local para instalar uma loja fotogr\u00e1fica. Mas, logo de cara, foram v\u00edtimas de preconceito por um suposto figur\u00e3o do local que, percebendo o companheirismo dos dois, agiu com discrimina\u00e7\u00e3o e amea\u00e7as. Harvey n\u00e3o se intimidou com aquele &#8220;convite para montar seu neg\u00f3cio em qualquer outro lugar, menos ali&#8221; e decidiu que aquelas instala\u00e7\u00f5es seriam perfeitas para o in\u00edcio n\u00e3o apenas de um trabalho para seu companheiro desempregado, mas, tamb\u00e9m, de uma revolu\u00e7\u00e3o politica-social.<\/p>\n<p>A loja fotogr\u00e1fica de Harvey, com o tempo, tornou-se um dos pontos conhecidos para o pessoal GLS (Gays, L\u00e9sbicas e Simpatizantes), pois viam uma chance de revelar seus &#8220;materiais secretos&#8221; sem medo de inf\u00e2mias e esc\u00e2ndalos. L\u00e1 dentro, eram acalorados pelo jeito sincero e desbocado de Harvey que j\u00e1 falava de seus objetivos para que\u00a0 todo aquele peda\u00e7o comercial se tornasse um &#8220;point gay&#8221;, pois, dessa forma, acreditava-se que poderia combater o \u00f3dio e a discrimana\u00e7\u00e3o aos homossexuais. Resultado: quem saia da loja, queria voltar e trazia mais amigos; a propaganda boca a boca foi crescendo em propor\u00e7\u00f5es gigantescas&#8230; t\u00e3o gigantescas quanto a resist\u00eancias dos comerciantes\u00a0 mais antigos e ignorantes em admitir aquele novo tipo de clientela.<\/p>\n<p>Estava declarada a guerra aos gays e l\u00e9sbicas em nome dos bons costumes e da moral. Harvey Milk, no entanto, era persistente e \u00e0 medida que sua loja aumentava a feguesia, a motiva\u00e7\u00e3o de pregar o respeito \u00e0 diversidade sexual tornara-se enorme a ponto de entegar-se de corpo e alma pela causa dos direitos LGBTT.<\/p>\n<p>Harvey passou a ser conhecido por muita gente de fora da cidade de S\u00e3o Francisco &#8211; pessoas que aliaram-se a ele e buscavam, juntos, for\u00e7a em massa para mudar as politicas da sociedade n\u00e3o apenas daquele bairro, daquela cidade, mas de toda a Am\u00e9rica do Norte e (por que n\u00e3o?) do mundo.<\/p>\n<p>Um filme envolvente pela forma veross\u00edmil e simples de mostrar a qu\u00ea o ativista pol\u00edtico veio.<\/p>\n<p>Os altos e baixos de seus dias, as conquistas e perdas que marcaram sua vida e faziam-no questionar at\u00e9 que ponto estaria valendo a pena abster-se de seu pr\u00f3prio conforto pessoal de gozar a vida ao lado de seu amor em nome da politica de igualdade social\u00a0 sem preconceitos, sem discrimina\u00e7\u00e3o, independente de op\u00e7\u00e3o sexual de cada um, \u00e9 algo que foi registrado de forma latente e comovente.<\/p>\n<p>&#8220;Milk&#8221; \u00e9 um filme que recomendo a todos, pois seu objetivo n\u00e3o \u00e9 o de mostrar como o mundo gay merece respeito e espa\u00e7o na sociedade, mas apenas o de retratar o que era a cidade de S\u00e3o Francisco antigamente e como o movimento LGBTT se enraizou e foi se ramificando ao que conhecemos hoje em diversas parte do mundo, inclusive aqui no Brasil, onde temos a Parada Gay de S\u00e3o Paulo reconhecida como a maior do mundo.<\/p>\n","protected":false},"excerpt":{"rendered":"<p>&#8220;(&#8230;) Tem que dar esperan\u00e7a. Tem que dar esperan\u00e7a.&#8221; Assim termina o filme Milk &#8211; A Voz da Igualdade, dica de filme da semana da Inclusive.<\/p>\n","protected":false},"author":1,"featured_media":0,"comment_status":"open","ping_status":"open","sticky":false,"template":"","format":"standard","meta":{"site-container-style":"default","site-container-layout":"default","site-sidebar-layout":"default","disable-article-header":"default","disable-site-header":"default","disable-site-footer":"default","disable-content-area-spacing":"default","footnotes":""},"categories":[29,57,58],"tags":[],"class_list":["post-16012","post","type-post","status-publish","format-standard","hentry","category-cultura","category-filmes-e-midias","category-resenha-e-critica"],"yoast_head":"<!-- This site is optimized with the Yoast SEO plugin v27.4 - https:\/\/yoast.com\/product\/yoast-seo-wordpress\/ -->\n<title>Milk - A Voz da Igualdade -<\/title>\n<meta name=\"robots\" content=\"index, follow, max-snippet:-1, max-image-preview:large, max-video-preview:-1\" \/>\n<link rel=\"canonical\" href=\"https:\/\/inclusivenews.com.br\/?p=16012\" \/>\n<meta property=\"og:locale\" content=\"pt_PT\" \/>\n<meta property=\"og:type\" content=\"article\" \/>\n<meta property=\"og:title\" content=\"Milk - A Voz da Igualdade -\" \/>\n<meta property=\"og:description\" content=\"&quot;(...) Tem que dar esperan\u00e7a. Tem que dar esperan\u00e7a.&quot; Assim termina o filme Milk - A Voz da Igualdade, dica de filme da semana da Inclusive.\" \/>\n<meta property=\"og:url\" content=\"https:\/\/inclusivenews.com.br\/?p=16012\" \/>\n<meta property=\"article:publisher\" content=\"https:\/\/www.facebook.com\/agenciainclusive\/\" \/>\n<meta property=\"article:published_time\" content=\"2010-06-18T09:15:16+00:00\" \/>\n<meta property=\"og:image\" content=\"http:\/\/www.portalcultura.com.br\/banco_imagem\/milk-cartaz_7817342cd34.jpg\" \/>\n<meta name=\"author\" content=\"inclusivenews2024\" \/>\n<meta name=\"twitter:card\" content=\"summary_large_image\" \/>\n<meta name=\"twitter:label1\" content=\"Escrito por\" \/>\n\t<meta name=\"twitter:data1\" content=\"inclusivenews2024\" \/>\n\t<meta name=\"twitter:label2\" content=\"Tempo estimado de leitura\" \/>\n\t<meta name=\"twitter:data2\" content=\"4 minutos\" \/>\n<script type=\"application\/ld+json\" class=\"yoast-schema-graph\">{\"@context\":\"https:\\\/\\\/schema.org\",\"@graph\":[{\"@type\":\"Article\",\"@id\":\"https:\\\/\\\/inclusivenews.com.br\\\/?p=16012#article\",\"isPartOf\":{\"@id\":\"https:\\\/\\\/inclusivenews.com.br\\\/?p=16012\"},\"author\":{\"name\":\"inclusivenews2024\",\"@id\":\"https:\\\/\\\/inclusivenews.com.br\\\/#\\\/schema\\\/person\\\/ae4ec7087559b8692fb33b6fffd2273b\"},\"headline\":\"Milk &#8211; A Voz da Igualdade\",\"datePublished\":\"2010-06-18T09:15:16+00:00\",\"mainEntityOfPage\":{\"@id\":\"https:\\\/\\\/inclusivenews.com.br\\\/?p=16012\"},\"wordCount\":777,\"commentCount\":0,\"publisher\":{\"@id\":\"https:\\\/\\\/inclusivenews.com.br\\\/#organization\"},\"image\":{\"@id\":\"https:\\\/\\\/inclusivenews.com.br\\\/?p=16012#primaryimage\"},\"thumbnailUrl\":\"http:\\\/\\\/www.portalcultura.com.br\\\/banco_imagem\\\/milk-cartaz_7817342cd34.jpg\",\"articleSection\":[\"Cultura\",\"Filmes e m\u00eddias\",\"Resenha e Cr\u00edtica\"],\"inLanguage\":\"pt-PT\",\"potentialAction\":[{\"@type\":\"CommentAction\",\"name\":\"Comment\",\"target\":[\"https:\\\/\\\/inclusivenews.com.br\\\/?p=16012#respond\"]}]},{\"@type\":\"WebPage\",\"@id\":\"https:\\\/\\\/inclusivenews.com.br\\\/?p=16012\",\"url\":\"https:\\\/\\\/inclusivenews.com.br\\\/?p=16012\",\"name\":\"Milk - A Voz da Igualdade -\",\"isPartOf\":{\"@id\":\"https:\\\/\\\/inclusivenews.com.br\\\/#website\"},\"primaryImageOfPage\":{\"@id\":\"https:\\\/\\\/inclusivenews.com.br\\\/?p=16012#primaryimage\"},\"image\":{\"@id\":\"https:\\\/\\\/inclusivenews.com.br\\\/?p=16012#primaryimage\"},\"thumbnailUrl\":\"http:\\\/\\\/www.portalcultura.com.br\\\/banco_imagem\\\/milk-cartaz_7817342cd34.jpg\",\"datePublished\":\"2010-06-18T09:15:16+00:00\",\"breadcrumb\":{\"@id\":\"https:\\\/\\\/inclusivenews.com.br\\\/?p=16012#breadcrumb\"},\"inLanguage\":\"pt-PT\",\"potentialAction\":[{\"@type\":\"ReadAction\",\"target\":[\"https:\\\/\\\/inclusivenews.com.br\\\/?p=16012\"]}]},{\"@type\":\"ImageObject\",\"inLanguage\":\"pt-PT\",\"@id\":\"https:\\\/\\\/inclusivenews.com.br\\\/?p=16012#primaryimage\",\"url\":\"http:\\\/\\\/www.portalcultura.com.br\\\/banco_imagem\\\/milk-cartaz_7817342cd34.jpg\",\"contentUrl\":\"http:\\\/\\\/www.portalcultura.com.br\\\/banco_imagem\\\/milk-cartaz_7817342cd34.jpg\"},{\"@type\":\"BreadcrumbList\",\"@id\":\"https:\\\/\\\/inclusivenews.com.br\\\/?p=16012#breadcrumb\",\"itemListElement\":[{\"@type\":\"ListItem\",\"position\":1,\"name\":\"In\u00edcio\",\"item\":\"https:\\\/\\\/inclusivenews.com.br\\\/\"},{\"@type\":\"ListItem\",\"position\":2,\"name\":\"Milk &#8211; A Voz da Igualdade\"}]},{\"@type\":\"WebSite\",\"@id\":\"https:\\\/\\\/inclusivenews.com.br\\\/#website\",\"url\":\"https:\\\/\\\/inclusivenews.com.br\\\/\",\"name\":\"Inclusive News\",\"description\":\"Inclusive News\",\"publisher\":{\"@id\":\"https:\\\/\\\/inclusivenews.com.br\\\/#organization\"},\"potentialAction\":[{\"@type\":\"SearchAction\",\"target\":{\"@type\":\"EntryPoint\",\"urlTemplate\":\"https:\\\/\\\/inclusivenews.com.br\\\/?s={search_term_string}\"},\"query-input\":{\"@type\":\"PropertyValueSpecification\",\"valueRequired\":true,\"valueName\":\"search_term_string\"}}],\"inLanguage\":\"pt-PT\"},{\"@type\":\"Organization\",\"@id\":\"https:\\\/\\\/inclusivenews.com.br\\\/#organization\",\"name\":\"Inclusive - inclus\u00e3o e cidadania\",\"url\":\"https:\\\/\\\/inclusivenews.com.br\\\/\",\"logo\":{\"@type\":\"ImageObject\",\"inLanguage\":\"pt-PT\",\"@id\":\"https:\\\/\\\/inclusivenews.com.br\\\/#\\\/schema\\\/logo\\\/image\\\/\",\"url\":\"https:\\\/\\\/inclusivenews.com.br\\\/wp-content\\\/uploads\\\/2024\\\/03\\\/@grandesite.png\",\"contentUrl\":\"https:\\\/\\\/inclusivenews.com.br\\\/wp-content\\\/uploads\\\/2024\\\/03\\\/@grandesite.png\",\"width\":1080,\"height\":1080,\"caption\":\"Inclusive - inclus\u00e3o e cidadania\"},\"image\":{\"@id\":\"https:\\\/\\\/inclusivenews.com.br\\\/#\\\/schema\\\/logo\\\/image\\\/\"},\"sameAs\":[\"https:\\\/\\\/www.facebook.com\\\/agenciainclusive\\\/\",\"https:\\\/\\\/www.instagram.com\\\/newsinclusive\\\/\"]},{\"@type\":\"Person\",\"@id\":\"https:\\\/\\\/inclusivenews.com.br\\\/#\\\/schema\\\/person\\\/ae4ec7087559b8692fb33b6fffd2273b\",\"name\":\"inclusivenews2024\",\"image\":{\"@type\":\"ImageObject\",\"inLanguage\":\"pt-PT\",\"@id\":\"https:\\\/\\\/secure.gravatar.com\\\/avatar\\\/c5a7ef84c66fa914f55bc4f7ce26cfa275a3b9a1c5568b907bd184fb4dde7b40?s=96&d=mm&r=g\",\"url\":\"https:\\\/\\\/secure.gravatar.com\\\/avatar\\\/c5a7ef84c66fa914f55bc4f7ce26cfa275a3b9a1c5568b907bd184fb4dde7b40?s=96&d=mm&r=g\",\"contentUrl\":\"https:\\\/\\\/secure.gravatar.com\\\/avatar\\\/c5a7ef84c66fa914f55bc4f7ce26cfa275a3b9a1c5568b907bd184fb4dde7b40?s=96&d=mm&r=g\",\"caption\":\"inclusivenews2024\"},\"sameAs\":[\"https:\\\/\\\/inclusivenews.com.br\"],\"url\":\"https:\\\/\\\/inclusivenews.com.br\\\/?author=1\"}]}<\/script>\n<!-- \/ Yoast SEO plugin. -->","yoast_head_json":{"title":"Milk - A Voz da Igualdade -","robots":{"index":"index","follow":"follow","max-snippet":"max-snippet:-1","max-image-preview":"max-image-preview:large","max-video-preview":"max-video-preview:-1"},"canonical":"https:\/\/inclusivenews.com.br\/?p=16012","og_locale":"pt_PT","og_type":"article","og_title":"Milk - A Voz da Igualdade -","og_description":"\"(...) Tem que dar esperan\u00e7a. Tem que dar esperan\u00e7a.\" Assim termina o filme Milk - A Voz da Igualdade, dica de filme da semana da Inclusive.","og_url":"https:\/\/inclusivenews.com.br\/?p=16012","article_publisher":"https:\/\/www.facebook.com\/agenciainclusive\/","article_published_time":"2010-06-18T09:15:16+00:00","og_image":[{"url":"http:\/\/www.portalcultura.com.br\/banco_imagem\/milk-cartaz_7817342cd34.jpg","type":"","width":"","height":""}],"author":"inclusivenews2024","twitter_card":"summary_large_image","twitter_misc":{"Escrito por":"inclusivenews2024","Tempo estimado de leitura":"4 minutos"},"schema":{"@context":"https:\/\/schema.org","@graph":[{"@type":"Article","@id":"https:\/\/inclusivenews.com.br\/?p=16012#article","isPartOf":{"@id":"https:\/\/inclusivenews.com.br\/?p=16012"},"author":{"name":"inclusivenews2024","@id":"https:\/\/inclusivenews.com.br\/#\/schema\/person\/ae4ec7087559b8692fb33b6fffd2273b"},"headline":"Milk &#8211; A Voz da Igualdade","datePublished":"2010-06-18T09:15:16+00:00","mainEntityOfPage":{"@id":"https:\/\/inclusivenews.com.br\/?p=16012"},"wordCount":777,"commentCount":0,"publisher":{"@id":"https:\/\/inclusivenews.com.br\/#organization"},"image":{"@id":"https:\/\/inclusivenews.com.br\/?p=16012#primaryimage"},"thumbnailUrl":"http:\/\/www.portalcultura.com.br\/banco_imagem\/milk-cartaz_7817342cd34.jpg","articleSection":["Cultura","Filmes e m\u00eddias","Resenha e Cr\u00edtica"],"inLanguage":"pt-PT","potentialAction":[{"@type":"CommentAction","name":"Comment","target":["https:\/\/inclusivenews.com.br\/?p=16012#respond"]}]},{"@type":"WebPage","@id":"https:\/\/inclusivenews.com.br\/?p=16012","url":"https:\/\/inclusivenews.com.br\/?p=16012","name":"Milk - A Voz da Igualdade -","isPartOf":{"@id":"https:\/\/inclusivenews.com.br\/#website"},"primaryImageOfPage":{"@id":"https:\/\/inclusivenews.com.br\/?p=16012#primaryimage"},"image":{"@id":"https:\/\/inclusivenews.com.br\/?p=16012#primaryimage"},"thumbnailUrl":"http:\/\/www.portalcultura.com.br\/banco_imagem\/milk-cartaz_7817342cd34.jpg","datePublished":"2010-06-18T09:15:16+00:00","breadcrumb":{"@id":"https:\/\/inclusivenews.com.br\/?p=16012#breadcrumb"},"inLanguage":"pt-PT","potentialAction":[{"@type":"ReadAction","target":["https:\/\/inclusivenews.com.br\/?p=16012"]}]},{"@type":"ImageObject","inLanguage":"pt-PT","@id":"https:\/\/inclusivenews.com.br\/?p=16012#primaryimage","url":"http:\/\/www.portalcultura.com.br\/banco_imagem\/milk-cartaz_7817342cd34.jpg","contentUrl":"http:\/\/www.portalcultura.com.br\/banco_imagem\/milk-cartaz_7817342cd34.jpg"},{"@type":"BreadcrumbList","@id":"https:\/\/inclusivenews.com.br\/?p=16012#breadcrumb","itemListElement":[{"@type":"ListItem","position":1,"name":"In\u00edcio","item":"https:\/\/inclusivenews.com.br\/"},{"@type":"ListItem","position":2,"name":"Milk &#8211; A Voz da Igualdade"}]},{"@type":"WebSite","@id":"https:\/\/inclusivenews.com.br\/#website","url":"https:\/\/inclusivenews.com.br\/","name":"Inclusive News","description":"Inclusive News","publisher":{"@id":"https:\/\/inclusivenews.com.br\/#organization"},"potentialAction":[{"@type":"SearchAction","target":{"@type":"EntryPoint","urlTemplate":"https:\/\/inclusivenews.com.br\/?s={search_term_string}"},"query-input":{"@type":"PropertyValueSpecification","valueRequired":true,"valueName":"search_term_string"}}],"inLanguage":"pt-PT"},{"@type":"Organization","@id":"https:\/\/inclusivenews.com.br\/#organization","name":"Inclusive - inclus\u00e3o e cidadania","url":"https:\/\/inclusivenews.com.br\/","logo":{"@type":"ImageObject","inLanguage":"pt-PT","@id":"https:\/\/inclusivenews.com.br\/#\/schema\/logo\/image\/","url":"https:\/\/inclusivenews.com.br\/wp-content\/uploads\/2024\/03\/@grandesite.png","contentUrl":"https:\/\/inclusivenews.com.br\/wp-content\/uploads\/2024\/03\/@grandesite.png","width":1080,"height":1080,"caption":"Inclusive - inclus\u00e3o e cidadania"},"image":{"@id":"https:\/\/inclusivenews.com.br\/#\/schema\/logo\/image\/"},"sameAs":["https:\/\/www.facebook.com\/agenciainclusive\/","https:\/\/www.instagram.com\/newsinclusive\/"]},{"@type":"Person","@id":"https:\/\/inclusivenews.com.br\/#\/schema\/person\/ae4ec7087559b8692fb33b6fffd2273b","name":"inclusivenews2024","image":{"@type":"ImageObject","inLanguage":"pt-PT","@id":"https:\/\/secure.gravatar.com\/avatar\/c5a7ef84c66fa914f55bc4f7ce26cfa275a3b9a1c5568b907bd184fb4dde7b40?s=96&d=mm&r=g","url":"https:\/\/secure.gravatar.com\/avatar\/c5a7ef84c66fa914f55bc4f7ce26cfa275a3b9a1c5568b907bd184fb4dde7b40?s=96&d=mm&r=g","contentUrl":"https:\/\/secure.gravatar.com\/avatar\/c5a7ef84c66fa914f55bc4f7ce26cfa275a3b9a1c5568b907bd184fb4dde7b40?s=96&d=mm&r=g","caption":"inclusivenews2024"},"sameAs":["https:\/\/inclusivenews.com.br"],"url":"https:\/\/inclusivenews.com.br\/?author=1"}]}},"_links":{"self":[{"href":"https:\/\/inclusivenews.com.br\/index.php?rest_route=\/wp\/v2\/posts\/16012","targetHints":{"allow":["GET"]}}],"collection":[{"href":"https:\/\/inclusivenews.com.br\/index.php?rest_route=\/wp\/v2\/posts"}],"about":[{"href":"https:\/\/inclusivenews.com.br\/index.php?rest_route=\/wp\/v2\/types\/post"}],"author":[{"embeddable":true,"href":"https:\/\/inclusivenews.com.br\/index.php?rest_route=\/wp\/v2\/users\/1"}],"replies":[{"embeddable":true,"href":"https:\/\/inclusivenews.com.br\/index.php?rest_route=%2Fwp%2Fv2%2Fcomments&post=16012"}],"version-history":[{"count":0,"href":"https:\/\/inclusivenews.com.br\/index.php?rest_route=\/wp\/v2\/posts\/16012\/revisions"}],"wp:attachment":[{"href":"https:\/\/inclusivenews.com.br\/index.php?rest_route=%2Fwp%2Fv2%2Fmedia&parent=16012"}],"wp:term":[{"taxonomy":"category","embeddable":true,"href":"https:\/\/inclusivenews.com.br\/index.php?rest_route=%2Fwp%2Fv2%2Fcategories&post=16012"},{"taxonomy":"post_tag","embeddable":true,"href":"https:\/\/inclusivenews.com.br\/index.php?rest_route=%2Fwp%2Fv2%2Ftags&post=16012"}],"curies":[{"name":"wp","href":"https:\/\/api.w.org\/{rel}","templated":true}]}}