{"id":16063,"date":"2010-08-01T06:00:30","date_gmt":"2010-08-01T09:00:30","guid":{"rendered":"http:\/\/www.inclusive.org.br\/?p=16063"},"modified":"2010-08-01T06:00:30","modified_gmt":"2010-08-01T09:00:30","slug":"iv-seminario-nacional-sobre-educacao-e-inclusao-social-de-pessoas-com-necessidades-especiais","status":"publish","type":"post","link":"https:\/\/inclusivenews.com.br\/?p=16063","title":{"rendered":"IV Semin\u00e1rio Nacional Sobre Educa\u00e7\u00e3o e Inclus\u00e3o Social de Pessoas com Necessidades Especiais"},"content":{"rendered":"<figure style=\"width: 210px\" class=\"wp-caption alignnone\"><img loading=\"lazy\" decoding=\"async\" title=\"Logotipo da UFRN\" src=\"http:\/\/www.dca.ufrn.br\/images\/UFRN1t.gif\" alt=\"\" width=\"210\" height=\"87\" \/><figcaption class=\"wp-caption-text\"> <\/figcaption><\/figure>\n<p>15 a 17 de setembro de 2010 UFRN- Campus Central<\/p>\n<p><strong>TEMA <\/strong><br \/>\nInclus\u00e3o escolar e social: novos aportes, novos contextos.<\/p>\n<p><strong>OBJETIVO<\/strong><br \/>\nO IV Semin\u00e1rio sobre Educa\u00e7\u00e3o e Inclus\u00e3o Social de Pessoas com Necessidades Especiais objetiva oferecer oportunidade de socializa\u00e7\u00e3o e interc\u00e2mbio de pesquisas cient\u00edficas e de experi\u00eancias desenvolvidas, propiciando espa\u00e7os para reflex\u00f5es e debates sobre pr\u00e1ticas inclusivas no sistema de ensino e em outros contextos. COMISS\u00c3O ORGANIZADORA \u2022\u00a0 \u00a0 \u00a0 Prof\u00aa. Dr\u00aa. L\u00facia de Ara\u00fajo Ramos Martins \u2022\u00a0 \u00a0 \u00a0 Prof. Dr. Jos\u00e9 Pires \u2022\u00a0 \u00a0 \u00a0 Prof\u00aa. Dr\u00aa. Gl\u00e1ucia do N. da Luz Pires \u2022\u00a0 \u00a0 \u00a0 Prof\u00aa. Dr\u00aa. Luzia Guacira dos Santos Silva \u2022\u00a0 \u00a0 \u00a0 Prof. Dr. Francisco Ricardo Lins Vieira de Melo \u2022\u00a0 \u00a0 \u00a0 Prof\u00aa. Dr\u00aa. Rita de C\u00e1ssia Barbosa Magalh\u00e3es \u2022\u00a0 \u00a0 \u00a0 Prof\u00aa. Dr\u00aa. D\u00e9bora Regina de Paula Nunes \u2022\u00a0 \u00a0 \u00a0 Prof. Dr. Jefferson Fernandes Alves<\/p>\n<p><strong>ATIVIDADES<\/strong><br \/>\nEst\u00e3o previstas, durante o per\u00edodo do semin\u00e1rio, diversas atividades: \u2022\u00a0 \u00a0 \u00a0 confer\u00eancias; \u2022\u00a0 \u00a0 \u00a0 mesas redondas; \u2022\u00a0 \u00a0 \u00a0 comunica\u00e7\u00f5es orais; \u2022\u00a0 \u00a0 \u00a0 p\u00f4steres.<\/p>\n<p><strong>NORMAS PARA APRESENTA\u00c7\u00c3O DE TRABALHOS<\/strong><br \/>\nDurante o semin\u00e1rio podem ser apresentados relatos de pesquisa e de experi\u00eancias profissionais. Os trabalhos podem ser inscritos para a apresenta\u00e7\u00e3o em sess\u00e3o de comunica\u00e7\u00e3o oral e em sess\u00e3o de p\u00f4steres. Ser\u00e3o aceitos at\u00e9 3 trabalhos por inscri\u00e7\u00e3o, desde que em categorias diferentes (comunica\u00e7\u00e3o oral, p\u00f4ster).<\/p>\n<p>MAIORES INFORMA\u00c7\u00d5ES SOBRE O EVENTO PODER\u00c3O SER OBTIDAS, NO SITE DO PPGEd: <a href=\"http:\/\/www.ppged.ufrn.br\">www.ppged.ufrn.br<\/a> Ou pelo e-mail: <a href=\"mailto:seminarioinclusao2010@yahoo.com.br\">seminarioinclusao2010@yahoo.com.br<\/a><\/p>\n<p><strong>INSCRI\u00c7\u00d5ES<\/strong><br \/>\nUFRN \/ CCSA \/ Departamento de Educa\u00e7\u00e3o \u2013- Sala 14 Campus Universit\u00e1rio \u2013 Lagoa Nova \u2013 Natal\/RN (apenas no turno matutino).<\/p>\n<p>EIXOS TEM\u00c1TICOS<br \/>\n\u2022\u00a0 \u00a0 \u00a0 Artes, escola, inclus\u00e3o; \u2022\u00a0 \u00a0 \u00a0 Educa\u00e7\u00e3o e Reabilita\u00e7\u00e3o; \u2022\u00a0 \u00a0 \u00a0 Fam\u00edlia, educa\u00e7\u00e3o e inclus\u00e3o social; \u2022\u00a0 \u00a0 \u00a0 Forma\u00e7\u00e3o de professores: pol\u00edticas e pr\u00e1ticas; \u2022\u00a0 \u00a0 \u00a0 Inclus\u00e3o e trabalho; \u2022\u00a0 \u00a0 \u00a0 Inclus\u00e3o escolar (na Educa\u00e7\u00e3o Infantil, Ensino Fundamental e Ensino M\u00e9dio); \u2022\u00a0 \u00a0 \u00a0 Inclus\u00e3o no Ensino Superior \u2022\u00a0 \u00a0 \u00a0 Pol\u00edticas de inclus\u00e3o; \u2022\u00a0 \u00a0 \u00a0 Tecnologia Assistiva e Acessibilidade.<\/p>\n","protected":false},"excerpt":{"rendered":"<p>O IV Semin\u00e1rio sobre Educa\u00e7\u00e3o e Inclus\u00e3o Social de Pessoas com Necessidades Especiais objetiva oferecer oportunidade de socializa\u00e7\u00e3o e interc\u00e2mbio de pesquisas cient\u00edficas e de experi\u00eancias desenvolvidas, propiciando espa\u00e7os para reflex\u00f5es e debates sobre pr\u00e1ticas inclusivas no sistema de ensino e em outros contextos.<\/p>\n","protected":false},"author":1,"featured_media":0,"comment_status":"open","ping_status":"open","sticky":false,"template":"","format":"standard","meta":{"site-container-style":"default","site-container-layout":"default","site-sidebar-layout":"default","disable-article-header":"default","disable-site-header":"default","disable-site-footer":"default","disable-content-area-spacing":"default","footnotes":""},"categories":[12,4],"tags":[],"class_list":["post-16063","post","type-post","status-publish","format-standard","hentry","category-cursos-e-eventos","category-noticias"],"yoast_head":"<!-- This site is optimized with the Yoast SEO plugin v27.4 - https:\/\/yoast.com\/product\/yoast-seo-wordpress\/ -->\n<title>IV Semin\u00e1rio Nacional Sobre Educa\u00e7\u00e3o e Inclus\u00e3o Social de Pessoas com Necessidades Especiais -<\/title>\n<meta name=\"robots\" content=\"index, follow, max-snippet:-1, max-image-preview:large, max-video-preview:-1\" \/>\n<link rel=\"canonical\" href=\"https:\/\/inclusivenews.com.br\/?p=16063\" \/>\n<meta property=\"og:locale\" content=\"pt_PT\" \/>\n<meta property=\"og:type\" content=\"article\" \/>\n<meta property=\"og:title\" content=\"IV Semin\u00e1rio Nacional Sobre Educa\u00e7\u00e3o e Inclus\u00e3o Social de Pessoas com Necessidades Especiais -\" \/>\n<meta property=\"og:description\" content=\"O IV Semin\u00e1rio sobre Educa\u00e7\u00e3o e Inclus\u00e3o Social de Pessoas com Necessidades Especiais objetiva oferecer oportunidade de socializa\u00e7\u00e3o e interc\u00e2mbio de pesquisas cient\u00edficas e de experi\u00eancias desenvolvidas, propiciando espa\u00e7os para reflex\u00f5es e debates sobre pr\u00e1ticas inclusivas no sistema de ensino e em outros contextos.\" \/>\n<meta property=\"og:url\" content=\"https:\/\/inclusivenews.com.br\/?p=16063\" \/>\n<meta property=\"article:publisher\" content=\"https:\/\/www.facebook.com\/agenciainclusive\/\" \/>\n<meta property=\"article:published_time\" content=\"2010-08-01T09:00:30+00:00\" \/>\n<meta property=\"og:image\" content=\"http:\/\/www.dca.ufrn.br\/images\/UFRN1t.gif\" \/>\n<meta name=\"author\" content=\"inclusivenews2024\" \/>\n<meta name=\"twitter:card\" content=\"summary_large_image\" \/>\n<meta name=\"twitter:label1\" content=\"Escrito por\" \/>\n\t<meta name=\"twitter:data1\" content=\"inclusivenews2024\" \/>\n\t<meta name=\"twitter:label2\" content=\"Tempo estimado de leitura\" \/>\n\t<meta name=\"twitter:data2\" content=\"2 minutos\" \/>\n<script type=\"application\/ld+json\" class=\"yoast-schema-graph\">{\"@context\":\"https:\\\/\\\/schema.org\",\"@graph\":[{\"@type\":\"Article\",\"@id\":\"https:\\\/\\\/inclusivenews.com.br\\\/?p=16063#article\",\"isPartOf\":{\"@id\":\"https:\\\/\\\/inclusivenews.com.br\\\/?p=16063\"},\"author\":{\"name\":\"inclusivenews2024\",\"@id\":\"https:\\\/\\\/inclusivenews.com.br\\\/#\\\/schema\\\/person\\\/ae4ec7087559b8692fb33b6fffd2273b\"},\"headline\":\"IV Semin\u00e1rio Nacional Sobre Educa\u00e7\u00e3o e Inclus\u00e3o Social de Pessoas com Necessidades Especiais\",\"datePublished\":\"2010-08-01T09:00:30+00:00\",\"mainEntityOfPage\":{\"@id\":\"https:\\\/\\\/inclusivenews.com.br\\\/?p=16063\"},\"wordCount\":347,\"commentCount\":0,\"publisher\":{\"@id\":\"https:\\\/\\\/inclusivenews.com.br\\\/#organization\"},\"image\":{\"@id\":\"https:\\\/\\\/inclusivenews.com.br\\\/?p=16063#primaryimage\"},\"thumbnailUrl\":\"http:\\\/\\\/www.dca.ufrn.br\\\/images\\\/UFRN1t.gif\",\"articleSection\":[\"Cursos e eventos\",\"NOT\u00cdCIAS\"],\"inLanguage\":\"pt-PT\",\"potentialAction\":[{\"@type\":\"CommentAction\",\"name\":\"Comment\",\"target\":[\"https:\\\/\\\/inclusivenews.com.br\\\/?p=16063#respond\"]}]},{\"@type\":\"WebPage\",\"@id\":\"https:\\\/\\\/inclusivenews.com.br\\\/?p=16063\",\"url\":\"https:\\\/\\\/inclusivenews.com.br\\\/?p=16063\",\"name\":\"IV Semin\u00e1rio Nacional Sobre Educa\u00e7\u00e3o e Inclus\u00e3o Social de Pessoas com Necessidades Especiais -\",\"isPartOf\":{\"@id\":\"https:\\\/\\\/inclusivenews.com.br\\\/#website\"},\"primaryImageOfPage\":{\"@id\":\"https:\\\/\\\/inclusivenews.com.br\\\/?p=16063#primaryimage\"},\"image\":{\"@id\":\"https:\\\/\\\/inclusivenews.com.br\\\/?p=16063#primaryimage\"},\"thumbnailUrl\":\"http:\\\/\\\/www.dca.ufrn.br\\\/images\\\/UFRN1t.gif\",\"datePublished\":\"2010-08-01T09:00:30+00:00\",\"breadcrumb\":{\"@id\":\"https:\\\/\\\/inclusivenews.com.br\\\/?p=16063#breadcrumb\"},\"inLanguage\":\"pt-PT\",\"potentialAction\":[{\"@type\":\"ReadAction\",\"target\":[\"https:\\\/\\\/inclusivenews.com.br\\\/?p=16063\"]}]},{\"@type\":\"ImageObject\",\"inLanguage\":\"pt-PT\",\"@id\":\"https:\\\/\\\/inclusivenews.com.br\\\/?p=16063#primaryimage\",\"url\":\"http:\\\/\\\/www.dca.ufrn.br\\\/images\\\/UFRN1t.gif\",\"contentUrl\":\"http:\\\/\\\/www.dca.ufrn.br\\\/images\\\/UFRN1t.gif\"},{\"@type\":\"BreadcrumbList\",\"@id\":\"https:\\\/\\\/inclusivenews.com.br\\\/?p=16063#breadcrumb\",\"itemListElement\":[{\"@type\":\"ListItem\",\"position\":1,\"name\":\"In\u00edcio\",\"item\":\"https:\\\/\\\/inclusivenews.com.br\\\/\"},{\"@type\":\"ListItem\",\"position\":2,\"name\":\"IV Semin\u00e1rio Nacional Sobre Educa\u00e7\u00e3o e Inclus\u00e3o Social de Pessoas com Necessidades Especiais\"}]},{\"@type\":\"WebSite\",\"@id\":\"https:\\\/\\\/inclusivenews.com.br\\\/#website\",\"url\":\"https:\\\/\\\/inclusivenews.com.br\\\/\",\"name\":\"Inclusive News\",\"description\":\"Inclusive News\",\"publisher\":{\"@id\":\"https:\\\/\\\/inclusivenews.com.br\\\/#organization\"},\"potentialAction\":[{\"@type\":\"SearchAction\",\"target\":{\"@type\":\"EntryPoint\",\"urlTemplate\":\"https:\\\/\\\/inclusivenews.com.br\\\/?s={search_term_string}\"},\"query-input\":{\"@type\":\"PropertyValueSpecification\",\"valueRequired\":true,\"valueName\":\"search_term_string\"}}],\"inLanguage\":\"pt-PT\"},{\"@type\":\"Organization\",\"@id\":\"https:\\\/\\\/inclusivenews.com.br\\\/#organization\",\"name\":\"Inclusive - inclus\u00e3o e cidadania\",\"url\":\"https:\\\/\\\/inclusivenews.com.br\\\/\",\"logo\":{\"@type\":\"ImageObject\",\"inLanguage\":\"pt-PT\",\"@id\":\"https:\\\/\\\/inclusivenews.com.br\\\/#\\\/schema\\\/logo\\\/image\\\/\",\"url\":\"https:\\\/\\\/inclusivenews.com.br\\\/wp-content\\\/uploads\\\/2024\\\/03\\\/@grandesite.png\",\"contentUrl\":\"https:\\\/\\\/inclusivenews.com.br\\\/wp-content\\\/uploads\\\/2024\\\/03\\\/@grandesite.png\",\"width\":1080,\"height\":1080,\"caption\":\"Inclusive - inclus\u00e3o e cidadania\"},\"image\":{\"@id\":\"https:\\\/\\\/inclusivenews.com.br\\\/#\\\/schema\\\/logo\\\/image\\\/\"},\"sameAs\":[\"https:\\\/\\\/www.facebook.com\\\/agenciainclusive\\\/\",\"https:\\\/\\\/www.instagram.com\\\/newsinclusive\\\/\"]},{\"@type\":\"Person\",\"@id\":\"https:\\\/\\\/inclusivenews.com.br\\\/#\\\/schema\\\/person\\\/ae4ec7087559b8692fb33b6fffd2273b\",\"name\":\"inclusivenews2024\",\"image\":{\"@type\":\"ImageObject\",\"inLanguage\":\"pt-PT\",\"@id\":\"https:\\\/\\\/secure.gravatar.com\\\/avatar\\\/c5a7ef84c66fa914f55bc4f7ce26cfa275a3b9a1c5568b907bd184fb4dde7b40?s=96&d=mm&r=g\",\"url\":\"https:\\\/\\\/secure.gravatar.com\\\/avatar\\\/c5a7ef84c66fa914f55bc4f7ce26cfa275a3b9a1c5568b907bd184fb4dde7b40?s=96&d=mm&r=g\",\"contentUrl\":\"https:\\\/\\\/secure.gravatar.com\\\/avatar\\\/c5a7ef84c66fa914f55bc4f7ce26cfa275a3b9a1c5568b907bd184fb4dde7b40?s=96&d=mm&r=g\",\"caption\":\"inclusivenews2024\"},\"sameAs\":[\"https:\\\/\\\/inclusivenews.com.br\"],\"url\":\"https:\\\/\\\/inclusivenews.com.br\\\/?author=1\"}]}<\/script>\n<!-- \/ Yoast SEO plugin. -->","yoast_head_json":{"title":"IV Semin\u00e1rio Nacional Sobre Educa\u00e7\u00e3o e Inclus\u00e3o Social de Pessoas com Necessidades Especiais -","robots":{"index":"index","follow":"follow","max-snippet":"max-snippet:-1","max-image-preview":"max-image-preview:large","max-video-preview":"max-video-preview:-1"},"canonical":"https:\/\/inclusivenews.com.br\/?p=16063","og_locale":"pt_PT","og_type":"article","og_title":"IV Semin\u00e1rio Nacional Sobre Educa\u00e7\u00e3o e Inclus\u00e3o Social de Pessoas com Necessidades Especiais -","og_description":"O IV Semin\u00e1rio sobre Educa\u00e7\u00e3o e Inclus\u00e3o Social de Pessoas com Necessidades Especiais objetiva oferecer oportunidade de socializa\u00e7\u00e3o e interc\u00e2mbio de pesquisas cient\u00edficas e de experi\u00eancias desenvolvidas, propiciando espa\u00e7os para reflex\u00f5es e debates sobre pr\u00e1ticas inclusivas no sistema de ensino e em outros contextos.","og_url":"https:\/\/inclusivenews.com.br\/?p=16063","article_publisher":"https:\/\/www.facebook.com\/agenciainclusive\/","article_published_time":"2010-08-01T09:00:30+00:00","og_image":[{"url":"http:\/\/www.dca.ufrn.br\/images\/UFRN1t.gif","type":"","width":"","height":""}],"author":"inclusivenews2024","twitter_card":"summary_large_image","twitter_misc":{"Escrito por":"inclusivenews2024","Tempo estimado de leitura":"2 minutos"},"schema":{"@context":"https:\/\/schema.org","@graph":[{"@type":"Article","@id":"https:\/\/inclusivenews.com.br\/?p=16063#article","isPartOf":{"@id":"https:\/\/inclusivenews.com.br\/?p=16063"},"author":{"name":"inclusivenews2024","@id":"https:\/\/inclusivenews.com.br\/#\/schema\/person\/ae4ec7087559b8692fb33b6fffd2273b"},"headline":"IV Semin\u00e1rio Nacional Sobre Educa\u00e7\u00e3o e Inclus\u00e3o Social de Pessoas com Necessidades Especiais","datePublished":"2010-08-01T09:00:30+00:00","mainEntityOfPage":{"@id":"https:\/\/inclusivenews.com.br\/?p=16063"},"wordCount":347,"commentCount":0,"publisher":{"@id":"https:\/\/inclusivenews.com.br\/#organization"},"image":{"@id":"https:\/\/inclusivenews.com.br\/?p=16063#primaryimage"},"thumbnailUrl":"http:\/\/www.dca.ufrn.br\/images\/UFRN1t.gif","articleSection":["Cursos e eventos","NOT\u00cdCIAS"],"inLanguage":"pt-PT","potentialAction":[{"@type":"CommentAction","name":"Comment","target":["https:\/\/inclusivenews.com.br\/?p=16063#respond"]}]},{"@type":"WebPage","@id":"https:\/\/inclusivenews.com.br\/?p=16063","url":"https:\/\/inclusivenews.com.br\/?p=16063","name":"IV Semin\u00e1rio Nacional Sobre Educa\u00e7\u00e3o e Inclus\u00e3o Social de Pessoas com Necessidades Especiais -","isPartOf":{"@id":"https:\/\/inclusivenews.com.br\/#website"},"primaryImageOfPage":{"@id":"https:\/\/inclusivenews.com.br\/?p=16063#primaryimage"},"image":{"@id":"https:\/\/inclusivenews.com.br\/?p=16063#primaryimage"},"thumbnailUrl":"http:\/\/www.dca.ufrn.br\/images\/UFRN1t.gif","datePublished":"2010-08-01T09:00:30+00:00","breadcrumb":{"@id":"https:\/\/inclusivenews.com.br\/?p=16063#breadcrumb"},"inLanguage":"pt-PT","potentialAction":[{"@type":"ReadAction","target":["https:\/\/inclusivenews.com.br\/?p=16063"]}]},{"@type":"ImageObject","inLanguage":"pt-PT","@id":"https:\/\/inclusivenews.com.br\/?p=16063#primaryimage","url":"http:\/\/www.dca.ufrn.br\/images\/UFRN1t.gif","contentUrl":"http:\/\/www.dca.ufrn.br\/images\/UFRN1t.gif"},{"@type":"BreadcrumbList","@id":"https:\/\/inclusivenews.com.br\/?p=16063#breadcrumb","itemListElement":[{"@type":"ListItem","position":1,"name":"In\u00edcio","item":"https:\/\/inclusivenews.com.br\/"},{"@type":"ListItem","position":2,"name":"IV Semin\u00e1rio Nacional Sobre Educa\u00e7\u00e3o e Inclus\u00e3o Social de Pessoas com Necessidades Especiais"}]},{"@type":"WebSite","@id":"https:\/\/inclusivenews.com.br\/#website","url":"https:\/\/inclusivenews.com.br\/","name":"Inclusive News","description":"Inclusive News","publisher":{"@id":"https:\/\/inclusivenews.com.br\/#organization"},"potentialAction":[{"@type":"SearchAction","target":{"@type":"EntryPoint","urlTemplate":"https:\/\/inclusivenews.com.br\/?s={search_term_string}"},"query-input":{"@type":"PropertyValueSpecification","valueRequired":true,"valueName":"search_term_string"}}],"inLanguage":"pt-PT"},{"@type":"Organization","@id":"https:\/\/inclusivenews.com.br\/#organization","name":"Inclusive - inclus\u00e3o e cidadania","url":"https:\/\/inclusivenews.com.br\/","logo":{"@type":"ImageObject","inLanguage":"pt-PT","@id":"https:\/\/inclusivenews.com.br\/#\/schema\/logo\/image\/","url":"https:\/\/inclusivenews.com.br\/wp-content\/uploads\/2024\/03\/@grandesite.png","contentUrl":"https:\/\/inclusivenews.com.br\/wp-content\/uploads\/2024\/03\/@grandesite.png","width":1080,"height":1080,"caption":"Inclusive - inclus\u00e3o e cidadania"},"image":{"@id":"https:\/\/inclusivenews.com.br\/#\/schema\/logo\/image\/"},"sameAs":["https:\/\/www.facebook.com\/agenciainclusive\/","https:\/\/www.instagram.com\/newsinclusive\/"]},{"@type":"Person","@id":"https:\/\/inclusivenews.com.br\/#\/schema\/person\/ae4ec7087559b8692fb33b6fffd2273b","name":"inclusivenews2024","image":{"@type":"ImageObject","inLanguage":"pt-PT","@id":"https:\/\/secure.gravatar.com\/avatar\/c5a7ef84c66fa914f55bc4f7ce26cfa275a3b9a1c5568b907bd184fb4dde7b40?s=96&d=mm&r=g","url":"https:\/\/secure.gravatar.com\/avatar\/c5a7ef84c66fa914f55bc4f7ce26cfa275a3b9a1c5568b907bd184fb4dde7b40?s=96&d=mm&r=g","contentUrl":"https:\/\/secure.gravatar.com\/avatar\/c5a7ef84c66fa914f55bc4f7ce26cfa275a3b9a1c5568b907bd184fb4dde7b40?s=96&d=mm&r=g","caption":"inclusivenews2024"},"sameAs":["https:\/\/inclusivenews.com.br"],"url":"https:\/\/inclusivenews.com.br\/?author=1"}]}},"_links":{"self":[{"href":"https:\/\/inclusivenews.com.br\/index.php?rest_route=\/wp\/v2\/posts\/16063","targetHints":{"allow":["GET"]}}],"collection":[{"href":"https:\/\/inclusivenews.com.br\/index.php?rest_route=\/wp\/v2\/posts"}],"about":[{"href":"https:\/\/inclusivenews.com.br\/index.php?rest_route=\/wp\/v2\/types\/post"}],"author":[{"embeddable":true,"href":"https:\/\/inclusivenews.com.br\/index.php?rest_route=\/wp\/v2\/users\/1"}],"replies":[{"embeddable":true,"href":"https:\/\/inclusivenews.com.br\/index.php?rest_route=%2Fwp%2Fv2%2Fcomments&post=16063"}],"version-history":[{"count":0,"href":"https:\/\/inclusivenews.com.br\/index.php?rest_route=\/wp\/v2\/posts\/16063\/revisions"}],"wp:attachment":[{"href":"https:\/\/inclusivenews.com.br\/index.php?rest_route=%2Fwp%2Fv2%2Fmedia&parent=16063"}],"wp:term":[{"taxonomy":"category","embeddable":true,"href":"https:\/\/inclusivenews.com.br\/index.php?rest_route=%2Fwp%2Fv2%2Fcategories&post=16063"},{"taxonomy":"post_tag","embeddable":true,"href":"https:\/\/inclusivenews.com.br\/index.php?rest_route=%2Fwp%2Fv2%2Ftags&post=16063"}],"curies":[{"name":"wp","href":"https:\/\/api.w.org\/{rel}","templated":true}]}}