{"id":16065,"date":"2010-06-18T06:03:31","date_gmt":"2010-06-18T09:03:31","guid":{"rendered":"http:\/\/www.inclusive.org.br\/?p=16065"},"modified":"2010-06-18T06:03:31","modified_gmt":"2010-06-18T09:03:31","slug":"pensar-pode-ate-doer","status":"publish","type":"post","link":"https:\/\/inclusivenews.com.br\/?p=16065","title":{"rendered":"Pensar pode at\u00e9 doer"},"content":{"rendered":"<figure style=\"width: 153px\" class=\"wp-caption alignleft\"><img loading=\"lazy\" decoding=\"async\" title=\"Figura humana pensando.\" src=\"http:\/\/www.envolverde.com.br\/fotos_novas\/76214.gif\" alt=\"\" width=\"153\" height=\"188\" \/><figcaption class=\"wp-caption-text\"> <\/figcaption><\/figure>\n<p><strong>Por Vilmar Sidnei Demamam Berna*<\/strong><\/p>\n<p>No passado, os antigos acreditavam que o mundo era plano, at\u00e9 que se comprovou que era redondo. Por muito tempo se pensou que o universo inteiro girava em torno de nosso mundo, e era at\u00e9 uma heresia pensar o contr\u00e1rio e muita gente morreu na fogueira por isso. Hoje, achamos que o mundo existe para n\u00f3s, como se f\u00f4ssemos os donos do Planeta e n\u00e3o apenas um dos seus passageiros.<\/p>\n<p>O mundo real \u00e9 o que \u00e9, em qualquer \u00e9poca e lugar.<\/p>\n<p>Para uns, uma pedra \u00e9 s\u00f3 uma pedra, bem real, para outros pode ser uma poesia, ou um min\u00e9rio num est\u00e1gio de ser transformada em outra coisa, ou um trope\u00e7o, ou uma parte do caminho, ou uma arma, ou para construir uma moradia. Ningu\u00e9m estar\u00e1 mais certo ou errado do que outro, pois uma pedra pode ser tudo isso mesmo e at\u00e9 muito mais!<\/p>\n<p>Entretanto, a interpreta\u00e7\u00e3o que fazemos desse mundo \u00e9 uma id\u00e9ia que constru\u00edmos a partir de nossos sentidos e da interpreta\u00e7\u00e3o que o nosso c\u00e9rebro faz a partir de suas percep\u00e7\u00f5es. Participam ainda neste processo nossos sonhos, ideais, cren\u00e7as, valores, condi\u00e7\u00e3o humana, viv\u00eancias, maior ou menor intelig\u00eancia, percep\u00e7\u00e3o e sensibilidade etc. Assim, n\u00e3o existe um mundo igual para todos. Cada um de n\u00f3s constr\u00f3i e reconstr\u00f3i o mundo a sua maneira. E mais. A cultura tamb\u00e9m faz o mesmo, s\u00f3 que em n\u00edvel coletivo, tecendo uma id\u00e9ia de mundo que fa\u00e7a sentido para um grupo ou povo, para a sua \u00e9poca e lugar.<\/p>\n<p>Ent\u00e3o, para uns indiv\u00edduos ou povos, o mundo \u00e9 regido por deuses voluntariosos que comandam nossas vontades; para outros, os deuses se incorporaram nas for\u00e7as da natureza de onde nos vigiam e controlam; para outros, deuses n\u00e3o existem e somos todos resultado de uma evolu\u00e7\u00e3o ca\u00f3tica e desordenada. E estas concep\u00e7\u00f5es do mundo n\u00e3o s\u00e3o menos verdadeiras que outras, por que para quem acredita nelas, simplesmente a realidade \u00e9 assim e pronto!<\/p>\n<p>Para alguns povos ind\u00edgenas, faz parte da sua vis\u00e3o de mundo, de sua compreens\u00e3o da realidade, a possibilidade do esp\u00edrito desprender-se do corpo durante uma pajelan\u00e7a e viajar atrav\u00e9s dos ventos ou dos rios para ir buscar em outro lugar a informa\u00e7\u00e3o sobre uma planta para curar uma nova doen\u00e7a.<\/p>\n<p>Para outros povos, como os hindus, faz parte da realidade a id\u00e9ia de que este mundo \u00e9 uma esp\u00e9cie de est\u00e1gio probat\u00f3rio onde devemos cumprir nossos karmas at\u00e9 estarmos libertos dos desejos e sofrimentos.<\/p>\n<p>Outros povos, crist\u00e3os, constru\u00edram uma id\u00e9ia de mundo onde acreditam que Deus e o Diabo exercem suas influ\u00eancias sobre n\u00f3s e nossas escolhas e atitudes e sentem-se a vontade para estabelecerem normas e mandamentos, ainda e apesar do livre arb\u00edtrio.<\/p>\n<p>O mundo, a realidade, n\u00e3o s\u00e3o o que s\u00e3o. S\u00e3o o que permitimos que seja em nossa id\u00e9ia de mundo e de realidade. Por isso, o tempo todo estamos construindo e reconstruindo esse mundo at\u00e9 que a realidade fa\u00e7a sentido para n\u00f3s, e nos deixe confort\u00e1veis com a nossa id\u00e9ia de mundo e de realidade.<\/p>\n<p>Somos t\u00e3o obcecados por viver num mundo que faca sentido que chegamos a negar aspectos da realidade quando n\u00e3o se encaixam em nossa id\u00e9ia do mundo. Esta nossa tend\u00eancia \u00e9 explorada, por exemplo, por estelionat\u00e1rios, para o mal, e por m\u00e1gicos, para nossa divers\u00e3o, pois tendemos a ver apenas o que queremos ver e negar o que n\u00e3o queremos, mesmo que estejam diante de nossos olhos!<\/p>\n<p>E mais, al\u00e9m de negar as partes da realidade que n\u00e3o se encaixarem em nossa id\u00e9ia de mundo, quanto mais nos sentirmos amea\u00e7ados ou desconfort\u00e1veis, mais tenderemos a buscar apoio em l\u00edderes carism\u00e1ticos capazes de desqualificar oponentes e apontar erros nas id\u00e9ias dos outros, para que s\u00f3 uma id\u00e9ia de mundo prevale\u00e7a, a nossa, naturalmente. Assim como gostamos de conforto para o nosso f\u00edsico tamb\u00e9m gostamos de conforto para o nosso esp\u00edrito. E pensar pode doer demais nesses casos&#8230;<\/p>\n<p>E \u00e9 a\u00ed que mora o perigo, quando se abre uma larga avenida tanto para negar aspectos da realidade que existem, por n\u00e3o conseguirmos comprovar, pelo menos ainda, quanto para afirmar a exist\u00eancia de coisas e aspectos que n\u00e3o passam de mera fantasia e mistifica\u00e7\u00e3o. \u00c9 com esse material que principalmente jornalistas, escritores, cientistas precisam trabalhar, questionando cada passo e, mesmo quando se pensa que avan\u00e7ou, de vez em quando \u00e9 preciso retroceder para come\u00e7ar tudo de novo, por um outro \u00e2ngulo da realidade que deixamos de perceber. Como agora, em que nossos problemas ambientais deixam claro que nossa esp\u00e9cie n\u00e3o \u00e9 a dona do mundo, como se estivesse no centro do universo, mas \u00e9 apenas uma parte bem pequena dele, e j\u00e1 esta amea\u00e7ada de extin\u00e7\u00e3o.<\/p>\n<p>*O autor \u00e9 editor do Portal do Meio Ambiente e Revista do Meio Ambiente &#8211; http:\/\/www.portaldomeioambiente.org.br\/ &#8211;  http:\/\/www.escritorvilmarberna.com.br\/<\/p>\n<p>______________________<\/p>\n<p><strong>Fonte:<\/strong> <a href=\"http:\/\/www.envolverde.com.br\/materia.php?cod=76214&amp;edt=1\">Envolverde\/O Autor<\/a><\/p>\n","protected":false},"excerpt":{"rendered":"<p>Somos t\u00e3o obcecados por viver num mundo que fa\u00e7a sentido que chegamos a negar aspectos da realidade quando n\u00e3o se encaixam em nossa id\u00e9ia do mundo. Esta nossa tend\u00eancia \u00e9 explorada, por exemplo, por estelionat\u00e1rios, para o mal, e por m\u00e1gicos, para nossa divers\u00e3o, pois tendemos a ver apenas o que queremos ver e negar o que n\u00e3o queremos, mesmo que estejam diante de nossos olhos! Artigo \u00e9 de Vilmar Bernm<\/p>\n","protected":false},"author":1,"featured_media":0,"comment_status":"open","ping_status":"open","sticky":false,"template":"","format":"standard","meta":{"site-container-style":"default","site-container-layout":"default","site-sidebar-layout":"default","disable-article-header":"default","disable-site-header":"default","disable-site-footer":"default","disable-content-area-spacing":"default","footnotes":""},"categories":[4],"tags":[],"class_list":["post-16065","post","type-post","status-publish","format-standard","hentry","category-noticias"],"yoast_head":"<!-- This site is optimized with the Yoast SEO plugin v27.4 - https:\/\/yoast.com\/product\/yoast-seo-wordpress\/ -->\n<title>Pensar pode at\u00e9 doer -<\/title>\n<meta name=\"robots\" content=\"index, follow, max-snippet:-1, max-image-preview:large, max-video-preview:-1\" \/>\n<link rel=\"canonical\" href=\"https:\/\/inclusivenews.com.br\/?p=16065\" \/>\n<meta property=\"og:locale\" content=\"pt_PT\" \/>\n<meta property=\"og:type\" content=\"article\" \/>\n<meta property=\"og:title\" content=\"Pensar pode at\u00e9 doer -\" \/>\n<meta property=\"og:description\" content=\"Somos t\u00e3o obcecados por viver num mundo que fa\u00e7a sentido que chegamos a negar aspectos da realidade quando n\u00e3o se encaixam em nossa id\u00e9ia do mundo. Esta nossa tend\u00eancia \u00e9 explorada, por exemplo, por estelionat\u00e1rios, para o mal, e por m\u00e1gicos, para nossa divers\u00e3o, pois tendemos a ver apenas o que queremos ver e negar o que n\u00e3o queremos, mesmo que estejam diante de nossos olhos! Artigo \u00e9 de Vilmar Bernm\" \/>\n<meta property=\"og:url\" content=\"https:\/\/inclusivenews.com.br\/?p=16065\" \/>\n<meta property=\"article:publisher\" content=\"https:\/\/www.facebook.com\/agenciainclusive\/\" \/>\n<meta property=\"article:published_time\" content=\"2010-06-18T09:03:31+00:00\" \/>\n<meta property=\"og:image\" content=\"http:\/\/www.envolverde.com.br\/fotos_novas\/76214.gif\" \/>\n<meta name=\"author\" content=\"inclusivenews2024\" \/>\n<meta name=\"twitter:card\" content=\"summary_large_image\" \/>\n<meta name=\"twitter:label1\" content=\"Escrito por\" \/>\n\t<meta name=\"twitter:data1\" content=\"inclusivenews2024\" \/>\n\t<meta name=\"twitter:label2\" content=\"Tempo estimado de leitura\" \/>\n\t<meta name=\"twitter:data2\" content=\"4 minutos\" \/>\n<script type=\"application\/ld+json\" class=\"yoast-schema-graph\">{\"@context\":\"https:\\\/\\\/schema.org\",\"@graph\":[{\"@type\":\"Article\",\"@id\":\"https:\\\/\\\/inclusivenews.com.br\\\/?p=16065#article\",\"isPartOf\":{\"@id\":\"https:\\\/\\\/inclusivenews.com.br\\\/?p=16065\"},\"author\":{\"name\":\"inclusivenews2024\",\"@id\":\"https:\\\/\\\/inclusivenews.com.br\\\/#\\\/schema\\\/person\\\/ae4ec7087559b8692fb33b6fffd2273b\"},\"headline\":\"Pensar pode at\u00e9 doer\",\"datePublished\":\"2010-06-18T09:03:31+00:00\",\"mainEntityOfPage\":{\"@id\":\"https:\\\/\\\/inclusivenews.com.br\\\/?p=16065\"},\"wordCount\":897,\"commentCount\":0,\"publisher\":{\"@id\":\"https:\\\/\\\/inclusivenews.com.br\\\/#organization\"},\"image\":{\"@id\":\"https:\\\/\\\/inclusivenews.com.br\\\/?p=16065#primaryimage\"},\"thumbnailUrl\":\"http:\\\/\\\/www.envolverde.com.br\\\/fotos_novas\\\/76214.gif\",\"articleSection\":[\"NOT\u00cdCIAS\"],\"inLanguage\":\"pt-PT\",\"potentialAction\":[{\"@type\":\"CommentAction\",\"name\":\"Comment\",\"target\":[\"https:\\\/\\\/inclusivenews.com.br\\\/?p=16065#respond\"]}]},{\"@type\":\"WebPage\",\"@id\":\"https:\\\/\\\/inclusivenews.com.br\\\/?p=16065\",\"url\":\"https:\\\/\\\/inclusivenews.com.br\\\/?p=16065\",\"name\":\"Pensar pode at\u00e9 doer -\",\"isPartOf\":{\"@id\":\"https:\\\/\\\/inclusivenews.com.br\\\/#website\"},\"primaryImageOfPage\":{\"@id\":\"https:\\\/\\\/inclusivenews.com.br\\\/?p=16065#primaryimage\"},\"image\":{\"@id\":\"https:\\\/\\\/inclusivenews.com.br\\\/?p=16065#primaryimage\"},\"thumbnailUrl\":\"http:\\\/\\\/www.envolverde.com.br\\\/fotos_novas\\\/76214.gif\",\"datePublished\":\"2010-06-18T09:03:31+00:00\",\"breadcrumb\":{\"@id\":\"https:\\\/\\\/inclusivenews.com.br\\\/?p=16065#breadcrumb\"},\"inLanguage\":\"pt-PT\",\"potentialAction\":[{\"@type\":\"ReadAction\",\"target\":[\"https:\\\/\\\/inclusivenews.com.br\\\/?p=16065\"]}]},{\"@type\":\"ImageObject\",\"inLanguage\":\"pt-PT\",\"@id\":\"https:\\\/\\\/inclusivenews.com.br\\\/?p=16065#primaryimage\",\"url\":\"http:\\\/\\\/www.envolverde.com.br\\\/fotos_novas\\\/76214.gif\",\"contentUrl\":\"http:\\\/\\\/www.envolverde.com.br\\\/fotos_novas\\\/76214.gif\"},{\"@type\":\"BreadcrumbList\",\"@id\":\"https:\\\/\\\/inclusivenews.com.br\\\/?p=16065#breadcrumb\",\"itemListElement\":[{\"@type\":\"ListItem\",\"position\":1,\"name\":\"In\u00edcio\",\"item\":\"https:\\\/\\\/inclusivenews.com.br\\\/\"},{\"@type\":\"ListItem\",\"position\":2,\"name\":\"Pensar pode at\u00e9 doer\"}]},{\"@type\":\"WebSite\",\"@id\":\"https:\\\/\\\/inclusivenews.com.br\\\/#website\",\"url\":\"https:\\\/\\\/inclusivenews.com.br\\\/\",\"name\":\"Inclusive News\",\"description\":\"Inclusive News\",\"publisher\":{\"@id\":\"https:\\\/\\\/inclusivenews.com.br\\\/#organization\"},\"potentialAction\":[{\"@type\":\"SearchAction\",\"target\":{\"@type\":\"EntryPoint\",\"urlTemplate\":\"https:\\\/\\\/inclusivenews.com.br\\\/?s={search_term_string}\"},\"query-input\":{\"@type\":\"PropertyValueSpecification\",\"valueRequired\":true,\"valueName\":\"search_term_string\"}}],\"inLanguage\":\"pt-PT\"},{\"@type\":\"Organization\",\"@id\":\"https:\\\/\\\/inclusivenews.com.br\\\/#organization\",\"name\":\"Inclusive - inclus\u00e3o e cidadania\",\"url\":\"https:\\\/\\\/inclusivenews.com.br\\\/\",\"logo\":{\"@type\":\"ImageObject\",\"inLanguage\":\"pt-PT\",\"@id\":\"https:\\\/\\\/inclusivenews.com.br\\\/#\\\/schema\\\/logo\\\/image\\\/\",\"url\":\"https:\\\/\\\/inclusivenews.com.br\\\/wp-content\\\/uploads\\\/2024\\\/03\\\/@grandesite.png\",\"contentUrl\":\"https:\\\/\\\/inclusivenews.com.br\\\/wp-content\\\/uploads\\\/2024\\\/03\\\/@grandesite.png\",\"width\":1080,\"height\":1080,\"caption\":\"Inclusive - inclus\u00e3o e cidadania\"},\"image\":{\"@id\":\"https:\\\/\\\/inclusivenews.com.br\\\/#\\\/schema\\\/logo\\\/image\\\/\"},\"sameAs\":[\"https:\\\/\\\/www.facebook.com\\\/agenciainclusive\\\/\",\"https:\\\/\\\/www.instagram.com\\\/newsinclusive\\\/\"]},{\"@type\":\"Person\",\"@id\":\"https:\\\/\\\/inclusivenews.com.br\\\/#\\\/schema\\\/person\\\/ae4ec7087559b8692fb33b6fffd2273b\",\"name\":\"inclusivenews2024\",\"image\":{\"@type\":\"ImageObject\",\"inLanguage\":\"pt-PT\",\"@id\":\"https:\\\/\\\/secure.gravatar.com\\\/avatar\\\/c5a7ef84c66fa914f55bc4f7ce26cfa275a3b9a1c5568b907bd184fb4dde7b40?s=96&d=mm&r=g\",\"url\":\"https:\\\/\\\/secure.gravatar.com\\\/avatar\\\/c5a7ef84c66fa914f55bc4f7ce26cfa275a3b9a1c5568b907bd184fb4dde7b40?s=96&d=mm&r=g\",\"contentUrl\":\"https:\\\/\\\/secure.gravatar.com\\\/avatar\\\/c5a7ef84c66fa914f55bc4f7ce26cfa275a3b9a1c5568b907bd184fb4dde7b40?s=96&d=mm&r=g\",\"caption\":\"inclusivenews2024\"},\"sameAs\":[\"https:\\\/\\\/inclusivenews.com.br\"],\"url\":\"https:\\\/\\\/inclusivenews.com.br\\\/?author=1\"}]}<\/script>\n<!-- \/ Yoast SEO plugin. -->","yoast_head_json":{"title":"Pensar pode at\u00e9 doer -","robots":{"index":"index","follow":"follow","max-snippet":"max-snippet:-1","max-image-preview":"max-image-preview:large","max-video-preview":"max-video-preview:-1"},"canonical":"https:\/\/inclusivenews.com.br\/?p=16065","og_locale":"pt_PT","og_type":"article","og_title":"Pensar pode at\u00e9 doer -","og_description":"Somos t\u00e3o obcecados por viver num mundo que fa\u00e7a sentido que chegamos a negar aspectos da realidade quando n\u00e3o se encaixam em nossa id\u00e9ia do mundo. Esta nossa tend\u00eancia \u00e9 explorada, por exemplo, por estelionat\u00e1rios, para o mal, e por m\u00e1gicos, para nossa divers\u00e3o, pois tendemos a ver apenas o que queremos ver e negar o que n\u00e3o queremos, mesmo que estejam diante de nossos olhos! Artigo \u00e9 de Vilmar Bernm","og_url":"https:\/\/inclusivenews.com.br\/?p=16065","article_publisher":"https:\/\/www.facebook.com\/agenciainclusive\/","article_published_time":"2010-06-18T09:03:31+00:00","og_image":[{"url":"http:\/\/www.envolverde.com.br\/fotos_novas\/76214.gif","type":"","width":"","height":""}],"author":"inclusivenews2024","twitter_card":"summary_large_image","twitter_misc":{"Escrito por":"inclusivenews2024","Tempo estimado de leitura":"4 minutos"},"schema":{"@context":"https:\/\/schema.org","@graph":[{"@type":"Article","@id":"https:\/\/inclusivenews.com.br\/?p=16065#article","isPartOf":{"@id":"https:\/\/inclusivenews.com.br\/?p=16065"},"author":{"name":"inclusivenews2024","@id":"https:\/\/inclusivenews.com.br\/#\/schema\/person\/ae4ec7087559b8692fb33b6fffd2273b"},"headline":"Pensar pode at\u00e9 doer","datePublished":"2010-06-18T09:03:31+00:00","mainEntityOfPage":{"@id":"https:\/\/inclusivenews.com.br\/?p=16065"},"wordCount":897,"commentCount":0,"publisher":{"@id":"https:\/\/inclusivenews.com.br\/#organization"},"image":{"@id":"https:\/\/inclusivenews.com.br\/?p=16065#primaryimage"},"thumbnailUrl":"http:\/\/www.envolverde.com.br\/fotos_novas\/76214.gif","articleSection":["NOT\u00cdCIAS"],"inLanguage":"pt-PT","potentialAction":[{"@type":"CommentAction","name":"Comment","target":["https:\/\/inclusivenews.com.br\/?p=16065#respond"]}]},{"@type":"WebPage","@id":"https:\/\/inclusivenews.com.br\/?p=16065","url":"https:\/\/inclusivenews.com.br\/?p=16065","name":"Pensar pode at\u00e9 doer -","isPartOf":{"@id":"https:\/\/inclusivenews.com.br\/#website"},"primaryImageOfPage":{"@id":"https:\/\/inclusivenews.com.br\/?p=16065#primaryimage"},"image":{"@id":"https:\/\/inclusivenews.com.br\/?p=16065#primaryimage"},"thumbnailUrl":"http:\/\/www.envolverde.com.br\/fotos_novas\/76214.gif","datePublished":"2010-06-18T09:03:31+00:00","breadcrumb":{"@id":"https:\/\/inclusivenews.com.br\/?p=16065#breadcrumb"},"inLanguage":"pt-PT","potentialAction":[{"@type":"ReadAction","target":["https:\/\/inclusivenews.com.br\/?p=16065"]}]},{"@type":"ImageObject","inLanguage":"pt-PT","@id":"https:\/\/inclusivenews.com.br\/?p=16065#primaryimage","url":"http:\/\/www.envolverde.com.br\/fotos_novas\/76214.gif","contentUrl":"http:\/\/www.envolverde.com.br\/fotos_novas\/76214.gif"},{"@type":"BreadcrumbList","@id":"https:\/\/inclusivenews.com.br\/?p=16065#breadcrumb","itemListElement":[{"@type":"ListItem","position":1,"name":"In\u00edcio","item":"https:\/\/inclusivenews.com.br\/"},{"@type":"ListItem","position":2,"name":"Pensar pode at\u00e9 doer"}]},{"@type":"WebSite","@id":"https:\/\/inclusivenews.com.br\/#website","url":"https:\/\/inclusivenews.com.br\/","name":"Inclusive News","description":"Inclusive News","publisher":{"@id":"https:\/\/inclusivenews.com.br\/#organization"},"potentialAction":[{"@type":"SearchAction","target":{"@type":"EntryPoint","urlTemplate":"https:\/\/inclusivenews.com.br\/?s={search_term_string}"},"query-input":{"@type":"PropertyValueSpecification","valueRequired":true,"valueName":"search_term_string"}}],"inLanguage":"pt-PT"},{"@type":"Organization","@id":"https:\/\/inclusivenews.com.br\/#organization","name":"Inclusive - inclus\u00e3o e cidadania","url":"https:\/\/inclusivenews.com.br\/","logo":{"@type":"ImageObject","inLanguage":"pt-PT","@id":"https:\/\/inclusivenews.com.br\/#\/schema\/logo\/image\/","url":"https:\/\/inclusivenews.com.br\/wp-content\/uploads\/2024\/03\/@grandesite.png","contentUrl":"https:\/\/inclusivenews.com.br\/wp-content\/uploads\/2024\/03\/@grandesite.png","width":1080,"height":1080,"caption":"Inclusive - inclus\u00e3o e cidadania"},"image":{"@id":"https:\/\/inclusivenews.com.br\/#\/schema\/logo\/image\/"},"sameAs":["https:\/\/www.facebook.com\/agenciainclusive\/","https:\/\/www.instagram.com\/newsinclusive\/"]},{"@type":"Person","@id":"https:\/\/inclusivenews.com.br\/#\/schema\/person\/ae4ec7087559b8692fb33b6fffd2273b","name":"inclusivenews2024","image":{"@type":"ImageObject","inLanguage":"pt-PT","@id":"https:\/\/secure.gravatar.com\/avatar\/c5a7ef84c66fa914f55bc4f7ce26cfa275a3b9a1c5568b907bd184fb4dde7b40?s=96&d=mm&r=g","url":"https:\/\/secure.gravatar.com\/avatar\/c5a7ef84c66fa914f55bc4f7ce26cfa275a3b9a1c5568b907bd184fb4dde7b40?s=96&d=mm&r=g","contentUrl":"https:\/\/secure.gravatar.com\/avatar\/c5a7ef84c66fa914f55bc4f7ce26cfa275a3b9a1c5568b907bd184fb4dde7b40?s=96&d=mm&r=g","caption":"inclusivenews2024"},"sameAs":["https:\/\/inclusivenews.com.br"],"url":"https:\/\/inclusivenews.com.br\/?author=1"}]}},"_links":{"self":[{"href":"https:\/\/inclusivenews.com.br\/index.php?rest_route=\/wp\/v2\/posts\/16065","targetHints":{"allow":["GET"]}}],"collection":[{"href":"https:\/\/inclusivenews.com.br\/index.php?rest_route=\/wp\/v2\/posts"}],"about":[{"href":"https:\/\/inclusivenews.com.br\/index.php?rest_route=\/wp\/v2\/types\/post"}],"author":[{"embeddable":true,"href":"https:\/\/inclusivenews.com.br\/index.php?rest_route=\/wp\/v2\/users\/1"}],"replies":[{"embeddable":true,"href":"https:\/\/inclusivenews.com.br\/index.php?rest_route=%2Fwp%2Fv2%2Fcomments&post=16065"}],"version-history":[{"count":0,"href":"https:\/\/inclusivenews.com.br\/index.php?rest_route=\/wp\/v2\/posts\/16065\/revisions"}],"wp:attachment":[{"href":"https:\/\/inclusivenews.com.br\/index.php?rest_route=%2Fwp%2Fv2%2Fmedia&parent=16065"}],"wp:term":[{"taxonomy":"category","embeddable":true,"href":"https:\/\/inclusivenews.com.br\/index.php?rest_route=%2Fwp%2Fv2%2Fcategories&post=16065"},{"taxonomy":"post_tag","embeddable":true,"href":"https:\/\/inclusivenews.com.br\/index.php?rest_route=%2Fwp%2Fv2%2Ftags&post=16065"}],"curies":[{"name":"wp","href":"https:\/\/api.w.org\/{rel}","templated":true}]}}