{"id":16076,"date":"2010-06-17T09:15:09","date_gmt":"2010-06-17T12:15:09","guid":{"rendered":"http:\/\/www.inclusive.org.br\/?p=16076"},"modified":"2010-06-17T09:15:09","modified_gmt":"2010-06-17T12:15:09","slug":"olha-a-foto-pro-blogue","status":"publish","type":"post","link":"https:\/\/inclusivenews.com.br\/?p=16076","title":{"rendered":"Olha a foto pr\u00f4 \u2018blogue\u2019!"},"content":{"rendered":"<p><a href=\"http:\/\/www.inclusivenews.com.br\/wp-content\/uploads\/2010\/01\/blogosfera.jpg\"><img loading=\"lazy\" decoding=\"async\" class=\"size-full wp-image-13398 alignleft\" title=\"Inclusive - blogosfera, um globo formado por um teclado de computador.\" src=\"http:\/\/inclusivenews.com.br\/wp-content\/uploads\/2010\/01\/blogosfera.jpg\" alt=\"\" width=\"169\" height=\"174\" \/><\/a><\/p>\n<p>Tenho v\u00e1rias coisas para dizer sobre a blogosfera.<\/p>\n<p>A primeira \u00e9 dar um breve informe aos blogueiros: ontem fizemos a segunda reuni\u00e3o preparativa para o Encontro Nacional da Blogosfera Brasileira. A id\u00e9ia geral \u00e9 realizarmos um encontro em Bras\u00edlia (porque facilita a vinda de blogueiros de v\u00e1rias regi\u00f5es do pa\u00eds e tamb\u00e9m para descentralizar do eixo Rio-S\u00e3o Paulo). A id\u00e9ia \u00e9 conseguirmos representatividade, diversidade regional. Mas sobre o encontro volto em outra postagem para dar todos os informes.<\/p>\n<p>Segunda coisa que queria dizer:  para mim a blogosfera \u00e9 um espa\u00e7o independente dos grandes portais da imprensa. Neste sentido, n\u00e3o acho que Noblat, Josias de Souza, Reinaldo Azevedo e cia sejam blogueiros, porque suas not\u00edcias e abordagens, posi\u00e7\u00f5es est\u00e3o vinculadas aos ve\u00edculos em que trabalham. Eles usam o formato do blog para suas postagens, mas s\u00e3o colunistas no mundo virtual.<\/p>\n<p>Parece que a percep\u00e7\u00e3o das pessoas comuns tamb\u00e9m \u00e9 semelhante \u00e0 minha e o termo blog est\u00e1 cada vez mais familiar para os novos inclu\u00eddos digitais. Vou dar um exemplo desta minha hip\u00f3tese.<\/p>\n<p>Ontem, entre uma reuni\u00e3o e outra,  no caminho da editora para a produtora, entre a vila Beatriz e Madalena, topo com um grupo na cal\u00e7ada assistindo  ao primeiro jogo da sele\u00e7\u00e3o brasileira. A cena era bonita e uma alternativa criativa aos bares da Vila Madalena\/Pinheiros que estavam cobrando at\u00e9 70,00 por pessoa apenas para entrar em suas depend\u00eancias e assistir ao jogo. Esse grupo jamais teria grana pra isso. Fizeram algo bem bacana, uma mesinha, uma extens\u00e3o para ligar a tev\u00ea e muitas cadeiras em volta, pronto, todos juntos pra torcer pela sele\u00e7\u00e3o.<br \/>\nA cena me chamou a aten\u00e7\u00e3o e mesmo o jogo j\u00e1 estar rolando e os amigos de trabalho esperando para torcer junto, des\u00e7o do carro com c\u00e2mera em punho e antes que eu pedisse para fotograf\u00e1-los, antes que eu dissesse qualquer coisa, ou\u00e7o: \u201cOlha a foto para o \u2018blogue\u2018!\u201d e todos deixam de olhar para tev\u00ea e se viram para posar. \ud83d\ude42<\/p>\n<figure style=\"width: 400px\" class=\"wp-caption alignnone\"><img loading=\"lazy\" decoding=\"async\" title=\"Fotografia\" src=\"http:\/\/farm5.static.flickr.com\/4069\/4705895065_39252a9f85.jpg\" alt=\"\" width=\"400\" height=\"300\" \/><figcaption class=\"wp-caption-text\"> <\/figcaption><\/figure>\n<p>Chamou-me a aten\u00e7\u00e3o muitas coisas nesta fala e a\u00e7\u00e3o. Primeiro, a simpatia dos fotografados que se deixaram fotografar e mais que isso posaram paras as fotos sem que eu ao menos pedisse ou dissesse qualquer coisa. Segundo, como sabiam que a foto iria parar num blog? Poderia ser para qualquer coisa, para o meu arquivo pessoal, ou para algum \u00f3rg\u00e3o de imprensa, j\u00e1 que a imprensa impressa ou televisiva sai em peso para as ruas em dia de jogo da sele\u00e7\u00e3o brasileira.<\/p>\n<p>Para mim, a percep\u00e7\u00e3o quase que \u2018natural\u2019 daquele grupo de brasileiros criativos que queriam ver o primeiro jogo da sele\u00e7\u00e3o reunidos e, certamente, n\u00e3o t\u00eam uma sala imensa para juntar cerca de 30 pessoas ou 70,00 por cabe\u00e7a para ver um jogo nos bares cools da Vila Mad\u00e1, de que o ato deles era digno de registro e que iria parar num blog, \u00e9 sinal de como a blogosfera est\u00e1 mudando a rela\u00e7\u00e3o de visibilidade dos fatos.<\/p>\n<p>Assim como n\u00f3s blogueiros achamos que esses brasileiros, trabalhadores, sem grandes recursos, suas vidas, seus desafios, os problemas que enfrentam em seus bairros, em seu cotidiano s\u00e3o not\u00edcias, eles j\u00e1 sabem que os blogs  s\u00e3o suportes midi\u00e1ticos que lhes d\u00e3o voz e vez.<\/p>\n<p>Respondi a eles: #\u00e9n\u00f3isnafitamano.<\/p>\n<p>Ent\u00e3o \u00e9 assim: eles reconhecendo a import\u00e2ncia da blogosfera e cada vez mais nos lendo (e que venha a banda larga!) e n\u00f3s dando visibilidade ao que realmente interessa: o povo brasileiro.<\/p>\n<p><a href=\"http:\/\/mariafro.com.br\/wordpress\/?p=2743\"><strong>Por Maria Fr\u00f4, no blog da Maria Fr\u00f4.<\/strong><\/a><\/p>\n","protected":false},"excerpt":{"rendered":"<p>&#8220;Parece que a percep\u00e7\u00e3o das pessoas comuns tamb\u00e9m \u00e9 semelhante \u00e0 minha e o termo blog est\u00e1 cada vez mais familiar para os novos inclu\u00eddos digitais. Vou dar um exemplo desta minha hip\u00f3tese.&#8221; Por Maria Fr\u00f4.<\/p>\n","protected":false},"author":1,"featured_media":0,"comment_status":"open","ping_status":"open","sticky":false,"template":"","format":"standard","meta":{"site-container-style":"default","site-container-layout":"default","site-sidebar-layout":"default","disable-article-header":"default","disable-site-header":"default","disable-site-footer":"default","disable-content-area-spacing":"default","footnotes":""},"categories":[54,8],"tags":[],"class_list":["post-16076","post","type-post","status-publish","format-standard","hentry","category-blogs-e-webs","category-textos-e-artigos"],"yoast_head":"<!-- This site is optimized with the Yoast SEO plugin v27.4 - https:\/\/yoast.com\/product\/yoast-seo-wordpress\/ -->\n<title>Olha a foto pr\u00f4 \u2018blogue\u2019! -<\/title>\n<meta name=\"robots\" content=\"index, follow, max-snippet:-1, max-image-preview:large, max-video-preview:-1\" \/>\n<link rel=\"canonical\" href=\"https:\/\/inclusivenews.com.br\/?p=16076\" \/>\n<meta property=\"og:locale\" content=\"pt_PT\" \/>\n<meta property=\"og:type\" content=\"article\" \/>\n<meta property=\"og:title\" content=\"Olha a foto pr\u00f4 \u2018blogue\u2019! -\" \/>\n<meta property=\"og:description\" content=\"&quot;Parece que a percep\u00e7\u00e3o das pessoas comuns tamb\u00e9m \u00e9 semelhante \u00e0 minha e o termo blog est\u00e1 cada vez mais familiar para os novos inclu\u00eddos digitais. Vou dar um exemplo desta minha hip\u00f3tese.&quot; Por Maria Fr\u00f4.\" \/>\n<meta property=\"og:url\" content=\"https:\/\/inclusivenews.com.br\/?p=16076\" \/>\n<meta property=\"article:publisher\" content=\"https:\/\/www.facebook.com\/agenciainclusive\/\" \/>\n<meta property=\"article:published_time\" content=\"2010-06-17T12:15:09+00:00\" \/>\n<meta property=\"og:image\" content=\"http:\/\/inclusivenews.com.br\/wp-content\/uploads\/2010\/01\/blogosfera.jpg\" \/>\n<meta name=\"author\" content=\"inclusivenews2024\" \/>\n<meta name=\"twitter:card\" content=\"summary_large_image\" \/>\n<meta name=\"twitter:label1\" content=\"Escrito por\" \/>\n\t<meta name=\"twitter:data1\" content=\"inclusivenews2024\" \/>\n\t<meta name=\"twitter:label2\" content=\"Tempo estimado de leitura\" \/>\n\t<meta name=\"twitter:data2\" content=\"3 minutos\" \/>\n<script type=\"application\/ld+json\" class=\"yoast-schema-graph\">{\"@context\":\"https:\\\/\\\/schema.org\",\"@graph\":[{\"@type\":\"Article\",\"@id\":\"https:\\\/\\\/inclusivenews.com.br\\\/?p=16076#article\",\"isPartOf\":{\"@id\":\"https:\\\/\\\/inclusivenews.com.br\\\/?p=16076\"},\"author\":{\"name\":\"inclusivenews2024\",\"@id\":\"https:\\\/\\\/inclusivenews.com.br\\\/#\\\/schema\\\/person\\\/ae4ec7087559b8692fb33b6fffd2273b\"},\"headline\":\"Olha a foto pr\u00f4 \u2018blogue\u2019!\",\"datePublished\":\"2010-06-17T12:15:09+00:00\",\"mainEntityOfPage\":{\"@id\":\"https:\\\/\\\/inclusivenews.com.br\\\/?p=16076\"},\"wordCount\":626,\"commentCount\":0,\"publisher\":{\"@id\":\"https:\\\/\\\/inclusivenews.com.br\\\/#organization\"},\"image\":{\"@id\":\"https:\\\/\\\/inclusivenews.com.br\\\/?p=16076#primaryimage\"},\"thumbnailUrl\":\"http:\\\/\\\/inclusivenews.com.br\\\/wp-content\\\/uploads\\\/2010\\\/01\\\/blogosfera.jpg\",\"articleSection\":[\"Blogs e Webs\",\"OPINI\u00c3O\"],\"inLanguage\":\"pt-PT\",\"potentialAction\":[{\"@type\":\"CommentAction\",\"name\":\"Comment\",\"target\":[\"https:\\\/\\\/inclusivenews.com.br\\\/?p=16076#respond\"]}]},{\"@type\":\"WebPage\",\"@id\":\"https:\\\/\\\/inclusivenews.com.br\\\/?p=16076\",\"url\":\"https:\\\/\\\/inclusivenews.com.br\\\/?p=16076\",\"name\":\"Olha a foto pr\u00f4 \u2018blogue\u2019! -\",\"isPartOf\":{\"@id\":\"https:\\\/\\\/inclusivenews.com.br\\\/#website\"},\"primaryImageOfPage\":{\"@id\":\"https:\\\/\\\/inclusivenews.com.br\\\/?p=16076#primaryimage\"},\"image\":{\"@id\":\"https:\\\/\\\/inclusivenews.com.br\\\/?p=16076#primaryimage\"},\"thumbnailUrl\":\"http:\\\/\\\/inclusivenews.com.br\\\/wp-content\\\/uploads\\\/2010\\\/01\\\/blogosfera.jpg\",\"datePublished\":\"2010-06-17T12:15:09+00:00\",\"breadcrumb\":{\"@id\":\"https:\\\/\\\/inclusivenews.com.br\\\/?p=16076#breadcrumb\"},\"inLanguage\":\"pt-PT\",\"potentialAction\":[{\"@type\":\"ReadAction\",\"target\":[\"https:\\\/\\\/inclusivenews.com.br\\\/?p=16076\"]}]},{\"@type\":\"ImageObject\",\"inLanguage\":\"pt-PT\",\"@id\":\"https:\\\/\\\/inclusivenews.com.br\\\/?p=16076#primaryimage\",\"url\":\"\",\"contentUrl\":\"\"},{\"@type\":\"BreadcrumbList\",\"@id\":\"https:\\\/\\\/inclusivenews.com.br\\\/?p=16076#breadcrumb\",\"itemListElement\":[{\"@type\":\"ListItem\",\"position\":1,\"name\":\"In\u00edcio\",\"item\":\"https:\\\/\\\/inclusivenews.com.br\\\/\"},{\"@type\":\"ListItem\",\"position\":2,\"name\":\"Olha a foto pr\u00f4 \u2018blogue\u2019!\"}]},{\"@type\":\"WebSite\",\"@id\":\"https:\\\/\\\/inclusivenews.com.br\\\/#website\",\"url\":\"https:\\\/\\\/inclusivenews.com.br\\\/\",\"name\":\"Inclusive News\",\"description\":\"Inclusive News\",\"publisher\":{\"@id\":\"https:\\\/\\\/inclusivenews.com.br\\\/#organization\"},\"potentialAction\":[{\"@type\":\"SearchAction\",\"target\":{\"@type\":\"EntryPoint\",\"urlTemplate\":\"https:\\\/\\\/inclusivenews.com.br\\\/?s={search_term_string}\"},\"query-input\":{\"@type\":\"PropertyValueSpecification\",\"valueRequired\":true,\"valueName\":\"search_term_string\"}}],\"inLanguage\":\"pt-PT\"},{\"@type\":\"Organization\",\"@id\":\"https:\\\/\\\/inclusivenews.com.br\\\/#organization\",\"name\":\"Inclusive - inclus\u00e3o e cidadania\",\"url\":\"https:\\\/\\\/inclusivenews.com.br\\\/\",\"logo\":{\"@type\":\"ImageObject\",\"inLanguage\":\"pt-PT\",\"@id\":\"https:\\\/\\\/inclusivenews.com.br\\\/#\\\/schema\\\/logo\\\/image\\\/\",\"url\":\"https:\\\/\\\/inclusivenews.com.br\\\/wp-content\\\/uploads\\\/2024\\\/03\\\/@grandesite.png\",\"contentUrl\":\"https:\\\/\\\/inclusivenews.com.br\\\/wp-content\\\/uploads\\\/2024\\\/03\\\/@grandesite.png\",\"width\":1080,\"height\":1080,\"caption\":\"Inclusive - inclus\u00e3o e cidadania\"},\"image\":{\"@id\":\"https:\\\/\\\/inclusivenews.com.br\\\/#\\\/schema\\\/logo\\\/image\\\/\"},\"sameAs\":[\"https:\\\/\\\/www.facebook.com\\\/agenciainclusive\\\/\",\"https:\\\/\\\/www.instagram.com\\\/newsinclusive\\\/\"]},{\"@type\":\"Person\",\"@id\":\"https:\\\/\\\/inclusivenews.com.br\\\/#\\\/schema\\\/person\\\/ae4ec7087559b8692fb33b6fffd2273b\",\"name\":\"inclusivenews2024\",\"image\":{\"@type\":\"ImageObject\",\"inLanguage\":\"pt-PT\",\"@id\":\"https:\\\/\\\/secure.gravatar.com\\\/avatar\\\/c5a7ef84c66fa914f55bc4f7ce26cfa275a3b9a1c5568b907bd184fb4dde7b40?s=96&d=mm&r=g\",\"url\":\"https:\\\/\\\/secure.gravatar.com\\\/avatar\\\/c5a7ef84c66fa914f55bc4f7ce26cfa275a3b9a1c5568b907bd184fb4dde7b40?s=96&d=mm&r=g\",\"contentUrl\":\"https:\\\/\\\/secure.gravatar.com\\\/avatar\\\/c5a7ef84c66fa914f55bc4f7ce26cfa275a3b9a1c5568b907bd184fb4dde7b40?s=96&d=mm&r=g\",\"caption\":\"inclusivenews2024\"},\"sameAs\":[\"https:\\\/\\\/inclusivenews.com.br\"],\"url\":\"https:\\\/\\\/inclusivenews.com.br\\\/?author=1\"}]}<\/script>\n<!-- \/ Yoast SEO plugin. -->","yoast_head_json":{"title":"Olha a foto pr\u00f4 \u2018blogue\u2019! -","robots":{"index":"index","follow":"follow","max-snippet":"max-snippet:-1","max-image-preview":"max-image-preview:large","max-video-preview":"max-video-preview:-1"},"canonical":"https:\/\/inclusivenews.com.br\/?p=16076","og_locale":"pt_PT","og_type":"article","og_title":"Olha a foto pr\u00f4 \u2018blogue\u2019! -","og_description":"\"Parece que a percep\u00e7\u00e3o das pessoas comuns tamb\u00e9m \u00e9 semelhante \u00e0 minha e o termo blog est\u00e1 cada vez mais familiar para os novos inclu\u00eddos digitais. Vou dar um exemplo desta minha hip\u00f3tese.\" Por Maria Fr\u00f4.","og_url":"https:\/\/inclusivenews.com.br\/?p=16076","article_publisher":"https:\/\/www.facebook.com\/agenciainclusive\/","article_published_time":"2010-06-17T12:15:09+00:00","og_image":[{"url":"http:\/\/inclusivenews.com.br\/wp-content\/uploads\/2010\/01\/blogosfera.jpg","type":"","width":"","height":""}],"author":"inclusivenews2024","twitter_card":"summary_large_image","twitter_misc":{"Escrito por":"inclusivenews2024","Tempo estimado de leitura":"3 minutos"},"schema":{"@context":"https:\/\/schema.org","@graph":[{"@type":"Article","@id":"https:\/\/inclusivenews.com.br\/?p=16076#article","isPartOf":{"@id":"https:\/\/inclusivenews.com.br\/?p=16076"},"author":{"name":"inclusivenews2024","@id":"https:\/\/inclusivenews.com.br\/#\/schema\/person\/ae4ec7087559b8692fb33b6fffd2273b"},"headline":"Olha a foto pr\u00f4 \u2018blogue\u2019!","datePublished":"2010-06-17T12:15:09+00:00","mainEntityOfPage":{"@id":"https:\/\/inclusivenews.com.br\/?p=16076"},"wordCount":626,"commentCount":0,"publisher":{"@id":"https:\/\/inclusivenews.com.br\/#organization"},"image":{"@id":"https:\/\/inclusivenews.com.br\/?p=16076#primaryimage"},"thumbnailUrl":"http:\/\/inclusivenews.com.br\/wp-content\/uploads\/2010\/01\/blogosfera.jpg","articleSection":["Blogs e Webs","OPINI\u00c3O"],"inLanguage":"pt-PT","potentialAction":[{"@type":"CommentAction","name":"Comment","target":["https:\/\/inclusivenews.com.br\/?p=16076#respond"]}]},{"@type":"WebPage","@id":"https:\/\/inclusivenews.com.br\/?p=16076","url":"https:\/\/inclusivenews.com.br\/?p=16076","name":"Olha a foto pr\u00f4 \u2018blogue\u2019! -","isPartOf":{"@id":"https:\/\/inclusivenews.com.br\/#website"},"primaryImageOfPage":{"@id":"https:\/\/inclusivenews.com.br\/?p=16076#primaryimage"},"image":{"@id":"https:\/\/inclusivenews.com.br\/?p=16076#primaryimage"},"thumbnailUrl":"http:\/\/inclusivenews.com.br\/wp-content\/uploads\/2010\/01\/blogosfera.jpg","datePublished":"2010-06-17T12:15:09+00:00","breadcrumb":{"@id":"https:\/\/inclusivenews.com.br\/?p=16076#breadcrumb"},"inLanguage":"pt-PT","potentialAction":[{"@type":"ReadAction","target":["https:\/\/inclusivenews.com.br\/?p=16076"]}]},{"@type":"ImageObject","inLanguage":"pt-PT","@id":"https:\/\/inclusivenews.com.br\/?p=16076#primaryimage","url":"","contentUrl":""},{"@type":"BreadcrumbList","@id":"https:\/\/inclusivenews.com.br\/?p=16076#breadcrumb","itemListElement":[{"@type":"ListItem","position":1,"name":"In\u00edcio","item":"https:\/\/inclusivenews.com.br\/"},{"@type":"ListItem","position":2,"name":"Olha a foto pr\u00f4 \u2018blogue\u2019!"}]},{"@type":"WebSite","@id":"https:\/\/inclusivenews.com.br\/#website","url":"https:\/\/inclusivenews.com.br\/","name":"Inclusive News","description":"Inclusive News","publisher":{"@id":"https:\/\/inclusivenews.com.br\/#organization"},"potentialAction":[{"@type":"SearchAction","target":{"@type":"EntryPoint","urlTemplate":"https:\/\/inclusivenews.com.br\/?s={search_term_string}"},"query-input":{"@type":"PropertyValueSpecification","valueRequired":true,"valueName":"search_term_string"}}],"inLanguage":"pt-PT"},{"@type":"Organization","@id":"https:\/\/inclusivenews.com.br\/#organization","name":"Inclusive - inclus\u00e3o e cidadania","url":"https:\/\/inclusivenews.com.br\/","logo":{"@type":"ImageObject","inLanguage":"pt-PT","@id":"https:\/\/inclusivenews.com.br\/#\/schema\/logo\/image\/","url":"https:\/\/inclusivenews.com.br\/wp-content\/uploads\/2024\/03\/@grandesite.png","contentUrl":"https:\/\/inclusivenews.com.br\/wp-content\/uploads\/2024\/03\/@grandesite.png","width":1080,"height":1080,"caption":"Inclusive - inclus\u00e3o e cidadania"},"image":{"@id":"https:\/\/inclusivenews.com.br\/#\/schema\/logo\/image\/"},"sameAs":["https:\/\/www.facebook.com\/agenciainclusive\/","https:\/\/www.instagram.com\/newsinclusive\/"]},{"@type":"Person","@id":"https:\/\/inclusivenews.com.br\/#\/schema\/person\/ae4ec7087559b8692fb33b6fffd2273b","name":"inclusivenews2024","image":{"@type":"ImageObject","inLanguage":"pt-PT","@id":"https:\/\/secure.gravatar.com\/avatar\/c5a7ef84c66fa914f55bc4f7ce26cfa275a3b9a1c5568b907bd184fb4dde7b40?s=96&d=mm&r=g","url":"https:\/\/secure.gravatar.com\/avatar\/c5a7ef84c66fa914f55bc4f7ce26cfa275a3b9a1c5568b907bd184fb4dde7b40?s=96&d=mm&r=g","contentUrl":"https:\/\/secure.gravatar.com\/avatar\/c5a7ef84c66fa914f55bc4f7ce26cfa275a3b9a1c5568b907bd184fb4dde7b40?s=96&d=mm&r=g","caption":"inclusivenews2024"},"sameAs":["https:\/\/inclusivenews.com.br"],"url":"https:\/\/inclusivenews.com.br\/?author=1"}]}},"_links":{"self":[{"href":"https:\/\/inclusivenews.com.br\/index.php?rest_route=\/wp\/v2\/posts\/16076","targetHints":{"allow":["GET"]}}],"collection":[{"href":"https:\/\/inclusivenews.com.br\/index.php?rest_route=\/wp\/v2\/posts"}],"about":[{"href":"https:\/\/inclusivenews.com.br\/index.php?rest_route=\/wp\/v2\/types\/post"}],"author":[{"embeddable":true,"href":"https:\/\/inclusivenews.com.br\/index.php?rest_route=\/wp\/v2\/users\/1"}],"replies":[{"embeddable":true,"href":"https:\/\/inclusivenews.com.br\/index.php?rest_route=%2Fwp%2Fv2%2Fcomments&post=16076"}],"version-history":[{"count":0,"href":"https:\/\/inclusivenews.com.br\/index.php?rest_route=\/wp\/v2\/posts\/16076\/revisions"}],"wp:attachment":[{"href":"https:\/\/inclusivenews.com.br\/index.php?rest_route=%2Fwp%2Fv2%2Fmedia&parent=16076"}],"wp:term":[{"taxonomy":"category","embeddable":true,"href":"https:\/\/inclusivenews.com.br\/index.php?rest_route=%2Fwp%2Fv2%2Fcategories&post=16076"},{"taxonomy":"post_tag","embeddable":true,"href":"https:\/\/inclusivenews.com.br\/index.php?rest_route=%2Fwp%2Fv2%2Ftags&post=16076"}],"curies":[{"name":"wp","href":"https:\/\/api.w.org\/{rel}","templated":true}]}}