{"id":16078,"date":"2010-06-18T13:51:29","date_gmt":"2010-06-18T16:51:29","guid":{"rendered":"http:\/\/www.inclusive.org.br\/?p=16078"},"modified":"2010-06-18T13:51:29","modified_gmt":"2010-06-18T16:51:29","slug":"jovens-com-deficiencia-representados-no-conselho-da-juventude","status":"publish","type":"post","link":"https:\/\/inclusivenews.com.br\/?p=16078","title":{"rendered":"Jovens com Defici\u00eancia representados no Conselho da Juventude"},"content":{"rendered":"<figure id=\"attachment_16110\" aria-describedby=\"caption-attachment-16110\" style=\"width: 591px\" class=\"wp-caption alignleft\"><a href=\"http:\/\/www.inclusivenews.com.br\/wp-content\/uploads\/2010\/06\/Conjuve.jpg\"><img loading=\"lazy\" decoding=\"async\" class=\"size-full wp-image-16110\" title=\"Conjuve\" src=\"http:\/\/inclusivenews.com.br\/wp-content\/uploads\/2010\/06\/Conjuve.jpg\" alt=\"Logotipo do CONJUVE\" width=\"591\" height=\"249\" \/><\/a><figcaption id=\"caption-attachment-16110\" class=\"wp-caption-text\">Logotipo do CONJUVE<\/figcaption><\/figure>\n<p>Em mar\u00e7o de 2010, a Subsecretaria Nacional de Promo\u00e7\u00e3o dos Direitos da Pessoa com Defici\u00eancia (SNPD) passou a integrar mais um Conselho Nacional de Pol\u00edticas P\u00fablicas. Criado em 2005, junto com a Secretaria Nacional de Juventude, da Secretaria-Geral da Presid\u00eancia da Rep\u00fablica, o Conjuve tem exercido um papel fundamental na consolida\u00e7\u00e3o da pol\u00edtica nacional de juventude.<\/p>\n<p>O Conjuve \u00e9 um colegiado in\u00e9dito na Am\u00e9rica Latina, j\u00e1 que o Brasil \u00e9 o \u00fanico pa\u00eds da regi\u00e3o que possui um conselho voltado especificamente para os jovens. Com 60 membros, dos quais 40 s\u00e3o da sociedade civil, o Conselho veio refor\u00e7ar a democracia participativa, atuando de forma efetiva na defesa dos direitos juvenis. Sua atua\u00e7\u00e3o tem contribu\u00eddo para a expans\u00e3o dos organismos de juventude &#8211; secretarias, subsecretarias, superintend\u00eancias e coordenadorias &#8211; que se multiplicaram nos \u00faltimos cinco anos e hoje est\u00e3o presentes em cerca de mil munic\u00edpios e 25 estados.<\/p>\n<p>F\u00e1bio Meirelles, coordenador da Coordena\u00e7\u00e3o Geral de Informa\u00e7\u00e3o e Comunica\u00e7\u00e3o da SNPD atuar\u00e1 na supl\u00eancia da vaga da Secretaria de Direitos Humanos da Presid\u00eancia da Rep\u00fablica. Jerusa Ata\u00edde Vasconcelos, coordenadora do Programa de Prote\u00e7\u00e3o a Crian\u00e7as e Adolescentes Amea\u00e7ados de Morte da Subsecretaria Nacional de Promo\u00e7\u00e3o dos Direitos da Crian\u00e7a e do Adolescente (SPDCA) ocupar\u00e1 a titularidade.<\/p>\n<p>O Conjuve \u00e9 composto de 20 cadeiras do poder p\u00fablico e 40 da sociedade civil. O \u00f3rg\u00e3o foi criado em junho de 2005 com a finalidade de formular e propor diretrizes para a promo\u00e7\u00e3o de pol\u00edticas p\u00fablicas de juventude, fomentar estudos e pesquisas sobre a realidade socioecon\u00f4mica juvenil e o interc\u00e2mbio entre as organiza\u00e7\u00f5es juvenis nacionais e internacionais.<\/p>\n<p>Em abril e junho de 2010, F\u00e1bio Meirelles participou, respectivamente, da 4\u00aa Reuni\u00e3o Extraordin\u00e1ria e da 21\u00aa Reuni\u00e3o Ordin\u00e1ria do Conjuve.<\/p>\n<p>4\u00aa Reuni\u00e3o Extraordin\u00e1ria do Conjuve em Bras\u00edlia<\/p>\n<p>O secret\u00e1rio-adjunto da Secretaria Nacional de Juventude, Danilo Moreira e o secret\u00e1rio nacional adjunto da juventude da Uni\u00e3o Geral dos Trabalhadores, Jo\u00e3o Marcos Vidal, foram eleitos respectivamente para a presid\u00eancia e vice-presid\u00eancia do Conselho Nacional de Juventude (Conjuve). Eles foram indicados por aclama\u00e7\u00e3o pelo Pleno do Conselho para o pr\u00f3ximo bi\u00eanio, durante a 4\u00ba Reuni\u00e3o Extraordin\u00e1ria do Conjuve, realizada entre os dias 8 e 9 de abril de 2010, em Bras\u00edlia.<\/p>\n<p>A pauta da reuni\u00e3o foi composta por: discuss\u00e3o e defini\u00e7\u00e3o da miss\u00e3o e prioridades do conselho, reuni\u00f5es das comiss\u00f5es, discuss\u00e3o e defini\u00e7\u00e3o do Plano de A\u00e7\u00e3o, al\u00e9m de encaminhamentos.<\/p>\n<p>Al\u00e9m dos presidentes, os conselheiros elegeram tamb\u00e9m os representantes das quatro comiss\u00f5es que comp\u00f5em o Conselho. O regimento do Conjuve estabelece que deva haver uma altern\u00e2ncia nos mandatos de presidente e vice-presidente, assim, neste mandato (2010\/2011), a presid\u00eancia ficar\u00e1 com um representante do governo e, a vice-presid\u00eancia, com a sociedade civil.<\/p>\n<p>21\u00aa Reuni\u00e3o Ordin\u00e1ria do Conselho Nacional de Juventude em Belo Horizonte<\/p>\n<p>A 21\u00aa reuni\u00e3o do Conselho Nacional de Juventude (Conjuve), aconteceu no audit\u00f3rio do Banco de Desenvolvimento de Minas Gerais, em Belo Horizonte, entre os dias 7 e 8 de junho. Aproximadamente 50 conselheiros de todo o pa\u00eds se re\u00fanem na capital mineira para discutir as prioridades e planejar as a\u00e7\u00f5es do Conselho, por meio das suas comiss\u00f5es: Articula\u00e7\u00e3o e Di\u00e1logo, Acompanhamento de Pol\u00edticas e Programas, Parlamento e Comunica\u00e7\u00e3o.<\/p>\n<p>Desde 2009, o Conselho vem descentralizando os seus encontros, levando-os para v\u00e1rias cidades do pa\u00eds, com o objetivo de fortalecer os conselhos estaduais e municipais de juventude, al\u00e9m de estimular sua cria\u00e7\u00e3o onde ainda n\u00e3o foram institu\u00eddos. A pauta principal da reuni\u00e3o na capital mineira foi o lan\u00e7amento do &#8220;Guia de Conselhos&#8221;, produzido pelo Conjuve e pela Secretaria Nacional de Juventude, em parceria com a Unesco. O documento fornece as orienta\u00e7\u00f5es b\u00e1sicas para cria\u00e7\u00e3o dos conselhos de juventude, subsidiando a elabora\u00e7\u00e3o de pol\u00edticas de participa\u00e7\u00e3o e controle social voltadas para a tem\u00e1tica juvenil.<\/p>\n<p>O encontro foi aberto pelo presidente do Conselho, Danilo Moreira, que demonstrou a import\u00e2ncia da descentraliza\u00e7\u00e3o das reuni\u00f5es para al\u00e9m de Bras\u00edlia. Segundo ele, a estrat\u00e9gia permite conhecer a realidade dos Conselhos locais, al\u00e9m de oferecer \u00e0 sociedade civil e demais entidades do estado, a oportunidade de acompanhar a pauta do Conjuve. Jo\u00e3o Vidal, vice-presidente, tamb\u00e9m esteve na dire\u00e7\u00e3o da mesa e coordenou os trabalhos de interven\u00e7\u00e3o com conselheiros e convidados.<\/p>\n<p>Logo ap\u00f3s a abertura, Nilo Furtado Teodoro, presidente do Conselho Estadual de Juventude de Minas Gerais, e Roberto Rocha Tross, coordenador da Coordenadoria Especial da Juventude de Minas, apresentaram as pol\u00edticas de juventude do estado. Teodoro explicou que o Conselho Estadual tem trabalhado para incentivar a cria\u00e7\u00e3o de Conselhos Municipais \u2013 atualmente s\u00e3o 117 em funcionamento \u2013 e garantir o fortalecimento das bandeiras defendidas pelo conselho mineiro.<\/p>\n<p>Comiss\u00f5es e GTs<\/p>\n<p>Retomando as atividades ap\u00f3s o intervalo do almo\u00e7o houve os relatos dos grupos de trabalho. Os coordenadores dos grupos compartilharam o resultado dos trabalhos das suas comiss\u00f5es e fizeram sugest\u00f5es para an\u00e1lise do plen\u00e1rio. A Comiss\u00e3o de Articula\u00e7\u00e3o e Di\u00e1logo apresentou o cronograma das oficinas regionais de forma\u00e7\u00e3o de conselheiros estaduais e municipais, que ocorrer\u00e3o at\u00e9 agosto, tendo como p\u00f3los articuladores Bel\u00e9m, reunindo a regi\u00e3o Norte; Recife, reunindo a regi\u00e3o Nordeste; Curitiba, reunindo a regi\u00e3o Sul; Rio de Janeiro, reunindo a regi\u00e3o Sudeste e Bras\u00edlia, reunindo a regi\u00e3o Centro Oeste.<\/p>\n<p>J\u00e1 a Comiss\u00e3o de Acompanhamento de Pol\u00edticas comunicou que realizar\u00e1 uma reuni\u00e3o no dia 9 de junho, em Belo Horizonte, para montar a metodologia e o cronograma para a elabora\u00e7\u00e3o da an\u00e1lise das pol\u00edticas de juventude nos oito anos do governo Lula. A Comiss\u00e3o de Parlamento refor\u00e7ou a necessidade de manter a mobiliza\u00e7\u00e3o no Congresso para a aprova\u00e7\u00e3o da PEC da juventude. Por fim, a Comiss\u00e3o de Comunica\u00e7\u00e3o relatou que tamb\u00e9m programou reuni\u00e3o para encaminhar demandas como a reformula\u00e7\u00e3o dos produtos de comunica\u00e7\u00e3o do Conjuve.<\/p>\n<p>Publica\u00e7\u00f5es produzidas por entidades do Conselho foram lan\u00e7adas, como, o Manual da M\u00eddia Legal, da ONG Escola de Gente; o Livro das Juventudes Sul-americanas, produzido pelo Ibase e Instituto Polis, e um kit de produtos do Projovem, realizado pelo Minist\u00e9rio de Desenvolvimento Social. Durante a reuni\u00e3o houve ainda a apresenta\u00e7\u00e3o dos trabalhos dos Grupos de Trabalho Juventude Negra, Rela\u00e7\u00f5es Internacionais e Pacto pela Juventude.<\/p>\n<p>A pauta do encontro incluiu, ainda, a retomada do &#8220;Pacto pela Juventude&#8221;, com a discuss\u00e3o das atividadas previstas para 2010. O Pacto foi estruturado em 2008 com o objetivo de manter o debate em torno dos temas apresentados na I Confer\u00eancia Nacional de Juventude, que contou com mais de 400 mil participantes.<\/p>\n<p>Fonte: <a href=\"http:\/\/www.juventude.gov.br\/\">http:\/\/www.juventude.gov.br\/<\/a><\/p>\n","protected":false},"excerpt":{"rendered":"<p>F\u00e1bio Meirelles, coordenador da Coordena\u00e7\u00e3o Geral de Informa\u00e7\u00e3o e Comunica\u00e7\u00e3o da SNPD atuar\u00e1 na supl\u00eancia da vaga da Secretaria de Direitos Humanos da Presid\u00eancia da Rep\u00fablica. Jerusa Ata\u00edde Vasconcelos, coordenadora do Programa de Prote\u00e7\u00e3o a Crian\u00e7as e Adolescentes Amea\u00e7ados de Morte da Subsecretaria Nacional de Promo\u00e7\u00e3o dos Direitos da Crian\u00e7a e do Adolescente (SPDCA) ocupar\u00e1 a titularidade.<\/p>\n","protected":false},"author":1,"featured_media":0,"comment_status":"open","ping_status":"open","sticky":false,"template":"","format":"standard","meta":{"site-container-style":"default","site-container-layout":"default","site-sidebar-layout":"default","disable-article-header":"default","disable-site-header":"default","disable-site-footer":"default","disable-content-area-spacing":"default","footnotes":""},"categories":[38,48,4],"tags":[],"class_list":["post-16078","post","type-post","status-publish","format-standard","hentry","category-deficiencia","category-inclusao","category-noticias"],"yoast_head":"<!-- This site is optimized with the Yoast SEO plugin v27.4 - https:\/\/yoast.com\/product\/yoast-seo-wordpress\/ -->\n<title>Jovens com Defici\u00eancia representados no Conselho da Juventude -<\/title>\n<meta name=\"robots\" content=\"index, follow, max-snippet:-1, max-image-preview:large, max-video-preview:-1\" \/>\n<link rel=\"canonical\" href=\"https:\/\/inclusivenews.com.br\/?p=16078\" \/>\n<meta property=\"og:locale\" content=\"pt_PT\" \/>\n<meta property=\"og:type\" content=\"article\" \/>\n<meta property=\"og:title\" content=\"Jovens com Defici\u00eancia representados no Conselho da Juventude -\" \/>\n<meta property=\"og:description\" content=\"F\u00e1bio Meirelles, coordenador da Coordena\u00e7\u00e3o Geral de Informa\u00e7\u00e3o e Comunica\u00e7\u00e3o da SNPD atuar\u00e1 na supl\u00eancia da vaga da Secretaria de Direitos Humanos da Presid\u00eancia da Rep\u00fablica. Jerusa Ata\u00edde Vasconcelos, coordenadora do Programa de Prote\u00e7\u00e3o a Crian\u00e7as e Adolescentes Amea\u00e7ados de Morte da Subsecretaria Nacional de Promo\u00e7\u00e3o dos Direitos da Crian\u00e7a e do Adolescente (SPDCA) ocupar\u00e1 a titularidade.\" \/>\n<meta property=\"og:url\" content=\"https:\/\/inclusivenews.com.br\/?p=16078\" \/>\n<meta property=\"article:publisher\" content=\"https:\/\/www.facebook.com\/agenciainclusive\/\" \/>\n<meta property=\"article:published_time\" content=\"2010-06-18T16:51:29+00:00\" \/>\n<meta property=\"og:image\" content=\"http:\/\/inclusivenews.com.br\/wp-content\/uploads\/2010\/06\/Conjuve.jpg\" \/>\n<meta name=\"author\" content=\"inclusivenews2024\" \/>\n<meta name=\"twitter:card\" content=\"summary_large_image\" \/>\n<meta name=\"twitter:label1\" content=\"Escrito por\" \/>\n\t<meta name=\"twitter:data1\" content=\"inclusivenews2024\" \/>\n\t<meta name=\"twitter:label2\" content=\"Tempo estimado de leitura\" \/>\n\t<meta name=\"twitter:data2\" content=\"6 minutos\" \/>\n<script type=\"application\/ld+json\" class=\"yoast-schema-graph\">{\"@context\":\"https:\\\/\\\/schema.org\",\"@graph\":[{\"@type\":\"Article\",\"@id\":\"https:\\\/\\\/inclusivenews.com.br\\\/?p=16078#article\",\"isPartOf\":{\"@id\":\"https:\\\/\\\/inclusivenews.com.br\\\/?p=16078\"},\"author\":{\"name\":\"inclusivenews2024\",\"@id\":\"https:\\\/\\\/inclusivenews.com.br\\\/#\\\/schema\\\/person\\\/ae4ec7087559b8692fb33b6fffd2273b\"},\"headline\":\"Jovens com Defici\u00eancia representados no Conselho da Juventude\",\"datePublished\":\"2010-06-18T16:51:29+00:00\",\"mainEntityOfPage\":{\"@id\":\"https:\\\/\\\/inclusivenews.com.br\\\/?p=16078\"},\"wordCount\":1203,\"commentCount\":2,\"publisher\":{\"@id\":\"https:\\\/\\\/inclusivenews.com.br\\\/#organization\"},\"image\":{\"@id\":\"https:\\\/\\\/inclusivenews.com.br\\\/?p=16078#primaryimage\"},\"thumbnailUrl\":\"http:\\\/\\\/inclusivenews.com.br\\\/wp-content\\\/uploads\\\/2010\\\/06\\\/Conjuve.jpg\",\"articleSection\":[\"Defici\u00eancia\",\"INCLUS\u00c3O SOCIAL\",\"NOT\u00cdCIAS\"],\"inLanguage\":\"pt-PT\",\"potentialAction\":[{\"@type\":\"CommentAction\",\"name\":\"Comment\",\"target\":[\"https:\\\/\\\/inclusivenews.com.br\\\/?p=16078#respond\"]}]},{\"@type\":\"WebPage\",\"@id\":\"https:\\\/\\\/inclusivenews.com.br\\\/?p=16078\",\"url\":\"https:\\\/\\\/inclusivenews.com.br\\\/?p=16078\",\"name\":\"Jovens com Defici\u00eancia representados no Conselho da Juventude -\",\"isPartOf\":{\"@id\":\"https:\\\/\\\/inclusivenews.com.br\\\/#website\"},\"primaryImageOfPage\":{\"@id\":\"https:\\\/\\\/inclusivenews.com.br\\\/?p=16078#primaryimage\"},\"image\":{\"@id\":\"https:\\\/\\\/inclusivenews.com.br\\\/?p=16078#primaryimage\"},\"thumbnailUrl\":\"http:\\\/\\\/inclusivenews.com.br\\\/wp-content\\\/uploads\\\/2010\\\/06\\\/Conjuve.jpg\",\"datePublished\":\"2010-06-18T16:51:29+00:00\",\"breadcrumb\":{\"@id\":\"https:\\\/\\\/inclusivenews.com.br\\\/?p=16078#breadcrumb\"},\"inLanguage\":\"pt-PT\",\"potentialAction\":[{\"@type\":\"ReadAction\",\"target\":[\"https:\\\/\\\/inclusivenews.com.br\\\/?p=16078\"]}]},{\"@type\":\"ImageObject\",\"inLanguage\":\"pt-PT\",\"@id\":\"https:\\\/\\\/inclusivenews.com.br\\\/?p=16078#primaryimage\",\"url\":\"\",\"contentUrl\":\"\"},{\"@type\":\"BreadcrumbList\",\"@id\":\"https:\\\/\\\/inclusivenews.com.br\\\/?p=16078#breadcrumb\",\"itemListElement\":[{\"@type\":\"ListItem\",\"position\":1,\"name\":\"In\u00edcio\",\"item\":\"https:\\\/\\\/inclusivenews.com.br\\\/\"},{\"@type\":\"ListItem\",\"position\":2,\"name\":\"Jovens com Defici\u00eancia representados no Conselho da Juventude\"}]},{\"@type\":\"WebSite\",\"@id\":\"https:\\\/\\\/inclusivenews.com.br\\\/#website\",\"url\":\"https:\\\/\\\/inclusivenews.com.br\\\/\",\"name\":\"Inclusive News\",\"description\":\"Inclusive News\",\"publisher\":{\"@id\":\"https:\\\/\\\/inclusivenews.com.br\\\/#organization\"},\"potentialAction\":[{\"@type\":\"SearchAction\",\"target\":{\"@type\":\"EntryPoint\",\"urlTemplate\":\"https:\\\/\\\/inclusivenews.com.br\\\/?s={search_term_string}\"},\"query-input\":{\"@type\":\"PropertyValueSpecification\",\"valueRequired\":true,\"valueName\":\"search_term_string\"}}],\"inLanguage\":\"pt-PT\"},{\"@type\":\"Organization\",\"@id\":\"https:\\\/\\\/inclusivenews.com.br\\\/#organization\",\"name\":\"Inclusive - inclus\u00e3o e cidadania\",\"url\":\"https:\\\/\\\/inclusivenews.com.br\\\/\",\"logo\":{\"@type\":\"ImageObject\",\"inLanguage\":\"pt-PT\",\"@id\":\"https:\\\/\\\/inclusivenews.com.br\\\/#\\\/schema\\\/logo\\\/image\\\/\",\"url\":\"https:\\\/\\\/inclusivenews.com.br\\\/wp-content\\\/uploads\\\/2024\\\/03\\\/@grandesite.png\",\"contentUrl\":\"https:\\\/\\\/inclusivenews.com.br\\\/wp-content\\\/uploads\\\/2024\\\/03\\\/@grandesite.png\",\"width\":1080,\"height\":1080,\"caption\":\"Inclusive - inclus\u00e3o e cidadania\"},\"image\":{\"@id\":\"https:\\\/\\\/inclusivenews.com.br\\\/#\\\/schema\\\/logo\\\/image\\\/\"},\"sameAs\":[\"https:\\\/\\\/www.facebook.com\\\/agenciainclusive\\\/\",\"https:\\\/\\\/www.instagram.com\\\/newsinclusive\\\/\"]},{\"@type\":\"Person\",\"@id\":\"https:\\\/\\\/inclusivenews.com.br\\\/#\\\/schema\\\/person\\\/ae4ec7087559b8692fb33b6fffd2273b\",\"name\":\"inclusivenews2024\",\"image\":{\"@type\":\"ImageObject\",\"inLanguage\":\"pt-PT\",\"@id\":\"https:\\\/\\\/secure.gravatar.com\\\/avatar\\\/c5a7ef84c66fa914f55bc4f7ce26cfa275a3b9a1c5568b907bd184fb4dde7b40?s=96&d=mm&r=g\",\"url\":\"https:\\\/\\\/secure.gravatar.com\\\/avatar\\\/c5a7ef84c66fa914f55bc4f7ce26cfa275a3b9a1c5568b907bd184fb4dde7b40?s=96&d=mm&r=g\",\"contentUrl\":\"https:\\\/\\\/secure.gravatar.com\\\/avatar\\\/c5a7ef84c66fa914f55bc4f7ce26cfa275a3b9a1c5568b907bd184fb4dde7b40?s=96&d=mm&r=g\",\"caption\":\"inclusivenews2024\"},\"sameAs\":[\"https:\\\/\\\/inclusivenews.com.br\"],\"url\":\"https:\\\/\\\/inclusivenews.com.br\\\/?author=1\"}]}<\/script>\n<!-- \/ Yoast SEO plugin. -->","yoast_head_json":{"title":"Jovens com Defici\u00eancia representados no Conselho da Juventude -","robots":{"index":"index","follow":"follow","max-snippet":"max-snippet:-1","max-image-preview":"max-image-preview:large","max-video-preview":"max-video-preview:-1"},"canonical":"https:\/\/inclusivenews.com.br\/?p=16078","og_locale":"pt_PT","og_type":"article","og_title":"Jovens com Defici\u00eancia representados no Conselho da Juventude -","og_description":"F\u00e1bio Meirelles, coordenador da Coordena\u00e7\u00e3o Geral de Informa\u00e7\u00e3o e Comunica\u00e7\u00e3o da SNPD atuar\u00e1 na supl\u00eancia da vaga da Secretaria de Direitos Humanos da Presid\u00eancia da Rep\u00fablica. Jerusa Ata\u00edde Vasconcelos, coordenadora do Programa de Prote\u00e7\u00e3o a Crian\u00e7as e Adolescentes Amea\u00e7ados de Morte da Subsecretaria Nacional de Promo\u00e7\u00e3o dos Direitos da Crian\u00e7a e do Adolescente (SPDCA) ocupar\u00e1 a titularidade.","og_url":"https:\/\/inclusivenews.com.br\/?p=16078","article_publisher":"https:\/\/www.facebook.com\/agenciainclusive\/","article_published_time":"2010-06-18T16:51:29+00:00","og_image":[{"url":"http:\/\/inclusivenews.com.br\/wp-content\/uploads\/2010\/06\/Conjuve.jpg","type":"","width":"","height":""}],"author":"inclusivenews2024","twitter_card":"summary_large_image","twitter_misc":{"Escrito por":"inclusivenews2024","Tempo estimado de leitura":"6 minutos"},"schema":{"@context":"https:\/\/schema.org","@graph":[{"@type":"Article","@id":"https:\/\/inclusivenews.com.br\/?p=16078#article","isPartOf":{"@id":"https:\/\/inclusivenews.com.br\/?p=16078"},"author":{"name":"inclusivenews2024","@id":"https:\/\/inclusivenews.com.br\/#\/schema\/person\/ae4ec7087559b8692fb33b6fffd2273b"},"headline":"Jovens com Defici\u00eancia representados no Conselho da Juventude","datePublished":"2010-06-18T16:51:29+00:00","mainEntityOfPage":{"@id":"https:\/\/inclusivenews.com.br\/?p=16078"},"wordCount":1203,"commentCount":2,"publisher":{"@id":"https:\/\/inclusivenews.com.br\/#organization"},"image":{"@id":"https:\/\/inclusivenews.com.br\/?p=16078#primaryimage"},"thumbnailUrl":"http:\/\/inclusivenews.com.br\/wp-content\/uploads\/2010\/06\/Conjuve.jpg","articleSection":["Defici\u00eancia","INCLUS\u00c3O SOCIAL","NOT\u00cdCIAS"],"inLanguage":"pt-PT","potentialAction":[{"@type":"CommentAction","name":"Comment","target":["https:\/\/inclusivenews.com.br\/?p=16078#respond"]}]},{"@type":"WebPage","@id":"https:\/\/inclusivenews.com.br\/?p=16078","url":"https:\/\/inclusivenews.com.br\/?p=16078","name":"Jovens com Defici\u00eancia representados no Conselho da Juventude -","isPartOf":{"@id":"https:\/\/inclusivenews.com.br\/#website"},"primaryImageOfPage":{"@id":"https:\/\/inclusivenews.com.br\/?p=16078#primaryimage"},"image":{"@id":"https:\/\/inclusivenews.com.br\/?p=16078#primaryimage"},"thumbnailUrl":"http:\/\/inclusivenews.com.br\/wp-content\/uploads\/2010\/06\/Conjuve.jpg","datePublished":"2010-06-18T16:51:29+00:00","breadcrumb":{"@id":"https:\/\/inclusivenews.com.br\/?p=16078#breadcrumb"},"inLanguage":"pt-PT","potentialAction":[{"@type":"ReadAction","target":["https:\/\/inclusivenews.com.br\/?p=16078"]}]},{"@type":"ImageObject","inLanguage":"pt-PT","@id":"https:\/\/inclusivenews.com.br\/?p=16078#primaryimage","url":"","contentUrl":""},{"@type":"BreadcrumbList","@id":"https:\/\/inclusivenews.com.br\/?p=16078#breadcrumb","itemListElement":[{"@type":"ListItem","position":1,"name":"In\u00edcio","item":"https:\/\/inclusivenews.com.br\/"},{"@type":"ListItem","position":2,"name":"Jovens com Defici\u00eancia representados no Conselho da Juventude"}]},{"@type":"WebSite","@id":"https:\/\/inclusivenews.com.br\/#website","url":"https:\/\/inclusivenews.com.br\/","name":"Inclusive News","description":"Inclusive News","publisher":{"@id":"https:\/\/inclusivenews.com.br\/#organization"},"potentialAction":[{"@type":"SearchAction","target":{"@type":"EntryPoint","urlTemplate":"https:\/\/inclusivenews.com.br\/?s={search_term_string}"},"query-input":{"@type":"PropertyValueSpecification","valueRequired":true,"valueName":"search_term_string"}}],"inLanguage":"pt-PT"},{"@type":"Organization","@id":"https:\/\/inclusivenews.com.br\/#organization","name":"Inclusive - inclus\u00e3o e cidadania","url":"https:\/\/inclusivenews.com.br\/","logo":{"@type":"ImageObject","inLanguage":"pt-PT","@id":"https:\/\/inclusivenews.com.br\/#\/schema\/logo\/image\/","url":"https:\/\/inclusivenews.com.br\/wp-content\/uploads\/2024\/03\/@grandesite.png","contentUrl":"https:\/\/inclusivenews.com.br\/wp-content\/uploads\/2024\/03\/@grandesite.png","width":1080,"height":1080,"caption":"Inclusive - inclus\u00e3o e cidadania"},"image":{"@id":"https:\/\/inclusivenews.com.br\/#\/schema\/logo\/image\/"},"sameAs":["https:\/\/www.facebook.com\/agenciainclusive\/","https:\/\/www.instagram.com\/newsinclusive\/"]},{"@type":"Person","@id":"https:\/\/inclusivenews.com.br\/#\/schema\/person\/ae4ec7087559b8692fb33b6fffd2273b","name":"inclusivenews2024","image":{"@type":"ImageObject","inLanguage":"pt-PT","@id":"https:\/\/secure.gravatar.com\/avatar\/c5a7ef84c66fa914f55bc4f7ce26cfa275a3b9a1c5568b907bd184fb4dde7b40?s=96&d=mm&r=g","url":"https:\/\/secure.gravatar.com\/avatar\/c5a7ef84c66fa914f55bc4f7ce26cfa275a3b9a1c5568b907bd184fb4dde7b40?s=96&d=mm&r=g","contentUrl":"https:\/\/secure.gravatar.com\/avatar\/c5a7ef84c66fa914f55bc4f7ce26cfa275a3b9a1c5568b907bd184fb4dde7b40?s=96&d=mm&r=g","caption":"inclusivenews2024"},"sameAs":["https:\/\/inclusivenews.com.br"],"url":"https:\/\/inclusivenews.com.br\/?author=1"}]}},"_links":{"self":[{"href":"https:\/\/inclusivenews.com.br\/index.php?rest_route=\/wp\/v2\/posts\/16078","targetHints":{"allow":["GET"]}}],"collection":[{"href":"https:\/\/inclusivenews.com.br\/index.php?rest_route=\/wp\/v2\/posts"}],"about":[{"href":"https:\/\/inclusivenews.com.br\/index.php?rest_route=\/wp\/v2\/types\/post"}],"author":[{"embeddable":true,"href":"https:\/\/inclusivenews.com.br\/index.php?rest_route=\/wp\/v2\/users\/1"}],"replies":[{"embeddable":true,"href":"https:\/\/inclusivenews.com.br\/index.php?rest_route=%2Fwp%2Fv2%2Fcomments&post=16078"}],"version-history":[{"count":0,"href":"https:\/\/inclusivenews.com.br\/index.php?rest_route=\/wp\/v2\/posts\/16078\/revisions"}],"wp:attachment":[{"href":"https:\/\/inclusivenews.com.br\/index.php?rest_route=%2Fwp%2Fv2%2Fmedia&parent=16078"}],"wp:term":[{"taxonomy":"category","embeddable":true,"href":"https:\/\/inclusivenews.com.br\/index.php?rest_route=%2Fwp%2Fv2%2Fcategories&post=16078"},{"taxonomy":"post_tag","embeddable":true,"href":"https:\/\/inclusivenews.com.br\/index.php?rest_route=%2Fwp%2Fv2%2Ftags&post=16078"}],"curies":[{"name":"wp","href":"https:\/\/api.w.org\/{rel}","templated":true}]}}