{"id":16080,"date":"2010-06-17T12:15:59","date_gmt":"2010-06-17T15:15:59","guid":{"rendered":"http:\/\/www.inclusive.org.br\/?p=16080"},"modified":"2010-06-17T12:15:59","modified_gmt":"2010-06-17T15:15:59","slug":"dia-do-orgulho-autista-18-de-junho","status":"publish","type":"post","link":"https:\/\/inclusivenews.com.br\/?p=16080","title":{"rendered":"Dia do Orgulho Autista &#8211; 18 de junho &#8211; 6\u00aa edi\u00e7\u00e3o mundial"},"content":{"rendered":"<p>\u00a0<\/p>\n<figure id=\"attachment_16083\" aria-describedby=\"caption-attachment-16083\" style=\"width: 560px\" class=\"wp-caption alignleft\"><a href=\"http:\/\/www.inclusivenews.com.br\/wp-content\/uploads\/2010\/06\/orgulho-autista.bmp\"><img loading=\"lazy\" decoding=\"async\" class=\"size-full wp-image-16083\" title=\"orgulho autista\" src=\"http:\/\/inclusivenews.com.br\/wp-content\/uploads\/2010\/06\/orgulho-autista.bmp\" alt=\"Grupo de pessoas participa de blitz pelo Dia do Orgulho Autista\" width=\"560\" height=\"420\" \/><\/a><figcaption id=\"caption-attachment-16083\" class=\"wp-caption-text\">Grupo participa de blitz pelo Dia do Orgulho Autista<\/figcaption><\/figure>\n<p>DIA DO ORGULHO AUTISTA<br \/>\n18 junho 2010<br \/>\n6\u00aa edi\u00e7\u00e3o mundial<\/p>\n<p>O Dia do Orgulho Autista, 18 de junho, \u00e9 uma data criada por pais de pessoas diagnosticadas Autistas para demonstrar a sua satisfa\u00e7\u00e3o pessoal com a melhoria da qualidade de vida dessas fam\u00edlias.<\/p>\n<p>Celebra a felicidade de pais e simpatizantes da causa em poder sentir orgulho de seus filhos, com o acesso dessas pessoas \u00e0s interven\u00e7\u00f5es que possibilitaram evolu\u00e7\u00e3o no quadro deste segmento,bem como o respeito a neurodiversidade e \u00e0s diferen\u00e7as que cada um de n\u00f3s possui.<\/p>\n<p>O nascimento do termo Movimento Orgulho Autista ocorreu primeiramente nos Estados Unidos, sendo posteriormente difundido por pa\u00edses europeus.<\/p>\n<p>Desde 2005, a data \u00e9 celebrada em diversas partes do mundo, com a cria\u00e7\u00e3o do Movimento Orgulho Autista Brasil (MOAB), uma Organiza\u00e7\u00e3o N\u00e3o-Governamental (ONG), sem finalidades lucrativas que trabalha pela melhoria da qualidade de vida das pessoas Autistas e de suas fam\u00edlias.<\/p>\n<p>Para isso promove eventos, audi\u00eancias,cursos, encontros, atos p\u00fablicos, semin\u00e1rios, palestras, congressos, premia\u00e7\u00f5es, etc, em parceria com outras entidades, \u00f3rg\u00e3os p\u00fablicos e empresas privadas.<\/p>\n<p>O MOAB faz quest\u00e3o de destacar pessoas, \u00f3rg\u00e3os e entidades que verdadeiramente trabalharam significativamente pela melhoria da qualidade de vida deste segmento.<\/p>\n<p>Desta forma, realiza em 2010 as comemora\u00e7\u00f5es da 6\u00aa edi\u00e7\u00e3o mundial do Dia do Orgulho Autista, data consagrada pelos pais e amigos dos autistas para ser celebrada todos os anos em 18junho, e, que est\u00e1 sendo comemorado em Bras\u00edlia, em 2010, com diversos eventos:<\/p>\n<p>-14junho2010 &#8211; Blitz do Autismo (parceria com a CORDE-DF, Departamento de Pol\u00edcia Rodovi\u00e1ria Federal e Sindicato dos Policiais Rodovi\u00e1rios Federais) &#8211; das 10h \u00e0s 13h, no posto da Pol\u00edcia Rodovi\u00e1ria Federal, BR-040, km zero, pr\u00f3ximo a Santa Maria (sa\u00edda principal para RJ-SP-MG);<\/p>\n<figure id=\"attachment_16084\" aria-describedby=\"caption-attachment-16084\" style=\"width: 560px\" class=\"wp-caption alignleft\"><a href=\"http:\/\/www.inclusivenews.com.br\/wp-content\/uploads\/2010\/06\/aud-publica.jpg\"><img loading=\"lazy\" decoding=\"async\" class=\"size-full wp-image-16084   \" title=\"aud publica\" src=\"http:\/\/inclusivenews.com.br\/wp-content\/uploads\/2010\/06\/aud-publica.jpg\" alt=\"Audi\u00eancia P\u00fablica na C\u00e2mara Federal pelo Dia do Orgulho Autista\" width=\"560\" height=\"420\" \/><\/a><figcaption id=\"caption-attachment-16084\" class=\"wp-caption-text\">Audi\u00eancia P\u00fablica na C\u00e2mara Federal pelo Dia do Orgulho Autista<\/figcaption><\/figure>\n<p>-16junho2010 &#8211; Audi\u00eancia P\u00fablica &#8211; (parceria com a CORDE-DF, Comiss\u00e3o de Direitos Humanos e Minorias da C\u00e2mara dos Deputados) &#8211; 14h, no Congresso Nacional, anexo II, plen\u00e1rio 9;<\/p>\n<p>-18junho2010 &#8211; Ciclo de Palestras (parceria com a CORDE-DF, Instituto de Educa\u00e7\u00e3o Superior de Bras\u00edlia &#8211; IESB) &#8211; das 8h \u00e0s 12h30 e 13h30 \u00e0s 18h30, com inscri\u00e7\u00e3o gratuita limitada e certificado de participa\u00e7\u00e3o, pelo fone 3905-1390 e 3905-1279, das 8h \u00e0s 17h, em dias \u00fateis &#8211; Audit\u00f3rio do IESB &#8211; L2 sul, quadra 614.<\/p>\n<p>-19junho2010 &#8211; Desabafo Autista e Asperger-aberto a todos (parceria com a CORDE-DF) &#8211; 14h, C\u00e2mara Legislativa do Distrito Federal.<\/p>\n<p>-23junho2010 &#8211; Solenidade de entrega do V Pr\u00eamio Orgulho Autista2010\/2009 (parceria com a CORDE-DF e R\u00e1dio Nacional) &#8211; 10h, com transmiss\u00e3o ao vivo para todo territ\u00f3rio nacional.<\/p>\n","protected":false},"excerpt":{"rendered":"<p>O Dia do Orgulho Autista, 18 de junho, \u00e9 uma data criada por pais de pessoas diagnosticadas Autistas para demonstrar a sua satisfa\u00e7\u00e3o pessoal com a melhoria da qualidade de vida dessas fam\u00edlias.<\/p>\n","protected":false},"author":1,"featured_media":0,"comment_status":"open","ping_status":"open","sticky":false,"template":"","format":"standard","meta":{"site-container-style":"default","site-container-layout":"default","site-sidebar-layout":"default","disable-article-header":"default","disable-site-header":"default","disable-site-footer":"default","disable-content-area-spacing":"default","footnotes":""},"categories":[3,38,48,4],"tags":[],"class_list":["post-16080","post","type-post","status-publish","format-standard","hentry","category-campanhas","category-deficiencia","category-inclusao","category-noticias"],"yoast_head":"<!-- This site is optimized with the Yoast SEO plugin v27.4 - https:\/\/yoast.com\/product\/yoast-seo-wordpress\/ -->\n<title>Dia do Orgulho Autista - 18 de junho - 6\u00aa edi\u00e7\u00e3o mundial -<\/title>\n<meta name=\"robots\" content=\"index, follow, max-snippet:-1, max-image-preview:large, max-video-preview:-1\" \/>\n<link rel=\"canonical\" href=\"https:\/\/inclusivenews.com.br\/?p=16080\" \/>\n<meta property=\"og:locale\" content=\"pt_PT\" \/>\n<meta property=\"og:type\" content=\"article\" \/>\n<meta property=\"og:title\" content=\"Dia do Orgulho Autista - 18 de junho - 6\u00aa edi\u00e7\u00e3o mundial -\" \/>\n<meta property=\"og:description\" content=\"O Dia do Orgulho Autista, 18 de junho, \u00e9 uma data criada por pais de pessoas diagnosticadas Autistas para demonstrar a sua satisfa\u00e7\u00e3o pessoal com a melhoria da qualidade de vida dessas fam\u00edlias.\" \/>\n<meta property=\"og:url\" content=\"https:\/\/inclusivenews.com.br\/?p=16080\" \/>\n<meta property=\"article:publisher\" content=\"https:\/\/www.facebook.com\/agenciainclusive\/\" \/>\n<meta property=\"article:published_time\" content=\"2010-06-17T15:15:59+00:00\" \/>\n<meta property=\"og:image\" content=\"http:\/\/inclusivenews.com.br\/wp-content\/uploads\/2010\/06\/orgulho-autista.bmp\" \/>\n<meta name=\"author\" content=\"inclusivenews2024\" \/>\n<meta name=\"twitter:card\" content=\"summary_large_image\" \/>\n<meta name=\"twitter:label1\" content=\"Escrito por\" \/>\n\t<meta name=\"twitter:data1\" content=\"inclusivenews2024\" \/>\n\t<meta name=\"twitter:label2\" content=\"Tempo estimado de leitura\" \/>\n\t<meta name=\"twitter:data2\" content=\"2 minutos\" \/>\n<script type=\"application\/ld+json\" class=\"yoast-schema-graph\">{\"@context\":\"https:\\\/\\\/schema.org\",\"@graph\":[{\"@type\":\"Article\",\"@id\":\"https:\\\/\\\/inclusivenews.com.br\\\/?p=16080#article\",\"isPartOf\":{\"@id\":\"https:\\\/\\\/inclusivenews.com.br\\\/?p=16080\"},\"author\":{\"name\":\"inclusivenews2024\",\"@id\":\"https:\\\/\\\/inclusivenews.com.br\\\/#\\\/schema\\\/person\\\/ae4ec7087559b8692fb33b6fffd2273b\"},\"headline\":\"Dia do Orgulho Autista &#8211; 18 de junho &#8211; 6\u00aa edi\u00e7\u00e3o mundial\",\"datePublished\":\"2010-06-17T15:15:59+00:00\",\"mainEntityOfPage\":{\"@id\":\"https:\\\/\\\/inclusivenews.com.br\\\/?p=16080\"},\"wordCount\":496,\"commentCount\":3,\"publisher\":{\"@id\":\"https:\\\/\\\/inclusivenews.com.br\\\/#organization\"},\"image\":{\"@id\":\"https:\\\/\\\/inclusivenews.com.br\\\/?p=16080#primaryimage\"},\"thumbnailUrl\":\"http:\\\/\\\/inclusivenews.com.br\\\/wp-content\\\/uploads\\\/2010\\\/06\\\/orgulho-autista.bmp\",\"articleSection\":[\"CAMPANHAS\",\"Defici\u00eancia\",\"INCLUS\u00c3O SOCIAL\",\"NOT\u00cdCIAS\"],\"inLanguage\":\"pt-PT\",\"potentialAction\":[{\"@type\":\"CommentAction\",\"name\":\"Comment\",\"target\":[\"https:\\\/\\\/inclusivenews.com.br\\\/?p=16080#respond\"]}]},{\"@type\":\"WebPage\",\"@id\":\"https:\\\/\\\/inclusivenews.com.br\\\/?p=16080\",\"url\":\"https:\\\/\\\/inclusivenews.com.br\\\/?p=16080\",\"name\":\"Dia do Orgulho Autista - 18 de junho - 6\u00aa edi\u00e7\u00e3o mundial -\",\"isPartOf\":{\"@id\":\"https:\\\/\\\/inclusivenews.com.br\\\/#website\"},\"primaryImageOfPage\":{\"@id\":\"https:\\\/\\\/inclusivenews.com.br\\\/?p=16080#primaryimage\"},\"image\":{\"@id\":\"https:\\\/\\\/inclusivenews.com.br\\\/?p=16080#primaryimage\"},\"thumbnailUrl\":\"http:\\\/\\\/inclusivenews.com.br\\\/wp-content\\\/uploads\\\/2010\\\/06\\\/orgulho-autista.bmp\",\"datePublished\":\"2010-06-17T15:15:59+00:00\",\"breadcrumb\":{\"@id\":\"https:\\\/\\\/inclusivenews.com.br\\\/?p=16080#breadcrumb\"},\"inLanguage\":\"pt-PT\",\"potentialAction\":[{\"@type\":\"ReadAction\",\"target\":[\"https:\\\/\\\/inclusivenews.com.br\\\/?p=16080\"]}]},{\"@type\":\"ImageObject\",\"inLanguage\":\"pt-PT\",\"@id\":\"https:\\\/\\\/inclusivenews.com.br\\\/?p=16080#primaryimage\",\"url\":\"\",\"contentUrl\":\"\"},{\"@type\":\"BreadcrumbList\",\"@id\":\"https:\\\/\\\/inclusivenews.com.br\\\/?p=16080#breadcrumb\",\"itemListElement\":[{\"@type\":\"ListItem\",\"position\":1,\"name\":\"In\u00edcio\",\"item\":\"https:\\\/\\\/inclusivenews.com.br\\\/\"},{\"@type\":\"ListItem\",\"position\":2,\"name\":\"Dia do Orgulho Autista &#8211; 18 de junho &#8211; 6\u00aa edi\u00e7\u00e3o mundial\"}]},{\"@type\":\"WebSite\",\"@id\":\"https:\\\/\\\/inclusivenews.com.br\\\/#website\",\"url\":\"https:\\\/\\\/inclusivenews.com.br\\\/\",\"name\":\"Inclusive News\",\"description\":\"Inclusive News\",\"publisher\":{\"@id\":\"https:\\\/\\\/inclusivenews.com.br\\\/#organization\"},\"potentialAction\":[{\"@type\":\"SearchAction\",\"target\":{\"@type\":\"EntryPoint\",\"urlTemplate\":\"https:\\\/\\\/inclusivenews.com.br\\\/?s={search_term_string}\"},\"query-input\":{\"@type\":\"PropertyValueSpecification\",\"valueRequired\":true,\"valueName\":\"search_term_string\"}}],\"inLanguage\":\"pt-PT\"},{\"@type\":\"Organization\",\"@id\":\"https:\\\/\\\/inclusivenews.com.br\\\/#organization\",\"name\":\"Inclusive - inclus\u00e3o e cidadania\",\"url\":\"https:\\\/\\\/inclusivenews.com.br\\\/\",\"logo\":{\"@type\":\"ImageObject\",\"inLanguage\":\"pt-PT\",\"@id\":\"https:\\\/\\\/inclusivenews.com.br\\\/#\\\/schema\\\/logo\\\/image\\\/\",\"url\":\"https:\\\/\\\/inclusivenews.com.br\\\/wp-content\\\/uploads\\\/2024\\\/03\\\/@grandesite.png\",\"contentUrl\":\"https:\\\/\\\/inclusivenews.com.br\\\/wp-content\\\/uploads\\\/2024\\\/03\\\/@grandesite.png\",\"width\":1080,\"height\":1080,\"caption\":\"Inclusive - inclus\u00e3o e cidadania\"},\"image\":{\"@id\":\"https:\\\/\\\/inclusivenews.com.br\\\/#\\\/schema\\\/logo\\\/image\\\/\"},\"sameAs\":[\"https:\\\/\\\/www.facebook.com\\\/agenciainclusive\\\/\",\"https:\\\/\\\/www.instagram.com\\\/newsinclusive\\\/\"]},{\"@type\":\"Person\",\"@id\":\"https:\\\/\\\/inclusivenews.com.br\\\/#\\\/schema\\\/person\\\/ae4ec7087559b8692fb33b6fffd2273b\",\"name\":\"inclusivenews2024\",\"image\":{\"@type\":\"ImageObject\",\"inLanguage\":\"pt-PT\",\"@id\":\"https:\\\/\\\/secure.gravatar.com\\\/avatar\\\/c5a7ef84c66fa914f55bc4f7ce26cfa275a3b9a1c5568b907bd184fb4dde7b40?s=96&d=mm&r=g\",\"url\":\"https:\\\/\\\/secure.gravatar.com\\\/avatar\\\/c5a7ef84c66fa914f55bc4f7ce26cfa275a3b9a1c5568b907bd184fb4dde7b40?s=96&d=mm&r=g\",\"contentUrl\":\"https:\\\/\\\/secure.gravatar.com\\\/avatar\\\/c5a7ef84c66fa914f55bc4f7ce26cfa275a3b9a1c5568b907bd184fb4dde7b40?s=96&d=mm&r=g\",\"caption\":\"inclusivenews2024\"},\"sameAs\":[\"https:\\\/\\\/inclusivenews.com.br\"],\"url\":\"https:\\\/\\\/inclusivenews.com.br\\\/?author=1\"}]}<\/script>\n<!-- \/ Yoast SEO plugin. -->","yoast_head_json":{"title":"Dia do Orgulho Autista - 18 de junho - 6\u00aa edi\u00e7\u00e3o mundial -","robots":{"index":"index","follow":"follow","max-snippet":"max-snippet:-1","max-image-preview":"max-image-preview:large","max-video-preview":"max-video-preview:-1"},"canonical":"https:\/\/inclusivenews.com.br\/?p=16080","og_locale":"pt_PT","og_type":"article","og_title":"Dia do Orgulho Autista - 18 de junho - 6\u00aa edi\u00e7\u00e3o mundial -","og_description":"O Dia do Orgulho Autista, 18 de junho, \u00e9 uma data criada por pais de pessoas diagnosticadas Autistas para demonstrar a sua satisfa\u00e7\u00e3o pessoal com a melhoria da qualidade de vida dessas fam\u00edlias.","og_url":"https:\/\/inclusivenews.com.br\/?p=16080","article_publisher":"https:\/\/www.facebook.com\/agenciainclusive\/","article_published_time":"2010-06-17T15:15:59+00:00","og_image":[{"url":"http:\/\/inclusivenews.com.br\/wp-content\/uploads\/2010\/06\/orgulho-autista.bmp","type":"","width":"","height":""}],"author":"inclusivenews2024","twitter_card":"summary_large_image","twitter_misc":{"Escrito por":"inclusivenews2024","Tempo estimado de leitura":"2 minutos"},"schema":{"@context":"https:\/\/schema.org","@graph":[{"@type":"Article","@id":"https:\/\/inclusivenews.com.br\/?p=16080#article","isPartOf":{"@id":"https:\/\/inclusivenews.com.br\/?p=16080"},"author":{"name":"inclusivenews2024","@id":"https:\/\/inclusivenews.com.br\/#\/schema\/person\/ae4ec7087559b8692fb33b6fffd2273b"},"headline":"Dia do Orgulho Autista &#8211; 18 de junho &#8211; 6\u00aa edi\u00e7\u00e3o mundial","datePublished":"2010-06-17T15:15:59+00:00","mainEntityOfPage":{"@id":"https:\/\/inclusivenews.com.br\/?p=16080"},"wordCount":496,"commentCount":3,"publisher":{"@id":"https:\/\/inclusivenews.com.br\/#organization"},"image":{"@id":"https:\/\/inclusivenews.com.br\/?p=16080#primaryimage"},"thumbnailUrl":"http:\/\/inclusivenews.com.br\/wp-content\/uploads\/2010\/06\/orgulho-autista.bmp","articleSection":["CAMPANHAS","Defici\u00eancia","INCLUS\u00c3O SOCIAL","NOT\u00cdCIAS"],"inLanguage":"pt-PT","potentialAction":[{"@type":"CommentAction","name":"Comment","target":["https:\/\/inclusivenews.com.br\/?p=16080#respond"]}]},{"@type":"WebPage","@id":"https:\/\/inclusivenews.com.br\/?p=16080","url":"https:\/\/inclusivenews.com.br\/?p=16080","name":"Dia do Orgulho Autista - 18 de junho - 6\u00aa edi\u00e7\u00e3o mundial -","isPartOf":{"@id":"https:\/\/inclusivenews.com.br\/#website"},"primaryImageOfPage":{"@id":"https:\/\/inclusivenews.com.br\/?p=16080#primaryimage"},"image":{"@id":"https:\/\/inclusivenews.com.br\/?p=16080#primaryimage"},"thumbnailUrl":"http:\/\/inclusivenews.com.br\/wp-content\/uploads\/2010\/06\/orgulho-autista.bmp","datePublished":"2010-06-17T15:15:59+00:00","breadcrumb":{"@id":"https:\/\/inclusivenews.com.br\/?p=16080#breadcrumb"},"inLanguage":"pt-PT","potentialAction":[{"@type":"ReadAction","target":["https:\/\/inclusivenews.com.br\/?p=16080"]}]},{"@type":"ImageObject","inLanguage":"pt-PT","@id":"https:\/\/inclusivenews.com.br\/?p=16080#primaryimage","url":"","contentUrl":""},{"@type":"BreadcrumbList","@id":"https:\/\/inclusivenews.com.br\/?p=16080#breadcrumb","itemListElement":[{"@type":"ListItem","position":1,"name":"In\u00edcio","item":"https:\/\/inclusivenews.com.br\/"},{"@type":"ListItem","position":2,"name":"Dia do Orgulho Autista &#8211; 18 de junho &#8211; 6\u00aa edi\u00e7\u00e3o mundial"}]},{"@type":"WebSite","@id":"https:\/\/inclusivenews.com.br\/#website","url":"https:\/\/inclusivenews.com.br\/","name":"Inclusive News","description":"Inclusive News","publisher":{"@id":"https:\/\/inclusivenews.com.br\/#organization"},"potentialAction":[{"@type":"SearchAction","target":{"@type":"EntryPoint","urlTemplate":"https:\/\/inclusivenews.com.br\/?s={search_term_string}"},"query-input":{"@type":"PropertyValueSpecification","valueRequired":true,"valueName":"search_term_string"}}],"inLanguage":"pt-PT"},{"@type":"Organization","@id":"https:\/\/inclusivenews.com.br\/#organization","name":"Inclusive - inclus\u00e3o e cidadania","url":"https:\/\/inclusivenews.com.br\/","logo":{"@type":"ImageObject","inLanguage":"pt-PT","@id":"https:\/\/inclusivenews.com.br\/#\/schema\/logo\/image\/","url":"https:\/\/inclusivenews.com.br\/wp-content\/uploads\/2024\/03\/@grandesite.png","contentUrl":"https:\/\/inclusivenews.com.br\/wp-content\/uploads\/2024\/03\/@grandesite.png","width":1080,"height":1080,"caption":"Inclusive - inclus\u00e3o e cidadania"},"image":{"@id":"https:\/\/inclusivenews.com.br\/#\/schema\/logo\/image\/"},"sameAs":["https:\/\/www.facebook.com\/agenciainclusive\/","https:\/\/www.instagram.com\/newsinclusive\/"]},{"@type":"Person","@id":"https:\/\/inclusivenews.com.br\/#\/schema\/person\/ae4ec7087559b8692fb33b6fffd2273b","name":"inclusivenews2024","image":{"@type":"ImageObject","inLanguage":"pt-PT","@id":"https:\/\/secure.gravatar.com\/avatar\/c5a7ef84c66fa914f55bc4f7ce26cfa275a3b9a1c5568b907bd184fb4dde7b40?s=96&d=mm&r=g","url":"https:\/\/secure.gravatar.com\/avatar\/c5a7ef84c66fa914f55bc4f7ce26cfa275a3b9a1c5568b907bd184fb4dde7b40?s=96&d=mm&r=g","contentUrl":"https:\/\/secure.gravatar.com\/avatar\/c5a7ef84c66fa914f55bc4f7ce26cfa275a3b9a1c5568b907bd184fb4dde7b40?s=96&d=mm&r=g","caption":"inclusivenews2024"},"sameAs":["https:\/\/inclusivenews.com.br"],"url":"https:\/\/inclusivenews.com.br\/?author=1"}]}},"_links":{"self":[{"href":"https:\/\/inclusivenews.com.br\/index.php?rest_route=\/wp\/v2\/posts\/16080","targetHints":{"allow":["GET"]}}],"collection":[{"href":"https:\/\/inclusivenews.com.br\/index.php?rest_route=\/wp\/v2\/posts"}],"about":[{"href":"https:\/\/inclusivenews.com.br\/index.php?rest_route=\/wp\/v2\/types\/post"}],"author":[{"embeddable":true,"href":"https:\/\/inclusivenews.com.br\/index.php?rest_route=\/wp\/v2\/users\/1"}],"replies":[{"embeddable":true,"href":"https:\/\/inclusivenews.com.br\/index.php?rest_route=%2Fwp%2Fv2%2Fcomments&post=16080"}],"version-history":[{"count":0,"href":"https:\/\/inclusivenews.com.br\/index.php?rest_route=\/wp\/v2\/posts\/16080\/revisions"}],"wp:attachment":[{"href":"https:\/\/inclusivenews.com.br\/index.php?rest_route=%2Fwp%2Fv2%2Fmedia&parent=16080"}],"wp:term":[{"taxonomy":"category","embeddable":true,"href":"https:\/\/inclusivenews.com.br\/index.php?rest_route=%2Fwp%2Fv2%2Fcategories&post=16080"},{"taxonomy":"post_tag","embeddable":true,"href":"https:\/\/inclusivenews.com.br\/index.php?rest_route=%2Fwp%2Fv2%2Ftags&post=16080"}],"curies":[{"name":"wp","href":"https:\/\/api.w.org\/{rel}","templated":true}]}}