{"id":16085,"date":"2010-06-17T15:53:39","date_gmt":"2010-06-17T18:53:39","guid":{"rendered":"http:\/\/www.inclusive.org.br\/?p=16085"},"modified":"2010-06-17T15:53:39","modified_gmt":"2010-06-17T18:53:39","slug":"inclusao-de-autistas-em-escola-regular-divide-especialistas-e-pais","status":"publish","type":"post","link":"https:\/\/inclusivenews.com.br\/?p=16085","title":{"rendered":"Inclus\u00e3o de autistas em escola regular divide especialistas e pais"},"content":{"rendered":"<p><!--CTYPE html PUBLIC \"-\/\/W3C\/\/DTD HTML 4.01 Transitional\/\/E--><\/p>\n<div id=\"conteudoNoticia\">\n<figure id=\"attachment_15961\" aria-describedby=\"caption-attachment-15961\" style=\"width: 158px\" class=\"wp-caption alignleft\"><a href=\"http:\/\/www.inclusivenews.com.br\/wp-content\/uploads\/2010\/06\/autismo_logo.jpg\"><img loading=\"lazy\" decoding=\"async\" class=\"size-full wp-image-15961\" title=\"autismo_logo\" src=\"http:\/\/inclusivenews.com.br\/wp-content\/uploads\/2010\/06\/autismo_logo.jpg\" alt=\"Pe\u00e7a de quebra-cabe\u00e7a azul\" width=\"158\" height=\"161\" \/><\/a><figcaption id=\"caption-attachment-15961\" class=\"wp-caption-text\">Pe\u00e7a de quebra-cabe\u00e7a azul<\/figcaption><\/figure>\n<p>A educa\u00e7\u00e3o de autistas por escolas regulares e o tratamento com o uso de dietas sem gl\u00faten causaram pol\u00eamica entre especialistas, representantes e associa\u00e7\u00f5es de pais de crian\u00e7as autistas na reuni\u00e3o conjunta desta quarta-feira das comiss\u00f5es de Direitos Humanos e Minorias; e de <span class=\"termoGlossario tool\">Legisla\u00e7\u00e3o Participativa<span class=\"tip\">Criada em 2001, tornou-se um novo mecanismo para a apresenta\u00e7\u00e3o de propostas de iniciativa popular. Recebe propostas de associa\u00e7\u00f5es e \u00f3rg\u00e3os de classe, sindicatos e demais entidades organizadas da sociedade civil, exceto partidos pol\u00edticos. Todas as sugest\u00f5es apresentadas \u00e0 comiss\u00e3o s\u00e3o examinadas e, se aprovadas, s\u00e3o transformadas em projetos de lei, que s\u00e3o encaminhados \u00e0 Mesa Diretora da C\u00e2mara e passam a tramitar normalmente.<\/span><\/span>.<\/p>\n<p>O neuropediatra Jos\u00e9 Salom\u00e3o Schwartzmann criticou a exig\u00eancia de que as crian\u00e7as autistas sejam educadas em escolas regulares. Para ele, a adapta\u00e7\u00e3o \u00e0s escolas comuns depende de cada crian\u00e7a. \u201cSe o indiv\u00edduo tiver rendimento na escola regular, tudo bem. Mas exigir isso de todos \u00e9 um desservi\u00e7o \u00e0 pessoa, que vai se marginalizar ao inv\u00e9s de socializar\u201d, disse o m\u00e9dico, que condenou o fechamento das escolas especiais.<\/p>\n<p>A diretora da Escola Metamorfose de Niter\u00f3i (RJ), Sandra Cerqueira, afirmou que, na sua experi\u00eancia \u00e0 frente de uma escola privada especializada em autismo, um portador da doen\u00e7a precisa de alguns requisitos m\u00ednimos na educa\u00e7\u00e3o que n\u00e3o s\u00e3o oferecidos pelo Poder P\u00fablico: acompanhamento familiar especializado, n\u00famero reduzido de alunos, curr\u00edculo personalizado e equipe muiltisciplinar. \u201cO autista tem de ser avaliado individualmente e ser tratado nas suas defici\u00eancias\u201d, disse.<\/p>\n<div id=\"audioNoticia\" class=\"alinhadoEsquerda\" style=\"width: 298px;\"><object classid=\"clsid:6bf52a52-394a-11d3-b153-00c04f79faa6\" width=\"298\" height=\"70\" codebase=\"http:\/\/activex.microsoft.com\/activex\/controls\/mplayer\/en\/nsmp2inf.cab#Version=5,1,52,701\"><param name=\"align\" value=\"middle\" \/><param name=\"FileName\" value=\"http:\/\/www2.camara.gov.br\/agencia\/audios\/129462c7b4c.mp3\" \/><param name=\"ShowControls\" value=\"1\" \/><param name=\"ShowDisplay\" value=\"0\" \/><param name=\"ShowStatusBar\" value=\"1\" \/><param name=\"AutoSize\" value=\"0\" \/><param name=\"StatusBar\" value=\"0\" \/><param name=\"AnimationAtStart\" value=\"0\" \/><param name=\"ShowAudioControls\" value=\"1\" \/><param name=\"ShowPositionControls\" value=\"0\" \/><param name=\"AutoStart\" value=\"0\" \/><param name=\"AutoRewind\" value=\"1\" \/><param name=\"url\" value=\"http:\/\/www2.camara.gov.br\/agencia\/audios\/129462c7b4c.mp3\" \/><param name=\"src\" value=\"http:\/\/www2.camara.gov.br\/agencia\/audios\/129462c7b4c.mp3\" \/><embed type=\"application\/x-mplayer2\" width=\"298\" height=\"70\" src=\"http:\/\/www2.camara.gov.br\/agencia\/audios\/129462c7b4c.mp3\" url=\"http:\/\/www2.camara.gov.br\/agencia\/audios\/129462c7b4c.mp3\" autorewind=\"1\" autostart=\"0\" showpositioncontrols=\"0\" showaudiocontrols=\"1\" animationatstart=\"0\" statusbar=\"0\" autosize=\"0\" showstatusbar=\"1\" showdisplay=\"0\" showcontrols=\"1\" filename=\"http:\/\/www2.camara.gov.br\/agencia\/audios\/129462c7b4c.mp3\" align=\"middle\"><\/embed><\/object><\/div>\n<p>J\u00e1 a pesquisadora da Universidade Federal de Natal Eliana Rodrigues Ara\u00fajo defendeu a inclus\u00e3o dos autistas em escolas regulares. \u201cA educa\u00e7\u00e3o p\u00fablica \u00e9 um direito de todas as crian\u00e7as, e \u00e9 preciso que se ofere\u00e7a condi\u00e7\u00f5es para isso\u201d, comentou a pesquisadora, que tem um filho autista. Segundo ela, a inclus\u00e3o do seu filho na escola s\u00f3 foi poss\u00edvel depois de muito di\u00e1logo com os professores, que n\u00e3o est\u00e3o capacitados para lidar com crian\u00e7as autistas.<\/p>\n<p><strong>Alimenta\u00e7\u00e3o<br \/>\n<\/strong><\/p>\n<p><strong><\/strong>O m\u00e9dico Salom\u00e3o Schwartzmann criticou ainda o uso de tratamentos que n\u00e3o foram comprovados cientificamente, como \u00e9 o caso do uso de dietas sem gl\u00faten em crian\u00e7as autistas. O m\u00e9todo \u00e9 utilizado pela diretora da Escola Metamorfose, Sandra Cerqueira, que defende projetos de leis estaduais para que o Sistema \u00danico de Sa\u00fade (SUS) financie exames para o estudo desse tratamento.<\/p>\n<p>O m\u00e9dico alertou que o sucesso em casos pontuais n\u00e3o pode ser generalizado sem o devido estudo. \u201cSe o filho de algu\u00e9m tem altera\u00e7\u00e3o quando come gl\u00faten, ele tem de ter uma dieta especial. Mas sugerir que isso seja aplicado a todos os autistas do Brasil e que o Poder P\u00fablico pague por isso, sem comprova\u00e7\u00e3o cient\u00edfica, n\u00e3o tem sentido\u201d, afirmou Schwartzmann. Segundo ele, ainda n\u00e3o se conhecem as consequ\u00eancias de retirar o gl\u00faten da dieta de uma pessoa que n\u00e3o tenha alergia.<\/p>\n<p>Sandra Cerqueira rebateu as cr\u00edticas do neuropediatra. Ela disse que h\u00e1 pesquisas suficientes que apontam intoler\u00e2ncia ao gl\u00faten e outras subst\u00e2ncias por crian\u00e7as autistas e que \u00e9 preciso investir na pesquisa desses sintomas. \u201cQuanto tempo vamos esperar para que essas pesquisas sejam comprovadas? At\u00e9 que nossos filhos cres\u00e7am, se tornem adultos e j\u00e1 n\u00e3o possam ser tratados?\u201d, questionou a diretora.<\/p>\n<p><strong>Palestrantes cobram capacita\u00e7\u00e3o de profissionais para lidar com autismo<br \/>\n<\/strong><\/p>\n<div id=\"conteudoNoticia\">\n<p>\u00c9 preciso investir na divulga\u00e7\u00e3o de informa\u00e7\u00f5es sobre o autismo para professores, m\u00e9dicos, pais e agentes p\u00fablicos, para facilitar o reconhecimento dos primeiros sinais da doen\u00e7a e permitir o diagn\u00f3stico precoce. A opini\u00e3o \u00e9 da presidente do Movimento Orgulho Autista Brasil, Alexandra Capone, que participou nesta quarta-feira de audi\u00eancia p\u00fablica das comiss\u00f5es de Direitos Humanos e Minorias; e de Legisla\u00e7\u00e3o Participativa. Na sexta-feira (18), ser\u00e1 comemorada a sexta edi\u00e7\u00e3o mundial do Dia do Orgulho Autista<\/p>\n<p>Ela defendeu que o autismo seja objeto de uma disciplina obrigat\u00f3ria nos cursos de Medicina e de Pedagogia, para que esses profissionais sejam preparados para lidar com a doen\u00e7a e que o governo invista em campanhas nacionais de esclarecimento sobre a doen\u00e7a. \u201cO maior problema atual continua sendo o diagn\u00f3stico. Temos apenas um psiquiatra infantil para cada 33 mil crian\u00e7as com transtornos severos\u201d, disse.<\/p>\n<p>Segundo ela, bombeiros, policiais e agentes do Servi\u00e7o de Atendimento M\u00f3vel de Urg\u00eancia tamb\u00e9m precisam ser capacitados para lidar com autistas. \u201cEsses agentes que podem lidar com portadores da doen\u00e7a no dia-a-dia precisam saber como abord\u00e1-los se estiverem desacompanhados\u201d, ressaltou.<\/p>\n<p><strong>Diagn\u00f3stico precoce<br \/>\n<\/strong><\/p>\n<p><strong><\/strong>Para o neuropediatra Jos\u00e9 Salom\u00e3o Schwartzmann, agentes de sa\u00fade e pediatras precisam ser capacitados sobre os primeiros sinais do autismo, j\u00e1 que o diagn\u00f3stico precoce \u00e9 fundamental para o sucesso do tratamento. \u201cObserva\u00e7\u00f5es simples de um pediatra j\u00e1 poderiam levantar suspeitas sobre o autismo, mas o nosso pediatra n\u00e3o tem informa\u00e7\u00f5es sobre a doen\u00e7a.\u201d<\/p>\n<p>O mediador da lista virtual Autismo no Brasil, Argemiro Garcia, ressaltou que a informa\u00e7\u00e3o sobre o autismo vai garantir o tratamento adequado e a inclus\u00e3o social dos portadores. \u201cPrecisamos acabar com a ignor\u00e2ncia e informar a todos sobre o autismo, para que o diagn\u00f3stico e o progn\u00f3stico sejam adequados. Somos um pa\u00eds que n\u00e3o tolera a pris\u00e3o perp\u00e9tua para o pior criminoso, mas que admite que uma pessoa, por ter defici\u00eancia, seja confinada pelo resto da vida\u201d, destacou.<\/p>\n<\/div>\n<\/div>\n<p>___________________<\/p>\n<p><strong>Fonte:<\/strong> <a href=\"http:\/\/www2.camara.gov.br\/agencia\/noticias\/SAUDE\/148953-INCLUSAO-DE-AUTISTAS-EM-ESCOLA-REGULAR-DIVIDE-ESPECIALISTAS-E-PAIS.html\">Ag\u00eancia C\u00e2mara<\/a><\/p>\n","protected":false},"excerpt":{"rendered":"<p>A educa\u00e7\u00e3o de autistas por escolas regulares e o tratamento com o uso de dietas sem gl\u00faten causaram pol\u00eamica entre especialistas, representantes e associa\u00e7\u00f5es de pais de crian\u00e7as autistas na reuni\u00e3o conjunta desta quarta-feira das comiss\u00f5es de Direitos Humanos e Minorias; e de Legisla\u00e7\u00e3o ParticipativaCriada em 2001, tornou-se um novo mecanismo para a apresenta\u00e7\u00e3o de [&hellip;]<\/p>\n","protected":false},"author":1,"featured_media":0,"comment_status":"open","ping_status":"open","sticky":false,"template":"","format":"standard","meta":{"site-container-style":"default","site-container-layout":"default","site-sidebar-layout":"default","disable-article-header":"default","disable-site-header":"default","disable-site-footer":"default","disable-content-area-spacing":"default","footnotes":""},"categories":[3,38,48,4],"tags":[],"class_list":["post-16085","post","type-post","status-publish","format-standard","hentry","category-campanhas","category-deficiencia","category-inclusao","category-noticias"],"yoast_head":"<!-- This site is optimized with the Yoast SEO plugin v27.4 - https:\/\/yoast.com\/product\/yoast-seo-wordpress\/ -->\n<title>Inclus\u00e3o de autistas em escola regular divide especialistas e pais -<\/title>\n<meta name=\"robots\" content=\"index, follow, max-snippet:-1, max-image-preview:large, max-video-preview:-1\" \/>\n<link rel=\"canonical\" href=\"https:\/\/inclusivenews.com.br\/?p=16085\" \/>\n<meta property=\"og:locale\" content=\"pt_PT\" \/>\n<meta property=\"og:type\" content=\"article\" \/>\n<meta property=\"og:title\" content=\"Inclus\u00e3o de autistas em escola regular divide especialistas e pais -\" \/>\n<meta property=\"og:description\" content=\"A educa\u00e7\u00e3o de autistas por escolas regulares e o tratamento com o uso de dietas sem gl\u00faten causaram pol\u00eamica entre especialistas, representantes e associa\u00e7\u00f5es de pais de crian\u00e7as autistas na reuni\u00e3o conjunta desta quarta-feira das comiss\u00f5es de Direitos Humanos e Minorias; e de Legisla\u00e7\u00e3o ParticipativaCriada em 2001, tornou-se um novo mecanismo para a apresenta\u00e7\u00e3o de [&hellip;]\" \/>\n<meta property=\"og:url\" content=\"https:\/\/inclusivenews.com.br\/?p=16085\" \/>\n<meta property=\"article:publisher\" content=\"https:\/\/www.facebook.com\/agenciainclusive\/\" \/>\n<meta property=\"article:published_time\" content=\"2010-06-17T18:53:39+00:00\" \/>\n<meta property=\"og:image\" content=\"http:\/\/inclusivenews.com.br\/wp-content\/uploads\/2010\/06\/autismo_logo.jpg\" \/>\n<meta name=\"author\" content=\"inclusivenews2024\" \/>\n<meta name=\"twitter:card\" content=\"summary_large_image\" \/>\n<meta name=\"twitter:label1\" content=\"Escrito por\" \/>\n\t<meta name=\"twitter:data1\" content=\"inclusivenews2024\" \/>\n\t<meta name=\"twitter:label2\" content=\"Tempo estimado de leitura\" \/>\n\t<meta name=\"twitter:data2\" content=\"5 minutos\" \/>\n<script type=\"application\/ld+json\" class=\"yoast-schema-graph\">{\"@context\":\"https:\\\/\\\/schema.org\",\"@graph\":[{\"@type\":\"Article\",\"@id\":\"https:\\\/\\\/inclusivenews.com.br\\\/?p=16085#article\",\"isPartOf\":{\"@id\":\"https:\\\/\\\/inclusivenews.com.br\\\/?p=16085\"},\"author\":{\"name\":\"inclusivenews2024\",\"@id\":\"https:\\\/\\\/inclusivenews.com.br\\\/#\\\/schema\\\/person\\\/ae4ec7087559b8692fb33b6fffd2273b\"},\"headline\":\"Inclus\u00e3o de autistas em escola regular divide especialistas e pais\",\"datePublished\":\"2010-06-17T18:53:39+00:00\",\"mainEntityOfPage\":{\"@id\":\"https:\\\/\\\/inclusivenews.com.br\\\/?p=16085\"},\"wordCount\":978,\"commentCount\":2,\"publisher\":{\"@id\":\"https:\\\/\\\/inclusivenews.com.br\\\/#organization\"},\"image\":{\"@id\":\"https:\\\/\\\/inclusivenews.com.br\\\/?p=16085#primaryimage\"},\"thumbnailUrl\":\"http:\\\/\\\/inclusivenews.com.br\\\/wp-content\\\/uploads\\\/2010\\\/06\\\/autismo_logo.jpg\",\"articleSection\":[\"CAMPANHAS\",\"Defici\u00eancia\",\"INCLUS\u00c3O SOCIAL\",\"NOT\u00cdCIAS\"],\"inLanguage\":\"pt-PT\",\"potentialAction\":[{\"@type\":\"CommentAction\",\"name\":\"Comment\",\"target\":[\"https:\\\/\\\/inclusivenews.com.br\\\/?p=16085#respond\"]}]},{\"@type\":\"WebPage\",\"@id\":\"https:\\\/\\\/inclusivenews.com.br\\\/?p=16085\",\"url\":\"https:\\\/\\\/inclusivenews.com.br\\\/?p=16085\",\"name\":\"Inclus\u00e3o de autistas em escola regular divide especialistas e pais -\",\"isPartOf\":{\"@id\":\"https:\\\/\\\/inclusivenews.com.br\\\/#website\"},\"primaryImageOfPage\":{\"@id\":\"https:\\\/\\\/inclusivenews.com.br\\\/?p=16085#primaryimage\"},\"image\":{\"@id\":\"https:\\\/\\\/inclusivenews.com.br\\\/?p=16085#primaryimage\"},\"thumbnailUrl\":\"http:\\\/\\\/inclusivenews.com.br\\\/wp-content\\\/uploads\\\/2010\\\/06\\\/autismo_logo.jpg\",\"datePublished\":\"2010-06-17T18:53:39+00:00\",\"breadcrumb\":{\"@id\":\"https:\\\/\\\/inclusivenews.com.br\\\/?p=16085#breadcrumb\"},\"inLanguage\":\"pt-PT\",\"potentialAction\":[{\"@type\":\"ReadAction\",\"target\":[\"https:\\\/\\\/inclusivenews.com.br\\\/?p=16085\"]}]},{\"@type\":\"ImageObject\",\"inLanguage\":\"pt-PT\",\"@id\":\"https:\\\/\\\/inclusivenews.com.br\\\/?p=16085#primaryimage\",\"url\":\"\",\"contentUrl\":\"\"},{\"@type\":\"BreadcrumbList\",\"@id\":\"https:\\\/\\\/inclusivenews.com.br\\\/?p=16085#breadcrumb\",\"itemListElement\":[{\"@type\":\"ListItem\",\"position\":1,\"name\":\"In\u00edcio\",\"item\":\"https:\\\/\\\/inclusivenews.com.br\\\/\"},{\"@type\":\"ListItem\",\"position\":2,\"name\":\"Inclus\u00e3o de autistas em escola regular divide especialistas e pais\"}]},{\"@type\":\"WebSite\",\"@id\":\"https:\\\/\\\/inclusivenews.com.br\\\/#website\",\"url\":\"https:\\\/\\\/inclusivenews.com.br\\\/\",\"name\":\"Inclusive News\",\"description\":\"Inclusive News\",\"publisher\":{\"@id\":\"https:\\\/\\\/inclusivenews.com.br\\\/#organization\"},\"potentialAction\":[{\"@type\":\"SearchAction\",\"target\":{\"@type\":\"EntryPoint\",\"urlTemplate\":\"https:\\\/\\\/inclusivenews.com.br\\\/?s={search_term_string}\"},\"query-input\":{\"@type\":\"PropertyValueSpecification\",\"valueRequired\":true,\"valueName\":\"search_term_string\"}}],\"inLanguage\":\"pt-PT\"},{\"@type\":\"Organization\",\"@id\":\"https:\\\/\\\/inclusivenews.com.br\\\/#organization\",\"name\":\"Inclusive - inclus\u00e3o e cidadania\",\"url\":\"https:\\\/\\\/inclusivenews.com.br\\\/\",\"logo\":{\"@type\":\"ImageObject\",\"inLanguage\":\"pt-PT\",\"@id\":\"https:\\\/\\\/inclusivenews.com.br\\\/#\\\/schema\\\/logo\\\/image\\\/\",\"url\":\"https:\\\/\\\/inclusivenews.com.br\\\/wp-content\\\/uploads\\\/2024\\\/03\\\/@grandesite.png\",\"contentUrl\":\"https:\\\/\\\/inclusivenews.com.br\\\/wp-content\\\/uploads\\\/2024\\\/03\\\/@grandesite.png\",\"width\":1080,\"height\":1080,\"caption\":\"Inclusive - inclus\u00e3o e cidadania\"},\"image\":{\"@id\":\"https:\\\/\\\/inclusivenews.com.br\\\/#\\\/schema\\\/logo\\\/image\\\/\"},\"sameAs\":[\"https:\\\/\\\/www.facebook.com\\\/agenciainclusive\\\/\",\"https:\\\/\\\/www.instagram.com\\\/newsinclusive\\\/\"]},{\"@type\":\"Person\",\"@id\":\"https:\\\/\\\/inclusivenews.com.br\\\/#\\\/schema\\\/person\\\/ae4ec7087559b8692fb33b6fffd2273b\",\"name\":\"inclusivenews2024\",\"image\":{\"@type\":\"ImageObject\",\"inLanguage\":\"pt-PT\",\"@id\":\"https:\\\/\\\/secure.gravatar.com\\\/avatar\\\/c5a7ef84c66fa914f55bc4f7ce26cfa275a3b9a1c5568b907bd184fb4dde7b40?s=96&d=mm&r=g\",\"url\":\"https:\\\/\\\/secure.gravatar.com\\\/avatar\\\/c5a7ef84c66fa914f55bc4f7ce26cfa275a3b9a1c5568b907bd184fb4dde7b40?s=96&d=mm&r=g\",\"contentUrl\":\"https:\\\/\\\/secure.gravatar.com\\\/avatar\\\/c5a7ef84c66fa914f55bc4f7ce26cfa275a3b9a1c5568b907bd184fb4dde7b40?s=96&d=mm&r=g\",\"caption\":\"inclusivenews2024\"},\"sameAs\":[\"https:\\\/\\\/inclusivenews.com.br\"],\"url\":\"https:\\\/\\\/inclusivenews.com.br\\\/?author=1\"}]}<\/script>\n<!-- \/ Yoast SEO plugin. -->","yoast_head_json":{"title":"Inclus\u00e3o de autistas em escola regular divide especialistas e pais -","robots":{"index":"index","follow":"follow","max-snippet":"max-snippet:-1","max-image-preview":"max-image-preview:large","max-video-preview":"max-video-preview:-1"},"canonical":"https:\/\/inclusivenews.com.br\/?p=16085","og_locale":"pt_PT","og_type":"article","og_title":"Inclus\u00e3o de autistas em escola regular divide especialistas e pais -","og_description":"A educa\u00e7\u00e3o de autistas por escolas regulares e o tratamento com o uso de dietas sem gl\u00faten causaram pol\u00eamica entre especialistas, representantes e associa\u00e7\u00f5es de pais de crian\u00e7as autistas na reuni\u00e3o conjunta desta quarta-feira das comiss\u00f5es de Direitos Humanos e Minorias; e de Legisla\u00e7\u00e3o ParticipativaCriada em 2001, tornou-se um novo mecanismo para a apresenta\u00e7\u00e3o de [&hellip;]","og_url":"https:\/\/inclusivenews.com.br\/?p=16085","article_publisher":"https:\/\/www.facebook.com\/agenciainclusive\/","article_published_time":"2010-06-17T18:53:39+00:00","og_image":[{"url":"http:\/\/inclusivenews.com.br\/wp-content\/uploads\/2010\/06\/autismo_logo.jpg","type":"","width":"","height":""}],"author":"inclusivenews2024","twitter_card":"summary_large_image","twitter_misc":{"Escrito por":"inclusivenews2024","Tempo estimado de leitura":"5 minutos"},"schema":{"@context":"https:\/\/schema.org","@graph":[{"@type":"Article","@id":"https:\/\/inclusivenews.com.br\/?p=16085#article","isPartOf":{"@id":"https:\/\/inclusivenews.com.br\/?p=16085"},"author":{"name":"inclusivenews2024","@id":"https:\/\/inclusivenews.com.br\/#\/schema\/person\/ae4ec7087559b8692fb33b6fffd2273b"},"headline":"Inclus\u00e3o de autistas em escola regular divide especialistas e pais","datePublished":"2010-06-17T18:53:39+00:00","mainEntityOfPage":{"@id":"https:\/\/inclusivenews.com.br\/?p=16085"},"wordCount":978,"commentCount":2,"publisher":{"@id":"https:\/\/inclusivenews.com.br\/#organization"},"image":{"@id":"https:\/\/inclusivenews.com.br\/?p=16085#primaryimage"},"thumbnailUrl":"http:\/\/inclusivenews.com.br\/wp-content\/uploads\/2010\/06\/autismo_logo.jpg","articleSection":["CAMPANHAS","Defici\u00eancia","INCLUS\u00c3O SOCIAL","NOT\u00cdCIAS"],"inLanguage":"pt-PT","potentialAction":[{"@type":"CommentAction","name":"Comment","target":["https:\/\/inclusivenews.com.br\/?p=16085#respond"]}]},{"@type":"WebPage","@id":"https:\/\/inclusivenews.com.br\/?p=16085","url":"https:\/\/inclusivenews.com.br\/?p=16085","name":"Inclus\u00e3o de autistas em escola regular divide especialistas e pais -","isPartOf":{"@id":"https:\/\/inclusivenews.com.br\/#website"},"primaryImageOfPage":{"@id":"https:\/\/inclusivenews.com.br\/?p=16085#primaryimage"},"image":{"@id":"https:\/\/inclusivenews.com.br\/?p=16085#primaryimage"},"thumbnailUrl":"http:\/\/inclusivenews.com.br\/wp-content\/uploads\/2010\/06\/autismo_logo.jpg","datePublished":"2010-06-17T18:53:39+00:00","breadcrumb":{"@id":"https:\/\/inclusivenews.com.br\/?p=16085#breadcrumb"},"inLanguage":"pt-PT","potentialAction":[{"@type":"ReadAction","target":["https:\/\/inclusivenews.com.br\/?p=16085"]}]},{"@type":"ImageObject","inLanguage":"pt-PT","@id":"https:\/\/inclusivenews.com.br\/?p=16085#primaryimage","url":"","contentUrl":""},{"@type":"BreadcrumbList","@id":"https:\/\/inclusivenews.com.br\/?p=16085#breadcrumb","itemListElement":[{"@type":"ListItem","position":1,"name":"In\u00edcio","item":"https:\/\/inclusivenews.com.br\/"},{"@type":"ListItem","position":2,"name":"Inclus\u00e3o de autistas em escola regular divide especialistas e pais"}]},{"@type":"WebSite","@id":"https:\/\/inclusivenews.com.br\/#website","url":"https:\/\/inclusivenews.com.br\/","name":"Inclusive News","description":"Inclusive News","publisher":{"@id":"https:\/\/inclusivenews.com.br\/#organization"},"potentialAction":[{"@type":"SearchAction","target":{"@type":"EntryPoint","urlTemplate":"https:\/\/inclusivenews.com.br\/?s={search_term_string}"},"query-input":{"@type":"PropertyValueSpecification","valueRequired":true,"valueName":"search_term_string"}}],"inLanguage":"pt-PT"},{"@type":"Organization","@id":"https:\/\/inclusivenews.com.br\/#organization","name":"Inclusive - inclus\u00e3o e cidadania","url":"https:\/\/inclusivenews.com.br\/","logo":{"@type":"ImageObject","inLanguage":"pt-PT","@id":"https:\/\/inclusivenews.com.br\/#\/schema\/logo\/image\/","url":"https:\/\/inclusivenews.com.br\/wp-content\/uploads\/2024\/03\/@grandesite.png","contentUrl":"https:\/\/inclusivenews.com.br\/wp-content\/uploads\/2024\/03\/@grandesite.png","width":1080,"height":1080,"caption":"Inclusive - inclus\u00e3o e cidadania"},"image":{"@id":"https:\/\/inclusivenews.com.br\/#\/schema\/logo\/image\/"},"sameAs":["https:\/\/www.facebook.com\/agenciainclusive\/","https:\/\/www.instagram.com\/newsinclusive\/"]},{"@type":"Person","@id":"https:\/\/inclusivenews.com.br\/#\/schema\/person\/ae4ec7087559b8692fb33b6fffd2273b","name":"inclusivenews2024","image":{"@type":"ImageObject","inLanguage":"pt-PT","@id":"https:\/\/secure.gravatar.com\/avatar\/c5a7ef84c66fa914f55bc4f7ce26cfa275a3b9a1c5568b907bd184fb4dde7b40?s=96&d=mm&r=g","url":"https:\/\/secure.gravatar.com\/avatar\/c5a7ef84c66fa914f55bc4f7ce26cfa275a3b9a1c5568b907bd184fb4dde7b40?s=96&d=mm&r=g","contentUrl":"https:\/\/secure.gravatar.com\/avatar\/c5a7ef84c66fa914f55bc4f7ce26cfa275a3b9a1c5568b907bd184fb4dde7b40?s=96&d=mm&r=g","caption":"inclusivenews2024"},"sameAs":["https:\/\/inclusivenews.com.br"],"url":"https:\/\/inclusivenews.com.br\/?author=1"}]}},"_links":{"self":[{"href":"https:\/\/inclusivenews.com.br\/index.php?rest_route=\/wp\/v2\/posts\/16085","targetHints":{"allow":["GET"]}}],"collection":[{"href":"https:\/\/inclusivenews.com.br\/index.php?rest_route=\/wp\/v2\/posts"}],"about":[{"href":"https:\/\/inclusivenews.com.br\/index.php?rest_route=\/wp\/v2\/types\/post"}],"author":[{"embeddable":true,"href":"https:\/\/inclusivenews.com.br\/index.php?rest_route=\/wp\/v2\/users\/1"}],"replies":[{"embeddable":true,"href":"https:\/\/inclusivenews.com.br\/index.php?rest_route=%2Fwp%2Fv2%2Fcomments&post=16085"}],"version-history":[{"count":0,"href":"https:\/\/inclusivenews.com.br\/index.php?rest_route=\/wp\/v2\/posts\/16085\/revisions"}],"wp:attachment":[{"href":"https:\/\/inclusivenews.com.br\/index.php?rest_route=%2Fwp%2Fv2%2Fmedia&parent=16085"}],"wp:term":[{"taxonomy":"category","embeddable":true,"href":"https:\/\/inclusivenews.com.br\/index.php?rest_route=%2Fwp%2Fv2%2Fcategories&post=16085"},{"taxonomy":"post_tag","embeddable":true,"href":"https:\/\/inclusivenews.com.br\/index.php?rest_route=%2Fwp%2Fv2%2Ftags&post=16085"}],"curies":[{"name":"wp","href":"https:\/\/api.w.org\/{rel}","templated":true}]}}