{"id":16090,"date":"2010-06-17T15:59:28","date_gmt":"2010-06-17T18:59:28","guid":{"rendered":"http:\/\/www.inclusive.org.br\/?p=16090"},"modified":"2010-06-17T15:59:28","modified_gmt":"2010-06-17T18:59:28","slug":"palestrantes-cobram-capacitacao-de-profissionais-para-lidar-com-autismo","status":"publish","type":"post","link":"https:\/\/inclusivenews.com.br\/?p=16090","title":{"rendered":"Palestrantes cobram capacita\u00e7\u00e3o de profissionais para lidar com autismo"},"content":{"rendered":"<p><a href=\"http:\/\/www.inclusivenews.com.br\/wp-content\/uploads\/2009\/12\/img_logoagencia.jpg\"><img loading=\"lazy\" decoding=\"async\" class=\"alignleft size-full wp-image-13120\" title=\"Ag\u00eancia C\u00e2mara\" src=\"http:\/\/inclusivenews.com.br\/wp-content\/uploads\/2009\/12\/img_logoagencia.jpg\" alt=\"\" width=\"152\" height=\"122\" \/><\/a>\u00c9 preciso investir na divulga\u00e7\u00e3o de informa\u00e7\u00f5es sobre o autismo para professores, m\u00e9dicos, pais e agentes p\u00fablicos, para facilitar o reconhecimento dos primeiros sinais da doen\u00e7a e permitir o diagn\u00f3stico precoce. A opini\u00e3o \u00e9 da presidente do Movimento Orgulho Autista Brasil, Alexandra Capone, que participou nesta quarta-feira de audi\u00eancia p\u00fablica das comiss\u00f5es de Direitos Humanos e Minorias; e de Legisla\u00e7\u00e3o Participativa. Na sexta-feira (18), ser\u00e1 comemorada a sexta edi\u00e7\u00e3o mundial do Dia do Orgulho Autista<br \/>\nEla defendeu que o autismo seja objeto de uma disciplina obrigat\u00f3ria nos cursos de Medicina e de Pedagogia, para que esses profissionais sejam preparados para lidar com a doen\u00e7a e que o governo invista em campanhas nacionais de esclarecimento sobre a doen\u00e7a. \u201cO maior problema atual continua sendo o diagn\u00f3stico. Temos apenas um psiquiatra infantil para cada 33 mil crian\u00e7as com transtornos severos\u201d, disse.<br \/>\nSegundo ela, bombeiros, policiais e agentes do Servi\u00e7o de Atendimento M\u00f3vel de Urg\u00eancia tamb\u00e9m precisam ser capacitados para lidar com autistas. \u201cEsses agentes que podem lidar com portadores da doen\u00e7a no dia-a-dia precisam saber como abord\u00e1-los se estiverem desacompanhados\u201d, ressaltou.<br \/>\nDiagn\u00f3stico precoce<br \/>\nPara o neuropediatra Jos\u00e9 Salom\u00e3o Schwartzmann, agentes de sa\u00fade e pediatras precisam ser capacitados sobre os primeiros sinais do autismo, j\u00e1 que o diagn\u00f3stico precoce \u00e9 fundamental para o sucesso do tratamento. \u201cObserva\u00e7\u00f5es simples de um pediatra j\u00e1 poderiam levantar suspeitas sobre o autismo, mas o nosso pediatra n\u00e3o tem informa\u00e7\u00f5es sobre a doen\u00e7a.\u201d<br \/>\nO mediador da lista virtual Autismo no Brasil, Argemiro Garcia, ressaltou que a informa\u00e7\u00e3o sobre o autismo vai garantir o tratamento adequado e a inclus\u00e3o social dos portadores. \u201cPrecisamos acabar com a ignor\u00e2ncia e informar a todos sobre o autismo, para que o diagn\u00f3stico e o progn\u00f3stico sejam adequados. Somos um pa\u00eds que n\u00e3o tolera a pris\u00e3o perp\u00e9tua para o pior criminoso, mas que admite que uma pessoa, por ter defici\u00eancia, seja confinada pelo resto da vida\u201d, destacou.<\/p>\n<p>Fonte: <a href=\"http:\/\/www2.camara.gov.br\/agencia\/\">Ag\u00eancia C\u00e2mara<\/a><\/p>\n","protected":false},"excerpt":{"rendered":"<p>\u00c9 preciso investir na divulga\u00e7\u00e3o de informa\u00e7\u00f5es sobre o autismo para professores, m\u00e9dicos, pais e agentes p\u00fablicos, para facilitar o reconhecimento dos primeiros sinais da doen\u00e7a e permitir o diagn\u00f3stico precoce. A opini\u00e3o \u00e9 da presidente do Movimento Orgulho Autista Brasil, Alexandra Capone, que participou nesta quarta-feira de audi\u00eancia p\u00fablica das comiss\u00f5es de Direitos Humanos [&hellip;]<\/p>\n","protected":false},"author":1,"featured_media":0,"comment_status":"open","ping_status":"open","sticky":false,"template":"","format":"standard","meta":{"site-container-style":"default","site-container-layout":"default","site-sidebar-layout":"default","disable-article-header":"default","disable-site-header":"default","disable-site-footer":"default","disable-content-area-spacing":"default","footnotes":""},"categories":[3,12,38,48,4],"tags":[],"class_list":["post-16090","post","type-post","status-publish","format-standard","hentry","category-campanhas","category-cursos-e-eventos","category-deficiencia","category-inclusao","category-noticias"],"yoast_head":"<!-- This site is optimized with the Yoast SEO plugin v27.4 - https:\/\/yoast.com\/product\/yoast-seo-wordpress\/ -->\n<title>Palestrantes cobram capacita\u00e7\u00e3o de profissionais para lidar com autismo -<\/title>\n<meta name=\"robots\" content=\"index, follow, max-snippet:-1, max-image-preview:large, max-video-preview:-1\" \/>\n<link rel=\"canonical\" href=\"https:\/\/inclusivenews.com.br\/?p=16090\" \/>\n<meta property=\"og:locale\" content=\"pt_PT\" \/>\n<meta property=\"og:type\" content=\"article\" \/>\n<meta property=\"og:title\" content=\"Palestrantes cobram capacita\u00e7\u00e3o de profissionais para lidar com autismo -\" \/>\n<meta property=\"og:description\" content=\"\u00c9 preciso investir na divulga\u00e7\u00e3o de informa\u00e7\u00f5es sobre o autismo para professores, m\u00e9dicos, pais e agentes p\u00fablicos, para facilitar o reconhecimento dos primeiros sinais da doen\u00e7a e permitir o diagn\u00f3stico precoce. A opini\u00e3o \u00e9 da presidente do Movimento Orgulho Autista Brasil, Alexandra Capone, que participou nesta quarta-feira de audi\u00eancia p\u00fablica das comiss\u00f5es de Direitos Humanos [&hellip;]\" \/>\n<meta property=\"og:url\" content=\"https:\/\/inclusivenews.com.br\/?p=16090\" \/>\n<meta property=\"article:publisher\" content=\"https:\/\/www.facebook.com\/agenciainclusive\/\" \/>\n<meta property=\"article:published_time\" content=\"2010-06-17T18:59:28+00:00\" \/>\n<meta property=\"og:image\" content=\"http:\/\/inclusivenews.com.br\/wp-content\/uploads\/2009\/12\/img_logoagencia.jpg\" \/>\n<meta name=\"author\" content=\"inclusivenews2024\" \/>\n<meta name=\"twitter:card\" content=\"summary_large_image\" \/>\n<meta name=\"twitter:label1\" content=\"Escrito por\" \/>\n\t<meta name=\"twitter:data1\" content=\"inclusivenews2024\" \/>\n\t<meta name=\"twitter:label2\" content=\"Tempo estimado de leitura\" \/>\n\t<meta name=\"twitter:data2\" content=\"2 minutos\" \/>\n<script type=\"application\/ld+json\" class=\"yoast-schema-graph\">{\"@context\":\"https:\\\/\\\/schema.org\",\"@graph\":[{\"@type\":\"Article\",\"@id\":\"https:\\\/\\\/inclusivenews.com.br\\\/?p=16090#article\",\"isPartOf\":{\"@id\":\"https:\\\/\\\/inclusivenews.com.br\\\/?p=16090\"},\"author\":{\"name\":\"inclusivenews2024\",\"@id\":\"https:\\\/\\\/inclusivenews.com.br\\\/#\\\/schema\\\/person\\\/ae4ec7087559b8692fb33b6fffd2273b\"},\"headline\":\"Palestrantes cobram capacita\u00e7\u00e3o de profissionais para lidar com autismo\",\"datePublished\":\"2010-06-17T18:59:28+00:00\",\"mainEntityOfPage\":{\"@id\":\"https:\\\/\\\/inclusivenews.com.br\\\/?p=16090\"},\"wordCount\":364,\"commentCount\":0,\"publisher\":{\"@id\":\"https:\\\/\\\/inclusivenews.com.br\\\/#organization\"},\"image\":{\"@id\":\"https:\\\/\\\/inclusivenews.com.br\\\/?p=16090#primaryimage\"},\"thumbnailUrl\":\"http:\\\/\\\/inclusivenews.com.br\\\/wp-content\\\/uploads\\\/2009\\\/12\\\/img_logoagencia.jpg\",\"articleSection\":[\"CAMPANHAS\",\"Cursos e eventos\",\"Defici\u00eancia\",\"INCLUS\u00c3O SOCIAL\",\"NOT\u00cdCIAS\"],\"inLanguage\":\"pt-PT\",\"potentialAction\":[{\"@type\":\"CommentAction\",\"name\":\"Comment\",\"target\":[\"https:\\\/\\\/inclusivenews.com.br\\\/?p=16090#respond\"]}]},{\"@type\":\"WebPage\",\"@id\":\"https:\\\/\\\/inclusivenews.com.br\\\/?p=16090\",\"url\":\"https:\\\/\\\/inclusivenews.com.br\\\/?p=16090\",\"name\":\"Palestrantes cobram capacita\u00e7\u00e3o de profissionais para lidar com autismo -\",\"isPartOf\":{\"@id\":\"https:\\\/\\\/inclusivenews.com.br\\\/#website\"},\"primaryImageOfPage\":{\"@id\":\"https:\\\/\\\/inclusivenews.com.br\\\/?p=16090#primaryimage\"},\"image\":{\"@id\":\"https:\\\/\\\/inclusivenews.com.br\\\/?p=16090#primaryimage\"},\"thumbnailUrl\":\"http:\\\/\\\/inclusivenews.com.br\\\/wp-content\\\/uploads\\\/2009\\\/12\\\/img_logoagencia.jpg\",\"datePublished\":\"2010-06-17T18:59:28+00:00\",\"breadcrumb\":{\"@id\":\"https:\\\/\\\/inclusivenews.com.br\\\/?p=16090#breadcrumb\"},\"inLanguage\":\"pt-PT\",\"potentialAction\":[{\"@type\":\"ReadAction\",\"target\":[\"https:\\\/\\\/inclusivenews.com.br\\\/?p=16090\"]}]},{\"@type\":\"ImageObject\",\"inLanguage\":\"pt-PT\",\"@id\":\"https:\\\/\\\/inclusivenews.com.br\\\/?p=16090#primaryimage\",\"url\":\"\",\"contentUrl\":\"\"},{\"@type\":\"BreadcrumbList\",\"@id\":\"https:\\\/\\\/inclusivenews.com.br\\\/?p=16090#breadcrumb\",\"itemListElement\":[{\"@type\":\"ListItem\",\"position\":1,\"name\":\"In\u00edcio\",\"item\":\"https:\\\/\\\/inclusivenews.com.br\\\/\"},{\"@type\":\"ListItem\",\"position\":2,\"name\":\"Palestrantes cobram capacita\u00e7\u00e3o de profissionais para lidar com autismo\"}]},{\"@type\":\"WebSite\",\"@id\":\"https:\\\/\\\/inclusivenews.com.br\\\/#website\",\"url\":\"https:\\\/\\\/inclusivenews.com.br\\\/\",\"name\":\"Inclusive News\",\"description\":\"Inclusive News\",\"publisher\":{\"@id\":\"https:\\\/\\\/inclusivenews.com.br\\\/#organization\"},\"potentialAction\":[{\"@type\":\"SearchAction\",\"target\":{\"@type\":\"EntryPoint\",\"urlTemplate\":\"https:\\\/\\\/inclusivenews.com.br\\\/?s={search_term_string}\"},\"query-input\":{\"@type\":\"PropertyValueSpecification\",\"valueRequired\":true,\"valueName\":\"search_term_string\"}}],\"inLanguage\":\"pt-PT\"},{\"@type\":\"Organization\",\"@id\":\"https:\\\/\\\/inclusivenews.com.br\\\/#organization\",\"name\":\"Inclusive - inclus\u00e3o e cidadania\",\"url\":\"https:\\\/\\\/inclusivenews.com.br\\\/\",\"logo\":{\"@type\":\"ImageObject\",\"inLanguage\":\"pt-PT\",\"@id\":\"https:\\\/\\\/inclusivenews.com.br\\\/#\\\/schema\\\/logo\\\/image\\\/\",\"url\":\"https:\\\/\\\/inclusivenews.com.br\\\/wp-content\\\/uploads\\\/2024\\\/03\\\/@grandesite.png\",\"contentUrl\":\"https:\\\/\\\/inclusivenews.com.br\\\/wp-content\\\/uploads\\\/2024\\\/03\\\/@grandesite.png\",\"width\":1080,\"height\":1080,\"caption\":\"Inclusive - inclus\u00e3o e cidadania\"},\"image\":{\"@id\":\"https:\\\/\\\/inclusivenews.com.br\\\/#\\\/schema\\\/logo\\\/image\\\/\"},\"sameAs\":[\"https:\\\/\\\/www.facebook.com\\\/agenciainclusive\\\/\",\"https:\\\/\\\/www.instagram.com\\\/newsinclusive\\\/\"]},{\"@type\":\"Person\",\"@id\":\"https:\\\/\\\/inclusivenews.com.br\\\/#\\\/schema\\\/person\\\/ae4ec7087559b8692fb33b6fffd2273b\",\"name\":\"inclusivenews2024\",\"image\":{\"@type\":\"ImageObject\",\"inLanguage\":\"pt-PT\",\"@id\":\"https:\\\/\\\/secure.gravatar.com\\\/avatar\\\/c5a7ef84c66fa914f55bc4f7ce26cfa275a3b9a1c5568b907bd184fb4dde7b40?s=96&d=mm&r=g\",\"url\":\"https:\\\/\\\/secure.gravatar.com\\\/avatar\\\/c5a7ef84c66fa914f55bc4f7ce26cfa275a3b9a1c5568b907bd184fb4dde7b40?s=96&d=mm&r=g\",\"contentUrl\":\"https:\\\/\\\/secure.gravatar.com\\\/avatar\\\/c5a7ef84c66fa914f55bc4f7ce26cfa275a3b9a1c5568b907bd184fb4dde7b40?s=96&d=mm&r=g\",\"caption\":\"inclusivenews2024\"},\"sameAs\":[\"https:\\\/\\\/inclusivenews.com.br\"],\"url\":\"https:\\\/\\\/inclusivenews.com.br\\\/?author=1\"}]}<\/script>\n<!-- \/ Yoast SEO plugin. -->","yoast_head_json":{"title":"Palestrantes cobram capacita\u00e7\u00e3o de profissionais para lidar com autismo -","robots":{"index":"index","follow":"follow","max-snippet":"max-snippet:-1","max-image-preview":"max-image-preview:large","max-video-preview":"max-video-preview:-1"},"canonical":"https:\/\/inclusivenews.com.br\/?p=16090","og_locale":"pt_PT","og_type":"article","og_title":"Palestrantes cobram capacita\u00e7\u00e3o de profissionais para lidar com autismo -","og_description":"\u00c9 preciso investir na divulga\u00e7\u00e3o de informa\u00e7\u00f5es sobre o autismo para professores, m\u00e9dicos, pais e agentes p\u00fablicos, para facilitar o reconhecimento dos primeiros sinais da doen\u00e7a e permitir o diagn\u00f3stico precoce. A opini\u00e3o \u00e9 da presidente do Movimento Orgulho Autista Brasil, Alexandra Capone, que participou nesta quarta-feira de audi\u00eancia p\u00fablica das comiss\u00f5es de Direitos Humanos [&hellip;]","og_url":"https:\/\/inclusivenews.com.br\/?p=16090","article_publisher":"https:\/\/www.facebook.com\/agenciainclusive\/","article_published_time":"2010-06-17T18:59:28+00:00","og_image":[{"url":"http:\/\/inclusivenews.com.br\/wp-content\/uploads\/2009\/12\/img_logoagencia.jpg","type":"","width":"","height":""}],"author":"inclusivenews2024","twitter_card":"summary_large_image","twitter_misc":{"Escrito por":"inclusivenews2024","Tempo estimado de leitura":"2 minutos"},"schema":{"@context":"https:\/\/schema.org","@graph":[{"@type":"Article","@id":"https:\/\/inclusivenews.com.br\/?p=16090#article","isPartOf":{"@id":"https:\/\/inclusivenews.com.br\/?p=16090"},"author":{"name":"inclusivenews2024","@id":"https:\/\/inclusivenews.com.br\/#\/schema\/person\/ae4ec7087559b8692fb33b6fffd2273b"},"headline":"Palestrantes cobram capacita\u00e7\u00e3o de profissionais para lidar com autismo","datePublished":"2010-06-17T18:59:28+00:00","mainEntityOfPage":{"@id":"https:\/\/inclusivenews.com.br\/?p=16090"},"wordCount":364,"commentCount":0,"publisher":{"@id":"https:\/\/inclusivenews.com.br\/#organization"},"image":{"@id":"https:\/\/inclusivenews.com.br\/?p=16090#primaryimage"},"thumbnailUrl":"http:\/\/inclusivenews.com.br\/wp-content\/uploads\/2009\/12\/img_logoagencia.jpg","articleSection":["CAMPANHAS","Cursos e eventos","Defici\u00eancia","INCLUS\u00c3O SOCIAL","NOT\u00cdCIAS"],"inLanguage":"pt-PT","potentialAction":[{"@type":"CommentAction","name":"Comment","target":["https:\/\/inclusivenews.com.br\/?p=16090#respond"]}]},{"@type":"WebPage","@id":"https:\/\/inclusivenews.com.br\/?p=16090","url":"https:\/\/inclusivenews.com.br\/?p=16090","name":"Palestrantes cobram capacita\u00e7\u00e3o de profissionais para lidar com autismo -","isPartOf":{"@id":"https:\/\/inclusivenews.com.br\/#website"},"primaryImageOfPage":{"@id":"https:\/\/inclusivenews.com.br\/?p=16090#primaryimage"},"image":{"@id":"https:\/\/inclusivenews.com.br\/?p=16090#primaryimage"},"thumbnailUrl":"http:\/\/inclusivenews.com.br\/wp-content\/uploads\/2009\/12\/img_logoagencia.jpg","datePublished":"2010-06-17T18:59:28+00:00","breadcrumb":{"@id":"https:\/\/inclusivenews.com.br\/?p=16090#breadcrumb"},"inLanguage":"pt-PT","potentialAction":[{"@type":"ReadAction","target":["https:\/\/inclusivenews.com.br\/?p=16090"]}]},{"@type":"ImageObject","inLanguage":"pt-PT","@id":"https:\/\/inclusivenews.com.br\/?p=16090#primaryimage","url":"","contentUrl":""},{"@type":"BreadcrumbList","@id":"https:\/\/inclusivenews.com.br\/?p=16090#breadcrumb","itemListElement":[{"@type":"ListItem","position":1,"name":"In\u00edcio","item":"https:\/\/inclusivenews.com.br\/"},{"@type":"ListItem","position":2,"name":"Palestrantes cobram capacita\u00e7\u00e3o de profissionais para lidar com autismo"}]},{"@type":"WebSite","@id":"https:\/\/inclusivenews.com.br\/#website","url":"https:\/\/inclusivenews.com.br\/","name":"Inclusive News","description":"Inclusive News","publisher":{"@id":"https:\/\/inclusivenews.com.br\/#organization"},"potentialAction":[{"@type":"SearchAction","target":{"@type":"EntryPoint","urlTemplate":"https:\/\/inclusivenews.com.br\/?s={search_term_string}"},"query-input":{"@type":"PropertyValueSpecification","valueRequired":true,"valueName":"search_term_string"}}],"inLanguage":"pt-PT"},{"@type":"Organization","@id":"https:\/\/inclusivenews.com.br\/#organization","name":"Inclusive - inclus\u00e3o e cidadania","url":"https:\/\/inclusivenews.com.br\/","logo":{"@type":"ImageObject","inLanguage":"pt-PT","@id":"https:\/\/inclusivenews.com.br\/#\/schema\/logo\/image\/","url":"https:\/\/inclusivenews.com.br\/wp-content\/uploads\/2024\/03\/@grandesite.png","contentUrl":"https:\/\/inclusivenews.com.br\/wp-content\/uploads\/2024\/03\/@grandesite.png","width":1080,"height":1080,"caption":"Inclusive - inclus\u00e3o e cidadania"},"image":{"@id":"https:\/\/inclusivenews.com.br\/#\/schema\/logo\/image\/"},"sameAs":["https:\/\/www.facebook.com\/agenciainclusive\/","https:\/\/www.instagram.com\/newsinclusive\/"]},{"@type":"Person","@id":"https:\/\/inclusivenews.com.br\/#\/schema\/person\/ae4ec7087559b8692fb33b6fffd2273b","name":"inclusivenews2024","image":{"@type":"ImageObject","inLanguage":"pt-PT","@id":"https:\/\/secure.gravatar.com\/avatar\/c5a7ef84c66fa914f55bc4f7ce26cfa275a3b9a1c5568b907bd184fb4dde7b40?s=96&d=mm&r=g","url":"https:\/\/secure.gravatar.com\/avatar\/c5a7ef84c66fa914f55bc4f7ce26cfa275a3b9a1c5568b907bd184fb4dde7b40?s=96&d=mm&r=g","contentUrl":"https:\/\/secure.gravatar.com\/avatar\/c5a7ef84c66fa914f55bc4f7ce26cfa275a3b9a1c5568b907bd184fb4dde7b40?s=96&d=mm&r=g","caption":"inclusivenews2024"},"sameAs":["https:\/\/inclusivenews.com.br"],"url":"https:\/\/inclusivenews.com.br\/?author=1"}]}},"_links":{"self":[{"href":"https:\/\/inclusivenews.com.br\/index.php?rest_route=\/wp\/v2\/posts\/16090","targetHints":{"allow":["GET"]}}],"collection":[{"href":"https:\/\/inclusivenews.com.br\/index.php?rest_route=\/wp\/v2\/posts"}],"about":[{"href":"https:\/\/inclusivenews.com.br\/index.php?rest_route=\/wp\/v2\/types\/post"}],"author":[{"embeddable":true,"href":"https:\/\/inclusivenews.com.br\/index.php?rest_route=\/wp\/v2\/users\/1"}],"replies":[{"embeddable":true,"href":"https:\/\/inclusivenews.com.br\/index.php?rest_route=%2Fwp%2Fv2%2Fcomments&post=16090"}],"version-history":[{"count":0,"href":"https:\/\/inclusivenews.com.br\/index.php?rest_route=\/wp\/v2\/posts\/16090\/revisions"}],"wp:attachment":[{"href":"https:\/\/inclusivenews.com.br\/index.php?rest_route=%2Fwp%2Fv2%2Fmedia&parent=16090"}],"wp:term":[{"taxonomy":"category","embeddable":true,"href":"https:\/\/inclusivenews.com.br\/index.php?rest_route=%2Fwp%2Fv2%2Fcategories&post=16090"},{"taxonomy":"post_tag","embeddable":true,"href":"https:\/\/inclusivenews.com.br\/index.php?rest_route=%2Fwp%2Fv2%2Ftags&post=16090"}],"curies":[{"name":"wp","href":"https:\/\/api.w.org\/{rel}","templated":true}]}}