{"id":16098,"date":"2010-06-18T13:58:09","date_gmt":"2010-06-18T16:58:09","guid":{"rendered":"http:\/\/www.inclusive.org.br\/?p=16098"},"modified":"2010-06-18T13:58:09","modified_gmt":"2010-06-18T16:58:09","slug":"dia-do-orgulho-autista-6%c2%aa-edicao-mundial-iesbbsb","status":"publish","type":"post","link":"https:\/\/inclusivenews.com.br\/?p=16098","title":{"rendered":"Dia do Orgulho Autista &#8211; 6\u00aa edi\u00e7\u00e3o mundial &#8211; IESB\/BSB"},"content":{"rendered":"<figure id=\"attachment_16112\" aria-describedby=\"caption-attachment-16112\" style=\"width: 295px\" class=\"wp-caption alignleft\"><a href=\"http:\/\/www.inclusivenews.com.br\/wp-content\/uploads\/2010\/06\/autismo-fita.jpg\"><img loading=\"lazy\" decoding=\"async\" class=\"size-full wp-image-16112\" title=\"autismo fita\" src=\"http:\/\/inclusivenews.com.br\/wp-content\/uploads\/2010\/06\/autismo-fita.jpg\" alt=\"Fita feita de quebra-cabe\u00e7as coloridos - s\u00edmbolo do autismo\" width=\"295\" height=\"517\" \/><\/a><figcaption id=\"caption-attachment-16112\" class=\"wp-caption-text\">Fita feita de quebra-cabe\u00e7as coloridos - s\u00edmbolo do autismo<\/figcaption><\/figure>\n<p>PROGRAMA\u00c7\u00c3O DO EVENTO: Credenciamento e Recebimento de material<\/p>\n<p>Mesa de abertura (8h \u00e0s 10h): 1\u00aa Dama do Distrito Federal Karina Curi Rosso<\/p>\n<p>Coordenador CORDE-DF Fernando Cotta<\/p>\n<p>Secret\u00e1rio de Justi\u00e7a, Direitos Humanos e Cidadania Geraldo martins Ferreira<\/p>\n<p>Subsecret\u00e1ria de Cidadania Adryani Fernandes Lobo<\/p>\n<p>Coordenador Curso Psicologia IESB Jo\u00e3o Cl\u00e1udio Todorov<\/p>\n<p>Presidenta do Movimento Orgulho Autista Brasil Alexandra Capone<\/p>\n<p>Presidenta Conselho dos Direitos da Pessoa com Defici\u00eancia Marcia Muniz<\/p>\n<p>2\u00aa Mesa (10h \u00e0s 12h30min):<\/p>\n<p>Professora SEDF Giselda Jord\u00e3o<\/p>\n<p>Professor CETEFE Ulisses de Ara\u00fajo<\/p>\n<p>Diretor T\u00e9cnico CLIAMA Alu\u00edsio Maluf<\/p>\n<p>Psic\u00f3loga CLIAMA Anna Cristina Pires de Mello<\/p>\n<p>3\u00aa Mesa (13h30min \u00e0s 16h):<\/p>\n<p>M\u00e9dico Professor UNB Icaro Batista M\u00e9dica Psiquiatra COMPP Rosa Horita Conselheira de Sa\u00fade Maria L\u00facia Gon\u00e7alves Conselheira do CODDEDE Nydia Silva<\/p>\n<p>4\u00aa Mesa (16h \u00e0s 18h30min):<\/p>\n<p>Psic\u00f3logo IESB Gleidson Gabriel da Cruz<\/p>\n<p>Professora IESB Lilian Cavalheiro Rodrigues<\/p>\n<p>Professor IESB Marcio Borges Moreira<\/p>\n<p>Fonte: IESB<\/p>\n","protected":false},"excerpt":{"rendered":"<p>PROGRAMA\u00c7\u00c3O DO EVENTO: Credenciamento e Recebimento de material Mesa de abertura (8h \u00e0s 10h): 1\u00aa Dama do Distrito Federal Karina Curi Rosso Coordenador CORDE-DF Fernando Cotta Secret\u00e1rio de Justi\u00e7a, Direitos Humanos e Cidadania Geraldo martins Ferreira Subsecret\u00e1ria de Cidadania Adryani Fernandes Lobo Coordenador Curso Psicologia IESB Jo\u00e3o Cl\u00e1udio Todorov Presidenta do Movimento Orgulho Autista Brasil [&hellip;]<\/p>\n","protected":false},"author":1,"featured_media":0,"comment_status":"open","ping_status":"open","sticky":false,"template":"","format":"standard","meta":{"site-container-style":"default","site-container-layout":"default","site-sidebar-layout":"default","disable-article-header":"default","disable-site-header":"default","disable-site-footer":"default","disable-content-area-spacing":"default","footnotes":""},"categories":[3,12,38,4],"tags":[],"class_list":["post-16098","post","type-post","status-publish","format-standard","hentry","category-campanhas","category-cursos-e-eventos","category-deficiencia","category-noticias"],"yoast_head":"<!-- This site is optimized with the Yoast SEO plugin v27.4 - https:\/\/yoast.com\/product\/yoast-seo-wordpress\/ -->\n<title>Dia do Orgulho Autista - 6\u00aa edi\u00e7\u00e3o mundial - IESB\/BSB -<\/title>\n<meta name=\"robots\" content=\"index, follow, max-snippet:-1, max-image-preview:large, max-video-preview:-1\" \/>\n<link rel=\"canonical\" href=\"https:\/\/inclusivenews.com.br\/?p=16098\" \/>\n<meta property=\"og:locale\" content=\"pt_PT\" \/>\n<meta property=\"og:type\" content=\"article\" \/>\n<meta property=\"og:title\" content=\"Dia do Orgulho Autista - 6\u00aa edi\u00e7\u00e3o mundial - IESB\/BSB -\" \/>\n<meta property=\"og:description\" content=\"PROGRAMA\u00c7\u00c3O DO EVENTO: Credenciamento e Recebimento de material Mesa de abertura (8h \u00e0s 10h): 1\u00aa Dama do Distrito Federal Karina Curi Rosso Coordenador CORDE-DF Fernando Cotta Secret\u00e1rio de Justi\u00e7a, Direitos Humanos e Cidadania Geraldo martins Ferreira Subsecret\u00e1ria de Cidadania Adryani Fernandes Lobo Coordenador Curso Psicologia IESB Jo\u00e3o Cl\u00e1udio Todorov Presidenta do Movimento Orgulho Autista Brasil [&hellip;]\" \/>\n<meta property=\"og:url\" content=\"https:\/\/inclusivenews.com.br\/?p=16098\" \/>\n<meta property=\"article:publisher\" content=\"https:\/\/www.facebook.com\/agenciainclusive\/\" \/>\n<meta property=\"article:published_time\" content=\"2010-06-18T16:58:09+00:00\" \/>\n<meta property=\"og:image\" content=\"http:\/\/inclusivenews.com.br\/wp-content\/uploads\/2010\/06\/autismo-fita.jpg\" \/>\n<meta name=\"author\" content=\"inclusivenews2024\" \/>\n<meta name=\"twitter:card\" content=\"summary_large_image\" \/>\n<meta name=\"twitter:label1\" content=\"Escrito por\" \/>\n\t<meta name=\"twitter:data1\" content=\"inclusivenews2024\" \/>\n\t<meta name=\"twitter:label2\" content=\"Tempo estimado de leitura\" \/>\n\t<meta name=\"twitter:data2\" content=\"1 minuto\" \/>\n<script type=\"application\/ld+json\" class=\"yoast-schema-graph\">{\"@context\":\"https:\\\/\\\/schema.org\",\"@graph\":[{\"@type\":\"Article\",\"@id\":\"https:\\\/\\\/inclusivenews.com.br\\\/?p=16098#article\",\"isPartOf\":{\"@id\":\"https:\\\/\\\/inclusivenews.com.br\\\/?p=16098\"},\"author\":{\"name\":\"inclusivenews2024\",\"@id\":\"https:\\\/\\\/inclusivenews.com.br\\\/#\\\/schema\\\/person\\\/ae4ec7087559b8692fb33b6fffd2273b\"},\"headline\":\"Dia do Orgulho Autista &#8211; 6\u00aa edi\u00e7\u00e3o mundial &#8211; IESB\\\/BSB\",\"datePublished\":\"2010-06-18T16:58:09+00:00\",\"mainEntityOfPage\":{\"@id\":\"https:\\\/\\\/inclusivenews.com.br\\\/?p=16098\"},\"wordCount\":189,\"commentCount\":3,\"publisher\":{\"@id\":\"https:\\\/\\\/inclusivenews.com.br\\\/#organization\"},\"image\":{\"@id\":\"https:\\\/\\\/inclusivenews.com.br\\\/?p=16098#primaryimage\"},\"thumbnailUrl\":\"http:\\\/\\\/inclusivenews.com.br\\\/wp-content\\\/uploads\\\/2010\\\/06\\\/autismo-fita.jpg\",\"articleSection\":[\"CAMPANHAS\",\"Cursos e eventos\",\"Defici\u00eancia\",\"NOT\u00cdCIAS\"],\"inLanguage\":\"pt-PT\",\"potentialAction\":[{\"@type\":\"CommentAction\",\"name\":\"Comment\",\"target\":[\"https:\\\/\\\/inclusivenews.com.br\\\/?p=16098#respond\"]}]},{\"@type\":\"WebPage\",\"@id\":\"https:\\\/\\\/inclusivenews.com.br\\\/?p=16098\",\"url\":\"https:\\\/\\\/inclusivenews.com.br\\\/?p=16098\",\"name\":\"Dia do Orgulho Autista - 6\u00aa edi\u00e7\u00e3o mundial - IESB\\\/BSB -\",\"isPartOf\":{\"@id\":\"https:\\\/\\\/inclusivenews.com.br\\\/#website\"},\"primaryImageOfPage\":{\"@id\":\"https:\\\/\\\/inclusivenews.com.br\\\/?p=16098#primaryimage\"},\"image\":{\"@id\":\"https:\\\/\\\/inclusivenews.com.br\\\/?p=16098#primaryimage\"},\"thumbnailUrl\":\"http:\\\/\\\/inclusivenews.com.br\\\/wp-content\\\/uploads\\\/2010\\\/06\\\/autismo-fita.jpg\",\"datePublished\":\"2010-06-18T16:58:09+00:00\",\"breadcrumb\":{\"@id\":\"https:\\\/\\\/inclusivenews.com.br\\\/?p=16098#breadcrumb\"},\"inLanguage\":\"pt-PT\",\"potentialAction\":[{\"@type\":\"ReadAction\",\"target\":[\"https:\\\/\\\/inclusivenews.com.br\\\/?p=16098\"]}]},{\"@type\":\"ImageObject\",\"inLanguage\":\"pt-PT\",\"@id\":\"https:\\\/\\\/inclusivenews.com.br\\\/?p=16098#primaryimage\",\"url\":\"\",\"contentUrl\":\"\"},{\"@type\":\"BreadcrumbList\",\"@id\":\"https:\\\/\\\/inclusivenews.com.br\\\/?p=16098#breadcrumb\",\"itemListElement\":[{\"@type\":\"ListItem\",\"position\":1,\"name\":\"In\u00edcio\",\"item\":\"https:\\\/\\\/inclusivenews.com.br\\\/\"},{\"@type\":\"ListItem\",\"position\":2,\"name\":\"Dia do Orgulho Autista &#8211; 6\u00aa edi\u00e7\u00e3o mundial &#8211; IESB\\\/BSB\"}]},{\"@type\":\"WebSite\",\"@id\":\"https:\\\/\\\/inclusivenews.com.br\\\/#website\",\"url\":\"https:\\\/\\\/inclusivenews.com.br\\\/\",\"name\":\"Inclusive News\",\"description\":\"Inclusive News\",\"publisher\":{\"@id\":\"https:\\\/\\\/inclusivenews.com.br\\\/#organization\"},\"potentialAction\":[{\"@type\":\"SearchAction\",\"target\":{\"@type\":\"EntryPoint\",\"urlTemplate\":\"https:\\\/\\\/inclusivenews.com.br\\\/?s={search_term_string}\"},\"query-input\":{\"@type\":\"PropertyValueSpecification\",\"valueRequired\":true,\"valueName\":\"search_term_string\"}}],\"inLanguage\":\"pt-PT\"},{\"@type\":\"Organization\",\"@id\":\"https:\\\/\\\/inclusivenews.com.br\\\/#organization\",\"name\":\"Inclusive - inclus\u00e3o e cidadania\",\"url\":\"https:\\\/\\\/inclusivenews.com.br\\\/\",\"logo\":{\"@type\":\"ImageObject\",\"inLanguage\":\"pt-PT\",\"@id\":\"https:\\\/\\\/inclusivenews.com.br\\\/#\\\/schema\\\/logo\\\/image\\\/\",\"url\":\"https:\\\/\\\/inclusivenews.com.br\\\/wp-content\\\/uploads\\\/2024\\\/03\\\/@grandesite.png\",\"contentUrl\":\"https:\\\/\\\/inclusivenews.com.br\\\/wp-content\\\/uploads\\\/2024\\\/03\\\/@grandesite.png\",\"width\":1080,\"height\":1080,\"caption\":\"Inclusive - inclus\u00e3o e cidadania\"},\"image\":{\"@id\":\"https:\\\/\\\/inclusivenews.com.br\\\/#\\\/schema\\\/logo\\\/image\\\/\"},\"sameAs\":[\"https:\\\/\\\/www.facebook.com\\\/agenciainclusive\\\/\",\"https:\\\/\\\/www.instagram.com\\\/newsinclusive\\\/\"]},{\"@type\":\"Person\",\"@id\":\"https:\\\/\\\/inclusivenews.com.br\\\/#\\\/schema\\\/person\\\/ae4ec7087559b8692fb33b6fffd2273b\",\"name\":\"inclusivenews2024\",\"image\":{\"@type\":\"ImageObject\",\"inLanguage\":\"pt-PT\",\"@id\":\"https:\\\/\\\/secure.gravatar.com\\\/avatar\\\/c5a7ef84c66fa914f55bc4f7ce26cfa275a3b9a1c5568b907bd184fb4dde7b40?s=96&d=mm&r=g\",\"url\":\"https:\\\/\\\/secure.gravatar.com\\\/avatar\\\/c5a7ef84c66fa914f55bc4f7ce26cfa275a3b9a1c5568b907bd184fb4dde7b40?s=96&d=mm&r=g\",\"contentUrl\":\"https:\\\/\\\/secure.gravatar.com\\\/avatar\\\/c5a7ef84c66fa914f55bc4f7ce26cfa275a3b9a1c5568b907bd184fb4dde7b40?s=96&d=mm&r=g\",\"caption\":\"inclusivenews2024\"},\"sameAs\":[\"https:\\\/\\\/inclusivenews.com.br\"],\"url\":\"https:\\\/\\\/inclusivenews.com.br\\\/?author=1\"}]}<\/script>\n<!-- \/ Yoast SEO plugin. -->","yoast_head_json":{"title":"Dia do Orgulho Autista - 6\u00aa edi\u00e7\u00e3o mundial - IESB\/BSB -","robots":{"index":"index","follow":"follow","max-snippet":"max-snippet:-1","max-image-preview":"max-image-preview:large","max-video-preview":"max-video-preview:-1"},"canonical":"https:\/\/inclusivenews.com.br\/?p=16098","og_locale":"pt_PT","og_type":"article","og_title":"Dia do Orgulho Autista - 6\u00aa edi\u00e7\u00e3o mundial - IESB\/BSB -","og_description":"PROGRAMA\u00c7\u00c3O DO EVENTO: Credenciamento e Recebimento de material Mesa de abertura (8h \u00e0s 10h): 1\u00aa Dama do Distrito Federal Karina Curi Rosso Coordenador CORDE-DF Fernando Cotta Secret\u00e1rio de Justi\u00e7a, Direitos Humanos e Cidadania Geraldo martins Ferreira Subsecret\u00e1ria de Cidadania Adryani Fernandes Lobo Coordenador Curso Psicologia IESB Jo\u00e3o Cl\u00e1udio Todorov Presidenta do Movimento Orgulho Autista Brasil [&hellip;]","og_url":"https:\/\/inclusivenews.com.br\/?p=16098","article_publisher":"https:\/\/www.facebook.com\/agenciainclusive\/","article_published_time":"2010-06-18T16:58:09+00:00","og_image":[{"url":"http:\/\/inclusivenews.com.br\/wp-content\/uploads\/2010\/06\/autismo-fita.jpg","type":"","width":"","height":""}],"author":"inclusivenews2024","twitter_card":"summary_large_image","twitter_misc":{"Escrito por":"inclusivenews2024","Tempo estimado de leitura":"1 minuto"},"schema":{"@context":"https:\/\/schema.org","@graph":[{"@type":"Article","@id":"https:\/\/inclusivenews.com.br\/?p=16098#article","isPartOf":{"@id":"https:\/\/inclusivenews.com.br\/?p=16098"},"author":{"name":"inclusivenews2024","@id":"https:\/\/inclusivenews.com.br\/#\/schema\/person\/ae4ec7087559b8692fb33b6fffd2273b"},"headline":"Dia do Orgulho Autista &#8211; 6\u00aa edi\u00e7\u00e3o mundial &#8211; IESB\/BSB","datePublished":"2010-06-18T16:58:09+00:00","mainEntityOfPage":{"@id":"https:\/\/inclusivenews.com.br\/?p=16098"},"wordCount":189,"commentCount":3,"publisher":{"@id":"https:\/\/inclusivenews.com.br\/#organization"},"image":{"@id":"https:\/\/inclusivenews.com.br\/?p=16098#primaryimage"},"thumbnailUrl":"http:\/\/inclusivenews.com.br\/wp-content\/uploads\/2010\/06\/autismo-fita.jpg","articleSection":["CAMPANHAS","Cursos e eventos","Defici\u00eancia","NOT\u00cdCIAS"],"inLanguage":"pt-PT","potentialAction":[{"@type":"CommentAction","name":"Comment","target":["https:\/\/inclusivenews.com.br\/?p=16098#respond"]}]},{"@type":"WebPage","@id":"https:\/\/inclusivenews.com.br\/?p=16098","url":"https:\/\/inclusivenews.com.br\/?p=16098","name":"Dia do Orgulho Autista - 6\u00aa edi\u00e7\u00e3o mundial - IESB\/BSB -","isPartOf":{"@id":"https:\/\/inclusivenews.com.br\/#website"},"primaryImageOfPage":{"@id":"https:\/\/inclusivenews.com.br\/?p=16098#primaryimage"},"image":{"@id":"https:\/\/inclusivenews.com.br\/?p=16098#primaryimage"},"thumbnailUrl":"http:\/\/inclusivenews.com.br\/wp-content\/uploads\/2010\/06\/autismo-fita.jpg","datePublished":"2010-06-18T16:58:09+00:00","breadcrumb":{"@id":"https:\/\/inclusivenews.com.br\/?p=16098#breadcrumb"},"inLanguage":"pt-PT","potentialAction":[{"@type":"ReadAction","target":["https:\/\/inclusivenews.com.br\/?p=16098"]}]},{"@type":"ImageObject","inLanguage":"pt-PT","@id":"https:\/\/inclusivenews.com.br\/?p=16098#primaryimage","url":"","contentUrl":""},{"@type":"BreadcrumbList","@id":"https:\/\/inclusivenews.com.br\/?p=16098#breadcrumb","itemListElement":[{"@type":"ListItem","position":1,"name":"In\u00edcio","item":"https:\/\/inclusivenews.com.br\/"},{"@type":"ListItem","position":2,"name":"Dia do Orgulho Autista &#8211; 6\u00aa edi\u00e7\u00e3o mundial &#8211; IESB\/BSB"}]},{"@type":"WebSite","@id":"https:\/\/inclusivenews.com.br\/#website","url":"https:\/\/inclusivenews.com.br\/","name":"Inclusive News","description":"Inclusive News","publisher":{"@id":"https:\/\/inclusivenews.com.br\/#organization"},"potentialAction":[{"@type":"SearchAction","target":{"@type":"EntryPoint","urlTemplate":"https:\/\/inclusivenews.com.br\/?s={search_term_string}"},"query-input":{"@type":"PropertyValueSpecification","valueRequired":true,"valueName":"search_term_string"}}],"inLanguage":"pt-PT"},{"@type":"Organization","@id":"https:\/\/inclusivenews.com.br\/#organization","name":"Inclusive - inclus\u00e3o e cidadania","url":"https:\/\/inclusivenews.com.br\/","logo":{"@type":"ImageObject","inLanguage":"pt-PT","@id":"https:\/\/inclusivenews.com.br\/#\/schema\/logo\/image\/","url":"https:\/\/inclusivenews.com.br\/wp-content\/uploads\/2024\/03\/@grandesite.png","contentUrl":"https:\/\/inclusivenews.com.br\/wp-content\/uploads\/2024\/03\/@grandesite.png","width":1080,"height":1080,"caption":"Inclusive - inclus\u00e3o e cidadania"},"image":{"@id":"https:\/\/inclusivenews.com.br\/#\/schema\/logo\/image\/"},"sameAs":["https:\/\/www.facebook.com\/agenciainclusive\/","https:\/\/www.instagram.com\/newsinclusive\/"]},{"@type":"Person","@id":"https:\/\/inclusivenews.com.br\/#\/schema\/person\/ae4ec7087559b8692fb33b6fffd2273b","name":"inclusivenews2024","image":{"@type":"ImageObject","inLanguage":"pt-PT","@id":"https:\/\/secure.gravatar.com\/avatar\/c5a7ef84c66fa914f55bc4f7ce26cfa275a3b9a1c5568b907bd184fb4dde7b40?s=96&d=mm&r=g","url":"https:\/\/secure.gravatar.com\/avatar\/c5a7ef84c66fa914f55bc4f7ce26cfa275a3b9a1c5568b907bd184fb4dde7b40?s=96&d=mm&r=g","contentUrl":"https:\/\/secure.gravatar.com\/avatar\/c5a7ef84c66fa914f55bc4f7ce26cfa275a3b9a1c5568b907bd184fb4dde7b40?s=96&d=mm&r=g","caption":"inclusivenews2024"},"sameAs":["https:\/\/inclusivenews.com.br"],"url":"https:\/\/inclusivenews.com.br\/?author=1"}]}},"_links":{"self":[{"href":"https:\/\/inclusivenews.com.br\/index.php?rest_route=\/wp\/v2\/posts\/16098","targetHints":{"allow":["GET"]}}],"collection":[{"href":"https:\/\/inclusivenews.com.br\/index.php?rest_route=\/wp\/v2\/posts"}],"about":[{"href":"https:\/\/inclusivenews.com.br\/index.php?rest_route=\/wp\/v2\/types\/post"}],"author":[{"embeddable":true,"href":"https:\/\/inclusivenews.com.br\/index.php?rest_route=\/wp\/v2\/users\/1"}],"replies":[{"embeddable":true,"href":"https:\/\/inclusivenews.com.br\/index.php?rest_route=%2Fwp%2Fv2%2Fcomments&post=16098"}],"version-history":[{"count":0,"href":"https:\/\/inclusivenews.com.br\/index.php?rest_route=\/wp\/v2\/posts\/16098\/revisions"}],"wp:attachment":[{"href":"https:\/\/inclusivenews.com.br\/index.php?rest_route=%2Fwp%2Fv2%2Fmedia&parent=16098"}],"wp:term":[{"taxonomy":"category","embeddable":true,"href":"https:\/\/inclusivenews.com.br\/index.php?rest_route=%2Fwp%2Fv2%2Fcategories&post=16098"},{"taxonomy":"post_tag","embeddable":true,"href":"https:\/\/inclusivenews.com.br\/index.php?rest_route=%2Fwp%2Fv2%2Ftags&post=16098"}],"curies":[{"name":"wp","href":"https:\/\/api.w.org\/{rel}","templated":true}]}}